{"id":86668,"date":"2016-01-29T00:34:52","date_gmt":"2016-01-29T02:34:52","guid":{"rendered":"http:\/\/www.notibras.com\/site\/?p=86668"},"modified":"2016-01-29T00:34:52","modified_gmt":"2016-01-29T02:34:52","slug":"gravata-de-medici-provoca-demissao-de-jair-cardoso-o-mestre-da-fotografia","status":"publish","type":"post","link":"https:\/\/www.notibras.com\/site\/gravata-de-medici-provoca-demissao-de-jair-cardoso-o-mestre-da-fotografia\/","title":{"rendered":"Gravata de M\u00e9dici provoca demiss\u00e3o de Jair Cardoso, o mestre da fotografia"},"content":{"rendered":"<p><strong>Jos\u00e9 Escarlate<\/strong><\/p>\n<p>Um dos melhores rep\u00f3rteres fotogr\u00e1ficos do pa\u00eds, conhec\u00ed Jair Cardoso no Rio, nas minhas andan\u00e7as pelo Jockey Clube Brasileiro, no meu tempo de rep\u00f3rter de turfe e jogador inveterado. Ele era o fot\u00f3grafo oficial do Jockey e distribuia as fotos de chegada dos p\u00e1reos.<\/p>\n<p>Anos mais tarde, reencontrei o Jair na sucursal de Bras\u00edlia do Jornal do Brasil. A partir da\u00ed, ele foi meu grande amigo, apesar de n\u00e3o consguir falar certo o meu nome. S\u00f3 me chamava Escalarte. At\u00e9 morrer.<\/p>\n<p>Era uma figura \u00f3tima. Para ele n\u00e3o tinha tempo ruim. Otimista, sempre conseguia dar n\u00f3 em copo d\u2019\u00e1gua. Autor da foto premiada do ano, de Figueiredo, \u00e0 paisana, com quepe de general, Jair h\u00e1 algum tempo andava \u00e0s turras com o editor de fotografia do jornal. O homem queria legenda escrita com identifica\u00e7\u00e3o na foto. Mesmo que o cara estivesse sozinho. N\u00e3o acreditava naquela de que uma foto vale um fato. Queria legenda identificando os personagens.<\/p>\n<p>Cobrindo o Pal\u00e1cio do Planalto, certo dia o nosso Jair Cardoso foi acompanhar o ent\u00e3o presidente M\u00e9dici a Uberl\u00e2ndia, para a tradicional Feira Internacional de Gado Zebu. Ap\u00f3s percorrer a feira e almo\u00e7ar, M\u00e9dici posou ao lado do touro ganhador do primeiro lugar, colocando-lhe a ourela verde-amarela na orelha.<\/p>\n<p>Na foto, apareciam M\u00e9dici e o touro premiado. Saboreando a oportunidade, Jair n\u00e3o perdeu a chance de dar uma gozada no editor do JB, e sapecou a legenda: \u201cM\u00e9dici coloca a ourela de campe\u00e3o no touro vencedor\u201d. E acrescentou \u00e0 legenda a identifica\u00e7\u00e3o: \u201cO presidente \u00e9 o de gravata\u201d.\u00a0Foi demitido!<\/p>\n<p><img loading=\"lazy\" decoding=\"async\" class=\"alignnone size-full wp-image-83053\" src=\"http:\/\/www.notibras.com\/site\/wp-content\/uploads\/2016\/01\/PV.png\" alt=\"PV\" width=\"122\" height=\"26\" \/><\/p>\n","protected":false},"excerpt":{"rendered":"<p>Jos\u00e9 Escarlate Um dos melhores rep\u00f3rteres fotogr\u00e1ficos do pa\u00eds, conhec\u00ed Jair Cardoso no Rio, nas minhas andan\u00e7as pelo Jockey Clube Brasileiro, no meu tempo de rep\u00f3rter de turfe e jogador inveterado. Ele era o fot\u00f3grafo oficial do Jockey e distribuia as fotos de chegada dos p\u00e1reos. Anos mais tarde, reencontrei o Jair na sucursal de [&hellip;]<\/p>\n","protected":false},"author":2,"featured_media":86669,"comment_status":"open","ping_status":"closed","sticky":false,"template":"","format":"standard","meta":{"_acf_changed":false,"footnotes":""},"categories":[63],"tags":[],"class_list":["post-86668","post","type-post","status-publish","format-standard","has-post-thumbnail","hentry","category-paginas-viradas"],"acf":[],"yoast_head":"<!-- This site is optimized with the Yoast SEO plugin v27.2 - https:\/\/yoast.com\/product\/yoast-seo-wordpress\/ -->\n<title>Gravata de M\u00e9dici provoca demiss\u00e3o de Jair Cardoso, o mestre da fotografia - Notibras<\/title>\n<meta name=\"robots\" content=\"index, follow, max-snippet:-1, max-image-preview:large, max-video-preview:-1\" \/>\n<link rel=\"canonical\" href=\"https:\/\/www.notibras.com\/site\/gravata-de-medici-provoca-demissao-de-jair-cardoso-o-mestre-da-fotografia\/\" \/>\n<meta property=\"og:locale\" content=\"pt_BR\" \/>\n<meta property=\"og:type\" content=\"article\" \/>\n<meta property=\"og:title\" content=\"Gravata de M\u00e9dici provoca demiss\u00e3o de Jair Cardoso, o mestre da fotografia - Notibras\" \/>\n<meta property=\"og:description\" content=\"Jos\u00e9 Escarlate Um dos melhores rep\u00f3rteres fotogr\u00e1ficos do pa\u00eds, conhec\u00ed Jair Cardoso no Rio, nas minhas andan\u00e7as pelo Jockey Clube Brasileiro, no meu tempo de rep\u00f3rter de turfe e jogador inveterado. Ele era o fot\u00f3grafo oficial do Jockey e distribuia as fotos de chegada dos p\u00e1reos. Anos mais tarde, reencontrei o Jair na sucursal de [&hellip;]\" \/>\n<meta property=\"og:url\" content=\"https:\/\/www.notibras.com\/site\/gravata-de-medici-provoca-demissao-de-jair-cardoso-o-mestre-da-fotografia\/\" \/>\n<meta property=\"og:site_name\" content=\"Notibras\" \/>\n<meta property=\"article:publisher\" content=\"https:\/\/www.facebook.com\/notibras\/\" \/>\n<meta property=\"article:published_time\" content=\"2016-01-29T02:34:52+00:00\" \/>\n<meta property=\"og:image\" content=\"https:\/\/www.notibras.com\/site\/wp-content\/uploads\/2016\/01\/medici.jpg\" \/>\n\t<meta property=\"og:image:width\" content=\"663\" \/>\n\t<meta property=\"og:image:height\" content=\"444\" \/>\n\t<meta property=\"og:image:type\" content=\"image\/jpeg\" \/>\n<meta name=\"author\" content=\"Reda\u00e7\u00e3o\" \/>\n<meta name=\"twitter:card\" content=\"summary_large_image\" \/>\n<meta name=\"twitter:creator\" content=\"@Notibras\" \/>\n<meta name=\"twitter:site\" content=\"@Notibras\" \/>\n<meta name=\"twitter:label1\" content=\"Escrito por\" \/>\n\t<meta name=\"twitter:data1\" content=\"Reda\u00e7\u00e3o\" \/>\n\t<meta name=\"twitter:label2\" content=\"Est. tempo de leitura\" \/>\n\t<meta name=\"twitter:data2\" content=\"1 minuto\" \/>\n<script type=\"application\/ld+json\" class=\"yoast-schema-graph\">{\"@context\":\"https:\/\/schema.org\",\"@graph\":[{\"@type\":\"Article\",\"@id\":\"https:\/\/www.notibras.com\/site\/gravata-de-medici-provoca-demissao-de-jair-cardoso-o-mestre-da-fotografia\/#article\",\"isPartOf\":{\"@id\":\"https:\/\/www.notibras.com\/site\/gravata-de-medici-provoca-demissao-de-jair-cardoso-o-mestre-da-fotografia\/\"},\"author\":{\"name\":\"Reda\u00e7\u00e3o\",\"@id\":\"https:\/\/www.notibras.com\/site\/#\/schema\/person\/36ab0979449956132d3e5b517ea76ac8\"},\"headline\":\"Gravata de M\u00e9dici provoca demiss\u00e3o de Jair Cardoso, o mestre da fotografia\",\"datePublished\":\"2016-01-29T02:34:52+00:00\",\"mainEntityOfPage\":{\"@id\":\"https:\/\/www.notibras.com\/site\/gravata-de-medici-provoca-demissao-de-jair-cardoso-o-mestre-da-fotografia\/\"},\"wordCount\":295,\"commentCount\":0,\"publisher\":{\"@id\":\"https:\/\/www.notibras.com\/site\/#organization\"},\"image\":{\"@id\":\"https:\/\/www.notibras.com\/site\/gravata-de-medici-provoca-demissao-de-jair-cardoso-o-mestre-da-fotografia\/#primaryimage\"},\"thumbnailUrl\":\"https:\/\/www.notibras.com\/site\/wp-content\/uploads\/2016\/01\/medici.jpg\",\"articleSection\":[\"P\u00e1ginas Viradas\"],\"inLanguage\":\"pt-BR\",\"potentialAction\":[{\"@type\":\"CommentAction\",\"name\":\"Comment\",\"target\":[\"https:\/\/www.notibras.com\/site\/gravata-de-medici-provoca-demissao-de-jair-cardoso-o-mestre-da-fotografia\/#respond\"]}]},{\"@type\":\"WebPage\",\"@id\":\"https:\/\/www.notibras.com\/site\/gravata-de-medici-provoca-demissao-de-jair-cardoso-o-mestre-da-fotografia\/\",\"url\":\"https:\/\/www.notibras.com\/site\/gravata-de-medici-provoca-demissao-de-jair-cardoso-o-mestre-da-fotografia\/\",\"name\":\"Gravata de M\u00e9dici provoca demiss\u00e3o de Jair Cardoso, o mestre da fotografia - Notibras\",\"isPartOf\":{\"@id\":\"https:\/\/www.notibras.com\/site\/#website\"},\"primaryImageOfPage\":{\"@id\":\"https:\/\/www.notibras.com\/site\/gravata-de-medici-provoca-demissao-de-jair-cardoso-o-mestre-da-fotografia\/#primaryimage\"},\"image\":{\"@id\":\"https:\/\/www.notibras.com\/site\/gravata-de-medici-provoca-demissao-de-jair-cardoso-o-mestre-da-fotografia\/#primaryimage\"},\"thumbnailUrl\":\"https:\/\/www.notibras.com\/site\/wp-content\/uploads\/2016\/01\/medici.jpg\",\"datePublished\":\"2016-01-29T02:34:52+00:00\",\"breadcrumb\":{\"@id\":\"https:\/\/www.notibras.com\/site\/gravata-de-medici-provoca-demissao-de-jair-cardoso-o-mestre-da-fotografia\/#breadcrumb\"},\"inLanguage\":\"pt-BR\",\"potentialAction\":[{\"@type\":\"ReadAction\",\"target\":[\"https:\/\/www.notibras.com\/site\/gravata-de-medici-provoca-demissao-de-jair-cardoso-o-mestre-da-fotografia\/\"]}]},{\"@type\":\"ImageObject\",\"inLanguage\":\"pt-BR\",\"@id\":\"https:\/\/www.notibras.com\/site\/gravata-de-medici-provoca-demissao-de-jair-cardoso-o-mestre-da-fotografia\/#primaryimage\",\"url\":\"https:\/\/www.notibras.com\/site\/wp-content\/uploads\/2016\/01\/medici.jpg\",\"contentUrl\":\"https:\/\/www.notibras.com\/site\/wp-content\/uploads\/2016\/01\/medici.jpg\",\"width\":663,\"height\":444},{\"@type\":\"BreadcrumbList\",\"@id\":\"https:\/\/www.notibras.com\/site\/gravata-de-medici-provoca-demissao-de-jair-cardoso-o-mestre-da-fotografia\/#breadcrumb\",\"itemListElement\":[{\"@type\":\"ListItem\",\"position\":1,\"name\":\"In\u00edcio\",\"item\":\"https:\/\/www.notibras.com\/site\/\"},{\"@type\":\"ListItem\",\"position\":2,\"name\":\"Gravata de M\u00e9dici provoca demiss\u00e3o de Jair Cardoso, o mestre da fotografia\"}]},{\"@type\":\"WebSite\",\"@id\":\"https:\/\/www.notibras.com\/site\/#website\",\"url\":\"https:\/\/www.notibras.com\/site\/\",\"name\":\"Notibras\",\"description\":\"Not\u00edcias de Bras\u00edlia, do Brasil e do Mundo\",\"publisher\":{\"@id\":\"https:\/\/www.notibras.com\/site\/#organization\"},\"potentialAction\":[{\"@type\":\"SearchAction\",\"target\":{\"@type\":\"EntryPoint\",\"urlTemplate\":\"https:\/\/www.notibras.com\/site\/?s={search_term_string}\"},\"query-input\":{\"@type\":\"PropertyValueSpecification\",\"valueRequired\":true,\"valueName\":\"search_term_string\"}}],\"inLanguage\":\"pt-BR\"},{\"@type\":\"Organization\",\"@id\":\"https:\/\/www.notibras.com\/site\/#organization\",\"name\":\"Grupo Notibras de Comunica\u00e7\u00e3o\",\"url\":\"https:\/\/www.notibras.com\/site\/\",\"logo\":{\"@type\":\"ImageObject\",\"inLanguage\":\"pt-BR\",\"@id\":\"https:\/\/www.notibras.com\/site\/#\/schema\/logo\/image\/\",\"url\":\"https:\/\/www.notibras.com\/site\/wp-content\/uploads\/2023\/01\/notibras23.png\",\"contentUrl\":\"https:\/\/www.notibras.com\/site\/wp-content\/uploads\/2023\/01\/notibras23.png\",\"width\":350,\"height\":87,\"caption\":\"Grupo Notibras de Comunica\u00e7\u00e3o\"},\"image\":{\"@id\":\"https:\/\/www.notibras.com\/site\/#\/schema\/logo\/image\/\"},\"sameAs\":[\"https:\/\/www.facebook.com\/notibras\/\",\"https:\/\/x.com\/Notibras\",\"https:\/\/www.instagram.com\/notibras\/\"]},{\"@type\":\"Person\",\"@id\":\"https:\/\/www.notibras.com\/site\/#\/schema\/person\/36ab0979449956132d3e5b517ea76ac8\",\"name\":\"Reda\u00e7\u00e3o\",\"image\":{\"@type\":\"ImageObject\",\"inLanguage\":\"pt-BR\",\"@id\":\"https:\/\/secure.gravatar.com\/avatar\/e0a867bdedb85fd243eadf09663511f96fc81e0720a4a42581f334ad4303aa6b?s=96&d=mm&r=g\",\"url\":\"https:\/\/secure.gravatar.com\/avatar\/e0a867bdedb85fd243eadf09663511f96fc81e0720a4a42581f334ad4303aa6b?s=96&d=mm&r=g\",\"contentUrl\":\"https:\/\/secure.gravatar.com\/avatar\/e0a867bdedb85fd243eadf09663511f96fc81e0720a4a42581f334ad4303aa6b?s=96&d=mm&r=g\",\"caption\":\"Reda\u00e7\u00e3o\"}}]}<\/script>\n<!-- \/ Yoast SEO plugin. -->","yoast_head_json":{"title":"Gravata de M\u00e9dici provoca demiss\u00e3o de Jair Cardoso, o mestre da fotografia - Notibras","robots":{"index":"index","follow":"follow","max-snippet":"max-snippet:-1","max-image-preview":"max-image-preview:large","max-video-preview":"max-video-preview:-1"},"canonical":"https:\/\/www.notibras.com\/site\/gravata-de-medici-provoca-demissao-de-jair-cardoso-o-mestre-da-fotografia\/","og_locale":"pt_BR","og_type":"article","og_title":"Gravata de M\u00e9dici provoca demiss\u00e3o de Jair Cardoso, o mestre da fotografia - Notibras","og_description":"Jos\u00e9 Escarlate Um dos melhores rep\u00f3rteres fotogr\u00e1ficos do pa\u00eds, conhec\u00ed Jair Cardoso no Rio, nas minhas andan\u00e7as pelo Jockey Clube Brasileiro, no meu tempo de rep\u00f3rter de turfe e jogador inveterado. Ele era o fot\u00f3grafo oficial do Jockey e distribuia as fotos de chegada dos p\u00e1reos. Anos mais tarde, reencontrei o Jair na sucursal de [&hellip;]","og_url":"https:\/\/www.notibras.com\/site\/gravata-de-medici-provoca-demissao-de-jair-cardoso-o-mestre-da-fotografia\/","og_site_name":"Notibras","article_publisher":"https:\/\/www.facebook.com\/notibras\/","article_published_time":"2016-01-29T02:34:52+00:00","og_image":[{"width":663,"height":444,"url":"https:\/\/www.notibras.com\/site\/wp-content\/uploads\/2016\/01\/medici.jpg","type":"image\/jpeg"}],"author":"Reda\u00e7\u00e3o","twitter_card":"summary_large_image","twitter_creator":"@Notibras","twitter_site":"@Notibras","twitter_misc":{"Escrito por":"Reda\u00e7\u00e3o","Est. tempo de leitura":"1 minuto"},"schema":{"@context":"https:\/\/schema.org","@graph":[{"@type":"Article","@id":"https:\/\/www.notibras.com\/site\/gravata-de-medici-provoca-demissao-de-jair-cardoso-o-mestre-da-fotografia\/#article","isPartOf":{"@id":"https:\/\/www.notibras.com\/site\/gravata-de-medici-provoca-demissao-de-jair-cardoso-o-mestre-da-fotografia\/"},"author":{"name":"Reda\u00e7\u00e3o","@id":"https:\/\/www.notibras.com\/site\/#\/schema\/person\/36ab0979449956132d3e5b517ea76ac8"},"headline":"Gravata de M\u00e9dici provoca demiss\u00e3o de Jair Cardoso, o mestre da fotografia","datePublished":"2016-01-29T02:34:52+00:00","mainEntityOfPage":{"@id":"https:\/\/www.notibras.com\/site\/gravata-de-medici-provoca-demissao-de-jair-cardoso-o-mestre-da-fotografia\/"},"wordCount":295,"commentCount":0,"publisher":{"@id":"https:\/\/www.notibras.com\/site\/#organization"},"image":{"@id":"https:\/\/www.notibras.com\/site\/gravata-de-medici-provoca-demissao-de-jair-cardoso-o-mestre-da-fotografia\/#primaryimage"},"thumbnailUrl":"https:\/\/www.notibras.com\/site\/wp-content\/uploads\/2016\/01\/medici.jpg","articleSection":["P\u00e1ginas Viradas"],"inLanguage":"pt-BR","potentialAction":[{"@type":"CommentAction","name":"Comment","target":["https:\/\/www.notibras.com\/site\/gravata-de-medici-provoca-demissao-de-jair-cardoso-o-mestre-da-fotografia\/#respond"]}]},{"@type":"WebPage","@id":"https:\/\/www.notibras.com\/site\/gravata-de-medici-provoca-demissao-de-jair-cardoso-o-mestre-da-fotografia\/","url":"https:\/\/www.notibras.com\/site\/gravata-de-medici-provoca-demissao-de-jair-cardoso-o-mestre-da-fotografia\/","name":"Gravata de M\u00e9dici provoca demiss\u00e3o de Jair Cardoso, o mestre da fotografia - Notibras","isPartOf":{"@id":"https:\/\/www.notibras.com\/site\/#website"},"primaryImageOfPage":{"@id":"https:\/\/www.notibras.com\/site\/gravata-de-medici-provoca-demissao-de-jair-cardoso-o-mestre-da-fotografia\/#primaryimage"},"image":{"@id":"https:\/\/www.notibras.com\/site\/gravata-de-medici-provoca-demissao-de-jair-cardoso-o-mestre-da-fotografia\/#primaryimage"},"thumbnailUrl":"https:\/\/www.notibras.com\/site\/wp-content\/uploads\/2016\/01\/medici.jpg","datePublished":"2016-01-29T02:34:52+00:00","breadcrumb":{"@id":"https:\/\/www.notibras.com\/site\/gravata-de-medici-provoca-demissao-de-jair-cardoso-o-mestre-da-fotografia\/#breadcrumb"},"inLanguage":"pt-BR","potentialAction":[{"@type":"ReadAction","target":["https:\/\/www.notibras.com\/site\/gravata-de-medici-provoca-demissao-de-jair-cardoso-o-mestre-da-fotografia\/"]}]},{"@type":"ImageObject","inLanguage":"pt-BR","@id":"https:\/\/www.notibras.com\/site\/gravata-de-medici-provoca-demissao-de-jair-cardoso-o-mestre-da-fotografia\/#primaryimage","url":"https:\/\/www.notibras.com\/site\/wp-content\/uploads\/2016\/01\/medici.jpg","contentUrl":"https:\/\/www.notibras.com\/site\/wp-content\/uploads\/2016\/01\/medici.jpg","width":663,"height":444},{"@type":"BreadcrumbList","@id":"https:\/\/www.notibras.com\/site\/gravata-de-medici-provoca-demissao-de-jair-cardoso-o-mestre-da-fotografia\/#breadcrumb","itemListElement":[{"@type":"ListItem","position":1,"name":"In\u00edcio","item":"https:\/\/www.notibras.com\/site\/"},{"@type":"ListItem","position":2,"name":"Gravata de M\u00e9dici provoca demiss\u00e3o de Jair Cardoso, o mestre da fotografia"}]},{"@type":"WebSite","@id":"https:\/\/www.notibras.com\/site\/#website","url":"https:\/\/www.notibras.com\/site\/","name":"Notibras","description":"Not\u00edcias de Bras\u00edlia, do Brasil e do Mundo","publisher":{"@id":"https:\/\/www.notibras.com\/site\/#organization"},"potentialAction":[{"@type":"SearchAction","target":{"@type":"EntryPoint","urlTemplate":"https:\/\/www.notibras.com\/site\/?s={search_term_string}"},"query-input":{"@type":"PropertyValueSpecification","valueRequired":true,"valueName":"search_term_string"}}],"inLanguage":"pt-BR"},{"@type":"Organization","@id":"https:\/\/www.notibras.com\/site\/#organization","name":"Grupo Notibras de Comunica\u00e7\u00e3o","url":"https:\/\/www.notibras.com\/site\/","logo":{"@type":"ImageObject","inLanguage":"pt-BR","@id":"https:\/\/www.notibras.com\/site\/#\/schema\/logo\/image\/","url":"https:\/\/www.notibras.com\/site\/wp-content\/uploads\/2023\/01\/notibras23.png","contentUrl":"https:\/\/www.notibras.com\/site\/wp-content\/uploads\/2023\/01\/notibras23.png","width":350,"height":87,"caption":"Grupo Notibras de Comunica\u00e7\u00e3o"},"image":{"@id":"https:\/\/www.notibras.com\/site\/#\/schema\/logo\/image\/"},"sameAs":["https:\/\/www.facebook.com\/notibras\/","https:\/\/x.com\/Notibras","https:\/\/www.instagram.com\/notibras\/"]},{"@type":"Person","@id":"https:\/\/www.notibras.com\/site\/#\/schema\/person\/36ab0979449956132d3e5b517ea76ac8","name":"Reda\u00e7\u00e3o","image":{"@type":"ImageObject","inLanguage":"pt-BR","@id":"https:\/\/secure.gravatar.com\/avatar\/e0a867bdedb85fd243eadf09663511f96fc81e0720a4a42581f334ad4303aa6b?s=96&d=mm&r=g","url":"https:\/\/secure.gravatar.com\/avatar\/e0a867bdedb85fd243eadf09663511f96fc81e0720a4a42581f334ad4303aa6b?s=96&d=mm&r=g","contentUrl":"https:\/\/secure.gravatar.com\/avatar\/e0a867bdedb85fd243eadf09663511f96fc81e0720a4a42581f334ad4303aa6b?s=96&d=mm&r=g","caption":"Reda\u00e7\u00e3o"}}]}},"amp_enabled":true,"_links":{"self":[{"href":"https:\/\/www.notibras.com\/site\/wp-json\/wp\/v2\/posts\/86668","targetHints":{"allow":["GET"]}}],"collection":[{"href":"https:\/\/www.notibras.com\/site\/wp-json\/wp\/v2\/posts"}],"about":[{"href":"https:\/\/www.notibras.com\/site\/wp-json\/wp\/v2\/types\/post"}],"author":[{"embeddable":true,"href":"https:\/\/www.notibras.com\/site\/wp-json\/wp\/v2\/users\/2"}],"replies":[{"embeddable":true,"href":"https:\/\/www.notibras.com\/site\/wp-json\/wp\/v2\/comments?post=86668"}],"version-history":[{"count":1,"href":"https:\/\/www.notibras.com\/site\/wp-json\/wp\/v2\/posts\/86668\/revisions"}],"predecessor-version":[{"id":86670,"href":"https:\/\/www.notibras.com\/site\/wp-json\/wp\/v2\/posts\/86668\/revisions\/86670"}],"wp:featuredmedia":[{"embeddable":true,"href":"https:\/\/www.notibras.com\/site\/wp-json\/wp\/v2\/media\/86669"}],"wp:attachment":[{"href":"https:\/\/www.notibras.com\/site\/wp-json\/wp\/v2\/media?parent=86668"}],"wp:term":[{"taxonomy":"category","embeddable":true,"href":"https:\/\/www.notibras.com\/site\/wp-json\/wp\/v2\/categories?post=86668"},{"taxonomy":"post_tag","embeddable":true,"href":"https:\/\/www.notibras.com\/site\/wp-json\/wp\/v2\/tags?post=86668"}],"curies":[{"name":"wp","href":"https:\/\/api.w.org\/{rel}","templated":true}]}}