{"id":8677,"date":"2014-05-08T14:41:27","date_gmt":"2014-05-08T17:41:27","guid":{"rendered":"http:\/\/www.notibras.com\/site\/?p=8677"},"modified":"2014-05-08T14:41:27","modified_gmt":"2014-05-08T17:41:27","slug":"serie-de-fracassos-derruba-gilson-kleina-do-comando-do-palmeiras","status":"publish","type":"post","link":"https:\/\/www.notibras.com\/site\/serie-de-fracassos-derruba-gilson-kleina-do-comando-do-palmeiras\/","title":{"rendered":"S\u00e9rie de fracassos derruba Gilson Kleina do comando do Palmeiras"},"content":{"rendered":"<p>Gilson Kleina n\u00e3o resistiu a mais uma derrota e deixou o comando do Palmeiras. O treinador, que j\u00e1 vinha sob press\u00e3o desde a elimina\u00e7\u00e3o precoce no Campeonato Paulista, foi demitido pelo presidente Paulo Nobre, que emitiu uma nota no site do clube para oficializar a decis\u00e3o.<\/p>\n<p>&#8220;Gilson Kleina n\u00e3o \u00e9 mais o t\u00e9cnico da Sociedade Esportiva Palmeiras. Ap\u00f3s reuni\u00e3o na tarde desta quinta-feira (08), a diretoria do Verd\u00e3o decidiu pela sa\u00edda do treinador do comando da equipe. Kleina, que estava dirigindo o time alviverde desde setembro de 2012, obteve durante sua passagem pelo clube 56 vit\u00f3rias, 20 empates e 29 derrotas&#8221;, disse o clube, em nota oficial.<\/p>\n<p>Junto do treinador tamb\u00e9m foi demitida sua comiss\u00e3o t\u00e9cnica, com mais dois assistentes e um preparador f\u00edsico.<\/p>\n<p>O \u00faltimo cap\u00edtulo da hist\u00f3ria do treinador no clube foi escrito na noite da \u00faltima quarta. Em S\u00e3o Lu\u00eds do Maranh\u00e3o, o Palmeiras vencia o Sampaio Correa, pelo primeiro jogo da segunda fase da Copa do Brasil, levou a virada em tr\u00eas minutos e se complicou na briga por uma vaga.<\/p>\n<p>O time de Kleina, que j\u00e1 vinha de um 4 a 2 contra o Flamengo, no fim de semana, entrou na mira da dire\u00e7\u00e3o. Ainda no est\u00e1dio, Jos\u00e9 Carlos Brunoro, diretor-executivo do Palmeiras, n\u00e3o confirmou a perman\u00eancia do treinador, e a demiss\u00e3o foi sacramentada no in\u00edcio da tarde desta quinta.<\/p>\n<p>Kleina assumiu o time em 2012, j\u00e1 na reta final do Campeonato Brasileiro, ap\u00f3s a sa\u00edda de Luiz Felipe Scolari. Na \u00e9poca, o time j\u00e1 estava seriamente amea\u00e7ado pelo rebaixamento e acabou caindo para a S\u00e9rie B.<\/p>\n<p>O esbo\u00e7o de rea\u00e7\u00e3o no in\u00edcio de trabalho, por\u00e9m, animou a diretoria a apostar no treinador para 2013. Kleina treinou o clube durante toda a temporada e comandou a conquista do t\u00edtulo da segunda divis\u00e3o, mas ainda assim nunca gozou de grande prest\u00edgio com a diretoria. No fim do ano, cartolas do Palmeiras chegaram a viajar at\u00e9 a Argentina em busca de Marcelo Bielsa, que substituiria o treinador.<\/p>\n<p>A negocia\u00e7\u00e3o fracassou e Kleina permaneceu, mas nunca com seguran\u00e7a. Depois da elimina\u00e7\u00e3o no Paulista diante do Ituano, a situa\u00e7\u00e3o se agravou e o t\u00e9cnico n\u00e3o resistiu. O t\u00e9cnico ganhava cerca de R$ 200 mil por m\u00eas, dentro do esquema de produtividade imposto pela diretoria.<\/p>\n<p>A multa rescis\u00f3ria do treinador \u00e9 o pagamento de dois meses de sal\u00e1rio desde que o treinador n\u00e3o arrume um emprego nesse per\u00edodo. Nesse caso, o pagamento ser\u00e1 suspenso. Paulo Nobre vai se pronunciar sobre o assunto ainda nesta quinta, \u00e0s 17h, em uma entrevista coletiva no CT do clube.<\/p>\n","protected":false},"excerpt":{"rendered":"<p>Gilson Kleina n\u00e3o resistiu a mais uma derrota e deixou o comando do Palmeiras. O treinador, que j\u00e1 vinha sob press\u00e3o desde a elimina\u00e7\u00e3o precoce no Campeonato Paulista, foi demitido pelo presidente Paulo Nobre, que emitiu uma nota no site do clube para oficializar a decis\u00e3o. &#8220;Gilson Kleina n\u00e3o \u00e9 mais o t\u00e9cnico da Sociedade [&hellip;]<\/p>\n","protected":false},"author":2,"featured_media":8678,"comment_status":"open","ping_status":"closed","sticky":false,"template":"","format":"standard","meta":{"_acf_changed":false,"footnotes":""},"categories":[19,29],"tags":[],"class_list":["post-8677","post","type-post","status-publish","format-standard","has-post-thumbnail","hentry","category-esportes","category-futebol"],"acf":[],"yoast_head":"<!-- This site is optimized with the Yoast SEO plugin v27.2 - https:\/\/yoast.com\/product\/yoast-seo-wordpress\/ -->\n<title>S\u00e9rie de fracassos derruba Gilson Kleina do comando do Palmeiras - Notibras<\/title>\n<meta name=\"robots\" content=\"index, follow, max-snippet:-1, max-image-preview:large, max-video-preview:-1\" \/>\n<link rel=\"canonical\" href=\"https:\/\/www.notibras.com\/site\/serie-de-fracassos-derruba-gilson-kleina-do-comando-do-palmeiras\/\" \/>\n<meta property=\"og:locale\" content=\"pt_BR\" \/>\n<meta property=\"og:type\" content=\"article\" \/>\n<meta property=\"og:title\" content=\"S\u00e9rie de fracassos derruba Gilson Kleina do comando do Palmeiras - Notibras\" \/>\n<meta property=\"og:description\" content=\"Gilson Kleina n\u00e3o resistiu a mais uma derrota e deixou o comando do Palmeiras. O treinador, que j\u00e1 vinha sob press\u00e3o desde a elimina\u00e7\u00e3o precoce no Campeonato Paulista, foi demitido pelo presidente Paulo Nobre, que emitiu uma nota no site do clube para oficializar a decis\u00e3o. &#8220;Gilson Kleina n\u00e3o \u00e9 mais o t\u00e9cnico da Sociedade [&hellip;]\" \/>\n<meta property=\"og:url\" content=\"https:\/\/www.notibras.com\/site\/serie-de-fracassos-derruba-gilson-kleina-do-comando-do-palmeiras\/\" \/>\n<meta property=\"og:site_name\" content=\"Notibras\" \/>\n<meta property=\"article:publisher\" content=\"https:\/\/www.facebook.com\/notibras\/\" \/>\n<meta property=\"article:published_time\" content=\"2014-05-08T17:41:27+00:00\" \/>\n<meta property=\"og:image\" content=\"https:\/\/www.notibras.com\/site\/wp-content\/uploads\/2014\/05\/palmeiras_gilson_kleina-730901.jpg\" \/>\n\t<meta property=\"og:image:width\" content=\"702\" \/>\n\t<meta property=\"og:image:height\" content=\"431\" \/>\n\t<meta property=\"og:image:type\" content=\"image\/jpeg\" \/>\n<meta name=\"author\" content=\"Reda\u00e7\u00e3o\" \/>\n<meta name=\"twitter:card\" content=\"summary_large_image\" \/>\n<meta name=\"twitter:creator\" content=\"@Notibras\" \/>\n<meta name=\"twitter:site\" content=\"@Notibras\" \/>\n<meta name=\"twitter:label1\" content=\"Escrito por\" \/>\n\t<meta name=\"twitter:data1\" content=\"Reda\u00e7\u00e3o\" \/>\n\t<meta name=\"twitter:label2\" content=\"Est. tempo de leitura\" \/>\n\t<meta name=\"twitter:data2\" content=\"2 minutos\" \/>\n<script type=\"application\/ld+json\" class=\"yoast-schema-graph\">{\"@context\":\"https:\/\/schema.org\",\"@graph\":[{\"@type\":\"Article\",\"@id\":\"https:\/\/www.notibras.com\/site\/serie-de-fracassos-derruba-gilson-kleina-do-comando-do-palmeiras\/#article\",\"isPartOf\":{\"@id\":\"https:\/\/www.notibras.com\/site\/serie-de-fracassos-derruba-gilson-kleina-do-comando-do-palmeiras\/\"},\"author\":{\"name\":\"Reda\u00e7\u00e3o\",\"@id\":\"https:\/\/www.notibras.com\/site\/#\/schema\/person\/36ab0979449956132d3e5b517ea76ac8\"},\"headline\":\"S\u00e9rie de fracassos derruba Gilson Kleina do comando do Palmeiras\",\"datePublished\":\"2014-05-08T17:41:27+00:00\",\"mainEntityOfPage\":{\"@id\":\"https:\/\/www.notibras.com\/site\/serie-de-fracassos-derruba-gilson-kleina-do-comando-do-palmeiras\/\"},\"wordCount\":474,\"commentCount\":0,\"publisher\":{\"@id\":\"https:\/\/www.notibras.com\/site\/#organization\"},\"image\":{\"@id\":\"https:\/\/www.notibras.com\/site\/serie-de-fracassos-derruba-gilson-kleina-do-comando-do-palmeiras\/#primaryimage\"},\"thumbnailUrl\":\"https:\/\/www.notibras.com\/site\/wp-content\/uploads\/2014\/05\/palmeiras_gilson_kleina-730901.jpg\",\"articleSection\":[\"Esportes\",\"Futebol\"],\"inLanguage\":\"pt-BR\",\"potentialAction\":[{\"@type\":\"CommentAction\",\"name\":\"Comment\",\"target\":[\"https:\/\/www.notibras.com\/site\/serie-de-fracassos-derruba-gilson-kleina-do-comando-do-palmeiras\/#respond\"]}]},{\"@type\":\"WebPage\",\"@id\":\"https:\/\/www.notibras.com\/site\/serie-de-fracassos-derruba-gilson-kleina-do-comando-do-palmeiras\/\",\"url\":\"https:\/\/www.notibras.com\/site\/serie-de-fracassos-derruba-gilson-kleina-do-comando-do-palmeiras\/\",\"name\":\"S\u00e9rie de fracassos derruba Gilson Kleina do comando do Palmeiras - Notibras\",\"isPartOf\":{\"@id\":\"https:\/\/www.notibras.com\/site\/#website\"},\"primaryImageOfPage\":{\"@id\":\"https:\/\/www.notibras.com\/site\/serie-de-fracassos-derruba-gilson-kleina-do-comando-do-palmeiras\/#primaryimage\"},\"image\":{\"@id\":\"https:\/\/www.notibras.com\/site\/serie-de-fracassos-derruba-gilson-kleina-do-comando-do-palmeiras\/#primaryimage\"},\"thumbnailUrl\":\"https:\/\/www.notibras.com\/site\/wp-content\/uploads\/2014\/05\/palmeiras_gilson_kleina-730901.jpg\",\"datePublished\":\"2014-05-08T17:41:27+00:00\",\"breadcrumb\":{\"@id\":\"https:\/\/www.notibras.com\/site\/serie-de-fracassos-derruba-gilson-kleina-do-comando-do-palmeiras\/#breadcrumb\"},\"inLanguage\":\"pt-BR\",\"potentialAction\":[{\"@type\":\"ReadAction\",\"target\":[\"https:\/\/www.notibras.com\/site\/serie-de-fracassos-derruba-gilson-kleina-do-comando-do-palmeiras\/\"]}]},{\"@type\":\"ImageObject\",\"inLanguage\":\"pt-BR\",\"@id\":\"https:\/\/www.notibras.com\/site\/serie-de-fracassos-derruba-gilson-kleina-do-comando-do-palmeiras\/#primaryimage\",\"url\":\"https:\/\/www.notibras.com\/site\/wp-content\/uploads\/2014\/05\/palmeiras_gilson_kleina-730901.jpg\",\"contentUrl\":\"https:\/\/www.notibras.com\/site\/wp-content\/uploads\/2014\/05\/palmeiras_gilson_kleina-730901.jpg\",\"width\":702,\"height\":431},{\"@type\":\"BreadcrumbList\",\"@id\":\"https:\/\/www.notibras.com\/site\/serie-de-fracassos-derruba-gilson-kleina-do-comando-do-palmeiras\/#breadcrumb\",\"itemListElement\":[{\"@type\":\"ListItem\",\"position\":1,\"name\":\"In\u00edcio\",\"item\":\"https:\/\/www.notibras.com\/site\/\"},{\"@type\":\"ListItem\",\"position\":2,\"name\":\"S\u00e9rie de fracassos derruba Gilson Kleina do comando do Palmeiras\"}]},{\"@type\":\"WebSite\",\"@id\":\"https:\/\/www.notibras.com\/site\/#website\",\"url\":\"https:\/\/www.notibras.com\/site\/\",\"name\":\"Notibras\",\"description\":\"Not\u00edcias de Bras\u00edlia, do Brasil e do Mundo\",\"publisher\":{\"@id\":\"https:\/\/www.notibras.com\/site\/#organization\"},\"potentialAction\":[{\"@type\":\"SearchAction\",\"target\":{\"@type\":\"EntryPoint\",\"urlTemplate\":\"https:\/\/www.notibras.com\/site\/?s={search_term_string}\"},\"query-input\":{\"@type\":\"PropertyValueSpecification\",\"valueRequired\":true,\"valueName\":\"search_term_string\"}}],\"inLanguage\":\"pt-BR\"},{\"@type\":\"Organization\",\"@id\":\"https:\/\/www.notibras.com\/site\/#organization\",\"name\":\"Grupo Notibras de Comunica\u00e7\u00e3o\",\"url\":\"https:\/\/www.notibras.com\/site\/\",\"logo\":{\"@type\":\"ImageObject\",\"inLanguage\":\"pt-BR\",\"@id\":\"https:\/\/www.notibras.com\/site\/#\/schema\/logo\/image\/\",\"url\":\"https:\/\/www.notibras.com\/site\/wp-content\/uploads\/2023\/01\/notibras23.png\",\"contentUrl\":\"https:\/\/www.notibras.com\/site\/wp-content\/uploads\/2023\/01\/notibras23.png\",\"width\":350,\"height\":87,\"caption\":\"Grupo Notibras de Comunica\u00e7\u00e3o\"},\"image\":{\"@id\":\"https:\/\/www.notibras.com\/site\/#\/schema\/logo\/image\/\"},\"sameAs\":[\"https:\/\/www.facebook.com\/notibras\/\",\"https:\/\/x.com\/Notibras\",\"https:\/\/www.instagram.com\/notibras\/\"]},{\"@type\":\"Person\",\"@id\":\"https:\/\/www.notibras.com\/site\/#\/schema\/person\/36ab0979449956132d3e5b517ea76ac8\",\"name\":\"Reda\u00e7\u00e3o\",\"image\":{\"@type\":\"ImageObject\",\"inLanguage\":\"pt-BR\",\"@id\":\"https:\/\/secure.gravatar.com\/avatar\/e0a867bdedb85fd243eadf09663511f96fc81e0720a4a42581f334ad4303aa6b?s=96&d=mm&r=g\",\"url\":\"https:\/\/secure.gravatar.com\/avatar\/e0a867bdedb85fd243eadf09663511f96fc81e0720a4a42581f334ad4303aa6b?s=96&d=mm&r=g\",\"contentUrl\":\"https:\/\/secure.gravatar.com\/avatar\/e0a867bdedb85fd243eadf09663511f96fc81e0720a4a42581f334ad4303aa6b?s=96&d=mm&r=g\",\"caption\":\"Reda\u00e7\u00e3o\"}}]}<\/script>\n<!-- \/ Yoast SEO plugin. -->","yoast_head_json":{"title":"S\u00e9rie de fracassos derruba Gilson Kleina do comando do Palmeiras - Notibras","robots":{"index":"index","follow":"follow","max-snippet":"max-snippet:-1","max-image-preview":"max-image-preview:large","max-video-preview":"max-video-preview:-1"},"canonical":"https:\/\/www.notibras.com\/site\/serie-de-fracassos-derruba-gilson-kleina-do-comando-do-palmeiras\/","og_locale":"pt_BR","og_type":"article","og_title":"S\u00e9rie de fracassos derruba Gilson Kleina do comando do Palmeiras - Notibras","og_description":"Gilson Kleina n\u00e3o resistiu a mais uma derrota e deixou o comando do Palmeiras. O treinador, que j\u00e1 vinha sob press\u00e3o desde a elimina\u00e7\u00e3o precoce no Campeonato Paulista, foi demitido pelo presidente Paulo Nobre, que emitiu uma nota no site do clube para oficializar a decis\u00e3o. &#8220;Gilson Kleina n\u00e3o \u00e9 mais o t\u00e9cnico da Sociedade [&hellip;]","og_url":"https:\/\/www.notibras.com\/site\/serie-de-fracassos-derruba-gilson-kleina-do-comando-do-palmeiras\/","og_site_name":"Notibras","article_publisher":"https:\/\/www.facebook.com\/notibras\/","article_published_time":"2014-05-08T17:41:27+00:00","og_image":[{"width":702,"height":431,"url":"https:\/\/www.notibras.com\/site\/wp-content\/uploads\/2014\/05\/palmeiras_gilson_kleina-730901.jpg","type":"image\/jpeg"}],"author":"Reda\u00e7\u00e3o","twitter_card":"summary_large_image","twitter_creator":"@Notibras","twitter_site":"@Notibras","twitter_misc":{"Escrito por":"Reda\u00e7\u00e3o","Est. tempo de leitura":"2 minutos"},"schema":{"@context":"https:\/\/schema.org","@graph":[{"@type":"Article","@id":"https:\/\/www.notibras.com\/site\/serie-de-fracassos-derruba-gilson-kleina-do-comando-do-palmeiras\/#article","isPartOf":{"@id":"https:\/\/www.notibras.com\/site\/serie-de-fracassos-derruba-gilson-kleina-do-comando-do-palmeiras\/"},"author":{"name":"Reda\u00e7\u00e3o","@id":"https:\/\/www.notibras.com\/site\/#\/schema\/person\/36ab0979449956132d3e5b517ea76ac8"},"headline":"S\u00e9rie de fracassos derruba Gilson Kleina do comando do Palmeiras","datePublished":"2014-05-08T17:41:27+00:00","mainEntityOfPage":{"@id":"https:\/\/www.notibras.com\/site\/serie-de-fracassos-derruba-gilson-kleina-do-comando-do-palmeiras\/"},"wordCount":474,"commentCount":0,"publisher":{"@id":"https:\/\/www.notibras.com\/site\/#organization"},"image":{"@id":"https:\/\/www.notibras.com\/site\/serie-de-fracassos-derruba-gilson-kleina-do-comando-do-palmeiras\/#primaryimage"},"thumbnailUrl":"https:\/\/www.notibras.com\/site\/wp-content\/uploads\/2014\/05\/palmeiras_gilson_kleina-730901.jpg","articleSection":["Esportes","Futebol"],"inLanguage":"pt-BR","potentialAction":[{"@type":"CommentAction","name":"Comment","target":["https:\/\/www.notibras.com\/site\/serie-de-fracassos-derruba-gilson-kleina-do-comando-do-palmeiras\/#respond"]}]},{"@type":"WebPage","@id":"https:\/\/www.notibras.com\/site\/serie-de-fracassos-derruba-gilson-kleina-do-comando-do-palmeiras\/","url":"https:\/\/www.notibras.com\/site\/serie-de-fracassos-derruba-gilson-kleina-do-comando-do-palmeiras\/","name":"S\u00e9rie de fracassos derruba Gilson Kleina do comando do Palmeiras - Notibras","isPartOf":{"@id":"https:\/\/www.notibras.com\/site\/#website"},"primaryImageOfPage":{"@id":"https:\/\/www.notibras.com\/site\/serie-de-fracassos-derruba-gilson-kleina-do-comando-do-palmeiras\/#primaryimage"},"image":{"@id":"https:\/\/www.notibras.com\/site\/serie-de-fracassos-derruba-gilson-kleina-do-comando-do-palmeiras\/#primaryimage"},"thumbnailUrl":"https:\/\/www.notibras.com\/site\/wp-content\/uploads\/2014\/05\/palmeiras_gilson_kleina-730901.jpg","datePublished":"2014-05-08T17:41:27+00:00","breadcrumb":{"@id":"https:\/\/www.notibras.com\/site\/serie-de-fracassos-derruba-gilson-kleina-do-comando-do-palmeiras\/#breadcrumb"},"inLanguage":"pt-BR","potentialAction":[{"@type":"ReadAction","target":["https:\/\/www.notibras.com\/site\/serie-de-fracassos-derruba-gilson-kleina-do-comando-do-palmeiras\/"]}]},{"@type":"ImageObject","inLanguage":"pt-BR","@id":"https:\/\/www.notibras.com\/site\/serie-de-fracassos-derruba-gilson-kleina-do-comando-do-palmeiras\/#primaryimage","url":"https:\/\/www.notibras.com\/site\/wp-content\/uploads\/2014\/05\/palmeiras_gilson_kleina-730901.jpg","contentUrl":"https:\/\/www.notibras.com\/site\/wp-content\/uploads\/2014\/05\/palmeiras_gilson_kleina-730901.jpg","width":702,"height":431},{"@type":"BreadcrumbList","@id":"https:\/\/www.notibras.com\/site\/serie-de-fracassos-derruba-gilson-kleina-do-comando-do-palmeiras\/#breadcrumb","itemListElement":[{"@type":"ListItem","position":1,"name":"In\u00edcio","item":"https:\/\/www.notibras.com\/site\/"},{"@type":"ListItem","position":2,"name":"S\u00e9rie de fracassos derruba Gilson Kleina do comando do Palmeiras"}]},{"@type":"WebSite","@id":"https:\/\/www.notibras.com\/site\/#website","url":"https:\/\/www.notibras.com\/site\/","name":"Notibras","description":"Not\u00edcias de Bras\u00edlia, do Brasil e do Mundo","publisher":{"@id":"https:\/\/www.notibras.com\/site\/#organization"},"potentialAction":[{"@type":"SearchAction","target":{"@type":"EntryPoint","urlTemplate":"https:\/\/www.notibras.com\/site\/?s={search_term_string}"},"query-input":{"@type":"PropertyValueSpecification","valueRequired":true,"valueName":"search_term_string"}}],"inLanguage":"pt-BR"},{"@type":"Organization","@id":"https:\/\/www.notibras.com\/site\/#organization","name":"Grupo Notibras de Comunica\u00e7\u00e3o","url":"https:\/\/www.notibras.com\/site\/","logo":{"@type":"ImageObject","inLanguage":"pt-BR","@id":"https:\/\/www.notibras.com\/site\/#\/schema\/logo\/image\/","url":"https:\/\/www.notibras.com\/site\/wp-content\/uploads\/2023\/01\/notibras23.png","contentUrl":"https:\/\/www.notibras.com\/site\/wp-content\/uploads\/2023\/01\/notibras23.png","width":350,"height":87,"caption":"Grupo Notibras de Comunica\u00e7\u00e3o"},"image":{"@id":"https:\/\/www.notibras.com\/site\/#\/schema\/logo\/image\/"},"sameAs":["https:\/\/www.facebook.com\/notibras\/","https:\/\/x.com\/Notibras","https:\/\/www.instagram.com\/notibras\/"]},{"@type":"Person","@id":"https:\/\/www.notibras.com\/site\/#\/schema\/person\/36ab0979449956132d3e5b517ea76ac8","name":"Reda\u00e7\u00e3o","image":{"@type":"ImageObject","inLanguage":"pt-BR","@id":"https:\/\/secure.gravatar.com\/avatar\/e0a867bdedb85fd243eadf09663511f96fc81e0720a4a42581f334ad4303aa6b?s=96&d=mm&r=g","url":"https:\/\/secure.gravatar.com\/avatar\/e0a867bdedb85fd243eadf09663511f96fc81e0720a4a42581f334ad4303aa6b?s=96&d=mm&r=g","contentUrl":"https:\/\/secure.gravatar.com\/avatar\/e0a867bdedb85fd243eadf09663511f96fc81e0720a4a42581f334ad4303aa6b?s=96&d=mm&r=g","caption":"Reda\u00e7\u00e3o"}}]}},"amp_enabled":true,"_links":{"self":[{"href":"https:\/\/www.notibras.com\/site\/wp-json\/wp\/v2\/posts\/8677","targetHints":{"allow":["GET"]}}],"collection":[{"href":"https:\/\/www.notibras.com\/site\/wp-json\/wp\/v2\/posts"}],"about":[{"href":"https:\/\/www.notibras.com\/site\/wp-json\/wp\/v2\/types\/post"}],"author":[{"embeddable":true,"href":"https:\/\/www.notibras.com\/site\/wp-json\/wp\/v2\/users\/2"}],"replies":[{"embeddable":true,"href":"https:\/\/www.notibras.com\/site\/wp-json\/wp\/v2\/comments?post=8677"}],"version-history":[{"count":0,"href":"https:\/\/www.notibras.com\/site\/wp-json\/wp\/v2\/posts\/8677\/revisions"}],"wp:featuredmedia":[{"embeddable":true,"href":"https:\/\/www.notibras.com\/site\/wp-json\/wp\/v2\/media\/8678"}],"wp:attachment":[{"href":"https:\/\/www.notibras.com\/site\/wp-json\/wp\/v2\/media?parent=8677"}],"wp:term":[{"taxonomy":"category","embeddable":true,"href":"https:\/\/www.notibras.com\/site\/wp-json\/wp\/v2\/categories?post=8677"},{"taxonomy":"post_tag","embeddable":true,"href":"https:\/\/www.notibras.com\/site\/wp-json\/wp\/v2\/tags?post=8677"}],"curies":[{"name":"wp","href":"https:\/\/api.w.org\/{rel}","templated":true}]}}