{"id":8691,"date":"2014-05-08T16:47:23","date_gmt":"2014-05-08T19:47:23","guid":{"rendered":"http:\/\/www.notibras.com\/site\/?p=8691"},"modified":"2014-07-01T11:38:24","modified_gmt":"2014-07-01T14:38:24","slug":"faturamento-da-industra-registra-maior-queda-mensal-em-seis-anos","status":"publish","type":"post","link":"https:\/\/www.notibras.com\/site\/faturamento-da-industra-registra-maior-queda-mensal-em-seis-anos\/","title":{"rendered":"Faturamento da ind\u00fastra registra maior queda mensal em seis anos"},"content":{"rendered":"<p>O faturamento da ind\u00fastria brasileira caiu 6,3% em mar\u00e7o na compara\u00e7\u00e3o com fevereiro deste ano. Trata-se da maior retra\u00e7\u00e3o mensal desde novembro de 2008, de acordo com dados da Confedera\u00e7\u00e3o Nacional da Ind\u00fastria (CNI), que divulgou nesta quinta 8 a pesquisa Indicadores Industriais. Ca\u00edram tamb\u00e9m as horas trabalhadas no setor (2,4%), a massa salarial real (2,4%) e o rendimento m\u00e9dio real (0,6%). Houve tamb\u00e9m redu\u00e7\u00e3o do uso da capacidade instalada, que ficou em 80,9%, 1 ponto percentual abaixo do resultado de fevereiro. O emprego foi o \u00fanico indicador a ter alta, de 0,3%.<\/p>\n<p>A queda no faturamento em mar\u00e7o reverteu o crescimento de 4,4% registrado para o indicador em fevereiro ante janeiro. O cen\u00e1rio desaquecido no terceiro m\u00eas do ano n\u00e3o impediu o fechamento do primeiro trimestre com eleva\u00e7\u00e3o da maior parte dos indicadores. Ante o mesmo per\u00edodo de 2013, houve alta de 2,7% no faturamento, de 3,7% no rendimento m\u00e9dio real, de 5,5% na massa salarial e de 1,7% no emprego. As horas trabalhadas recuaram 0,1%, ficando est\u00e1veis. A utiliza\u00e7\u00e3o da capacidade instalada ficou 1 ponto percentual abaixo da do primeiro trimestre do ano passado.<\/p>\n<p>Na avalia\u00e7\u00e3o do gerente de Pesquisa da CNI, Renato da Fonseca, apesar do resultado trimestral positivo, os n\u00fameros continuam a refletir estagna\u00e7\u00e3o na ind\u00fastria. \u201cN\u00e3o houve muita mudan\u00e7a com rela\u00e7\u00e3o ao que a gente vem reportando nos \u00faltimos meses e anos. Temos uma ind\u00fastria praticamente estagnada desde 2010. A boa not\u00edcia \u00e9 que voc\u00ea tem uma recupera\u00e7\u00e3o do emprego\u201d, destacou.<\/p>\n<p>Para ele, a alta mensal e trimestral \u00e9 um movimento \u201csuave\u201d, mas que pode indicar \u201cmelhores expectativas da ind\u00fastria com rela\u00e7\u00e3o ao restante do ano\u201d. O levantamento da CNI mostrou que, de 21 setores da ind\u00fastria analisados, 12 mostraram alta trimestral no emprego na compara\u00e7\u00e3o com 2013. Entre eles, alimentos (eleva\u00e7\u00e3o de 7,3%), equipamentos de transporte (5,2%), madeira (3,7%), qu\u00edmicos (2,9%), minerais n\u00e3o met\u00e1licos (2,5%) e vestu\u00e1rio (2,4%).<\/p>\n<p>Danilo Garcia, economista da CNI, comentou o descompasso entre o crescimento do emprego e do faturamento e a produ\u00e7\u00e3o desaquecida. Segundo ele, o fen\u00f4meno pode ter rela\u00e7\u00e3o com o uso de componentes importados na produ\u00e7\u00e3o. \u201cVoc\u00ea continua vendendo o produto, mas usa mais componentes importados e diminui a parte que \u00e9 feita aqui dentro. Isso pode estar gerando a diferen\u00e7a entre vendas, horas trabalhadas e produ\u00e7\u00e3o&#8221;, disse.<\/p>\n<div class=\"node-info\"><strong>Mariana Branco, ABr<\/strong><strong><br \/>\n<\/strong><\/div>\n","protected":false},"excerpt":{"rendered":"<p>O faturamento da ind\u00fastria brasileira caiu 6,3% em mar\u00e7o na compara\u00e7\u00e3o com fevereiro deste ano. Trata-se da maior retra\u00e7\u00e3o mensal desde novembro de 2008, de acordo com dados da Confedera\u00e7\u00e3o Nacional da Ind\u00fastria (CNI), que divulgou nesta quinta 8 a pesquisa Indicadores Industriais. Ca\u00edram tamb\u00e9m as horas trabalhadas no setor (2,4%), a massa salarial real [&hellip;]<\/p>\n","protected":false},"author":2,"featured_media":8694,"comment_status":"open","ping_status":"closed","sticky":false,"template":"","format":"standard","meta":{"_acf_changed":false,"footnotes":""},"categories":[16],"tags":[],"class_list":["post-8691","post","type-post","status-publish","format-standard","has-post-thumbnail","hentry","category-brasil"],"acf":[],"_links":{"self":[{"href":"https:\/\/www.notibras.com\/site\/wp-json\/wp\/v2\/posts\/8691","targetHints":{"allow":["GET"]}}],"collection":[{"href":"https:\/\/www.notibras.com\/site\/wp-json\/wp\/v2\/posts"}],"about":[{"href":"https:\/\/www.notibras.com\/site\/wp-json\/wp\/v2\/types\/post"}],"author":[{"embeddable":true,"href":"https:\/\/www.notibras.com\/site\/wp-json\/wp\/v2\/users\/2"}],"replies":[{"embeddable":true,"href":"https:\/\/www.notibras.com\/site\/wp-json\/wp\/v2\/comments?post=8691"}],"version-history":[{"count":0,"href":"https:\/\/www.notibras.com\/site\/wp-json\/wp\/v2\/posts\/8691\/revisions"}],"wp:featuredmedia":[{"embeddable":true,"href":"https:\/\/www.notibras.com\/site\/wp-json\/wp\/v2\/media\/8694"}],"wp:attachment":[{"href":"https:\/\/www.notibras.com\/site\/wp-json\/wp\/v2\/media?parent=8691"}],"wp:term":[{"taxonomy":"category","embeddable":true,"href":"https:\/\/www.notibras.com\/site\/wp-json\/wp\/v2\/categories?post=8691"},{"taxonomy":"post_tag","embeddable":true,"href":"https:\/\/www.notibras.com\/site\/wp-json\/wp\/v2\/tags?post=8691"}],"curies":[{"name":"wp","href":"https:\/\/api.w.org\/{rel}","templated":true}]}}