{"id":8696,"date":"2014-05-08T16:53:55","date_gmt":"2014-05-08T19:53:55","guid":{"rendered":"http:\/\/www.notibras.com\/site\/?p=8696"},"modified":"2014-05-08T23:09:36","modified_gmt":"2014-05-09T02:09:36","slug":"inscricoes-para-o-enem-comecam-na-2a-dia-12-prova-sera-em-novembro","status":"publish","type":"post","link":"https:\/\/www.notibras.com\/site\/inscricoes-para-o-enem-comecam-na-2a-dia-12-prova-sera-em-novembro\/","title":{"rendered":"Inscri\u00e7\u00f5es para o Enem v\u00e3o come\u00e7ar na 2\u00aa, dia 12. Provas ser\u00e3o feitas em novembro"},"content":{"rendered":"<p>A prova do Exame Nacional do Ensino M\u00e9dio (Enem) 2014 ser\u00e1 nos dias 8 e 9 de novembro. As inscri\u00e7\u00f5es ser\u00e3o feitaa pela internet entre os dias 12 e 23 deste m\u00eas. A informa\u00e7\u00e3o foi divulgada hoje (8) pelo Minist\u00e9rio da Educa\u00e7\u00e3o (MEC).<\/p>\n<p>A previs\u00e3o \u00e9 que 8,2 milh\u00f5es de pessoas se inscrevam, um crescimento de 13,8% em rela\u00e7\u00e3o aos 7,2 milh\u00f5es do ano passado. O valor da inscri\u00e7\u00e3o \u00e9 R$ 35. Alunos de rede p\u00fablica e pessoas com renda familiar de at\u00e9 1,5 sal\u00e1rio m\u00ednimo s\u00e3o isentos. A taxa deve ser paga at\u00e9 o dia 28 de maio.<\/p>\n<p>Em 2013, cerca de 5 milh\u00f5es de estudantes fizeram o Enem. A nota do exame pode ser usada para participar de programas como o Sistema de Sele\u00e7\u00e3o Unificada (Sisu), que disponibiliza vagas no ensino superior p\u00fablico; o Programa Universidade para Todos (ProUni), que oferece bolsas em institui\u00e7\u00f5es privadas; e o Sistema de Sele\u00e7\u00e3o Unificada do Ensino T\u00e9cnico e Profissional (Sisutec), que destina a estudantes vagas gratuitas em cursos t\u00e9cnicos.<\/p>\n<p>O Enem \u00e9 tamb\u00e9m pr\u00e9-requisito para firmar contratos pelo Fundo de Financiamento Estudantil (Fies) e para a obter bolsas de interc\u00e2mbio pelo Programa Ci\u00eancia sem Fronteiras.<\/p>\n","protected":false},"excerpt":{"rendered":"<p>A prova do Exame Nacional do Ensino M\u00e9dio (Enem) 2014 ser\u00e1 nos dias 8 e 9 de novembro. As inscri\u00e7\u00f5es ser\u00e3o feitaa pela internet entre os dias 12 e 23 deste m\u00eas. A informa\u00e7\u00e3o foi divulgada hoje (8) pelo Minist\u00e9rio da Educa\u00e7\u00e3o (MEC). A previs\u00e3o \u00e9 que 8,2 milh\u00f5es de pessoas se inscrevam, um crescimento [&hellip;]<\/p>\n","protected":false},"author":2,"featured_media":8702,"comment_status":"open","ping_status":"closed","sticky":false,"template":"","format":"standard","meta":{"_acf_changed":false,"footnotes":""},"categories":[16],"tags":[],"class_list":["post-8696","post","type-post","status-publish","format-standard","has-post-thumbnail","hentry","category-brasil"],"acf":[],"_links":{"self":[{"href":"https:\/\/www.notibras.com\/site\/wp-json\/wp\/v2\/posts\/8696","targetHints":{"allow":["GET"]}}],"collection":[{"href":"https:\/\/www.notibras.com\/site\/wp-json\/wp\/v2\/posts"}],"about":[{"href":"https:\/\/www.notibras.com\/site\/wp-json\/wp\/v2\/types\/post"}],"author":[{"embeddable":true,"href":"https:\/\/www.notibras.com\/site\/wp-json\/wp\/v2\/users\/2"}],"replies":[{"embeddable":true,"href":"https:\/\/www.notibras.com\/site\/wp-json\/wp\/v2\/comments?post=8696"}],"version-history":[{"count":0,"href":"https:\/\/www.notibras.com\/site\/wp-json\/wp\/v2\/posts\/8696\/revisions"}],"wp:featuredmedia":[{"embeddable":true,"href":"https:\/\/www.notibras.com\/site\/wp-json\/wp\/v2\/media\/8702"}],"wp:attachment":[{"href":"https:\/\/www.notibras.com\/site\/wp-json\/wp\/v2\/media?parent=8696"}],"wp:term":[{"taxonomy":"category","embeddable":true,"href":"https:\/\/www.notibras.com\/site\/wp-json\/wp\/v2\/categories?post=8696"},{"taxonomy":"post_tag","embeddable":true,"href":"https:\/\/www.notibras.com\/site\/wp-json\/wp\/v2\/tags?post=8696"}],"curies":[{"name":"wp","href":"https:\/\/api.w.org\/{rel}","templated":true}]}}