{"id":86995,"date":"2016-01-31T11:13:45","date_gmt":"2016-01-31T13:13:45","guid":{"rendered":"http:\/\/www.notibras.com\/site\/?p=86995"},"modified":"2016-02-01T21:19:05","modified_gmt":"2016-02-01T23:19:05","slug":"esse-governo-esta-uma-merda-diz-simonsen-a-figueiredo-e-vai-embalar-a-mudanca","status":"publish","type":"post","link":"https:\/\/www.notibras.com\/site\/esse-governo-esta-uma-merda-diz-simonsen-a-figueiredo-e-vai-embalar-a-mudanca\/","title":{"rendered":"Esse governo est\u00e1 uma merda, diz Simonsen a Figueiredo. E vai embora"},"content":{"rendered":"<p><strong>Jos\u00e9 Escarlate<\/strong><\/p>\n<p>M\u00e1rio Henrique Simonsen, que fora presidente do BC no governo Castelo Branco, ministro da Fazenda do governo Geisel e ministro do Planejamento de Jo\u00e3o Figueiredo, pede demiss\u00e3o em 10 de agosto de 1979. Estava insatisfeito e parecia saturado da vida p\u00fablica.<\/p>\n<p>Os coment\u00e1rios eram de que ele tinha atritos di\u00e1rios com o ent\u00e3o ministro da Agricultura, Delfim Netto, que inclusive foi seu colega nos bancos da universidade. Fez a carta de demiss\u00e3o e foi entreg\u00e1-la ao presidente, que estava cavalgando, em sua casa na Granja do Torto.<\/p>\n<p>Figueiredo n\u00e3o gostava de ter o seu exerc\u00edcio interrompido. O ajudante de ordens do dia, que era o capit\u00e3o Juarez Marcon, pediu ao ministro que aguardasse um pouco. Simonsen n\u00e3o demonstrava qualquer nervosismo. Estava controlado e, como sempre, fumando muito.<\/p>\n<p>Tr\u00eas, quatro, cinco cigarros depois, aparece Jo\u00e3o Figueiredo, saindo da ducha, dorso nu, toalha enrolada no corpo. &#8220;Presidente, trago este documento para o senhor&#8221;.<\/p>\n<p>Figueiredo, em p\u00e9, abre a carta e l\u00ea o pedido de demiss\u00e3o. Balan\u00e7ando negativamente a cabe\u00e7a para mostrar que n\u00e3o gostou, quase deixando a toalha cair, explode: \u201cQuer dizer que o senhor acha que o meu governo \u00e9 uma merda ?\u201d<\/p>\n<p>Imp\u00e1vido, sem titubear, Simonsen responde: \u201d\u00c9 isso mesmo!\u201d<\/p>\n<p>Sob o olhar at\u00f4nito do presidente, Mario Henrique Simonsen despediu-se e saiu calmamente, fumando mais um cigarrinho. Foi ajudar a mulher, dona Iluska, a embalar a mudan\u00e7a, j\u00e1 com o caminh\u00e3o da Fink \u00e0 sua porta.<\/p>\n<p><img loading=\"lazy\" decoding=\"async\" class=\"alignnone size-full wp-image-83053\" src=\"http:\/\/www.notibras.com\/site\/wp-content\/uploads\/2016\/01\/PV.png\" alt=\"PV\" width=\"122\" height=\"26\" \/><\/p>\n","protected":false},"excerpt":{"rendered":"<p>Jos\u00e9 Escarlate M\u00e1rio Henrique Simonsen, que fora presidente do BC no governo Castelo Branco, ministro da Fazenda do governo Geisel e ministro do Planejamento de Jo\u00e3o Figueiredo, pede demiss\u00e3o em 10 de agosto de 1979. Estava insatisfeito e parecia saturado da vida p\u00fablica. Os coment\u00e1rios eram de que ele tinha atritos di\u00e1rios com o ent\u00e3o [&hellip;]<\/p>\n","protected":false},"author":2,"featured_media":86996,"comment_status":"open","ping_status":"closed","sticky":false,"template":"","format":"standard","meta":{"_acf_changed":false,"footnotes":""},"categories":[63],"tags":[],"class_list":["post-86995","post","type-post","status-publish","format-standard","has-post-thumbnail","hentry","category-paginas-viradas"],"acf":[],"yoast_head":"<!-- This site is optimized with the Yoast SEO plugin v27.2 - https:\/\/yoast.com\/product\/yoast-seo-wordpress\/ -->\n<title>Esse governo est\u00e1 uma merda, diz Simonsen a Figueiredo. E vai embora - Notibras<\/title>\n<meta name=\"robots\" content=\"index, follow, max-snippet:-1, max-image-preview:large, max-video-preview:-1\" \/>\n<link rel=\"canonical\" href=\"https:\/\/www.notibras.com\/site\/esse-governo-esta-uma-merda-diz-simonsen-a-figueiredo-e-vai-embalar-a-mudanca\/\" \/>\n<meta property=\"og:locale\" content=\"pt_BR\" \/>\n<meta property=\"og:type\" content=\"article\" \/>\n<meta property=\"og:title\" content=\"Esse governo est\u00e1 uma merda, diz Simonsen a Figueiredo. E vai embora - Notibras\" \/>\n<meta property=\"og:description\" content=\"Jos\u00e9 Escarlate M\u00e1rio Henrique Simonsen, que fora presidente do BC no governo Castelo Branco, ministro da Fazenda do governo Geisel e ministro do Planejamento de Jo\u00e3o Figueiredo, pede demiss\u00e3o em 10 de agosto de 1979. Estava insatisfeito e parecia saturado da vida p\u00fablica. Os coment\u00e1rios eram de que ele tinha atritos di\u00e1rios com o ent\u00e3o [&hellip;]\" \/>\n<meta property=\"og:url\" content=\"https:\/\/www.notibras.com\/site\/esse-governo-esta-uma-merda-diz-simonsen-a-figueiredo-e-vai-embalar-a-mudanca\/\" \/>\n<meta property=\"og:site_name\" content=\"Notibras\" \/>\n<meta property=\"article:publisher\" content=\"https:\/\/www.facebook.com\/notibras\/\" \/>\n<meta property=\"article:published_time\" content=\"2016-01-31T13:13:45+00:00\" \/>\n<meta property=\"article:modified_time\" content=\"2016-02-01T23:19:05+00:00\" \/>\n<meta property=\"og:image\" content=\"https:\/\/www.notibras.com\/site\/wp-content\/uploads\/2016\/01\/image-7.jpg\" \/>\n\t<meta property=\"og:image:width\" content=\"551\" \/>\n\t<meta property=\"og:image:height\" content=\"317\" \/>\n\t<meta property=\"og:image:type\" content=\"image\/jpeg\" \/>\n<meta name=\"author\" content=\"Reda\u00e7\u00e3o\" \/>\n<meta name=\"twitter:card\" content=\"summary_large_image\" \/>\n<meta name=\"twitter:creator\" content=\"@Notibras\" \/>\n<meta name=\"twitter:site\" content=\"@Notibras\" \/>\n<meta name=\"twitter:label1\" content=\"Escrito por\" \/>\n\t<meta name=\"twitter:data1\" content=\"Reda\u00e7\u00e3o\" \/>\n\t<meta name=\"twitter:label2\" content=\"Est. tempo de leitura\" \/>\n\t<meta name=\"twitter:data2\" content=\"1 minuto\" \/>\n<script type=\"application\/ld+json\" class=\"yoast-schema-graph\">{\"@context\":\"https:\/\/schema.org\",\"@graph\":[{\"@type\":\"Article\",\"@id\":\"https:\/\/www.notibras.com\/site\/esse-governo-esta-uma-merda-diz-simonsen-a-figueiredo-e-vai-embalar-a-mudanca\/#article\",\"isPartOf\":{\"@id\":\"https:\/\/www.notibras.com\/site\/esse-governo-esta-uma-merda-diz-simonsen-a-figueiredo-e-vai-embalar-a-mudanca\/\"},\"author\":{\"name\":\"Reda\u00e7\u00e3o\",\"@id\":\"https:\/\/www.notibras.com\/site\/#\/schema\/person\/36ab0979449956132d3e5b517ea76ac8\"},\"headline\":\"Esse governo est\u00e1 uma merda, diz Simonsen a Figueiredo. E vai embora\",\"datePublished\":\"2016-01-31T13:13:45+00:00\",\"dateModified\":\"2016-02-01T23:19:05+00:00\",\"mainEntityOfPage\":{\"@id\":\"https:\/\/www.notibras.com\/site\/esse-governo-esta-uma-merda-diz-simonsen-a-figueiredo-e-vai-embalar-a-mudanca\/\"},\"wordCount\":267,\"commentCount\":1,\"publisher\":{\"@id\":\"https:\/\/www.notibras.com\/site\/#organization\"},\"image\":{\"@id\":\"https:\/\/www.notibras.com\/site\/esse-governo-esta-uma-merda-diz-simonsen-a-figueiredo-e-vai-embalar-a-mudanca\/#primaryimage\"},\"thumbnailUrl\":\"https:\/\/www.notibras.com\/site\/wp-content\/uploads\/2016\/01\/image-7.jpg\",\"articleSection\":[\"P\u00e1ginas Viradas\"],\"inLanguage\":\"pt-BR\",\"potentialAction\":[{\"@type\":\"CommentAction\",\"name\":\"Comment\",\"target\":[\"https:\/\/www.notibras.com\/site\/esse-governo-esta-uma-merda-diz-simonsen-a-figueiredo-e-vai-embalar-a-mudanca\/#respond\"]}]},{\"@type\":\"WebPage\",\"@id\":\"https:\/\/www.notibras.com\/site\/esse-governo-esta-uma-merda-diz-simonsen-a-figueiredo-e-vai-embalar-a-mudanca\/\",\"url\":\"https:\/\/www.notibras.com\/site\/esse-governo-esta-uma-merda-diz-simonsen-a-figueiredo-e-vai-embalar-a-mudanca\/\",\"name\":\"Esse governo est\u00e1 uma merda, diz Simonsen a Figueiredo. E vai embora - Notibras\",\"isPartOf\":{\"@id\":\"https:\/\/www.notibras.com\/site\/#website\"},\"primaryImageOfPage\":{\"@id\":\"https:\/\/www.notibras.com\/site\/esse-governo-esta-uma-merda-diz-simonsen-a-figueiredo-e-vai-embalar-a-mudanca\/#primaryimage\"},\"image\":{\"@id\":\"https:\/\/www.notibras.com\/site\/esse-governo-esta-uma-merda-diz-simonsen-a-figueiredo-e-vai-embalar-a-mudanca\/#primaryimage\"},\"thumbnailUrl\":\"https:\/\/www.notibras.com\/site\/wp-content\/uploads\/2016\/01\/image-7.jpg\",\"datePublished\":\"2016-01-31T13:13:45+00:00\",\"dateModified\":\"2016-02-01T23:19:05+00:00\",\"breadcrumb\":{\"@id\":\"https:\/\/www.notibras.com\/site\/esse-governo-esta-uma-merda-diz-simonsen-a-figueiredo-e-vai-embalar-a-mudanca\/#breadcrumb\"},\"inLanguage\":\"pt-BR\",\"potentialAction\":[{\"@type\":\"ReadAction\",\"target\":[\"https:\/\/www.notibras.com\/site\/esse-governo-esta-uma-merda-diz-simonsen-a-figueiredo-e-vai-embalar-a-mudanca\/\"]}]},{\"@type\":\"ImageObject\",\"inLanguage\":\"pt-BR\",\"@id\":\"https:\/\/www.notibras.com\/site\/esse-governo-esta-uma-merda-diz-simonsen-a-figueiredo-e-vai-embalar-a-mudanca\/#primaryimage\",\"url\":\"https:\/\/www.notibras.com\/site\/wp-content\/uploads\/2016\/01\/image-7.jpg\",\"contentUrl\":\"https:\/\/www.notibras.com\/site\/wp-content\/uploads\/2016\/01\/image-7.jpg\",\"width\":551,\"height\":317},{\"@type\":\"BreadcrumbList\",\"@id\":\"https:\/\/www.notibras.com\/site\/esse-governo-esta-uma-merda-diz-simonsen-a-figueiredo-e-vai-embalar-a-mudanca\/#breadcrumb\",\"itemListElement\":[{\"@type\":\"ListItem\",\"position\":1,\"name\":\"In\u00edcio\",\"item\":\"https:\/\/www.notibras.com\/site\/\"},{\"@type\":\"ListItem\",\"position\":2,\"name\":\"Esse governo est\u00e1 uma merda, diz Simonsen a Figueiredo. E vai embora\"}]},{\"@type\":\"WebSite\",\"@id\":\"https:\/\/www.notibras.com\/site\/#website\",\"url\":\"https:\/\/www.notibras.com\/site\/\",\"name\":\"Notibras\",\"description\":\"Not\u00edcias de Bras\u00edlia, do Brasil e do Mundo\",\"publisher\":{\"@id\":\"https:\/\/www.notibras.com\/site\/#organization\"},\"potentialAction\":[{\"@type\":\"SearchAction\",\"target\":{\"@type\":\"EntryPoint\",\"urlTemplate\":\"https:\/\/www.notibras.com\/site\/?s={search_term_string}\"},\"query-input\":{\"@type\":\"PropertyValueSpecification\",\"valueRequired\":true,\"valueName\":\"search_term_string\"}}],\"inLanguage\":\"pt-BR\"},{\"@type\":\"Organization\",\"@id\":\"https:\/\/www.notibras.com\/site\/#organization\",\"name\":\"Grupo Notibras de Comunica\u00e7\u00e3o\",\"url\":\"https:\/\/www.notibras.com\/site\/\",\"logo\":{\"@type\":\"ImageObject\",\"inLanguage\":\"pt-BR\",\"@id\":\"https:\/\/www.notibras.com\/site\/#\/schema\/logo\/image\/\",\"url\":\"https:\/\/www.notibras.com\/site\/wp-content\/uploads\/2023\/01\/notibras23.png\",\"contentUrl\":\"https:\/\/www.notibras.com\/site\/wp-content\/uploads\/2023\/01\/notibras23.png\",\"width\":350,\"height\":87,\"caption\":\"Grupo Notibras de Comunica\u00e7\u00e3o\"},\"image\":{\"@id\":\"https:\/\/www.notibras.com\/site\/#\/schema\/logo\/image\/\"},\"sameAs\":[\"https:\/\/www.facebook.com\/notibras\/\",\"https:\/\/x.com\/Notibras\",\"https:\/\/www.instagram.com\/notibras\/\"]},{\"@type\":\"Person\",\"@id\":\"https:\/\/www.notibras.com\/site\/#\/schema\/person\/36ab0979449956132d3e5b517ea76ac8\",\"name\":\"Reda\u00e7\u00e3o\",\"image\":{\"@type\":\"ImageObject\",\"inLanguage\":\"pt-BR\",\"@id\":\"https:\/\/secure.gravatar.com\/avatar\/e0a867bdedb85fd243eadf09663511f96fc81e0720a4a42581f334ad4303aa6b?s=96&d=mm&r=g\",\"url\":\"https:\/\/secure.gravatar.com\/avatar\/e0a867bdedb85fd243eadf09663511f96fc81e0720a4a42581f334ad4303aa6b?s=96&d=mm&r=g\",\"contentUrl\":\"https:\/\/secure.gravatar.com\/avatar\/e0a867bdedb85fd243eadf09663511f96fc81e0720a4a42581f334ad4303aa6b?s=96&d=mm&r=g\",\"caption\":\"Reda\u00e7\u00e3o\"}}]}<\/script>\n<!-- \/ Yoast SEO plugin. -->","yoast_head_json":{"title":"Esse governo est\u00e1 uma merda, diz Simonsen a Figueiredo. E vai embora - Notibras","robots":{"index":"index","follow":"follow","max-snippet":"max-snippet:-1","max-image-preview":"max-image-preview:large","max-video-preview":"max-video-preview:-1"},"canonical":"https:\/\/www.notibras.com\/site\/esse-governo-esta-uma-merda-diz-simonsen-a-figueiredo-e-vai-embalar-a-mudanca\/","og_locale":"pt_BR","og_type":"article","og_title":"Esse governo est\u00e1 uma merda, diz Simonsen a Figueiredo. E vai embora - Notibras","og_description":"Jos\u00e9 Escarlate M\u00e1rio Henrique Simonsen, que fora presidente do BC no governo Castelo Branco, ministro da Fazenda do governo Geisel e ministro do Planejamento de Jo\u00e3o Figueiredo, pede demiss\u00e3o em 10 de agosto de 1979. Estava insatisfeito e parecia saturado da vida p\u00fablica. Os coment\u00e1rios eram de que ele tinha atritos di\u00e1rios com o ent\u00e3o [&hellip;]","og_url":"https:\/\/www.notibras.com\/site\/esse-governo-esta-uma-merda-diz-simonsen-a-figueiredo-e-vai-embalar-a-mudanca\/","og_site_name":"Notibras","article_publisher":"https:\/\/www.facebook.com\/notibras\/","article_published_time":"2016-01-31T13:13:45+00:00","article_modified_time":"2016-02-01T23:19:05+00:00","og_image":[{"width":551,"height":317,"url":"https:\/\/www.notibras.com\/site\/wp-content\/uploads\/2016\/01\/image-7.jpg","type":"image\/jpeg"}],"author":"Reda\u00e7\u00e3o","twitter_card":"summary_large_image","twitter_creator":"@Notibras","twitter_site":"@Notibras","twitter_misc":{"Escrito por":"Reda\u00e7\u00e3o","Est. tempo de leitura":"1 minuto"},"schema":{"@context":"https:\/\/schema.org","@graph":[{"@type":"Article","@id":"https:\/\/www.notibras.com\/site\/esse-governo-esta-uma-merda-diz-simonsen-a-figueiredo-e-vai-embalar-a-mudanca\/#article","isPartOf":{"@id":"https:\/\/www.notibras.com\/site\/esse-governo-esta-uma-merda-diz-simonsen-a-figueiredo-e-vai-embalar-a-mudanca\/"},"author":{"name":"Reda\u00e7\u00e3o","@id":"https:\/\/www.notibras.com\/site\/#\/schema\/person\/36ab0979449956132d3e5b517ea76ac8"},"headline":"Esse governo est\u00e1 uma merda, diz Simonsen a Figueiredo. E vai embora","datePublished":"2016-01-31T13:13:45+00:00","dateModified":"2016-02-01T23:19:05+00:00","mainEntityOfPage":{"@id":"https:\/\/www.notibras.com\/site\/esse-governo-esta-uma-merda-diz-simonsen-a-figueiredo-e-vai-embalar-a-mudanca\/"},"wordCount":267,"commentCount":1,"publisher":{"@id":"https:\/\/www.notibras.com\/site\/#organization"},"image":{"@id":"https:\/\/www.notibras.com\/site\/esse-governo-esta-uma-merda-diz-simonsen-a-figueiredo-e-vai-embalar-a-mudanca\/#primaryimage"},"thumbnailUrl":"https:\/\/www.notibras.com\/site\/wp-content\/uploads\/2016\/01\/image-7.jpg","articleSection":["P\u00e1ginas Viradas"],"inLanguage":"pt-BR","potentialAction":[{"@type":"CommentAction","name":"Comment","target":["https:\/\/www.notibras.com\/site\/esse-governo-esta-uma-merda-diz-simonsen-a-figueiredo-e-vai-embalar-a-mudanca\/#respond"]}]},{"@type":"WebPage","@id":"https:\/\/www.notibras.com\/site\/esse-governo-esta-uma-merda-diz-simonsen-a-figueiredo-e-vai-embalar-a-mudanca\/","url":"https:\/\/www.notibras.com\/site\/esse-governo-esta-uma-merda-diz-simonsen-a-figueiredo-e-vai-embalar-a-mudanca\/","name":"Esse governo est\u00e1 uma merda, diz Simonsen a Figueiredo. E vai embora - Notibras","isPartOf":{"@id":"https:\/\/www.notibras.com\/site\/#website"},"primaryImageOfPage":{"@id":"https:\/\/www.notibras.com\/site\/esse-governo-esta-uma-merda-diz-simonsen-a-figueiredo-e-vai-embalar-a-mudanca\/#primaryimage"},"image":{"@id":"https:\/\/www.notibras.com\/site\/esse-governo-esta-uma-merda-diz-simonsen-a-figueiredo-e-vai-embalar-a-mudanca\/#primaryimage"},"thumbnailUrl":"https:\/\/www.notibras.com\/site\/wp-content\/uploads\/2016\/01\/image-7.jpg","datePublished":"2016-01-31T13:13:45+00:00","dateModified":"2016-02-01T23:19:05+00:00","breadcrumb":{"@id":"https:\/\/www.notibras.com\/site\/esse-governo-esta-uma-merda-diz-simonsen-a-figueiredo-e-vai-embalar-a-mudanca\/#breadcrumb"},"inLanguage":"pt-BR","potentialAction":[{"@type":"ReadAction","target":["https:\/\/www.notibras.com\/site\/esse-governo-esta-uma-merda-diz-simonsen-a-figueiredo-e-vai-embalar-a-mudanca\/"]}]},{"@type":"ImageObject","inLanguage":"pt-BR","@id":"https:\/\/www.notibras.com\/site\/esse-governo-esta-uma-merda-diz-simonsen-a-figueiredo-e-vai-embalar-a-mudanca\/#primaryimage","url":"https:\/\/www.notibras.com\/site\/wp-content\/uploads\/2016\/01\/image-7.jpg","contentUrl":"https:\/\/www.notibras.com\/site\/wp-content\/uploads\/2016\/01\/image-7.jpg","width":551,"height":317},{"@type":"BreadcrumbList","@id":"https:\/\/www.notibras.com\/site\/esse-governo-esta-uma-merda-diz-simonsen-a-figueiredo-e-vai-embalar-a-mudanca\/#breadcrumb","itemListElement":[{"@type":"ListItem","position":1,"name":"In\u00edcio","item":"https:\/\/www.notibras.com\/site\/"},{"@type":"ListItem","position":2,"name":"Esse governo est\u00e1 uma merda, diz Simonsen a Figueiredo. E vai embora"}]},{"@type":"WebSite","@id":"https:\/\/www.notibras.com\/site\/#website","url":"https:\/\/www.notibras.com\/site\/","name":"Notibras","description":"Not\u00edcias de Bras\u00edlia, do Brasil e do Mundo","publisher":{"@id":"https:\/\/www.notibras.com\/site\/#organization"},"potentialAction":[{"@type":"SearchAction","target":{"@type":"EntryPoint","urlTemplate":"https:\/\/www.notibras.com\/site\/?s={search_term_string}"},"query-input":{"@type":"PropertyValueSpecification","valueRequired":true,"valueName":"search_term_string"}}],"inLanguage":"pt-BR"},{"@type":"Organization","@id":"https:\/\/www.notibras.com\/site\/#organization","name":"Grupo Notibras de Comunica\u00e7\u00e3o","url":"https:\/\/www.notibras.com\/site\/","logo":{"@type":"ImageObject","inLanguage":"pt-BR","@id":"https:\/\/www.notibras.com\/site\/#\/schema\/logo\/image\/","url":"https:\/\/www.notibras.com\/site\/wp-content\/uploads\/2023\/01\/notibras23.png","contentUrl":"https:\/\/www.notibras.com\/site\/wp-content\/uploads\/2023\/01\/notibras23.png","width":350,"height":87,"caption":"Grupo Notibras de Comunica\u00e7\u00e3o"},"image":{"@id":"https:\/\/www.notibras.com\/site\/#\/schema\/logo\/image\/"},"sameAs":["https:\/\/www.facebook.com\/notibras\/","https:\/\/x.com\/Notibras","https:\/\/www.instagram.com\/notibras\/"]},{"@type":"Person","@id":"https:\/\/www.notibras.com\/site\/#\/schema\/person\/36ab0979449956132d3e5b517ea76ac8","name":"Reda\u00e7\u00e3o","image":{"@type":"ImageObject","inLanguage":"pt-BR","@id":"https:\/\/secure.gravatar.com\/avatar\/e0a867bdedb85fd243eadf09663511f96fc81e0720a4a42581f334ad4303aa6b?s=96&d=mm&r=g","url":"https:\/\/secure.gravatar.com\/avatar\/e0a867bdedb85fd243eadf09663511f96fc81e0720a4a42581f334ad4303aa6b?s=96&d=mm&r=g","contentUrl":"https:\/\/secure.gravatar.com\/avatar\/e0a867bdedb85fd243eadf09663511f96fc81e0720a4a42581f334ad4303aa6b?s=96&d=mm&r=g","caption":"Reda\u00e7\u00e3o"}}]}},"amp_enabled":true,"_links":{"self":[{"href":"https:\/\/www.notibras.com\/site\/wp-json\/wp\/v2\/posts\/86995","targetHints":{"allow":["GET"]}}],"collection":[{"href":"https:\/\/www.notibras.com\/site\/wp-json\/wp\/v2\/posts"}],"about":[{"href":"https:\/\/www.notibras.com\/site\/wp-json\/wp\/v2\/types\/post"}],"author":[{"embeddable":true,"href":"https:\/\/www.notibras.com\/site\/wp-json\/wp\/v2\/users\/2"}],"replies":[{"embeddable":true,"href":"https:\/\/www.notibras.com\/site\/wp-json\/wp\/v2\/comments?post=86995"}],"version-history":[{"count":2,"href":"https:\/\/www.notibras.com\/site\/wp-json\/wp\/v2\/posts\/86995\/revisions"}],"predecessor-version":[{"id":87274,"href":"https:\/\/www.notibras.com\/site\/wp-json\/wp\/v2\/posts\/86995\/revisions\/87274"}],"wp:featuredmedia":[{"embeddable":true,"href":"https:\/\/www.notibras.com\/site\/wp-json\/wp\/v2\/media\/86996"}],"wp:attachment":[{"href":"https:\/\/www.notibras.com\/site\/wp-json\/wp\/v2\/media?parent=86995"}],"wp:term":[{"taxonomy":"category","embeddable":true,"href":"https:\/\/www.notibras.com\/site\/wp-json\/wp\/v2\/categories?post=86995"},{"taxonomy":"post_tag","embeddable":true,"href":"https:\/\/www.notibras.com\/site\/wp-json\/wp\/v2\/tags?post=86995"}],"curies":[{"name":"wp","href":"https:\/\/api.w.org\/{rel}","templated":true}]}}