{"id":8710,"date":"2014-05-08T11:53:13","date_gmt":"2014-05-08T14:53:13","guid":{"rendered":"http:\/\/www.notibras.com\/site\/?p=8710"},"modified":"2014-05-08T17:56:35","modified_gmt":"2014-05-08T20:56:35","slug":"barack-obama-vai-aos-trancos-e-barrancos-de-mal-a-pior","status":"publish","type":"post","link":"https:\/\/www.notibras.com\/site\/barack-obama-vai-aos-trancos-e-barrancos-de-mal-a-pior\/","title":{"rendered":"Barack Obama vai (aos trancos e barrancos) de mal a pior"},"content":{"rendered":"<p>A \u201cAvalia\u00e7\u00e3o Nacional do Clima dos EUA 2014\u201d n\u00e3o est\u00e1 com nada e se constitui numa n\u00f3doa no valor e na reputa\u00e7\u00e3o da ci\u00eancia americana. Parece que o Presidente Obama esta a tentar atrair a aten\u00e7\u00e3o do p\u00fablico para um \u201caquecimento global\u201d que n\u00e3o existe no sentido de desviar o foco cr\u00edtico dos americanos do in\u00fameros problemas que impedem o seu programa de assist\u00eancia m\u00e9dico-hospitalar, o chamado Obamacare, uma esp\u00e9cie de SUS deles l\u00e1, de decolar, al\u00e9m de sua d\u00e9bil pol\u00edtica externa e de outros fracassos e controv\u00e9rsias administrativas.<\/p>\n<p>O relat\u00f3rio desta \u201cavalia\u00e7\u00e3o\u201d pseudocient\u00edfica e de m\u00e1 qualidade finge que fatos, dados, e hist\u00f3ria simplesmente n\u00e3o existem, e segue em tudo a desmascarada miss\u00e3o de criar um catastrofismo ambiental fantasioso e destinado a criar o medo da a\u00e7\u00e3o humana sobre o ambiente. E isso \u00e9 algo muito s\u00e9rio.<\/p>\n<p>A Ag\u00eancia de Prote\u00e7\u00e3o Ambiental (APA) de Obama e o resto da emaranhada burocracia criada em torno da lenda do \u201caquecimento global\u201d est\u00e1 sob ordem executiva esperando aprova\u00e7\u00e3o do Congresso, guerreando, enquanto isso, as medidas industriais revolucion\u00e1rias de produ\u00e7\u00e3o energ\u00e9tica para suprir o pa\u00eds.<\/p>\n<p>O Departamento de Estado nas m\u00e3os de John Kerry trabalha intensamente para fazer com que os EUA se submetam ao regime de \u201cmudan\u00e7as clim\u00e1ticas\u201d da ONU com cl\u00edmax agendado para a Confer\u00eancia de Paris do ano que vem.<\/p>\n<p>\u00c9 interessante dar uma lida nas rec\u00e9m-publicadas declara\u00e7\u00f5es de Marc Morano da CFACT, que resumem de forma impactante toda a fal\u00e1cia do catastrofismo ambientalista apoiado pela Casa Branca.<\/p>\n<p>Toda essa despropositada press\u00e3o calcada no \u201caquecimento global\u201d levada a cabo pela administra\u00e7\u00e3o Obama visa prejudicar e travar a liberdade, a independ\u00eancia e a prosperidade dos americanos, sabe-se l\u00e1 com base em que ideologia.<\/p>\n<p>A m\u00eddia necessita checar os fatos para denunciar esse relat\u00f3rio fajuto e por fim ao apoio cego que d\u00e1 \u00e0 campanha do \u201caquecimento global\u201d. Os jornalistas t\u00eam o dever de come\u00e7ar a fazer as \u2018perguntas inconvenientes\u2019, tais como:<\/p>\n<p>O que mostram os dados que possam estimar melhor a real temperatura m\u00e9dia global?\u00a0 Como s\u00e3o comparadas as medidas de temperatura reais com as predi\u00e7\u00f5es do \u201cmodelo computacional\u201d usado pelo painel da ONU? Como se tem comparado o clima de hoje com o comportamento clim\u00e1tico hist\u00f3rico?<\/p>\n<p>Ora, checar os fatos n\u00e3o significa citar o que dizem alguns ecologistas que se interessam pelo clima em detrimento do que diz a maioria dos climatologistas, estes sim os verdadeiros cientistas do clima terrestre. Significa arrega\u00e7ar as mangas, imergir no mundo real dos dados, e comparar o que dizem os advogados do \u201caquecimento global\u201d com o que ocorre na realidade.<\/p>\n<p>A m\u00eddia precisa fazer a sua parte, pois h\u00e1 cientistas de muito valor fazendo a deles, pois n\u00e3o apenas a natureza, mas as pessoas devem merecer toda a aten\u00e7\u00e3o devida ao se inteirarem da verdade.<\/p>\n<p><strong>Francisco Vianna<\/strong><\/p>\n","protected":false},"excerpt":{"rendered":"<p>A \u201cAvalia\u00e7\u00e3o Nacional do Clima dos EUA 2014\u201d n\u00e3o est\u00e1 com nada e se constitui numa n\u00f3doa no valor e na reputa\u00e7\u00e3o da ci\u00eancia americana. Parece que o Presidente Obama esta a tentar atrair a aten\u00e7\u00e3o do p\u00fablico para um \u201caquecimento global\u201d que n\u00e3o existe no sentido de desviar o foco cr\u00edtico dos americanos do [&hellip;]<\/p>\n","protected":false},"author":2,"featured_media":8711,"comment_status":"open","ping_status":"closed","sticky":false,"template":"","format":"standard","meta":{"_acf_changed":false,"footnotes":""},"categories":[25],"tags":[],"class_list":["post-8710","post","type-post","status-publish","format-standard","has-post-thumbnail","hentry","category-opina-ai"],"acf":[],"yoast_head":"<!-- This site is optimized with the Yoast SEO plugin v27.5 - https:\/\/yoast.com\/product\/yoast-seo-wordpress\/ -->\n<title>Barack Obama vai (aos trancos e barrancos) de mal a pior - Notibras<\/title>\n<meta name=\"robots\" content=\"index, follow, max-snippet:-1, max-image-preview:large, max-video-preview:-1\" \/>\n<link rel=\"canonical\" href=\"https:\/\/www.notibras.com\/site\/barack-obama-vai-aos-trancos-e-barrancos-de-mal-a-pior\/\" \/>\n<meta property=\"og:locale\" content=\"pt_BR\" \/>\n<meta property=\"og:type\" content=\"article\" \/>\n<meta property=\"og:title\" content=\"Barack Obama vai (aos trancos e barrancos) de mal a pior - Notibras\" \/>\n<meta property=\"og:description\" content=\"A \u201cAvalia\u00e7\u00e3o Nacional do Clima dos EUA 2014\u201d n\u00e3o est\u00e1 com nada e se constitui numa n\u00f3doa no valor e na reputa\u00e7\u00e3o da ci\u00eancia americana. Parece que o Presidente Obama esta a tentar atrair a aten\u00e7\u00e3o do p\u00fablico para um \u201caquecimento global\u201d que n\u00e3o existe no sentido de desviar o foco cr\u00edtico dos americanos do [&hellip;]\" \/>\n<meta property=\"og:url\" content=\"https:\/\/www.notibras.com\/site\/barack-obama-vai-aos-trancos-e-barrancos-de-mal-a-pior\/\" \/>\n<meta property=\"og:site_name\" content=\"Notibras\" \/>\n<meta property=\"article:publisher\" content=\"https:\/\/www.facebook.com\/notibras\/\" \/>\n<meta property=\"article:published_time\" content=\"2014-05-08T14:53:13+00:00\" \/>\n<meta property=\"article:modified_time\" content=\"2014-05-08T20:56:35+00:00\" \/>\n<meta property=\"og:image\" content=\"https:\/\/www.notibras.com\/site\/wp-content\/uploads\/2014\/05\/011714_obama_speech_640.jpg\" \/>\n\t<meta property=\"og:image:width\" content=\"876\" \/>\n\t<meta property=\"og:image:height\" content=\"493\" \/>\n\t<meta property=\"og:image:type\" content=\"image\/jpeg\" \/>\n<meta name=\"author\" content=\"Reda\u00e7\u00e3o\" \/>\n<meta name=\"twitter:card\" content=\"summary_large_image\" \/>\n<meta name=\"twitter:creator\" content=\"@Notibras\" \/>\n<meta name=\"twitter:site\" content=\"@Notibras\" \/>\n<meta name=\"twitter:label1\" content=\"Escrito por\" \/>\n\t<meta name=\"twitter:data1\" content=\"Reda\u00e7\u00e3o\" \/>\n\t<meta name=\"twitter:label2\" content=\"Est. tempo de leitura\" \/>\n\t<meta name=\"twitter:data2\" content=\"3 minutos\" \/>\n<script type=\"application\/ld+json\" class=\"yoast-schema-graph\">{\"@context\":\"https:\\\/\\\/schema.org\",\"@graph\":[{\"@type\":\"Article\",\"@id\":\"https:\\\/\\\/www.notibras.com\\\/site\\\/barack-obama-vai-aos-trancos-e-barrancos-de-mal-a-pior\\\/#article\",\"isPartOf\":{\"@id\":\"https:\\\/\\\/www.notibras.com\\\/site\\\/barack-obama-vai-aos-trancos-e-barrancos-de-mal-a-pior\\\/\"},\"author\":{\"name\":\"Reda\u00e7\u00e3o\",\"@id\":\"https:\\\/\\\/www.notibras.com\\\/site\\\/#\\\/schema\\\/person\\\/36ab0979449956132d3e5b517ea76ac8\"},\"headline\":\"Barack Obama vai (aos trancos e barrancos) de mal a pior\",\"datePublished\":\"2014-05-08T14:53:13+00:00\",\"dateModified\":\"2014-05-08T20:56:35+00:00\",\"mainEntityOfPage\":{\"@id\":\"https:\\\/\\\/www.notibras.com\\\/site\\\/barack-obama-vai-aos-trancos-e-barrancos-de-mal-a-pior\\\/\"},\"wordCount\":527,\"commentCount\":0,\"publisher\":{\"@id\":\"https:\\\/\\\/www.notibras.com\\\/site\\\/#organization\"},\"image\":{\"@id\":\"https:\\\/\\\/www.notibras.com\\\/site\\\/barack-obama-vai-aos-trancos-e-barrancos-de-mal-a-pior\\\/#primaryimage\"},\"thumbnailUrl\":\"https:\\\/\\\/www.notibras.com\\\/site\\\/wp-content\\\/uploads\\\/2014\\\/05\\\/011714_obama_speech_640.jpg\",\"articleSection\":[\"Opina a\u00ed\"],\"inLanguage\":\"pt-BR\",\"potentialAction\":[{\"@type\":\"CommentAction\",\"name\":\"Comment\",\"target\":[\"https:\\\/\\\/www.notibras.com\\\/site\\\/barack-obama-vai-aos-trancos-e-barrancos-de-mal-a-pior\\\/#respond\"]}]},{\"@type\":\"WebPage\",\"@id\":\"https:\\\/\\\/www.notibras.com\\\/site\\\/barack-obama-vai-aos-trancos-e-barrancos-de-mal-a-pior\\\/\",\"url\":\"https:\\\/\\\/www.notibras.com\\\/site\\\/barack-obama-vai-aos-trancos-e-barrancos-de-mal-a-pior\\\/\",\"name\":\"Barack Obama vai (aos trancos e barrancos) de mal a pior - Notibras\",\"isPartOf\":{\"@id\":\"https:\\\/\\\/www.notibras.com\\\/site\\\/#website\"},\"primaryImageOfPage\":{\"@id\":\"https:\\\/\\\/www.notibras.com\\\/site\\\/barack-obama-vai-aos-trancos-e-barrancos-de-mal-a-pior\\\/#primaryimage\"},\"image\":{\"@id\":\"https:\\\/\\\/www.notibras.com\\\/site\\\/barack-obama-vai-aos-trancos-e-barrancos-de-mal-a-pior\\\/#primaryimage\"},\"thumbnailUrl\":\"https:\\\/\\\/www.notibras.com\\\/site\\\/wp-content\\\/uploads\\\/2014\\\/05\\\/011714_obama_speech_640.jpg\",\"datePublished\":\"2014-05-08T14:53:13+00:00\",\"dateModified\":\"2014-05-08T20:56:35+00:00\",\"breadcrumb\":{\"@id\":\"https:\\\/\\\/www.notibras.com\\\/site\\\/barack-obama-vai-aos-trancos-e-barrancos-de-mal-a-pior\\\/#breadcrumb\"},\"inLanguage\":\"pt-BR\",\"potentialAction\":[{\"@type\":\"ReadAction\",\"target\":[\"https:\\\/\\\/www.notibras.com\\\/site\\\/barack-obama-vai-aos-trancos-e-barrancos-de-mal-a-pior\\\/\"]}]},{\"@type\":\"ImageObject\",\"inLanguage\":\"pt-BR\",\"@id\":\"https:\\\/\\\/www.notibras.com\\\/site\\\/barack-obama-vai-aos-trancos-e-barrancos-de-mal-a-pior\\\/#primaryimage\",\"url\":\"https:\\\/\\\/www.notibras.com\\\/site\\\/wp-content\\\/uploads\\\/2014\\\/05\\\/011714_obama_speech_640.jpg\",\"contentUrl\":\"https:\\\/\\\/www.notibras.com\\\/site\\\/wp-content\\\/uploads\\\/2014\\\/05\\\/011714_obama_speech_640.jpg\",\"width\":876,\"height\":493},{\"@type\":\"BreadcrumbList\",\"@id\":\"https:\\\/\\\/www.notibras.com\\\/site\\\/barack-obama-vai-aos-trancos-e-barrancos-de-mal-a-pior\\\/#breadcrumb\",\"itemListElement\":[{\"@type\":\"ListItem\",\"position\":1,\"name\":\"In\u00edcio\",\"item\":\"https:\\\/\\\/www.notibras.com\\\/site\\\/\"},{\"@type\":\"ListItem\",\"position\":2,\"name\":\"Barack Obama vai (aos trancos e barrancos) de mal a pior\"}]},{\"@type\":\"WebSite\",\"@id\":\"https:\\\/\\\/www.notibras.com\\\/site\\\/#website\",\"url\":\"https:\\\/\\\/www.notibras.com\\\/site\\\/\",\"name\":\"Notibras\",\"description\":\"Not\u00edcias de Bras\u00edlia, do Brasil e do Mundo\",\"publisher\":{\"@id\":\"https:\\\/\\\/www.notibras.com\\\/site\\\/#organization\"},\"potentialAction\":[{\"@type\":\"SearchAction\",\"target\":{\"@type\":\"EntryPoint\",\"urlTemplate\":\"https:\\\/\\\/www.notibras.com\\\/site\\\/?s={search_term_string}\"},\"query-input\":{\"@type\":\"PropertyValueSpecification\",\"valueRequired\":true,\"valueName\":\"search_term_string\"}}],\"inLanguage\":\"pt-BR\"},{\"@type\":\"Organization\",\"@id\":\"https:\\\/\\\/www.notibras.com\\\/site\\\/#organization\",\"name\":\"Grupo Notibras de Comunica\u00e7\u00e3o\",\"url\":\"https:\\\/\\\/www.notibras.com\\\/site\\\/\",\"logo\":{\"@type\":\"ImageObject\",\"inLanguage\":\"pt-BR\",\"@id\":\"https:\\\/\\\/www.notibras.com\\\/site\\\/#\\\/schema\\\/logo\\\/image\\\/\",\"url\":\"https:\\\/\\\/www.notibras.com\\\/site\\\/wp-content\\\/uploads\\\/2023\\\/01\\\/notibras23.png\",\"contentUrl\":\"https:\\\/\\\/www.notibras.com\\\/site\\\/wp-content\\\/uploads\\\/2023\\\/01\\\/notibras23.png\",\"width\":350,\"height\":87,\"caption\":\"Grupo Notibras de Comunica\u00e7\u00e3o\"},\"image\":{\"@id\":\"https:\\\/\\\/www.notibras.com\\\/site\\\/#\\\/schema\\\/logo\\\/image\\\/\"},\"sameAs\":[\"https:\\\/\\\/www.facebook.com\\\/notibras\\\/\",\"https:\\\/\\\/x.com\\\/Notibras\",\"https:\\\/\\\/www.instagram.com\\\/notibras\\\/\"]},{\"@type\":\"Person\",\"@id\":\"https:\\\/\\\/www.notibras.com\\\/site\\\/#\\\/schema\\\/person\\\/36ab0979449956132d3e5b517ea76ac8\",\"name\":\"Reda\u00e7\u00e3o\",\"image\":{\"@type\":\"ImageObject\",\"inLanguage\":\"pt-BR\",\"@id\":\"https:\\\/\\\/secure.gravatar.com\\\/avatar\\\/e0a867bdedb85fd243eadf09663511f96fc81e0720a4a42581f334ad4303aa6b?s=96&d=mm&r=g\",\"url\":\"https:\\\/\\\/secure.gravatar.com\\\/avatar\\\/e0a867bdedb85fd243eadf09663511f96fc81e0720a4a42581f334ad4303aa6b?s=96&d=mm&r=g\",\"contentUrl\":\"https:\\\/\\\/secure.gravatar.com\\\/avatar\\\/e0a867bdedb85fd243eadf09663511f96fc81e0720a4a42581f334ad4303aa6b?s=96&d=mm&r=g\",\"caption\":\"Reda\u00e7\u00e3o\"}}]}<\/script>\n<!-- \/ Yoast SEO plugin. -->","yoast_head_json":{"title":"Barack Obama vai (aos trancos e barrancos) de mal a pior - Notibras","robots":{"index":"index","follow":"follow","max-snippet":"max-snippet:-1","max-image-preview":"max-image-preview:large","max-video-preview":"max-video-preview:-1"},"canonical":"https:\/\/www.notibras.com\/site\/barack-obama-vai-aos-trancos-e-barrancos-de-mal-a-pior\/","og_locale":"pt_BR","og_type":"article","og_title":"Barack Obama vai (aos trancos e barrancos) de mal a pior - Notibras","og_description":"A \u201cAvalia\u00e7\u00e3o Nacional do Clima dos EUA 2014\u201d n\u00e3o est\u00e1 com nada e se constitui numa n\u00f3doa no valor e na reputa\u00e7\u00e3o da ci\u00eancia americana. Parece que o Presidente Obama esta a tentar atrair a aten\u00e7\u00e3o do p\u00fablico para um \u201caquecimento global\u201d que n\u00e3o existe no sentido de desviar o foco cr\u00edtico dos americanos do [&hellip;]","og_url":"https:\/\/www.notibras.com\/site\/barack-obama-vai-aos-trancos-e-barrancos-de-mal-a-pior\/","og_site_name":"Notibras","article_publisher":"https:\/\/www.facebook.com\/notibras\/","article_published_time":"2014-05-08T14:53:13+00:00","article_modified_time":"2014-05-08T20:56:35+00:00","og_image":[{"width":876,"height":493,"url":"https:\/\/www.notibras.com\/site\/wp-content\/uploads\/2014\/05\/011714_obama_speech_640.jpg","type":"image\/jpeg"}],"author":"Reda\u00e7\u00e3o","twitter_card":"summary_large_image","twitter_creator":"@Notibras","twitter_site":"@Notibras","twitter_misc":{"Escrito por":"Reda\u00e7\u00e3o","Est. tempo de leitura":"3 minutos"},"schema":{"@context":"https:\/\/schema.org","@graph":[{"@type":"Article","@id":"https:\/\/www.notibras.com\/site\/barack-obama-vai-aos-trancos-e-barrancos-de-mal-a-pior\/#article","isPartOf":{"@id":"https:\/\/www.notibras.com\/site\/barack-obama-vai-aos-trancos-e-barrancos-de-mal-a-pior\/"},"author":{"name":"Reda\u00e7\u00e3o","@id":"https:\/\/www.notibras.com\/site\/#\/schema\/person\/36ab0979449956132d3e5b517ea76ac8"},"headline":"Barack Obama vai (aos trancos e barrancos) de mal a pior","datePublished":"2014-05-08T14:53:13+00:00","dateModified":"2014-05-08T20:56:35+00:00","mainEntityOfPage":{"@id":"https:\/\/www.notibras.com\/site\/barack-obama-vai-aos-trancos-e-barrancos-de-mal-a-pior\/"},"wordCount":527,"commentCount":0,"publisher":{"@id":"https:\/\/www.notibras.com\/site\/#organization"},"image":{"@id":"https:\/\/www.notibras.com\/site\/barack-obama-vai-aos-trancos-e-barrancos-de-mal-a-pior\/#primaryimage"},"thumbnailUrl":"https:\/\/www.notibras.com\/site\/wp-content\/uploads\/2014\/05\/011714_obama_speech_640.jpg","articleSection":["Opina a\u00ed"],"inLanguage":"pt-BR","potentialAction":[{"@type":"CommentAction","name":"Comment","target":["https:\/\/www.notibras.com\/site\/barack-obama-vai-aos-trancos-e-barrancos-de-mal-a-pior\/#respond"]}]},{"@type":"WebPage","@id":"https:\/\/www.notibras.com\/site\/barack-obama-vai-aos-trancos-e-barrancos-de-mal-a-pior\/","url":"https:\/\/www.notibras.com\/site\/barack-obama-vai-aos-trancos-e-barrancos-de-mal-a-pior\/","name":"Barack Obama vai (aos trancos e barrancos) de mal a pior - Notibras","isPartOf":{"@id":"https:\/\/www.notibras.com\/site\/#website"},"primaryImageOfPage":{"@id":"https:\/\/www.notibras.com\/site\/barack-obama-vai-aos-trancos-e-barrancos-de-mal-a-pior\/#primaryimage"},"image":{"@id":"https:\/\/www.notibras.com\/site\/barack-obama-vai-aos-trancos-e-barrancos-de-mal-a-pior\/#primaryimage"},"thumbnailUrl":"https:\/\/www.notibras.com\/site\/wp-content\/uploads\/2014\/05\/011714_obama_speech_640.jpg","datePublished":"2014-05-08T14:53:13+00:00","dateModified":"2014-05-08T20:56:35+00:00","breadcrumb":{"@id":"https:\/\/www.notibras.com\/site\/barack-obama-vai-aos-trancos-e-barrancos-de-mal-a-pior\/#breadcrumb"},"inLanguage":"pt-BR","potentialAction":[{"@type":"ReadAction","target":["https:\/\/www.notibras.com\/site\/barack-obama-vai-aos-trancos-e-barrancos-de-mal-a-pior\/"]}]},{"@type":"ImageObject","inLanguage":"pt-BR","@id":"https:\/\/www.notibras.com\/site\/barack-obama-vai-aos-trancos-e-barrancos-de-mal-a-pior\/#primaryimage","url":"https:\/\/www.notibras.com\/site\/wp-content\/uploads\/2014\/05\/011714_obama_speech_640.jpg","contentUrl":"https:\/\/www.notibras.com\/site\/wp-content\/uploads\/2014\/05\/011714_obama_speech_640.jpg","width":876,"height":493},{"@type":"BreadcrumbList","@id":"https:\/\/www.notibras.com\/site\/barack-obama-vai-aos-trancos-e-barrancos-de-mal-a-pior\/#breadcrumb","itemListElement":[{"@type":"ListItem","position":1,"name":"In\u00edcio","item":"https:\/\/www.notibras.com\/site\/"},{"@type":"ListItem","position":2,"name":"Barack Obama vai (aos trancos e barrancos) de mal a pior"}]},{"@type":"WebSite","@id":"https:\/\/www.notibras.com\/site\/#website","url":"https:\/\/www.notibras.com\/site\/","name":"Notibras","description":"Not\u00edcias de Bras\u00edlia, do Brasil e do Mundo","publisher":{"@id":"https:\/\/www.notibras.com\/site\/#organization"},"potentialAction":[{"@type":"SearchAction","target":{"@type":"EntryPoint","urlTemplate":"https:\/\/www.notibras.com\/site\/?s={search_term_string}"},"query-input":{"@type":"PropertyValueSpecification","valueRequired":true,"valueName":"search_term_string"}}],"inLanguage":"pt-BR"},{"@type":"Organization","@id":"https:\/\/www.notibras.com\/site\/#organization","name":"Grupo Notibras de Comunica\u00e7\u00e3o","url":"https:\/\/www.notibras.com\/site\/","logo":{"@type":"ImageObject","inLanguage":"pt-BR","@id":"https:\/\/www.notibras.com\/site\/#\/schema\/logo\/image\/","url":"https:\/\/www.notibras.com\/site\/wp-content\/uploads\/2023\/01\/notibras23.png","contentUrl":"https:\/\/www.notibras.com\/site\/wp-content\/uploads\/2023\/01\/notibras23.png","width":350,"height":87,"caption":"Grupo Notibras de Comunica\u00e7\u00e3o"},"image":{"@id":"https:\/\/www.notibras.com\/site\/#\/schema\/logo\/image\/"},"sameAs":["https:\/\/www.facebook.com\/notibras\/","https:\/\/x.com\/Notibras","https:\/\/www.instagram.com\/notibras\/"]},{"@type":"Person","@id":"https:\/\/www.notibras.com\/site\/#\/schema\/person\/36ab0979449956132d3e5b517ea76ac8","name":"Reda\u00e7\u00e3o","image":{"@type":"ImageObject","inLanguage":"pt-BR","@id":"https:\/\/secure.gravatar.com\/avatar\/e0a867bdedb85fd243eadf09663511f96fc81e0720a4a42581f334ad4303aa6b?s=96&d=mm&r=g","url":"https:\/\/secure.gravatar.com\/avatar\/e0a867bdedb85fd243eadf09663511f96fc81e0720a4a42581f334ad4303aa6b?s=96&d=mm&r=g","contentUrl":"https:\/\/secure.gravatar.com\/avatar\/e0a867bdedb85fd243eadf09663511f96fc81e0720a4a42581f334ad4303aa6b?s=96&d=mm&r=g","caption":"Reda\u00e7\u00e3o"}}]}},"amp_enabled":true,"_links":{"self":[{"href":"https:\/\/www.notibras.com\/site\/wp-json\/wp\/v2\/posts\/8710","targetHints":{"allow":["GET"]}}],"collection":[{"href":"https:\/\/www.notibras.com\/site\/wp-json\/wp\/v2\/posts"}],"about":[{"href":"https:\/\/www.notibras.com\/site\/wp-json\/wp\/v2\/types\/post"}],"author":[{"embeddable":true,"href":"https:\/\/www.notibras.com\/site\/wp-json\/wp\/v2\/users\/2"}],"replies":[{"embeddable":true,"href":"https:\/\/www.notibras.com\/site\/wp-json\/wp\/v2\/comments?post=8710"}],"version-history":[{"count":0,"href":"https:\/\/www.notibras.com\/site\/wp-json\/wp\/v2\/posts\/8710\/revisions"}],"wp:featuredmedia":[{"embeddable":true,"href":"https:\/\/www.notibras.com\/site\/wp-json\/wp\/v2\/media\/8711"}],"wp:attachment":[{"href":"https:\/\/www.notibras.com\/site\/wp-json\/wp\/v2\/media?parent=8710"}],"wp:term":[{"taxonomy":"category","embeddable":true,"href":"https:\/\/www.notibras.com\/site\/wp-json\/wp\/v2\/categories?post=8710"},{"taxonomy":"post_tag","embeddable":true,"href":"https:\/\/www.notibras.com\/site\/wp-json\/wp\/v2\/tags?post=8710"}],"curies":[{"name":"wp","href":"https:\/\/api.w.org\/{rel}","templated":true}]}}