{"id":8745,"date":"2014-05-08T20:31:43","date_gmt":"2014-05-08T23:31:43","guid":{"rendered":"http:\/\/www.notibras.com\/site\/?p=8745"},"modified":"2014-05-08T20:31:43","modified_gmt":"2014-05-08T23:31:43","slug":"fora-da-lista-de-felipao-kaka-ve-coerencia-e-nega-estar-triste","status":"publish","type":"post","link":"https:\/\/www.notibras.com\/site\/fora-da-lista-de-felipao-kaka-ve-coerencia-e-nega-estar-triste\/","title":{"rendered":"Fora da lista de Felip\u00e3o, Kak\u00e1 v\u00ea coer\u00eancia e nega estar triste"},"content":{"rendered":"<p>Fora da convoca\u00e7\u00e3o da Sele\u00e7\u00e3o Brasileira para a disputa da Copa do Mundo, Kak\u00e1 negou estar triste com a decis\u00e3o de Luis Felipe Scolari e demonstrou consci\u00eancia ao falar da situa\u00e7\u00e3o para a imprensa italiana nesta quinta-feira.<\/p>\n<p>&#8220;Me desculpem por eu n\u00e3o estar no Mundial do Brasil. Felip\u00e3o foi coerente. Ele j\u00e1 n\u00e3o estava me chamando, seria uma surpresa se ele tivesse me convocado&#8221;, disse o jogador do Milan ao jornal La Gazzetta dello Sport.<\/p>\n<p>Em mar\u00e7o, o Kak\u00e1 j\u00e1 dava declara\u00e7\u00f5es admitindo ficar fora da lista final de Scolari. Em entrevista ao jornal Corriere Della Sera, o brasileiro disse que at\u00e9 esperava estar no grupo, mas caso n\u00e3o estivesse, iria torcer pelo Brasil da mesma forma.<\/p>\n<p>Kak\u00e1 participou de tr\u00eas Copas do Mundo em sua carreira. Estava presente na conquista do pentacampeonato, em 2002, e das elimina\u00e7\u00f5es para Fran\u00e7a e Holanda, em 2006 e 2010, respectivamente. No intervalo do \u00faltimo Mundial para c\u00e1, Kak\u00e1 acabou trocando o Real Madrid pelo Milan, sofreu com uma s\u00e9rie de les\u00f5es e n\u00e3o conseguiu convencer Felip\u00e3o. Hoje no Milan, o brasileiro at\u00e9 teve bons momentos, que lhe proporcionaram oportunidades de retorno ao grupo da Sele\u00e7\u00e3o Brasileira, mas suas atua\u00e7\u00f5es n\u00e3o empolgaram.<\/p>\n","protected":false},"excerpt":{"rendered":"<p>Fora da convoca\u00e7\u00e3o da Sele\u00e7\u00e3o Brasileira para a disputa da Copa do Mundo, Kak\u00e1 negou estar triste com a decis\u00e3o de Luis Felipe Scolari e demonstrou consci\u00eancia ao falar da situa\u00e7\u00e3o para a imprensa italiana nesta quinta-feira. &#8220;Me desculpem por eu n\u00e3o estar no Mundial do Brasil. Felip\u00e3o foi coerente. Ele j\u00e1 n\u00e3o estava me [&hellip;]<\/p>\n","protected":false},"author":2,"featured_media":8750,"comment_status":"open","ping_status":"closed","sticky":false,"template":"","format":"standard","meta":{"_acf_changed":false,"footnotes":""},"categories":[19],"tags":[],"class_list":["post-8745","post","type-post","status-publish","format-standard","has-post-thumbnail","hentry","category-esportes"],"acf":[],"yoast_head":"<!-- This site is optimized with the Yoast SEO plugin v27.2 - https:\/\/yoast.com\/product\/yoast-seo-wordpress\/ -->\n<title>Fora da lista de Felip\u00e3o, Kak\u00e1 v\u00ea coer\u00eancia e nega estar triste - Notibras<\/title>\n<meta name=\"robots\" content=\"index, follow, max-snippet:-1, max-image-preview:large, max-video-preview:-1\" \/>\n<link rel=\"canonical\" href=\"https:\/\/www.notibras.com\/site\/fora-da-lista-de-felipao-kaka-ve-coerencia-e-nega-estar-triste\/\" \/>\n<meta property=\"og:locale\" content=\"pt_BR\" \/>\n<meta property=\"og:type\" content=\"article\" \/>\n<meta property=\"og:title\" content=\"Fora da lista de Felip\u00e3o, Kak\u00e1 v\u00ea coer\u00eancia e nega estar triste - Notibras\" \/>\n<meta property=\"og:description\" content=\"Fora da convoca\u00e7\u00e3o da Sele\u00e7\u00e3o Brasileira para a disputa da Copa do Mundo, Kak\u00e1 negou estar triste com a decis\u00e3o de Luis Felipe Scolari e demonstrou consci\u00eancia ao falar da situa\u00e7\u00e3o para a imprensa italiana nesta quinta-feira. &#8220;Me desculpem por eu n\u00e3o estar no Mundial do Brasil. Felip\u00e3o foi coerente. Ele j\u00e1 n\u00e3o estava me [&hellip;]\" \/>\n<meta property=\"og:url\" content=\"https:\/\/www.notibras.com\/site\/fora-da-lista-de-felipao-kaka-ve-coerencia-e-nega-estar-triste\/\" \/>\n<meta property=\"og:site_name\" content=\"Notibras\" \/>\n<meta property=\"article:publisher\" content=\"https:\/\/www.facebook.com\/notibras\/\" \/>\n<meta property=\"article:published_time\" content=\"2014-05-08T23:31:43+00:00\" \/>\n<meta property=\"og:image\" content=\"https:\/\/www.notibras.com\/site\/wp-content\/uploads\/2014\/05\/copa1.jpg\" \/>\n\t<meta property=\"og:image:width\" content=\"460\" \/>\n\t<meta property=\"og:image:height\" content=\"340\" \/>\n\t<meta property=\"og:image:type\" content=\"image\/jpeg\" \/>\n<meta name=\"author\" content=\"Reda\u00e7\u00e3o\" \/>\n<meta name=\"twitter:card\" content=\"summary_large_image\" \/>\n<meta name=\"twitter:creator\" content=\"@Notibras\" \/>\n<meta name=\"twitter:site\" content=\"@Notibras\" \/>\n<meta name=\"twitter:label1\" content=\"Escrito por\" \/>\n\t<meta name=\"twitter:data1\" content=\"Reda\u00e7\u00e3o\" \/>\n\t<meta name=\"twitter:label2\" content=\"Est. tempo de leitura\" \/>\n\t<meta name=\"twitter:data2\" content=\"1 minuto\" \/>\n<script type=\"application\/ld+json\" class=\"yoast-schema-graph\">{\"@context\":\"https:\/\/schema.org\",\"@graph\":[{\"@type\":\"Article\",\"@id\":\"https:\/\/www.notibras.com\/site\/fora-da-lista-de-felipao-kaka-ve-coerencia-e-nega-estar-triste\/#article\",\"isPartOf\":{\"@id\":\"https:\/\/www.notibras.com\/site\/fora-da-lista-de-felipao-kaka-ve-coerencia-e-nega-estar-triste\/\"},\"author\":{\"name\":\"Reda\u00e7\u00e3o\",\"@id\":\"https:\/\/www.notibras.com\/site\/#\/schema\/person\/36ab0979449956132d3e5b517ea76ac8\"},\"headline\":\"Fora da lista de Felip\u00e3o, Kak\u00e1 v\u00ea coer\u00eancia e nega estar triste\",\"datePublished\":\"2014-05-08T23:31:43+00:00\",\"mainEntityOfPage\":{\"@id\":\"https:\/\/www.notibras.com\/site\/fora-da-lista-de-felipao-kaka-ve-coerencia-e-nega-estar-triste\/\"},\"wordCount\":230,\"commentCount\":0,\"publisher\":{\"@id\":\"https:\/\/www.notibras.com\/site\/#organization\"},\"image\":{\"@id\":\"https:\/\/www.notibras.com\/site\/fora-da-lista-de-felipao-kaka-ve-coerencia-e-nega-estar-triste\/#primaryimage\"},\"thumbnailUrl\":\"https:\/\/www.notibras.com\/site\/wp-content\/uploads\/2014\/05\/copa1.jpg\",\"articleSection\":[\"Esportes\"],\"inLanguage\":\"pt-BR\",\"potentialAction\":[{\"@type\":\"CommentAction\",\"name\":\"Comment\",\"target\":[\"https:\/\/www.notibras.com\/site\/fora-da-lista-de-felipao-kaka-ve-coerencia-e-nega-estar-triste\/#respond\"]}]},{\"@type\":\"WebPage\",\"@id\":\"https:\/\/www.notibras.com\/site\/fora-da-lista-de-felipao-kaka-ve-coerencia-e-nega-estar-triste\/\",\"url\":\"https:\/\/www.notibras.com\/site\/fora-da-lista-de-felipao-kaka-ve-coerencia-e-nega-estar-triste\/\",\"name\":\"Fora da lista de Felip\u00e3o, Kak\u00e1 v\u00ea coer\u00eancia e nega estar triste - Notibras\",\"isPartOf\":{\"@id\":\"https:\/\/www.notibras.com\/site\/#website\"},\"primaryImageOfPage\":{\"@id\":\"https:\/\/www.notibras.com\/site\/fora-da-lista-de-felipao-kaka-ve-coerencia-e-nega-estar-triste\/#primaryimage\"},\"image\":{\"@id\":\"https:\/\/www.notibras.com\/site\/fora-da-lista-de-felipao-kaka-ve-coerencia-e-nega-estar-triste\/#primaryimage\"},\"thumbnailUrl\":\"https:\/\/www.notibras.com\/site\/wp-content\/uploads\/2014\/05\/copa1.jpg\",\"datePublished\":\"2014-05-08T23:31:43+00:00\",\"breadcrumb\":{\"@id\":\"https:\/\/www.notibras.com\/site\/fora-da-lista-de-felipao-kaka-ve-coerencia-e-nega-estar-triste\/#breadcrumb\"},\"inLanguage\":\"pt-BR\",\"potentialAction\":[{\"@type\":\"ReadAction\",\"target\":[\"https:\/\/www.notibras.com\/site\/fora-da-lista-de-felipao-kaka-ve-coerencia-e-nega-estar-triste\/\"]}]},{\"@type\":\"ImageObject\",\"inLanguage\":\"pt-BR\",\"@id\":\"https:\/\/www.notibras.com\/site\/fora-da-lista-de-felipao-kaka-ve-coerencia-e-nega-estar-triste\/#primaryimage\",\"url\":\"https:\/\/www.notibras.com\/site\/wp-content\/uploads\/2014\/05\/copa1.jpg\",\"contentUrl\":\"https:\/\/www.notibras.com\/site\/wp-content\/uploads\/2014\/05\/copa1.jpg\",\"width\":460,\"height\":340},{\"@type\":\"BreadcrumbList\",\"@id\":\"https:\/\/www.notibras.com\/site\/fora-da-lista-de-felipao-kaka-ve-coerencia-e-nega-estar-triste\/#breadcrumb\",\"itemListElement\":[{\"@type\":\"ListItem\",\"position\":1,\"name\":\"In\u00edcio\",\"item\":\"https:\/\/www.notibras.com\/site\/\"},{\"@type\":\"ListItem\",\"position\":2,\"name\":\"Fora da lista de Felip\u00e3o, Kak\u00e1 v\u00ea coer\u00eancia e nega estar triste\"}]},{\"@type\":\"WebSite\",\"@id\":\"https:\/\/www.notibras.com\/site\/#website\",\"url\":\"https:\/\/www.notibras.com\/site\/\",\"name\":\"Notibras\",\"description\":\"Not\u00edcias de Bras\u00edlia, do Brasil e do Mundo\",\"publisher\":{\"@id\":\"https:\/\/www.notibras.com\/site\/#organization\"},\"potentialAction\":[{\"@type\":\"SearchAction\",\"target\":{\"@type\":\"EntryPoint\",\"urlTemplate\":\"https:\/\/www.notibras.com\/site\/?s={search_term_string}\"},\"query-input\":{\"@type\":\"PropertyValueSpecification\",\"valueRequired\":true,\"valueName\":\"search_term_string\"}}],\"inLanguage\":\"pt-BR\"},{\"@type\":\"Organization\",\"@id\":\"https:\/\/www.notibras.com\/site\/#organization\",\"name\":\"Grupo Notibras de Comunica\u00e7\u00e3o\",\"url\":\"https:\/\/www.notibras.com\/site\/\",\"logo\":{\"@type\":\"ImageObject\",\"inLanguage\":\"pt-BR\",\"@id\":\"https:\/\/www.notibras.com\/site\/#\/schema\/logo\/image\/\",\"url\":\"https:\/\/www.notibras.com\/site\/wp-content\/uploads\/2023\/01\/notibras23.png\",\"contentUrl\":\"https:\/\/www.notibras.com\/site\/wp-content\/uploads\/2023\/01\/notibras23.png\",\"width\":350,\"height\":87,\"caption\":\"Grupo Notibras de Comunica\u00e7\u00e3o\"},\"image\":{\"@id\":\"https:\/\/www.notibras.com\/site\/#\/schema\/logo\/image\/\"},\"sameAs\":[\"https:\/\/www.facebook.com\/notibras\/\",\"https:\/\/x.com\/Notibras\",\"https:\/\/www.instagram.com\/notibras\/\"]},{\"@type\":\"Person\",\"@id\":\"https:\/\/www.notibras.com\/site\/#\/schema\/person\/36ab0979449956132d3e5b517ea76ac8\",\"name\":\"Reda\u00e7\u00e3o\",\"image\":{\"@type\":\"ImageObject\",\"inLanguage\":\"pt-BR\",\"@id\":\"https:\/\/secure.gravatar.com\/avatar\/e0a867bdedb85fd243eadf09663511f96fc81e0720a4a42581f334ad4303aa6b?s=96&d=mm&r=g\",\"url\":\"https:\/\/secure.gravatar.com\/avatar\/e0a867bdedb85fd243eadf09663511f96fc81e0720a4a42581f334ad4303aa6b?s=96&d=mm&r=g\",\"contentUrl\":\"https:\/\/secure.gravatar.com\/avatar\/e0a867bdedb85fd243eadf09663511f96fc81e0720a4a42581f334ad4303aa6b?s=96&d=mm&r=g\",\"caption\":\"Reda\u00e7\u00e3o\"}}]}<\/script>\n<!-- \/ Yoast SEO plugin. -->","yoast_head_json":{"title":"Fora da lista de Felip\u00e3o, Kak\u00e1 v\u00ea coer\u00eancia e nega estar triste - Notibras","robots":{"index":"index","follow":"follow","max-snippet":"max-snippet:-1","max-image-preview":"max-image-preview:large","max-video-preview":"max-video-preview:-1"},"canonical":"https:\/\/www.notibras.com\/site\/fora-da-lista-de-felipao-kaka-ve-coerencia-e-nega-estar-triste\/","og_locale":"pt_BR","og_type":"article","og_title":"Fora da lista de Felip\u00e3o, Kak\u00e1 v\u00ea coer\u00eancia e nega estar triste - Notibras","og_description":"Fora da convoca\u00e7\u00e3o da Sele\u00e7\u00e3o Brasileira para a disputa da Copa do Mundo, Kak\u00e1 negou estar triste com a decis\u00e3o de Luis Felipe Scolari e demonstrou consci\u00eancia ao falar da situa\u00e7\u00e3o para a imprensa italiana nesta quinta-feira. &#8220;Me desculpem por eu n\u00e3o estar no Mundial do Brasil. Felip\u00e3o foi coerente. Ele j\u00e1 n\u00e3o estava me [&hellip;]","og_url":"https:\/\/www.notibras.com\/site\/fora-da-lista-de-felipao-kaka-ve-coerencia-e-nega-estar-triste\/","og_site_name":"Notibras","article_publisher":"https:\/\/www.facebook.com\/notibras\/","article_published_time":"2014-05-08T23:31:43+00:00","og_image":[{"width":460,"height":340,"url":"https:\/\/www.notibras.com\/site\/wp-content\/uploads\/2014\/05\/copa1.jpg","type":"image\/jpeg"}],"author":"Reda\u00e7\u00e3o","twitter_card":"summary_large_image","twitter_creator":"@Notibras","twitter_site":"@Notibras","twitter_misc":{"Escrito por":"Reda\u00e7\u00e3o","Est. tempo de leitura":"1 minuto"},"schema":{"@context":"https:\/\/schema.org","@graph":[{"@type":"Article","@id":"https:\/\/www.notibras.com\/site\/fora-da-lista-de-felipao-kaka-ve-coerencia-e-nega-estar-triste\/#article","isPartOf":{"@id":"https:\/\/www.notibras.com\/site\/fora-da-lista-de-felipao-kaka-ve-coerencia-e-nega-estar-triste\/"},"author":{"name":"Reda\u00e7\u00e3o","@id":"https:\/\/www.notibras.com\/site\/#\/schema\/person\/36ab0979449956132d3e5b517ea76ac8"},"headline":"Fora da lista de Felip\u00e3o, Kak\u00e1 v\u00ea coer\u00eancia e nega estar triste","datePublished":"2014-05-08T23:31:43+00:00","mainEntityOfPage":{"@id":"https:\/\/www.notibras.com\/site\/fora-da-lista-de-felipao-kaka-ve-coerencia-e-nega-estar-triste\/"},"wordCount":230,"commentCount":0,"publisher":{"@id":"https:\/\/www.notibras.com\/site\/#organization"},"image":{"@id":"https:\/\/www.notibras.com\/site\/fora-da-lista-de-felipao-kaka-ve-coerencia-e-nega-estar-triste\/#primaryimage"},"thumbnailUrl":"https:\/\/www.notibras.com\/site\/wp-content\/uploads\/2014\/05\/copa1.jpg","articleSection":["Esportes"],"inLanguage":"pt-BR","potentialAction":[{"@type":"CommentAction","name":"Comment","target":["https:\/\/www.notibras.com\/site\/fora-da-lista-de-felipao-kaka-ve-coerencia-e-nega-estar-triste\/#respond"]}]},{"@type":"WebPage","@id":"https:\/\/www.notibras.com\/site\/fora-da-lista-de-felipao-kaka-ve-coerencia-e-nega-estar-triste\/","url":"https:\/\/www.notibras.com\/site\/fora-da-lista-de-felipao-kaka-ve-coerencia-e-nega-estar-triste\/","name":"Fora da lista de Felip\u00e3o, Kak\u00e1 v\u00ea coer\u00eancia e nega estar triste - Notibras","isPartOf":{"@id":"https:\/\/www.notibras.com\/site\/#website"},"primaryImageOfPage":{"@id":"https:\/\/www.notibras.com\/site\/fora-da-lista-de-felipao-kaka-ve-coerencia-e-nega-estar-triste\/#primaryimage"},"image":{"@id":"https:\/\/www.notibras.com\/site\/fora-da-lista-de-felipao-kaka-ve-coerencia-e-nega-estar-triste\/#primaryimage"},"thumbnailUrl":"https:\/\/www.notibras.com\/site\/wp-content\/uploads\/2014\/05\/copa1.jpg","datePublished":"2014-05-08T23:31:43+00:00","breadcrumb":{"@id":"https:\/\/www.notibras.com\/site\/fora-da-lista-de-felipao-kaka-ve-coerencia-e-nega-estar-triste\/#breadcrumb"},"inLanguage":"pt-BR","potentialAction":[{"@type":"ReadAction","target":["https:\/\/www.notibras.com\/site\/fora-da-lista-de-felipao-kaka-ve-coerencia-e-nega-estar-triste\/"]}]},{"@type":"ImageObject","inLanguage":"pt-BR","@id":"https:\/\/www.notibras.com\/site\/fora-da-lista-de-felipao-kaka-ve-coerencia-e-nega-estar-triste\/#primaryimage","url":"https:\/\/www.notibras.com\/site\/wp-content\/uploads\/2014\/05\/copa1.jpg","contentUrl":"https:\/\/www.notibras.com\/site\/wp-content\/uploads\/2014\/05\/copa1.jpg","width":460,"height":340},{"@type":"BreadcrumbList","@id":"https:\/\/www.notibras.com\/site\/fora-da-lista-de-felipao-kaka-ve-coerencia-e-nega-estar-triste\/#breadcrumb","itemListElement":[{"@type":"ListItem","position":1,"name":"In\u00edcio","item":"https:\/\/www.notibras.com\/site\/"},{"@type":"ListItem","position":2,"name":"Fora da lista de Felip\u00e3o, Kak\u00e1 v\u00ea coer\u00eancia e nega estar triste"}]},{"@type":"WebSite","@id":"https:\/\/www.notibras.com\/site\/#website","url":"https:\/\/www.notibras.com\/site\/","name":"Notibras","description":"Not\u00edcias de Bras\u00edlia, do Brasil e do Mundo","publisher":{"@id":"https:\/\/www.notibras.com\/site\/#organization"},"potentialAction":[{"@type":"SearchAction","target":{"@type":"EntryPoint","urlTemplate":"https:\/\/www.notibras.com\/site\/?s={search_term_string}"},"query-input":{"@type":"PropertyValueSpecification","valueRequired":true,"valueName":"search_term_string"}}],"inLanguage":"pt-BR"},{"@type":"Organization","@id":"https:\/\/www.notibras.com\/site\/#organization","name":"Grupo Notibras de Comunica\u00e7\u00e3o","url":"https:\/\/www.notibras.com\/site\/","logo":{"@type":"ImageObject","inLanguage":"pt-BR","@id":"https:\/\/www.notibras.com\/site\/#\/schema\/logo\/image\/","url":"https:\/\/www.notibras.com\/site\/wp-content\/uploads\/2023\/01\/notibras23.png","contentUrl":"https:\/\/www.notibras.com\/site\/wp-content\/uploads\/2023\/01\/notibras23.png","width":350,"height":87,"caption":"Grupo Notibras de Comunica\u00e7\u00e3o"},"image":{"@id":"https:\/\/www.notibras.com\/site\/#\/schema\/logo\/image\/"},"sameAs":["https:\/\/www.facebook.com\/notibras\/","https:\/\/x.com\/Notibras","https:\/\/www.instagram.com\/notibras\/"]},{"@type":"Person","@id":"https:\/\/www.notibras.com\/site\/#\/schema\/person\/36ab0979449956132d3e5b517ea76ac8","name":"Reda\u00e7\u00e3o","image":{"@type":"ImageObject","inLanguage":"pt-BR","@id":"https:\/\/secure.gravatar.com\/avatar\/e0a867bdedb85fd243eadf09663511f96fc81e0720a4a42581f334ad4303aa6b?s=96&d=mm&r=g","url":"https:\/\/secure.gravatar.com\/avatar\/e0a867bdedb85fd243eadf09663511f96fc81e0720a4a42581f334ad4303aa6b?s=96&d=mm&r=g","contentUrl":"https:\/\/secure.gravatar.com\/avatar\/e0a867bdedb85fd243eadf09663511f96fc81e0720a4a42581f334ad4303aa6b?s=96&d=mm&r=g","caption":"Reda\u00e7\u00e3o"}}]}},"amp_enabled":true,"_links":{"self":[{"href":"https:\/\/www.notibras.com\/site\/wp-json\/wp\/v2\/posts\/8745","targetHints":{"allow":["GET"]}}],"collection":[{"href":"https:\/\/www.notibras.com\/site\/wp-json\/wp\/v2\/posts"}],"about":[{"href":"https:\/\/www.notibras.com\/site\/wp-json\/wp\/v2\/types\/post"}],"author":[{"embeddable":true,"href":"https:\/\/www.notibras.com\/site\/wp-json\/wp\/v2\/users\/2"}],"replies":[{"embeddable":true,"href":"https:\/\/www.notibras.com\/site\/wp-json\/wp\/v2\/comments?post=8745"}],"version-history":[{"count":0,"href":"https:\/\/www.notibras.com\/site\/wp-json\/wp\/v2\/posts\/8745\/revisions"}],"wp:featuredmedia":[{"embeddable":true,"href":"https:\/\/www.notibras.com\/site\/wp-json\/wp\/v2\/media\/8750"}],"wp:attachment":[{"href":"https:\/\/www.notibras.com\/site\/wp-json\/wp\/v2\/media?parent=8745"}],"wp:term":[{"taxonomy":"category","embeddable":true,"href":"https:\/\/www.notibras.com\/site\/wp-json\/wp\/v2\/categories?post=8745"},{"taxonomy":"post_tag","embeddable":true,"href":"https:\/\/www.notibras.com\/site\/wp-json\/wp\/v2\/tags?post=8745"}],"curies":[{"name":"wp","href":"https:\/\/api.w.org\/{rel}","templated":true}]}}