{"id":87454,"date":"2016-02-02T18:21:44","date_gmt":"2016-02-02T20:21:44","guid":{"rendered":"http:\/\/www.notibras.com\/site\/?p=87454"},"modified":"2016-02-11T02:12:46","modified_gmt":"2016-02-11T04:12:46","slug":"60tinha-chopp-musica-risos-e-haja-pinel-de-todos-os-lados-para-abracar-kidim","status":"publish","type":"post","link":"https:\/\/www.notibras.com\/site\/60tinha-chopp-musica-risos-e-haja-pinel-de-todos-os-lados-para-abracar-kidim\/","title":{"rendered":"60tinha, chopp, m\u00fasica, risos. E haja pinel para abra\u00e7ar o querido Kidim"},"content":{"rendered":"<p><strong>Hamed El-Awar<\/strong><\/p>\n<p>Essa foi recente; recente mesmo. Foi no s\u00e1bado, dia 30 de janeiro de 2016, com uma esticadinha at\u00e9 a hora do almo\u00e7o de domingo.\u00a0Foi o anivers\u00e1rio de 60 anos de Kidim.<\/p>\n<p>Sa\u00edmos de Bras\u00edlia, da casa de Pop\u00f4, por volta das oito e pouco da manh\u00e3. Tr\u00eas carros: eu (com B\u00e9 de carona), Pop\u00f4 e Cac\u00e1, e Beto, com a tropa dele.<\/p>\n<p>Parada obrigat\u00f3ria no Jeriv\u00e1, praquele lanche que ningu\u00e9m \u00e9 de ferro, n\u00e9?! E, mesmo que fosse, vale a pena; \u00e9 uma del\u00edcia!!!<\/p>\n<p>Chegamos a Goi\u00e2nia por volta do meio-dia. Sa\u00edmos da Rodovia BR \u2013 153 (\u00e9 essa mesmo, n\u00e3o \u00e9?) e adentramos a cidade, Beto, \u00e0 frente, com GPS. Andamos e andamos&#8230; t\u00e1 que andamos, em dire\u00e7\u00e3o \u00e0 casa onde o pessoal j\u00e1 l\u00e1 se encontrava, regado a chopp, refrigerantes, sucos e comida farta. De primeira!!! N\u00e3o vou, aqui, sequer falar da m\u00fasica, ao vivo, retirada dos melhores ba\u00fas da nossa MPB, Bossa-Nova e por a\u00ed vai. L\u00e1 na frente veremos isso.<\/p>\n<p>De repente, observo, da janela do carro, e comento com Bet\u00e2nia: &#8211; uai, estamos voltando pra rodovia, olha o Flamboyant a\u00ed!!!<\/p>\n<p>\u2013 N\u00e3o! Beto tem GPS!!!<\/p>\n<p>Ah, r\u00e1, GPS!!! \u00c0s veis, n\u00e9???!!!<\/p>\n<p>Por fim, n\u00e3o gra\u00e7as ao GPS, mas \u00e0s tentativas, chegamos ao nosso destino.<\/p>\n<p>E \u00e9 a\u00ed que come\u00e7a tudo. Que recep\u00e7\u00e3o!!! Que maravilha de pessoal!!! Uma fam\u00edlia Pinel que deixaria quaisquer pin\u00e9is doidos, ou melhor, mais doidos ainda para l\u00e1 estarem a compartilhar da gloriosa confraterniza\u00e7\u00e3o que somente uma fam\u00edlia Pinel \u00e9 capaz de promover.<\/p>\n<p>Ma-ra-vi-lha!!! Por Mais que procure um termo apropriado para qualificar a reuni\u00e3o, sei que nenhum se aproximar\u00e1 da beleza dos sentimentos que flu\u00edam naquele ambiente. A Fam\u00edlia (com mai\u00fasculo mesmo) Kidim Pinel (Kidim \u00e9 apelido carinhoso, da fam\u00edlia, e vamos ficar com o Kidim mesmo) nos recebe de uma maneira como se sempre estiv\u00e9ssemos almo\u00e7ando e compartilhando a mesma casa, sangue, fam\u00edlia e que, por\u00e9m, naquele momento estiv\u00e9ssemos chegando de uma loooonnnnga viagem, beeemmm distante, de h\u00e1 anos, muuuuiiitos anos, sem nos vermos.<\/p>\n<p>Sem menosprezar qualquer um dos presentes, procurei, logo, pela Carol, pelo motivo de haver mantido contato frequente com ela, via Face, depois do convite do Kidim.<\/p>\n<p>Foi, por\u00e9m, Karina (e que o seu amado me perdoe essas palavras) quem mais me encantou com sua solidariedade, hospitalidade e presteza, sem falar da sua exuberante beleza (!!!), sempre demonstrando estar alerta se meu copo estava completo; se precisava de algo mais; se&#8230;<\/p>\n<p>Sei l\u00e1, uma mais que perfeita e bela anfitri\u00e3!!!<\/p>\n<p>Faltou Rafaela.<\/p>\n<p>J\u00e1 ambientados, depois de ouvirmos algumas vezes coisas do tipo \u201ce a turma de Bras\u00edlia, vai ficar a\u00ed, isolada mesmo?\u201d, aos poucos fui superando minha timidez e \u201csoltei a \u00e9gua\u201d! Franga, n\u00e3o, nada disso!!! Sou cabra-macho, sim sinh\u00f4!!! Do \u201cRicifi\u201d!!!<\/p>\n<p>Passa-se a perceber, ent\u00e3o, o ambiente de preciosa Fam\u00edlia onde nos encontr\u00e1vamos. J\u00e1 havia se iniciado a cantoria. Aladim, com seu vozeir\u00e3o, elegantemente afinado, prestou uma homenagem que encheu, n\u00e3o apenas do Kidim, por\u00e9m os olhos de muitos que perceberam e se emocionaram com a melodia \u201cVoc\u00ea meu amigo de f\u00e9, meu irm\u00e3o camarada&#8230;\u201d&#8230; Pop\u00f4, B\u00e9 e Clarice que o digam!!!<\/p>\n<p>M\u00fasica vai, m\u00fasica vem; bebidas nos copos, almo\u00e7o \u2013 na hora que quisessem e bem entendessem \u2013 era a regra. Sai cantor, entra cantor e a qualidade, sim, a qualidade n\u00e3o oscilava!!! Era m\u00fasica!!! De primeir\u00edssima estirpe!!! E tome Aladim; tome Fabinho; tome aquele camarada, excepcional, baixinho, magriiiinho, cabelos lisos que n\u00e3o lembro o seu nome (perd\u00e3o, amigo!); e tome Rominho, na percuss\u00e3o. E, acreditem, tome Beto, cantando pra caramba, e Jo\u00e3o!!! At\u00e9 Danilo, na sua tenra idade, j\u00e1 segurava o pandeiro!!! Sem falar que todos, ali, sem exce\u00e7\u00e3o, s\u00e3o ex\u00edmios instrumentistas!!!<\/p>\n<p>E as esposas, filhas, m\u00e3es, precisa dizer? Todas, sem tirar uma, sequer, encantadas com seus gloriosos artistas. M\u00e1gicos!!!<\/p>\n<p>Fica, portanto, aqui, minha homenagem e agradecimento eterno \u00e0 oportunidade que me foi proporcionada. Que a Fam\u00edlia Pinel permane\u00e7a, sempre, Pinel, com as b\u00ean\u00e7\u00e3os do Deus Maior!!!<\/p>\n","protected":false},"excerpt":{"rendered":"<p>Hamed El-Awar Essa foi recente; recente mesmo. Foi no s\u00e1bado, dia 30 de janeiro de 2016, com uma esticadinha at\u00e9 a hora do almo\u00e7o de domingo.\u00a0Foi o anivers\u00e1rio de 60 anos de Kidim. Sa\u00edmos de Bras\u00edlia, da casa de Pop\u00f4, por volta das oito e pouco da manh\u00e3. Tr\u00eas carros: eu (com B\u00e9 de carona), [&hellip;]<\/p>\n","protected":false},"author":2,"featured_media":87455,"comment_status":"open","ping_status":"closed","sticky":false,"template":"","format":"standard","meta":{"_acf_changed":false,"footnotes":""},"categories":[25],"tags":[],"class_list":["post-87454","post","type-post","status-publish","format-standard","has-post-thumbnail","hentry","category-opina-ai"],"acf":[],"yoast_head":"<!-- This site is optimized with the Yoast SEO plugin v27.2 - https:\/\/yoast.com\/product\/yoast-seo-wordpress\/ -->\n<title>60tinha, chopp, m\u00fasica, risos. E haja pinel para abra\u00e7ar o querido Kidim - Notibras<\/title>\n<meta name=\"robots\" content=\"index, follow, max-snippet:-1, max-image-preview:large, max-video-preview:-1\" \/>\n<link rel=\"canonical\" href=\"https:\/\/www.notibras.com\/site\/60tinha-chopp-musica-risos-e-haja-pinel-de-todos-os-lados-para-abracar-kidim\/\" \/>\n<meta property=\"og:locale\" content=\"pt_BR\" \/>\n<meta property=\"og:type\" content=\"article\" \/>\n<meta property=\"og:title\" content=\"60tinha, chopp, m\u00fasica, risos. E haja pinel para abra\u00e7ar o querido Kidim - Notibras\" \/>\n<meta property=\"og:description\" content=\"Hamed El-Awar Essa foi recente; recente mesmo. Foi no s\u00e1bado, dia 30 de janeiro de 2016, com uma esticadinha at\u00e9 a hora do almo\u00e7o de domingo.\u00a0Foi o anivers\u00e1rio de 60 anos de Kidim. Sa\u00edmos de Bras\u00edlia, da casa de Pop\u00f4, por volta das oito e pouco da manh\u00e3. Tr\u00eas carros: eu (com B\u00e9 de carona), [&hellip;]\" \/>\n<meta property=\"og:url\" content=\"https:\/\/www.notibras.com\/site\/60tinha-chopp-musica-risos-e-haja-pinel-de-todos-os-lados-para-abracar-kidim\/\" \/>\n<meta property=\"og:site_name\" content=\"Notibras\" \/>\n<meta property=\"article:publisher\" content=\"https:\/\/www.facebook.com\/notibras\/\" \/>\n<meta property=\"article:published_time\" content=\"2016-02-02T20:21:44+00:00\" \/>\n<meta property=\"article:modified_time\" content=\"2016-02-11T04:12:46+00:00\" \/>\n<meta property=\"og:image\" content=\"https:\/\/www.notibras.com\/site\/wp-content\/uploads\/2016\/02\/kid.jpg\" \/>\n\t<meta property=\"og:image:width\" content=\"1600\" \/>\n\t<meta property=\"og:image:height\" content=\"1200\" \/>\n\t<meta property=\"og:image:type\" content=\"image\/jpeg\" \/>\n<meta name=\"author\" content=\"Reda\u00e7\u00e3o\" \/>\n<meta name=\"twitter:card\" content=\"summary_large_image\" \/>\n<meta name=\"twitter:creator\" content=\"@Notibras\" \/>\n<meta name=\"twitter:site\" content=\"@Notibras\" \/>\n<meta name=\"twitter:label1\" content=\"Escrito por\" \/>\n\t<meta name=\"twitter:data1\" content=\"Reda\u00e7\u00e3o\" \/>\n\t<meta name=\"twitter:label2\" content=\"Est. tempo de leitura\" \/>\n\t<meta name=\"twitter:data2\" content=\"4 minutos\" \/>\n<script type=\"application\/ld+json\" class=\"yoast-schema-graph\">{\"@context\":\"https:\/\/schema.org\",\"@graph\":[{\"@type\":\"Article\",\"@id\":\"https:\/\/www.notibras.com\/site\/60tinha-chopp-musica-risos-e-haja-pinel-de-todos-os-lados-para-abracar-kidim\/#article\",\"isPartOf\":{\"@id\":\"https:\/\/www.notibras.com\/site\/60tinha-chopp-musica-risos-e-haja-pinel-de-todos-os-lados-para-abracar-kidim\/\"},\"author\":{\"name\":\"Reda\u00e7\u00e3o\",\"@id\":\"https:\/\/www.notibras.com\/site\/#\/schema\/person\/36ab0979449956132d3e5b517ea76ac8\"},\"headline\":\"60tinha, chopp, m\u00fasica, risos. E haja pinel para abra\u00e7ar o querido Kidim\",\"datePublished\":\"2016-02-02T20:21:44+00:00\",\"dateModified\":\"2016-02-11T04:12:46+00:00\",\"mainEntityOfPage\":{\"@id\":\"https:\/\/www.notibras.com\/site\/60tinha-chopp-musica-risos-e-haja-pinel-de-todos-os-lados-para-abracar-kidim\/\"},\"wordCount\":716,\"commentCount\":1,\"publisher\":{\"@id\":\"https:\/\/www.notibras.com\/site\/#organization\"},\"image\":{\"@id\":\"https:\/\/www.notibras.com\/site\/60tinha-chopp-musica-risos-e-haja-pinel-de-todos-os-lados-para-abracar-kidim\/#primaryimage\"},\"thumbnailUrl\":\"https:\/\/www.notibras.com\/site\/wp-content\/uploads\/2016\/02\/kid.jpg\",\"articleSection\":[\"Opina a\u00ed\"],\"inLanguage\":\"pt-BR\",\"potentialAction\":[{\"@type\":\"CommentAction\",\"name\":\"Comment\",\"target\":[\"https:\/\/www.notibras.com\/site\/60tinha-chopp-musica-risos-e-haja-pinel-de-todos-os-lados-para-abracar-kidim\/#respond\"]}]},{\"@type\":\"WebPage\",\"@id\":\"https:\/\/www.notibras.com\/site\/60tinha-chopp-musica-risos-e-haja-pinel-de-todos-os-lados-para-abracar-kidim\/\",\"url\":\"https:\/\/www.notibras.com\/site\/60tinha-chopp-musica-risos-e-haja-pinel-de-todos-os-lados-para-abracar-kidim\/\",\"name\":\"60tinha, chopp, m\u00fasica, risos. E haja pinel para abra\u00e7ar o querido Kidim - Notibras\",\"isPartOf\":{\"@id\":\"https:\/\/www.notibras.com\/site\/#website\"},\"primaryImageOfPage\":{\"@id\":\"https:\/\/www.notibras.com\/site\/60tinha-chopp-musica-risos-e-haja-pinel-de-todos-os-lados-para-abracar-kidim\/#primaryimage\"},\"image\":{\"@id\":\"https:\/\/www.notibras.com\/site\/60tinha-chopp-musica-risos-e-haja-pinel-de-todos-os-lados-para-abracar-kidim\/#primaryimage\"},\"thumbnailUrl\":\"https:\/\/www.notibras.com\/site\/wp-content\/uploads\/2016\/02\/kid.jpg\",\"datePublished\":\"2016-02-02T20:21:44+00:00\",\"dateModified\":\"2016-02-11T04:12:46+00:00\",\"breadcrumb\":{\"@id\":\"https:\/\/www.notibras.com\/site\/60tinha-chopp-musica-risos-e-haja-pinel-de-todos-os-lados-para-abracar-kidim\/#breadcrumb\"},\"inLanguage\":\"pt-BR\",\"potentialAction\":[{\"@type\":\"ReadAction\",\"target\":[\"https:\/\/www.notibras.com\/site\/60tinha-chopp-musica-risos-e-haja-pinel-de-todos-os-lados-para-abracar-kidim\/\"]}]},{\"@type\":\"ImageObject\",\"inLanguage\":\"pt-BR\",\"@id\":\"https:\/\/www.notibras.com\/site\/60tinha-chopp-musica-risos-e-haja-pinel-de-todos-os-lados-para-abracar-kidim\/#primaryimage\",\"url\":\"https:\/\/www.notibras.com\/site\/wp-content\/uploads\/2016\/02\/kid.jpg\",\"contentUrl\":\"https:\/\/www.notibras.com\/site\/wp-content\/uploads\/2016\/02\/kid.jpg\",\"width\":1600,\"height\":1200},{\"@type\":\"BreadcrumbList\",\"@id\":\"https:\/\/www.notibras.com\/site\/60tinha-chopp-musica-risos-e-haja-pinel-de-todos-os-lados-para-abracar-kidim\/#breadcrumb\",\"itemListElement\":[{\"@type\":\"ListItem\",\"position\":1,\"name\":\"In\u00edcio\",\"item\":\"https:\/\/www.notibras.com\/site\/\"},{\"@type\":\"ListItem\",\"position\":2,\"name\":\"60tinha, chopp, m\u00fasica, risos. E haja pinel para abra\u00e7ar o querido Kidim\"}]},{\"@type\":\"WebSite\",\"@id\":\"https:\/\/www.notibras.com\/site\/#website\",\"url\":\"https:\/\/www.notibras.com\/site\/\",\"name\":\"Notibras\",\"description\":\"Not\u00edcias de Bras\u00edlia, do Brasil e do Mundo\",\"publisher\":{\"@id\":\"https:\/\/www.notibras.com\/site\/#organization\"},\"potentialAction\":[{\"@type\":\"SearchAction\",\"target\":{\"@type\":\"EntryPoint\",\"urlTemplate\":\"https:\/\/www.notibras.com\/site\/?s={search_term_string}\"},\"query-input\":{\"@type\":\"PropertyValueSpecification\",\"valueRequired\":true,\"valueName\":\"search_term_string\"}}],\"inLanguage\":\"pt-BR\"},{\"@type\":\"Organization\",\"@id\":\"https:\/\/www.notibras.com\/site\/#organization\",\"name\":\"Grupo Notibras de Comunica\u00e7\u00e3o\",\"url\":\"https:\/\/www.notibras.com\/site\/\",\"logo\":{\"@type\":\"ImageObject\",\"inLanguage\":\"pt-BR\",\"@id\":\"https:\/\/www.notibras.com\/site\/#\/schema\/logo\/image\/\",\"url\":\"https:\/\/www.notibras.com\/site\/wp-content\/uploads\/2023\/01\/notibras23.png\",\"contentUrl\":\"https:\/\/www.notibras.com\/site\/wp-content\/uploads\/2023\/01\/notibras23.png\",\"width\":350,\"height\":87,\"caption\":\"Grupo Notibras de Comunica\u00e7\u00e3o\"},\"image\":{\"@id\":\"https:\/\/www.notibras.com\/site\/#\/schema\/logo\/image\/\"},\"sameAs\":[\"https:\/\/www.facebook.com\/notibras\/\",\"https:\/\/x.com\/Notibras\",\"https:\/\/www.instagram.com\/notibras\/\"]},{\"@type\":\"Person\",\"@id\":\"https:\/\/www.notibras.com\/site\/#\/schema\/person\/36ab0979449956132d3e5b517ea76ac8\",\"name\":\"Reda\u00e7\u00e3o\",\"image\":{\"@type\":\"ImageObject\",\"inLanguage\":\"pt-BR\",\"@id\":\"https:\/\/secure.gravatar.com\/avatar\/e0a867bdedb85fd243eadf09663511f96fc81e0720a4a42581f334ad4303aa6b?s=96&d=mm&r=g\",\"url\":\"https:\/\/secure.gravatar.com\/avatar\/e0a867bdedb85fd243eadf09663511f96fc81e0720a4a42581f334ad4303aa6b?s=96&d=mm&r=g\",\"contentUrl\":\"https:\/\/secure.gravatar.com\/avatar\/e0a867bdedb85fd243eadf09663511f96fc81e0720a4a42581f334ad4303aa6b?s=96&d=mm&r=g\",\"caption\":\"Reda\u00e7\u00e3o\"}}]}<\/script>\n<!-- \/ Yoast SEO plugin. -->","yoast_head_json":{"title":"60tinha, chopp, m\u00fasica, risos. E haja pinel para abra\u00e7ar o querido Kidim - Notibras","robots":{"index":"index","follow":"follow","max-snippet":"max-snippet:-1","max-image-preview":"max-image-preview:large","max-video-preview":"max-video-preview:-1"},"canonical":"https:\/\/www.notibras.com\/site\/60tinha-chopp-musica-risos-e-haja-pinel-de-todos-os-lados-para-abracar-kidim\/","og_locale":"pt_BR","og_type":"article","og_title":"60tinha, chopp, m\u00fasica, risos. E haja pinel para abra\u00e7ar o querido Kidim - Notibras","og_description":"Hamed El-Awar Essa foi recente; recente mesmo. Foi no s\u00e1bado, dia 30 de janeiro de 2016, com uma esticadinha at\u00e9 a hora do almo\u00e7o de domingo.\u00a0Foi o anivers\u00e1rio de 60 anos de Kidim. Sa\u00edmos de Bras\u00edlia, da casa de Pop\u00f4, por volta das oito e pouco da manh\u00e3. Tr\u00eas carros: eu (com B\u00e9 de carona), [&hellip;]","og_url":"https:\/\/www.notibras.com\/site\/60tinha-chopp-musica-risos-e-haja-pinel-de-todos-os-lados-para-abracar-kidim\/","og_site_name":"Notibras","article_publisher":"https:\/\/www.facebook.com\/notibras\/","article_published_time":"2016-02-02T20:21:44+00:00","article_modified_time":"2016-02-11T04:12:46+00:00","og_image":[{"width":1600,"height":1200,"url":"https:\/\/www.notibras.com\/site\/wp-content\/uploads\/2016\/02\/kid.jpg","type":"image\/jpeg"}],"author":"Reda\u00e7\u00e3o","twitter_card":"summary_large_image","twitter_creator":"@Notibras","twitter_site":"@Notibras","twitter_misc":{"Escrito por":"Reda\u00e7\u00e3o","Est. tempo de leitura":"4 minutos"},"schema":{"@context":"https:\/\/schema.org","@graph":[{"@type":"Article","@id":"https:\/\/www.notibras.com\/site\/60tinha-chopp-musica-risos-e-haja-pinel-de-todos-os-lados-para-abracar-kidim\/#article","isPartOf":{"@id":"https:\/\/www.notibras.com\/site\/60tinha-chopp-musica-risos-e-haja-pinel-de-todos-os-lados-para-abracar-kidim\/"},"author":{"name":"Reda\u00e7\u00e3o","@id":"https:\/\/www.notibras.com\/site\/#\/schema\/person\/36ab0979449956132d3e5b517ea76ac8"},"headline":"60tinha, chopp, m\u00fasica, risos. E haja pinel para abra\u00e7ar o querido Kidim","datePublished":"2016-02-02T20:21:44+00:00","dateModified":"2016-02-11T04:12:46+00:00","mainEntityOfPage":{"@id":"https:\/\/www.notibras.com\/site\/60tinha-chopp-musica-risos-e-haja-pinel-de-todos-os-lados-para-abracar-kidim\/"},"wordCount":716,"commentCount":1,"publisher":{"@id":"https:\/\/www.notibras.com\/site\/#organization"},"image":{"@id":"https:\/\/www.notibras.com\/site\/60tinha-chopp-musica-risos-e-haja-pinel-de-todos-os-lados-para-abracar-kidim\/#primaryimage"},"thumbnailUrl":"https:\/\/www.notibras.com\/site\/wp-content\/uploads\/2016\/02\/kid.jpg","articleSection":["Opina a\u00ed"],"inLanguage":"pt-BR","potentialAction":[{"@type":"CommentAction","name":"Comment","target":["https:\/\/www.notibras.com\/site\/60tinha-chopp-musica-risos-e-haja-pinel-de-todos-os-lados-para-abracar-kidim\/#respond"]}]},{"@type":"WebPage","@id":"https:\/\/www.notibras.com\/site\/60tinha-chopp-musica-risos-e-haja-pinel-de-todos-os-lados-para-abracar-kidim\/","url":"https:\/\/www.notibras.com\/site\/60tinha-chopp-musica-risos-e-haja-pinel-de-todos-os-lados-para-abracar-kidim\/","name":"60tinha, chopp, m\u00fasica, risos. E haja pinel para abra\u00e7ar o querido Kidim - Notibras","isPartOf":{"@id":"https:\/\/www.notibras.com\/site\/#website"},"primaryImageOfPage":{"@id":"https:\/\/www.notibras.com\/site\/60tinha-chopp-musica-risos-e-haja-pinel-de-todos-os-lados-para-abracar-kidim\/#primaryimage"},"image":{"@id":"https:\/\/www.notibras.com\/site\/60tinha-chopp-musica-risos-e-haja-pinel-de-todos-os-lados-para-abracar-kidim\/#primaryimage"},"thumbnailUrl":"https:\/\/www.notibras.com\/site\/wp-content\/uploads\/2016\/02\/kid.jpg","datePublished":"2016-02-02T20:21:44+00:00","dateModified":"2016-02-11T04:12:46+00:00","breadcrumb":{"@id":"https:\/\/www.notibras.com\/site\/60tinha-chopp-musica-risos-e-haja-pinel-de-todos-os-lados-para-abracar-kidim\/#breadcrumb"},"inLanguage":"pt-BR","potentialAction":[{"@type":"ReadAction","target":["https:\/\/www.notibras.com\/site\/60tinha-chopp-musica-risos-e-haja-pinel-de-todos-os-lados-para-abracar-kidim\/"]}]},{"@type":"ImageObject","inLanguage":"pt-BR","@id":"https:\/\/www.notibras.com\/site\/60tinha-chopp-musica-risos-e-haja-pinel-de-todos-os-lados-para-abracar-kidim\/#primaryimage","url":"https:\/\/www.notibras.com\/site\/wp-content\/uploads\/2016\/02\/kid.jpg","contentUrl":"https:\/\/www.notibras.com\/site\/wp-content\/uploads\/2016\/02\/kid.jpg","width":1600,"height":1200},{"@type":"BreadcrumbList","@id":"https:\/\/www.notibras.com\/site\/60tinha-chopp-musica-risos-e-haja-pinel-de-todos-os-lados-para-abracar-kidim\/#breadcrumb","itemListElement":[{"@type":"ListItem","position":1,"name":"In\u00edcio","item":"https:\/\/www.notibras.com\/site\/"},{"@type":"ListItem","position":2,"name":"60tinha, chopp, m\u00fasica, risos. E haja pinel para abra\u00e7ar o querido Kidim"}]},{"@type":"WebSite","@id":"https:\/\/www.notibras.com\/site\/#website","url":"https:\/\/www.notibras.com\/site\/","name":"Notibras","description":"Not\u00edcias de Bras\u00edlia, do Brasil e do Mundo","publisher":{"@id":"https:\/\/www.notibras.com\/site\/#organization"},"potentialAction":[{"@type":"SearchAction","target":{"@type":"EntryPoint","urlTemplate":"https:\/\/www.notibras.com\/site\/?s={search_term_string}"},"query-input":{"@type":"PropertyValueSpecification","valueRequired":true,"valueName":"search_term_string"}}],"inLanguage":"pt-BR"},{"@type":"Organization","@id":"https:\/\/www.notibras.com\/site\/#organization","name":"Grupo Notibras de Comunica\u00e7\u00e3o","url":"https:\/\/www.notibras.com\/site\/","logo":{"@type":"ImageObject","inLanguage":"pt-BR","@id":"https:\/\/www.notibras.com\/site\/#\/schema\/logo\/image\/","url":"https:\/\/www.notibras.com\/site\/wp-content\/uploads\/2023\/01\/notibras23.png","contentUrl":"https:\/\/www.notibras.com\/site\/wp-content\/uploads\/2023\/01\/notibras23.png","width":350,"height":87,"caption":"Grupo Notibras de Comunica\u00e7\u00e3o"},"image":{"@id":"https:\/\/www.notibras.com\/site\/#\/schema\/logo\/image\/"},"sameAs":["https:\/\/www.facebook.com\/notibras\/","https:\/\/x.com\/Notibras","https:\/\/www.instagram.com\/notibras\/"]},{"@type":"Person","@id":"https:\/\/www.notibras.com\/site\/#\/schema\/person\/36ab0979449956132d3e5b517ea76ac8","name":"Reda\u00e7\u00e3o","image":{"@type":"ImageObject","inLanguage":"pt-BR","@id":"https:\/\/secure.gravatar.com\/avatar\/e0a867bdedb85fd243eadf09663511f96fc81e0720a4a42581f334ad4303aa6b?s=96&d=mm&r=g","url":"https:\/\/secure.gravatar.com\/avatar\/e0a867bdedb85fd243eadf09663511f96fc81e0720a4a42581f334ad4303aa6b?s=96&d=mm&r=g","contentUrl":"https:\/\/secure.gravatar.com\/avatar\/e0a867bdedb85fd243eadf09663511f96fc81e0720a4a42581f334ad4303aa6b?s=96&d=mm&r=g","caption":"Reda\u00e7\u00e3o"}}]}},"amp_enabled":true,"_links":{"self":[{"href":"https:\/\/www.notibras.com\/site\/wp-json\/wp\/v2\/posts\/87454","targetHints":{"allow":["GET"]}}],"collection":[{"href":"https:\/\/www.notibras.com\/site\/wp-json\/wp\/v2\/posts"}],"about":[{"href":"https:\/\/www.notibras.com\/site\/wp-json\/wp\/v2\/types\/post"}],"author":[{"embeddable":true,"href":"https:\/\/www.notibras.com\/site\/wp-json\/wp\/v2\/users\/2"}],"replies":[{"embeddable":true,"href":"https:\/\/www.notibras.com\/site\/wp-json\/wp\/v2\/comments?post=87454"}],"version-history":[{"count":4,"href":"https:\/\/www.notibras.com\/site\/wp-json\/wp\/v2\/posts\/87454\/revisions"}],"predecessor-version":[{"id":88727,"href":"https:\/\/www.notibras.com\/site\/wp-json\/wp\/v2\/posts\/87454\/revisions\/88727"}],"wp:featuredmedia":[{"embeddable":true,"href":"https:\/\/www.notibras.com\/site\/wp-json\/wp\/v2\/media\/87455"}],"wp:attachment":[{"href":"https:\/\/www.notibras.com\/site\/wp-json\/wp\/v2\/media?parent=87454"}],"wp:term":[{"taxonomy":"category","embeddable":true,"href":"https:\/\/www.notibras.com\/site\/wp-json\/wp\/v2\/categories?post=87454"},{"taxonomy":"post_tag","embeddable":true,"href":"https:\/\/www.notibras.com\/site\/wp-json\/wp\/v2\/tags?post=87454"}],"curies":[{"name":"wp","href":"https:\/\/api.w.org\/{rel}","templated":true}]}}