{"id":8761,"date":"2014-05-08T19:40:47","date_gmt":"2014-05-08T22:40:47","guid":{"rendered":"http:\/\/www.notibras.com\/site\/?p=8761"},"modified":"2014-05-08T20:42:31","modified_gmt":"2014-05-08T23:42:31","slug":"realista-alonso-reduz-chances-de-chegar-ao-podio-na-sua-terra","status":"publish","type":"post","link":"https:\/\/www.notibras.com\/site\/realista-alonso-reduz-chances-de-chegar-ao-podio-na-sua-terra\/","title":{"rendered":"Realista, Alonso reduz chances de chegar ao p\u00f3dio na sua terra"},"content":{"rendered":"<p>Depois de ser apontado como amea\u00e7a ao dom\u00ednio da Mercedes no Mundial de F\u00f3rmula 1, o espanhol Fernando Alonso adota cautela para o Grande Pr\u00eamio da Espanha da categoria, realizado este fim de semana. O piloto da Ferrari corre em casa, mas n\u00e3o quer projetar resultados, como a briga por um lugar no p\u00f3dio.<\/p>\n<p>Alonso foi escolhido pelo chefe de automobilismo da Mercedes, Toto Wolff, como principal amea\u00e7a \u00e0 equipe da montadora alem\u00e3 em 2014. Nas palavras do dirigente, o espanhol \u00e9 um &#8220;monstro das corridas&#8221; e se beneficia pelo fato da Ferrari produzir a pr\u00f3pria unidade de pot\u00eancia.<\/p>\n<p>&#8220;N\u00e3o podemos iniciar o fim de semana pensando no p\u00f3dio ou em vencer a corrida. Isso criaria metas falsas e erradas para todo mundo que vir\u00e1 aqui. Ficamos em nono e d\u00e9cimo no Bahrein e s\u00f3 conseguimos um p\u00f3dio na China porque acertamos no domingo. N\u00e3o estamos em posi\u00e7\u00e3o de brigar pelo p\u00f3dio aqui&#8221;, disse Alonso.<\/p>\n<p>O GP da Espanha marca o retorno da F\u00f3rmula 1 ap\u00f3s tr\u00eas semanas de intervalo, em que as equipes se dedicaram ao desenvolvimento de seus carros. A prova, a primeira da fase europeia do calend\u00e1rio, \u00e9 considerada importante na briga pelo t\u00edtulo do ano e na avalia\u00e7\u00e3o de for\u00e7a dos times para o restante do ano.<\/p>\n<p>&#8220;Precisamos fazer tudo o que podemos para diminuir a diferen\u00e7a e virarmos competitivos. Isso n\u00e3o acontecer\u00e1 entre uma corrida e outra. Ser\u00e1 uma recupera\u00e7\u00e3o lenta e espero que n\u00e3o seja muito tarde para brigarmos pelo campeonato. Vamos fazer isso corrida por corrida&#8221;, avaliou o espanhol.<\/p>\n","protected":false},"excerpt":{"rendered":"<p>Depois de ser apontado como amea\u00e7a ao dom\u00ednio da Mercedes no Mundial de F\u00f3rmula 1, o espanhol Fernando Alonso adota cautela para o Grande Pr\u00eamio da Espanha da categoria, realizado este fim de semana. O piloto da Ferrari corre em casa, mas n\u00e3o quer projetar resultados, como a briga por um lugar no p\u00f3dio. Alonso [&hellip;]<\/p>\n","protected":false},"author":2,"featured_media":8762,"comment_status":"open","ping_status":"closed","sticky":false,"template":"","format":"standard","meta":{"_acf_changed":false,"footnotes":""},"categories":[27,19],"tags":[],"class_list":["post-8761","post","type-post","status-publish","format-standard","has-post-thumbnail","hentry","category-automobilismo","category-esportes"],"acf":[],"yoast_head":"<!-- This site is optimized with the Yoast SEO plugin v27.2 - https:\/\/yoast.com\/product\/yoast-seo-wordpress\/ -->\n<title>Realista, Alonso reduz chances de chegar ao p\u00f3dio na sua terra - Notibras<\/title>\n<meta name=\"robots\" content=\"index, follow, max-snippet:-1, max-image-preview:large, max-video-preview:-1\" \/>\n<link rel=\"canonical\" href=\"https:\/\/www.notibras.com\/site\/realista-alonso-reduz-chances-de-chegar-ao-podio-na-sua-terra\/\" \/>\n<meta property=\"og:locale\" content=\"pt_BR\" \/>\n<meta property=\"og:type\" content=\"article\" \/>\n<meta property=\"og:title\" content=\"Realista, Alonso reduz chances de chegar ao p\u00f3dio na sua terra - Notibras\" \/>\n<meta property=\"og:description\" content=\"Depois de ser apontado como amea\u00e7a ao dom\u00ednio da Mercedes no Mundial de F\u00f3rmula 1, o espanhol Fernando Alonso adota cautela para o Grande Pr\u00eamio da Espanha da categoria, realizado este fim de semana. O piloto da Ferrari corre em casa, mas n\u00e3o quer projetar resultados, como a briga por um lugar no p\u00f3dio. Alonso [&hellip;]\" \/>\n<meta property=\"og:url\" content=\"https:\/\/www.notibras.com\/site\/realista-alonso-reduz-chances-de-chegar-ao-podio-na-sua-terra\/\" \/>\n<meta property=\"og:site_name\" content=\"Notibras\" \/>\n<meta property=\"article:publisher\" content=\"https:\/\/www.facebook.com\/notibras\/\" \/>\n<meta property=\"article:published_time\" content=\"2014-05-08T22:40:47+00:00\" \/>\n<meta property=\"article:modified_time\" content=\"2014-05-08T23:42:31+00:00\" \/>\n<meta property=\"og:image\" content=\"https:\/\/www.notibras.com\/site\/wp-content\/uploads\/2014\/05\/esp12.jpg\" \/>\n\t<meta property=\"og:image:width\" content=\"275\" \/>\n\t<meta property=\"og:image:height\" content=\"183\" \/>\n\t<meta property=\"og:image:type\" content=\"image\/jpeg\" \/>\n<meta name=\"author\" content=\"Reda\u00e7\u00e3o\" \/>\n<meta name=\"twitter:card\" content=\"summary_large_image\" \/>\n<meta name=\"twitter:creator\" content=\"@Notibras\" \/>\n<meta name=\"twitter:site\" content=\"@Notibras\" \/>\n<meta name=\"twitter:label1\" content=\"Escrito por\" \/>\n\t<meta name=\"twitter:data1\" content=\"Reda\u00e7\u00e3o\" \/>\n\t<meta name=\"twitter:label2\" content=\"Est. tempo de leitura\" \/>\n\t<meta name=\"twitter:data2\" content=\"1 minuto\" \/>\n<script type=\"application\/ld+json\" class=\"yoast-schema-graph\">{\"@context\":\"https:\/\/schema.org\",\"@graph\":[{\"@type\":\"Article\",\"@id\":\"https:\/\/www.notibras.com\/site\/realista-alonso-reduz-chances-de-chegar-ao-podio-na-sua-terra\/#article\",\"isPartOf\":{\"@id\":\"https:\/\/www.notibras.com\/site\/realista-alonso-reduz-chances-de-chegar-ao-podio-na-sua-terra\/\"},\"author\":{\"name\":\"Reda\u00e7\u00e3o\",\"@id\":\"https:\/\/www.notibras.com\/site\/#\/schema\/person\/36ab0979449956132d3e5b517ea76ac8\"},\"headline\":\"Realista, Alonso reduz chances de chegar ao p\u00f3dio na sua terra\",\"datePublished\":\"2014-05-08T22:40:47+00:00\",\"dateModified\":\"2014-05-08T23:42:31+00:00\",\"mainEntityOfPage\":{\"@id\":\"https:\/\/www.notibras.com\/site\/realista-alonso-reduz-chances-de-chegar-ao-podio-na-sua-terra\/\"},\"wordCount\":289,\"commentCount\":0,\"publisher\":{\"@id\":\"https:\/\/www.notibras.com\/site\/#organization\"},\"image\":{\"@id\":\"https:\/\/www.notibras.com\/site\/realista-alonso-reduz-chances-de-chegar-ao-podio-na-sua-terra\/#primaryimage\"},\"thumbnailUrl\":\"https:\/\/www.notibras.com\/site\/wp-content\/uploads\/2014\/05\/esp12.jpg\",\"articleSection\":[\"Automobilismo\",\"Esportes\"],\"inLanguage\":\"pt-BR\",\"potentialAction\":[{\"@type\":\"CommentAction\",\"name\":\"Comment\",\"target\":[\"https:\/\/www.notibras.com\/site\/realista-alonso-reduz-chances-de-chegar-ao-podio-na-sua-terra\/#respond\"]}]},{\"@type\":\"WebPage\",\"@id\":\"https:\/\/www.notibras.com\/site\/realista-alonso-reduz-chances-de-chegar-ao-podio-na-sua-terra\/\",\"url\":\"https:\/\/www.notibras.com\/site\/realista-alonso-reduz-chances-de-chegar-ao-podio-na-sua-terra\/\",\"name\":\"Realista, Alonso reduz chances de chegar ao p\u00f3dio na sua terra - Notibras\",\"isPartOf\":{\"@id\":\"https:\/\/www.notibras.com\/site\/#website\"},\"primaryImageOfPage\":{\"@id\":\"https:\/\/www.notibras.com\/site\/realista-alonso-reduz-chances-de-chegar-ao-podio-na-sua-terra\/#primaryimage\"},\"image\":{\"@id\":\"https:\/\/www.notibras.com\/site\/realista-alonso-reduz-chances-de-chegar-ao-podio-na-sua-terra\/#primaryimage\"},\"thumbnailUrl\":\"https:\/\/www.notibras.com\/site\/wp-content\/uploads\/2014\/05\/esp12.jpg\",\"datePublished\":\"2014-05-08T22:40:47+00:00\",\"dateModified\":\"2014-05-08T23:42:31+00:00\",\"breadcrumb\":{\"@id\":\"https:\/\/www.notibras.com\/site\/realista-alonso-reduz-chances-de-chegar-ao-podio-na-sua-terra\/#breadcrumb\"},\"inLanguage\":\"pt-BR\",\"potentialAction\":[{\"@type\":\"ReadAction\",\"target\":[\"https:\/\/www.notibras.com\/site\/realista-alonso-reduz-chances-de-chegar-ao-podio-na-sua-terra\/\"]}]},{\"@type\":\"ImageObject\",\"inLanguage\":\"pt-BR\",\"@id\":\"https:\/\/www.notibras.com\/site\/realista-alonso-reduz-chances-de-chegar-ao-podio-na-sua-terra\/#primaryimage\",\"url\":\"https:\/\/www.notibras.com\/site\/wp-content\/uploads\/2014\/05\/esp12.jpg\",\"contentUrl\":\"https:\/\/www.notibras.com\/site\/wp-content\/uploads\/2014\/05\/esp12.jpg\",\"width\":275,\"height\":183},{\"@type\":\"BreadcrumbList\",\"@id\":\"https:\/\/www.notibras.com\/site\/realista-alonso-reduz-chances-de-chegar-ao-podio-na-sua-terra\/#breadcrumb\",\"itemListElement\":[{\"@type\":\"ListItem\",\"position\":1,\"name\":\"In\u00edcio\",\"item\":\"https:\/\/www.notibras.com\/site\/\"},{\"@type\":\"ListItem\",\"position\":2,\"name\":\"Realista, Alonso reduz chances de chegar ao p\u00f3dio na sua terra\"}]},{\"@type\":\"WebSite\",\"@id\":\"https:\/\/www.notibras.com\/site\/#website\",\"url\":\"https:\/\/www.notibras.com\/site\/\",\"name\":\"Notibras\",\"description\":\"Not\u00edcias de Bras\u00edlia, do Brasil e do Mundo\",\"publisher\":{\"@id\":\"https:\/\/www.notibras.com\/site\/#organization\"},\"potentialAction\":[{\"@type\":\"SearchAction\",\"target\":{\"@type\":\"EntryPoint\",\"urlTemplate\":\"https:\/\/www.notibras.com\/site\/?s={search_term_string}\"},\"query-input\":{\"@type\":\"PropertyValueSpecification\",\"valueRequired\":true,\"valueName\":\"search_term_string\"}}],\"inLanguage\":\"pt-BR\"},{\"@type\":\"Organization\",\"@id\":\"https:\/\/www.notibras.com\/site\/#organization\",\"name\":\"Grupo Notibras de Comunica\u00e7\u00e3o\",\"url\":\"https:\/\/www.notibras.com\/site\/\",\"logo\":{\"@type\":\"ImageObject\",\"inLanguage\":\"pt-BR\",\"@id\":\"https:\/\/www.notibras.com\/site\/#\/schema\/logo\/image\/\",\"url\":\"https:\/\/www.notibras.com\/site\/wp-content\/uploads\/2023\/01\/notibras23.png\",\"contentUrl\":\"https:\/\/www.notibras.com\/site\/wp-content\/uploads\/2023\/01\/notibras23.png\",\"width\":350,\"height\":87,\"caption\":\"Grupo Notibras de Comunica\u00e7\u00e3o\"},\"image\":{\"@id\":\"https:\/\/www.notibras.com\/site\/#\/schema\/logo\/image\/\"},\"sameAs\":[\"https:\/\/www.facebook.com\/notibras\/\",\"https:\/\/x.com\/Notibras\",\"https:\/\/www.instagram.com\/notibras\/\"]},{\"@type\":\"Person\",\"@id\":\"https:\/\/www.notibras.com\/site\/#\/schema\/person\/36ab0979449956132d3e5b517ea76ac8\",\"name\":\"Reda\u00e7\u00e3o\",\"image\":{\"@type\":\"ImageObject\",\"inLanguage\":\"pt-BR\",\"@id\":\"https:\/\/secure.gravatar.com\/avatar\/e0a867bdedb85fd243eadf09663511f96fc81e0720a4a42581f334ad4303aa6b?s=96&d=mm&r=g\",\"url\":\"https:\/\/secure.gravatar.com\/avatar\/e0a867bdedb85fd243eadf09663511f96fc81e0720a4a42581f334ad4303aa6b?s=96&d=mm&r=g\",\"contentUrl\":\"https:\/\/secure.gravatar.com\/avatar\/e0a867bdedb85fd243eadf09663511f96fc81e0720a4a42581f334ad4303aa6b?s=96&d=mm&r=g\",\"caption\":\"Reda\u00e7\u00e3o\"}}]}<\/script>\n<!-- \/ Yoast SEO plugin. -->","yoast_head_json":{"title":"Realista, Alonso reduz chances de chegar ao p\u00f3dio na sua terra - Notibras","robots":{"index":"index","follow":"follow","max-snippet":"max-snippet:-1","max-image-preview":"max-image-preview:large","max-video-preview":"max-video-preview:-1"},"canonical":"https:\/\/www.notibras.com\/site\/realista-alonso-reduz-chances-de-chegar-ao-podio-na-sua-terra\/","og_locale":"pt_BR","og_type":"article","og_title":"Realista, Alonso reduz chances de chegar ao p\u00f3dio na sua terra - Notibras","og_description":"Depois de ser apontado como amea\u00e7a ao dom\u00ednio da Mercedes no Mundial de F\u00f3rmula 1, o espanhol Fernando Alonso adota cautela para o Grande Pr\u00eamio da Espanha da categoria, realizado este fim de semana. O piloto da Ferrari corre em casa, mas n\u00e3o quer projetar resultados, como a briga por um lugar no p\u00f3dio. Alonso [&hellip;]","og_url":"https:\/\/www.notibras.com\/site\/realista-alonso-reduz-chances-de-chegar-ao-podio-na-sua-terra\/","og_site_name":"Notibras","article_publisher":"https:\/\/www.facebook.com\/notibras\/","article_published_time":"2014-05-08T22:40:47+00:00","article_modified_time":"2014-05-08T23:42:31+00:00","og_image":[{"width":275,"height":183,"url":"https:\/\/www.notibras.com\/site\/wp-content\/uploads\/2014\/05\/esp12.jpg","type":"image\/jpeg"}],"author":"Reda\u00e7\u00e3o","twitter_card":"summary_large_image","twitter_creator":"@Notibras","twitter_site":"@Notibras","twitter_misc":{"Escrito por":"Reda\u00e7\u00e3o","Est. tempo de leitura":"1 minuto"},"schema":{"@context":"https:\/\/schema.org","@graph":[{"@type":"Article","@id":"https:\/\/www.notibras.com\/site\/realista-alonso-reduz-chances-de-chegar-ao-podio-na-sua-terra\/#article","isPartOf":{"@id":"https:\/\/www.notibras.com\/site\/realista-alonso-reduz-chances-de-chegar-ao-podio-na-sua-terra\/"},"author":{"name":"Reda\u00e7\u00e3o","@id":"https:\/\/www.notibras.com\/site\/#\/schema\/person\/36ab0979449956132d3e5b517ea76ac8"},"headline":"Realista, Alonso reduz chances de chegar ao p\u00f3dio na sua terra","datePublished":"2014-05-08T22:40:47+00:00","dateModified":"2014-05-08T23:42:31+00:00","mainEntityOfPage":{"@id":"https:\/\/www.notibras.com\/site\/realista-alonso-reduz-chances-de-chegar-ao-podio-na-sua-terra\/"},"wordCount":289,"commentCount":0,"publisher":{"@id":"https:\/\/www.notibras.com\/site\/#organization"},"image":{"@id":"https:\/\/www.notibras.com\/site\/realista-alonso-reduz-chances-de-chegar-ao-podio-na-sua-terra\/#primaryimage"},"thumbnailUrl":"https:\/\/www.notibras.com\/site\/wp-content\/uploads\/2014\/05\/esp12.jpg","articleSection":["Automobilismo","Esportes"],"inLanguage":"pt-BR","potentialAction":[{"@type":"CommentAction","name":"Comment","target":["https:\/\/www.notibras.com\/site\/realista-alonso-reduz-chances-de-chegar-ao-podio-na-sua-terra\/#respond"]}]},{"@type":"WebPage","@id":"https:\/\/www.notibras.com\/site\/realista-alonso-reduz-chances-de-chegar-ao-podio-na-sua-terra\/","url":"https:\/\/www.notibras.com\/site\/realista-alonso-reduz-chances-de-chegar-ao-podio-na-sua-terra\/","name":"Realista, Alonso reduz chances de chegar ao p\u00f3dio na sua terra - Notibras","isPartOf":{"@id":"https:\/\/www.notibras.com\/site\/#website"},"primaryImageOfPage":{"@id":"https:\/\/www.notibras.com\/site\/realista-alonso-reduz-chances-de-chegar-ao-podio-na-sua-terra\/#primaryimage"},"image":{"@id":"https:\/\/www.notibras.com\/site\/realista-alonso-reduz-chances-de-chegar-ao-podio-na-sua-terra\/#primaryimage"},"thumbnailUrl":"https:\/\/www.notibras.com\/site\/wp-content\/uploads\/2014\/05\/esp12.jpg","datePublished":"2014-05-08T22:40:47+00:00","dateModified":"2014-05-08T23:42:31+00:00","breadcrumb":{"@id":"https:\/\/www.notibras.com\/site\/realista-alonso-reduz-chances-de-chegar-ao-podio-na-sua-terra\/#breadcrumb"},"inLanguage":"pt-BR","potentialAction":[{"@type":"ReadAction","target":["https:\/\/www.notibras.com\/site\/realista-alonso-reduz-chances-de-chegar-ao-podio-na-sua-terra\/"]}]},{"@type":"ImageObject","inLanguage":"pt-BR","@id":"https:\/\/www.notibras.com\/site\/realista-alonso-reduz-chances-de-chegar-ao-podio-na-sua-terra\/#primaryimage","url":"https:\/\/www.notibras.com\/site\/wp-content\/uploads\/2014\/05\/esp12.jpg","contentUrl":"https:\/\/www.notibras.com\/site\/wp-content\/uploads\/2014\/05\/esp12.jpg","width":275,"height":183},{"@type":"BreadcrumbList","@id":"https:\/\/www.notibras.com\/site\/realista-alonso-reduz-chances-de-chegar-ao-podio-na-sua-terra\/#breadcrumb","itemListElement":[{"@type":"ListItem","position":1,"name":"In\u00edcio","item":"https:\/\/www.notibras.com\/site\/"},{"@type":"ListItem","position":2,"name":"Realista, Alonso reduz chances de chegar ao p\u00f3dio na sua terra"}]},{"@type":"WebSite","@id":"https:\/\/www.notibras.com\/site\/#website","url":"https:\/\/www.notibras.com\/site\/","name":"Notibras","description":"Not\u00edcias de Bras\u00edlia, do Brasil e do Mundo","publisher":{"@id":"https:\/\/www.notibras.com\/site\/#organization"},"potentialAction":[{"@type":"SearchAction","target":{"@type":"EntryPoint","urlTemplate":"https:\/\/www.notibras.com\/site\/?s={search_term_string}"},"query-input":{"@type":"PropertyValueSpecification","valueRequired":true,"valueName":"search_term_string"}}],"inLanguage":"pt-BR"},{"@type":"Organization","@id":"https:\/\/www.notibras.com\/site\/#organization","name":"Grupo Notibras de Comunica\u00e7\u00e3o","url":"https:\/\/www.notibras.com\/site\/","logo":{"@type":"ImageObject","inLanguage":"pt-BR","@id":"https:\/\/www.notibras.com\/site\/#\/schema\/logo\/image\/","url":"https:\/\/www.notibras.com\/site\/wp-content\/uploads\/2023\/01\/notibras23.png","contentUrl":"https:\/\/www.notibras.com\/site\/wp-content\/uploads\/2023\/01\/notibras23.png","width":350,"height":87,"caption":"Grupo Notibras de Comunica\u00e7\u00e3o"},"image":{"@id":"https:\/\/www.notibras.com\/site\/#\/schema\/logo\/image\/"},"sameAs":["https:\/\/www.facebook.com\/notibras\/","https:\/\/x.com\/Notibras","https:\/\/www.instagram.com\/notibras\/"]},{"@type":"Person","@id":"https:\/\/www.notibras.com\/site\/#\/schema\/person\/36ab0979449956132d3e5b517ea76ac8","name":"Reda\u00e7\u00e3o","image":{"@type":"ImageObject","inLanguage":"pt-BR","@id":"https:\/\/secure.gravatar.com\/avatar\/e0a867bdedb85fd243eadf09663511f96fc81e0720a4a42581f334ad4303aa6b?s=96&d=mm&r=g","url":"https:\/\/secure.gravatar.com\/avatar\/e0a867bdedb85fd243eadf09663511f96fc81e0720a4a42581f334ad4303aa6b?s=96&d=mm&r=g","contentUrl":"https:\/\/secure.gravatar.com\/avatar\/e0a867bdedb85fd243eadf09663511f96fc81e0720a4a42581f334ad4303aa6b?s=96&d=mm&r=g","caption":"Reda\u00e7\u00e3o"}}]}},"amp_enabled":true,"_links":{"self":[{"href":"https:\/\/www.notibras.com\/site\/wp-json\/wp\/v2\/posts\/8761","targetHints":{"allow":["GET"]}}],"collection":[{"href":"https:\/\/www.notibras.com\/site\/wp-json\/wp\/v2\/posts"}],"about":[{"href":"https:\/\/www.notibras.com\/site\/wp-json\/wp\/v2\/types\/post"}],"author":[{"embeddable":true,"href":"https:\/\/www.notibras.com\/site\/wp-json\/wp\/v2\/users\/2"}],"replies":[{"embeddable":true,"href":"https:\/\/www.notibras.com\/site\/wp-json\/wp\/v2\/comments?post=8761"}],"version-history":[{"count":0,"href":"https:\/\/www.notibras.com\/site\/wp-json\/wp\/v2\/posts\/8761\/revisions"}],"wp:featuredmedia":[{"embeddable":true,"href":"https:\/\/www.notibras.com\/site\/wp-json\/wp\/v2\/media\/8762"}],"wp:attachment":[{"href":"https:\/\/www.notibras.com\/site\/wp-json\/wp\/v2\/media?parent=8761"}],"wp:term":[{"taxonomy":"category","embeddable":true,"href":"https:\/\/www.notibras.com\/site\/wp-json\/wp\/v2\/categories?post=8761"},{"taxonomy":"post_tag","embeddable":true,"href":"https:\/\/www.notibras.com\/site\/wp-json\/wp\/v2\/tags?post=8761"}],"curies":[{"name":"wp","href":"https:\/\/api.w.org\/{rel}","templated":true}]}}