{"id":8764,"date":"2014-05-08T19:43:47","date_gmt":"2014-05-08T22:43:47","guid":{"rendered":"http:\/\/www.notibras.com\/site\/?p=8764"},"modified":"2014-05-08T20:44:47","modified_gmt":"2014-05-08T23:44:47","slug":"red-bull-prepara-carro-novo-para-vettel-correr-na-espanha","status":"publish","type":"post","link":"https:\/\/www.notibras.com\/site\/red-bull-prepara-carro-novo-para-vettel-correr-na-espanha\/","title":{"rendered":"Red Bull prepara carro novo para Vettel correr na Espanha"},"content":{"rendered":"<p>O alem\u00e3o Sebastian Vettel ter\u00e1 um carro praticamente novo para o Grande Pr\u00eamio da Espanha de F\u00f3rmula 1, neste fim de semana, em Barcelona. A Red Bull confirmou que o tetracampe\u00e3o mundial\u00a0ter\u00e1 a partir desta corrida um chassi diferente do que utilizou nas quatro primeiras provas do ano.<\/p>\n<p class=\"text\">Vettel teve um come\u00e7o de temporada dif\u00edcil com a Red Bull e ocupa apenas a quinta coloca\u00e7\u00e3o do Mundial. Consultor da equipe austr\u00edaca, Helmut Marko levantou a possibilidade de os problemas do alem\u00e3o serem causados em parte por uma falha no chassi produzido pelo time.<\/p>\n<p class=\"text\">&#8220;Sebastian receber\u00e1 um novo chassi para Barcelona, o que j\u00e1 estava programado no in\u00edcio da temporada. O pr\u00f3ximo ir\u00e1 para Daniel provavelmente em uma data pr\u00f3xima \u00e0 corrida em Silverstone&#8221;, explicou o chefe de design da Red Bull, Rob Marshal. &#8220;Normalmente fazemos quatro ou cinco chassis durante o ano, talvez seis, ent\u00e3o n\u00e3o seria estanho cada piloto usar pelo menos dois na temporada&#8221;.<\/p>\n<p class=\"text\">Vettel ocupa a quinta coloca\u00e7\u00e3o do Mundial de F\u00f3rmula 1 dominado pela equipe Mercedes. O alem\u00e3o soma 33 pontos no campeonato que \u00e9 liderado por seu compatriota Nico Rosberg, que tem 79. O melhor resultado do tetracampe\u00e3o no ano foi a terceira posi\u00e7\u00e3o no GP da Mal\u00e1sia, segunda etapa do campeonato.<\/p>\n","protected":false},"excerpt":{"rendered":"<p>O alem\u00e3o Sebastian Vettel ter\u00e1 um carro praticamente novo para o Grande Pr\u00eamio da Espanha de F\u00f3rmula 1, neste fim de semana, em Barcelona. A Red Bull confirmou que o tetracampe\u00e3o mundial\u00a0ter\u00e1 a partir desta corrida um chassi diferente do que utilizou nas quatro primeiras provas do ano. Vettel teve um come\u00e7o de temporada dif\u00edcil [&hellip;]<\/p>\n","protected":false},"author":2,"featured_media":8765,"comment_status":"open","ping_status":"closed","sticky":false,"template":"","format":"standard","meta":{"_acf_changed":false,"footnotes":""},"categories":[27,19],"tags":[],"class_list":["post-8764","post","type-post","status-publish","format-standard","has-post-thumbnail","hentry","category-automobilismo","category-esportes"],"acf":[],"yoast_head":"<!-- This site is optimized with the Yoast SEO plugin v27.2 - https:\/\/yoast.com\/product\/yoast-seo-wordpress\/ -->\n<title>Red Bull prepara carro novo para Vettel correr na Espanha - Notibras<\/title>\n<meta name=\"robots\" content=\"index, follow, max-snippet:-1, max-image-preview:large, max-video-preview:-1\" \/>\n<link rel=\"canonical\" href=\"https:\/\/www.notibras.com\/site\/red-bull-prepara-carro-novo-para-vettel-correr-na-espanha\/\" \/>\n<meta property=\"og:locale\" content=\"pt_BR\" \/>\n<meta property=\"og:type\" content=\"article\" \/>\n<meta property=\"og:title\" content=\"Red Bull prepara carro novo para Vettel correr na Espanha - Notibras\" \/>\n<meta property=\"og:description\" content=\"O alem\u00e3o Sebastian Vettel ter\u00e1 um carro praticamente novo para o Grande Pr\u00eamio da Espanha de F\u00f3rmula 1, neste fim de semana, em Barcelona. A Red Bull confirmou que o tetracampe\u00e3o mundial\u00a0ter\u00e1 a partir desta corrida um chassi diferente do que utilizou nas quatro primeiras provas do ano. Vettel teve um come\u00e7o de temporada dif\u00edcil [&hellip;]\" \/>\n<meta property=\"og:url\" content=\"https:\/\/www.notibras.com\/site\/red-bull-prepara-carro-novo-para-vettel-correr-na-espanha\/\" \/>\n<meta property=\"og:site_name\" content=\"Notibras\" \/>\n<meta property=\"article:publisher\" content=\"https:\/\/www.facebook.com\/notibras\/\" \/>\n<meta property=\"article:published_time\" content=\"2014-05-08T22:43:47+00:00\" \/>\n<meta property=\"article:modified_time\" content=\"2014-05-08T23:44:47+00:00\" \/>\n<meta property=\"og:image\" content=\"https:\/\/www.notibras.com\/site\/wp-content\/uploads\/2014\/05\/05vettelexplica0504rt.jpg\" \/>\n\t<meta property=\"og:image:width\" content=\"460\" \/>\n\t<meta property=\"og:image:height\" content=\"340\" \/>\n\t<meta property=\"og:image:type\" content=\"image\/jpeg\" \/>\n<meta name=\"author\" content=\"Reda\u00e7\u00e3o\" \/>\n<meta name=\"twitter:card\" content=\"summary_large_image\" \/>\n<meta name=\"twitter:creator\" content=\"@Notibras\" \/>\n<meta name=\"twitter:site\" content=\"@Notibras\" \/>\n<meta name=\"twitter:label1\" content=\"Escrito por\" \/>\n\t<meta name=\"twitter:data1\" content=\"Reda\u00e7\u00e3o\" \/>\n\t<meta name=\"twitter:label2\" content=\"Est. tempo de leitura\" \/>\n\t<meta name=\"twitter:data2\" content=\"1 minuto\" \/>\n<script type=\"application\/ld+json\" class=\"yoast-schema-graph\">{\"@context\":\"https:\/\/schema.org\",\"@graph\":[{\"@type\":\"Article\",\"@id\":\"https:\/\/www.notibras.com\/site\/red-bull-prepara-carro-novo-para-vettel-correr-na-espanha\/#article\",\"isPartOf\":{\"@id\":\"https:\/\/www.notibras.com\/site\/red-bull-prepara-carro-novo-para-vettel-correr-na-espanha\/\"},\"author\":{\"name\":\"Reda\u00e7\u00e3o\",\"@id\":\"https:\/\/www.notibras.com\/site\/#\/schema\/person\/36ab0979449956132d3e5b517ea76ac8\"},\"headline\":\"Red Bull prepara carro novo para Vettel correr na Espanha\",\"datePublished\":\"2014-05-08T22:43:47+00:00\",\"dateModified\":\"2014-05-08T23:44:47+00:00\",\"mainEntityOfPage\":{\"@id\":\"https:\/\/www.notibras.com\/site\/red-bull-prepara-carro-novo-para-vettel-correr-na-espanha\/\"},\"wordCount\":232,\"commentCount\":0,\"publisher\":{\"@id\":\"https:\/\/www.notibras.com\/site\/#organization\"},\"image\":{\"@id\":\"https:\/\/www.notibras.com\/site\/red-bull-prepara-carro-novo-para-vettel-correr-na-espanha\/#primaryimage\"},\"thumbnailUrl\":\"https:\/\/www.notibras.com\/site\/wp-content\/uploads\/2014\/05\/05vettelexplica0504rt.jpg\",\"articleSection\":[\"Automobilismo\",\"Esportes\"],\"inLanguage\":\"pt-BR\",\"potentialAction\":[{\"@type\":\"CommentAction\",\"name\":\"Comment\",\"target\":[\"https:\/\/www.notibras.com\/site\/red-bull-prepara-carro-novo-para-vettel-correr-na-espanha\/#respond\"]}]},{\"@type\":\"WebPage\",\"@id\":\"https:\/\/www.notibras.com\/site\/red-bull-prepara-carro-novo-para-vettel-correr-na-espanha\/\",\"url\":\"https:\/\/www.notibras.com\/site\/red-bull-prepara-carro-novo-para-vettel-correr-na-espanha\/\",\"name\":\"Red Bull prepara carro novo para Vettel correr na Espanha - Notibras\",\"isPartOf\":{\"@id\":\"https:\/\/www.notibras.com\/site\/#website\"},\"primaryImageOfPage\":{\"@id\":\"https:\/\/www.notibras.com\/site\/red-bull-prepara-carro-novo-para-vettel-correr-na-espanha\/#primaryimage\"},\"image\":{\"@id\":\"https:\/\/www.notibras.com\/site\/red-bull-prepara-carro-novo-para-vettel-correr-na-espanha\/#primaryimage\"},\"thumbnailUrl\":\"https:\/\/www.notibras.com\/site\/wp-content\/uploads\/2014\/05\/05vettelexplica0504rt.jpg\",\"datePublished\":\"2014-05-08T22:43:47+00:00\",\"dateModified\":\"2014-05-08T23:44:47+00:00\",\"breadcrumb\":{\"@id\":\"https:\/\/www.notibras.com\/site\/red-bull-prepara-carro-novo-para-vettel-correr-na-espanha\/#breadcrumb\"},\"inLanguage\":\"pt-BR\",\"potentialAction\":[{\"@type\":\"ReadAction\",\"target\":[\"https:\/\/www.notibras.com\/site\/red-bull-prepara-carro-novo-para-vettel-correr-na-espanha\/\"]}]},{\"@type\":\"ImageObject\",\"inLanguage\":\"pt-BR\",\"@id\":\"https:\/\/www.notibras.com\/site\/red-bull-prepara-carro-novo-para-vettel-correr-na-espanha\/#primaryimage\",\"url\":\"https:\/\/www.notibras.com\/site\/wp-content\/uploads\/2014\/05\/05vettelexplica0504rt.jpg\",\"contentUrl\":\"https:\/\/www.notibras.com\/site\/wp-content\/uploads\/2014\/05\/05vettelexplica0504rt.jpg\",\"width\":460,\"height\":340},{\"@type\":\"BreadcrumbList\",\"@id\":\"https:\/\/www.notibras.com\/site\/red-bull-prepara-carro-novo-para-vettel-correr-na-espanha\/#breadcrumb\",\"itemListElement\":[{\"@type\":\"ListItem\",\"position\":1,\"name\":\"In\u00edcio\",\"item\":\"https:\/\/www.notibras.com\/site\/\"},{\"@type\":\"ListItem\",\"position\":2,\"name\":\"Red Bull prepara carro novo para Vettel correr na Espanha\"}]},{\"@type\":\"WebSite\",\"@id\":\"https:\/\/www.notibras.com\/site\/#website\",\"url\":\"https:\/\/www.notibras.com\/site\/\",\"name\":\"Notibras\",\"description\":\"Not\u00edcias de Bras\u00edlia, do Brasil e do Mundo\",\"publisher\":{\"@id\":\"https:\/\/www.notibras.com\/site\/#organization\"},\"potentialAction\":[{\"@type\":\"SearchAction\",\"target\":{\"@type\":\"EntryPoint\",\"urlTemplate\":\"https:\/\/www.notibras.com\/site\/?s={search_term_string}\"},\"query-input\":{\"@type\":\"PropertyValueSpecification\",\"valueRequired\":true,\"valueName\":\"search_term_string\"}}],\"inLanguage\":\"pt-BR\"},{\"@type\":\"Organization\",\"@id\":\"https:\/\/www.notibras.com\/site\/#organization\",\"name\":\"Grupo Notibras de Comunica\u00e7\u00e3o\",\"url\":\"https:\/\/www.notibras.com\/site\/\",\"logo\":{\"@type\":\"ImageObject\",\"inLanguage\":\"pt-BR\",\"@id\":\"https:\/\/www.notibras.com\/site\/#\/schema\/logo\/image\/\",\"url\":\"https:\/\/www.notibras.com\/site\/wp-content\/uploads\/2023\/01\/notibras23.png\",\"contentUrl\":\"https:\/\/www.notibras.com\/site\/wp-content\/uploads\/2023\/01\/notibras23.png\",\"width\":350,\"height\":87,\"caption\":\"Grupo Notibras de Comunica\u00e7\u00e3o\"},\"image\":{\"@id\":\"https:\/\/www.notibras.com\/site\/#\/schema\/logo\/image\/\"},\"sameAs\":[\"https:\/\/www.facebook.com\/notibras\/\",\"https:\/\/x.com\/Notibras\",\"https:\/\/www.instagram.com\/notibras\/\"]},{\"@type\":\"Person\",\"@id\":\"https:\/\/www.notibras.com\/site\/#\/schema\/person\/36ab0979449956132d3e5b517ea76ac8\",\"name\":\"Reda\u00e7\u00e3o\",\"image\":{\"@type\":\"ImageObject\",\"inLanguage\":\"pt-BR\",\"@id\":\"https:\/\/secure.gravatar.com\/avatar\/e0a867bdedb85fd243eadf09663511f96fc81e0720a4a42581f334ad4303aa6b?s=96&d=mm&r=g\",\"url\":\"https:\/\/secure.gravatar.com\/avatar\/e0a867bdedb85fd243eadf09663511f96fc81e0720a4a42581f334ad4303aa6b?s=96&d=mm&r=g\",\"contentUrl\":\"https:\/\/secure.gravatar.com\/avatar\/e0a867bdedb85fd243eadf09663511f96fc81e0720a4a42581f334ad4303aa6b?s=96&d=mm&r=g\",\"caption\":\"Reda\u00e7\u00e3o\"}}]}<\/script>\n<!-- \/ Yoast SEO plugin. -->","yoast_head_json":{"title":"Red Bull prepara carro novo para Vettel correr na Espanha - Notibras","robots":{"index":"index","follow":"follow","max-snippet":"max-snippet:-1","max-image-preview":"max-image-preview:large","max-video-preview":"max-video-preview:-1"},"canonical":"https:\/\/www.notibras.com\/site\/red-bull-prepara-carro-novo-para-vettel-correr-na-espanha\/","og_locale":"pt_BR","og_type":"article","og_title":"Red Bull prepara carro novo para Vettel correr na Espanha - Notibras","og_description":"O alem\u00e3o Sebastian Vettel ter\u00e1 um carro praticamente novo para o Grande Pr\u00eamio da Espanha de F\u00f3rmula 1, neste fim de semana, em Barcelona. A Red Bull confirmou que o tetracampe\u00e3o mundial\u00a0ter\u00e1 a partir desta corrida um chassi diferente do que utilizou nas quatro primeiras provas do ano. Vettel teve um come\u00e7o de temporada dif\u00edcil [&hellip;]","og_url":"https:\/\/www.notibras.com\/site\/red-bull-prepara-carro-novo-para-vettel-correr-na-espanha\/","og_site_name":"Notibras","article_publisher":"https:\/\/www.facebook.com\/notibras\/","article_published_time":"2014-05-08T22:43:47+00:00","article_modified_time":"2014-05-08T23:44:47+00:00","og_image":[{"width":460,"height":340,"url":"https:\/\/www.notibras.com\/site\/wp-content\/uploads\/2014\/05\/05vettelexplica0504rt.jpg","type":"image\/jpeg"}],"author":"Reda\u00e7\u00e3o","twitter_card":"summary_large_image","twitter_creator":"@Notibras","twitter_site":"@Notibras","twitter_misc":{"Escrito por":"Reda\u00e7\u00e3o","Est. tempo de leitura":"1 minuto"},"schema":{"@context":"https:\/\/schema.org","@graph":[{"@type":"Article","@id":"https:\/\/www.notibras.com\/site\/red-bull-prepara-carro-novo-para-vettel-correr-na-espanha\/#article","isPartOf":{"@id":"https:\/\/www.notibras.com\/site\/red-bull-prepara-carro-novo-para-vettel-correr-na-espanha\/"},"author":{"name":"Reda\u00e7\u00e3o","@id":"https:\/\/www.notibras.com\/site\/#\/schema\/person\/36ab0979449956132d3e5b517ea76ac8"},"headline":"Red Bull prepara carro novo para Vettel correr na Espanha","datePublished":"2014-05-08T22:43:47+00:00","dateModified":"2014-05-08T23:44:47+00:00","mainEntityOfPage":{"@id":"https:\/\/www.notibras.com\/site\/red-bull-prepara-carro-novo-para-vettel-correr-na-espanha\/"},"wordCount":232,"commentCount":0,"publisher":{"@id":"https:\/\/www.notibras.com\/site\/#organization"},"image":{"@id":"https:\/\/www.notibras.com\/site\/red-bull-prepara-carro-novo-para-vettel-correr-na-espanha\/#primaryimage"},"thumbnailUrl":"https:\/\/www.notibras.com\/site\/wp-content\/uploads\/2014\/05\/05vettelexplica0504rt.jpg","articleSection":["Automobilismo","Esportes"],"inLanguage":"pt-BR","potentialAction":[{"@type":"CommentAction","name":"Comment","target":["https:\/\/www.notibras.com\/site\/red-bull-prepara-carro-novo-para-vettel-correr-na-espanha\/#respond"]}]},{"@type":"WebPage","@id":"https:\/\/www.notibras.com\/site\/red-bull-prepara-carro-novo-para-vettel-correr-na-espanha\/","url":"https:\/\/www.notibras.com\/site\/red-bull-prepara-carro-novo-para-vettel-correr-na-espanha\/","name":"Red Bull prepara carro novo para Vettel correr na Espanha - Notibras","isPartOf":{"@id":"https:\/\/www.notibras.com\/site\/#website"},"primaryImageOfPage":{"@id":"https:\/\/www.notibras.com\/site\/red-bull-prepara-carro-novo-para-vettel-correr-na-espanha\/#primaryimage"},"image":{"@id":"https:\/\/www.notibras.com\/site\/red-bull-prepara-carro-novo-para-vettel-correr-na-espanha\/#primaryimage"},"thumbnailUrl":"https:\/\/www.notibras.com\/site\/wp-content\/uploads\/2014\/05\/05vettelexplica0504rt.jpg","datePublished":"2014-05-08T22:43:47+00:00","dateModified":"2014-05-08T23:44:47+00:00","breadcrumb":{"@id":"https:\/\/www.notibras.com\/site\/red-bull-prepara-carro-novo-para-vettel-correr-na-espanha\/#breadcrumb"},"inLanguage":"pt-BR","potentialAction":[{"@type":"ReadAction","target":["https:\/\/www.notibras.com\/site\/red-bull-prepara-carro-novo-para-vettel-correr-na-espanha\/"]}]},{"@type":"ImageObject","inLanguage":"pt-BR","@id":"https:\/\/www.notibras.com\/site\/red-bull-prepara-carro-novo-para-vettel-correr-na-espanha\/#primaryimage","url":"https:\/\/www.notibras.com\/site\/wp-content\/uploads\/2014\/05\/05vettelexplica0504rt.jpg","contentUrl":"https:\/\/www.notibras.com\/site\/wp-content\/uploads\/2014\/05\/05vettelexplica0504rt.jpg","width":460,"height":340},{"@type":"BreadcrumbList","@id":"https:\/\/www.notibras.com\/site\/red-bull-prepara-carro-novo-para-vettel-correr-na-espanha\/#breadcrumb","itemListElement":[{"@type":"ListItem","position":1,"name":"In\u00edcio","item":"https:\/\/www.notibras.com\/site\/"},{"@type":"ListItem","position":2,"name":"Red Bull prepara carro novo para Vettel correr na Espanha"}]},{"@type":"WebSite","@id":"https:\/\/www.notibras.com\/site\/#website","url":"https:\/\/www.notibras.com\/site\/","name":"Notibras","description":"Not\u00edcias de Bras\u00edlia, do Brasil e do Mundo","publisher":{"@id":"https:\/\/www.notibras.com\/site\/#organization"},"potentialAction":[{"@type":"SearchAction","target":{"@type":"EntryPoint","urlTemplate":"https:\/\/www.notibras.com\/site\/?s={search_term_string}"},"query-input":{"@type":"PropertyValueSpecification","valueRequired":true,"valueName":"search_term_string"}}],"inLanguage":"pt-BR"},{"@type":"Organization","@id":"https:\/\/www.notibras.com\/site\/#organization","name":"Grupo Notibras de Comunica\u00e7\u00e3o","url":"https:\/\/www.notibras.com\/site\/","logo":{"@type":"ImageObject","inLanguage":"pt-BR","@id":"https:\/\/www.notibras.com\/site\/#\/schema\/logo\/image\/","url":"https:\/\/www.notibras.com\/site\/wp-content\/uploads\/2023\/01\/notibras23.png","contentUrl":"https:\/\/www.notibras.com\/site\/wp-content\/uploads\/2023\/01\/notibras23.png","width":350,"height":87,"caption":"Grupo Notibras de Comunica\u00e7\u00e3o"},"image":{"@id":"https:\/\/www.notibras.com\/site\/#\/schema\/logo\/image\/"},"sameAs":["https:\/\/www.facebook.com\/notibras\/","https:\/\/x.com\/Notibras","https:\/\/www.instagram.com\/notibras\/"]},{"@type":"Person","@id":"https:\/\/www.notibras.com\/site\/#\/schema\/person\/36ab0979449956132d3e5b517ea76ac8","name":"Reda\u00e7\u00e3o","image":{"@type":"ImageObject","inLanguage":"pt-BR","@id":"https:\/\/secure.gravatar.com\/avatar\/e0a867bdedb85fd243eadf09663511f96fc81e0720a4a42581f334ad4303aa6b?s=96&d=mm&r=g","url":"https:\/\/secure.gravatar.com\/avatar\/e0a867bdedb85fd243eadf09663511f96fc81e0720a4a42581f334ad4303aa6b?s=96&d=mm&r=g","contentUrl":"https:\/\/secure.gravatar.com\/avatar\/e0a867bdedb85fd243eadf09663511f96fc81e0720a4a42581f334ad4303aa6b?s=96&d=mm&r=g","caption":"Reda\u00e7\u00e3o"}}]}},"amp_enabled":true,"_links":{"self":[{"href":"https:\/\/www.notibras.com\/site\/wp-json\/wp\/v2\/posts\/8764","targetHints":{"allow":["GET"]}}],"collection":[{"href":"https:\/\/www.notibras.com\/site\/wp-json\/wp\/v2\/posts"}],"about":[{"href":"https:\/\/www.notibras.com\/site\/wp-json\/wp\/v2\/types\/post"}],"author":[{"embeddable":true,"href":"https:\/\/www.notibras.com\/site\/wp-json\/wp\/v2\/users\/2"}],"replies":[{"embeddable":true,"href":"https:\/\/www.notibras.com\/site\/wp-json\/wp\/v2\/comments?post=8764"}],"version-history":[{"count":0,"href":"https:\/\/www.notibras.com\/site\/wp-json\/wp\/v2\/posts\/8764\/revisions"}],"wp:featuredmedia":[{"embeddable":true,"href":"https:\/\/www.notibras.com\/site\/wp-json\/wp\/v2\/media\/8765"}],"wp:attachment":[{"href":"https:\/\/www.notibras.com\/site\/wp-json\/wp\/v2\/media?parent=8764"}],"wp:term":[{"taxonomy":"category","embeddable":true,"href":"https:\/\/www.notibras.com\/site\/wp-json\/wp\/v2\/categories?post=8764"},{"taxonomy":"post_tag","embeddable":true,"href":"https:\/\/www.notibras.com\/site\/wp-json\/wp\/v2\/tags?post=8764"}],"curies":[{"name":"wp","href":"https:\/\/api.w.org\/{rel}","templated":true}]}}