{"id":8808,"date":"2014-05-09T09:05:12","date_gmt":"2014-05-09T12:05:12","guid":{"rendered":"http:\/\/www.notibras.com\/site\/?p=8808"},"modified":"2014-05-09T09:06:25","modified_gmt":"2014-05-09T12:06:25","slug":"mercedes-continua-passeando-na-pista-e-hamilton-lidera-primeiro-treino","status":"publish","type":"post","link":"https:\/\/www.notibras.com\/site\/mercedes-continua-passeando-na-pista-e-hamilton-lidera-primeiro-treino\/","title":{"rendered":"Mercedes continua passeando na pista e Hamilton lidera treino"},"content":{"rendered":"<p>Na primeira sess\u00e3o de treinos ap\u00f3s a pausa de tr\u00eas semanas da F\u00f3rmula 1 entre as etapas asi\u00e1tica e europeia, a McLaren deixou uma boa impress\u00e3o, mas a Mercedes mostrou que ainda tem o melhor carro do ano. Lewis Hamilton fez o melhor tempo, seguido pelo seu compatriota Jenson Button. Daniel Ricciardo, da Red Bull, completou o top 3 da fase preparat\u00f3ria para o Grande Pr\u00eamio da Espanha, em Barcelona.<\/p>\n<p>J\u00e1 o tetracampe\u00e3o Sebastian Vettel teve problemas el\u00e9tricos no carro, que testava um novo chassi, fez o 20\u00ba tempo, completou apenas quatro voltas e foi for\u00e7ado a interromper a sess\u00e3o. A Red Bull do piloto alem\u00e3o teve de ser guinchada at\u00e9 a \u00e1rea dos boxes.<\/p>\n<p>O brasileiro Felipe Massa, da Williams, fez apenas o 10\u00ba melhor tempo da sess\u00e3o, mas ficou \u00e0 frente de seu compatriota, Felipe Nasr, que guiou o carro pertencente ao finland\u00eas Valtteri Bottas, companheiro de equipe de Massa.<\/p>\n<p>Correndo em seu pa\u00eds natal, Fernando Alonso fez o quarto melhor tempo, com mais de um segundo de diferen\u00e7a para Hamilton. Atual l\u00edder do Campeonato Mundial de Pilotos, Nico Rosberg registrou a 5\u00ba melhor marca. Cauteloso, o alem\u00e3o completou apenas nove voltas.<\/p>\n<p><b>Confira os resultados do primeiro treino livre para o GP da Espanha:<\/b><\/p>\n<p>1: Lewis Hamilton (ING\/Mercedes) &#8211; 1min27s023<br \/>\n2: Jenson Button (ING\/McLaren) &#8211; 1min27s891<br \/>\n3: Daniel Ricciardo (AUS\/Red Bull) &#8211; 1min27s973<br \/>\n4: Fernando Alonso (ESP\/Ferrari) &#8211; 1min28s128<br \/>\n5: Nico Rosberg (ALE\/Mercedes) &#8211; 1min28s168<br \/>\n6: Kimi Raikkonen (FIN\/Ferrari) &#8211; 1min28s337<br \/>\n7: Kevin Magnussen (DIN\/McLaren) &#8211; 1min28s423<br \/>\n8: Pastor Maldonado (VEM\/Lotus) &#8211; 1min28s744<br \/>\n9: Sergio Perez (MEX\/Force India) &#8211; 1min28s779<br \/>\n<b>10: Felipe Massa (BRA\/Williams) &#8211; 1min28s791<\/b><br \/>\n11: Daniil Kvyat (RUS\/Toro Rosso) &#8211; 1min28s792<br \/>\n12: Nico Hulkenberg (ALE\/Force India) &#8211; 1min28s828<br \/>\n13: Jean-Eric Vergne (FRA\/Toro Rosso) &#8211; 1min28s859<br \/>\n<b>14: Felipe Nasr (BRA\/Williams) &#8211; 1min29s272<\/b><br \/>\n15: Adrian Sutil (ALE\/Sauber) &#8211; 1min29s688<br \/>\n16: Jules Bianchi (FRA\/Marussia) &#8211; 1min29s820<br \/>\n17: Romain Grosjean (FRA\/Lotus) &#8211; 1min29s944<br \/>\n18: Giedo van der Garde (HOL\/Sauber) &#8211; 1min30s440<br \/>\n19: Max Chilton (ING\/Marussia) &#8211; 1min30s748<br \/>\n20: Sebastian Vettel (ALE\/Red Bull) &#8211; 1min30s942<br \/>\n21: Kamui Kobayashi (JAP\/Caterham) &#8211; 1min30s997<br \/>\n22: Marcus Ericsson (SUE\/Caterham) &#8211; 1min31s421<\/p>\n","protected":false},"excerpt":{"rendered":"<p>Na primeira sess\u00e3o de treinos ap\u00f3s a pausa de tr\u00eas semanas da F\u00f3rmula 1 entre as etapas asi\u00e1tica e europeia, a McLaren deixou uma boa impress\u00e3o, mas a Mercedes mostrou que ainda tem o melhor carro do ano. Lewis Hamilton fez o melhor tempo, seguido pelo seu compatriota Jenson Button. Daniel Ricciardo, da Red Bull, [&hellip;]<\/p>\n","protected":false},"author":2,"featured_media":8809,"comment_status":"open","ping_status":"closed","sticky":false,"template":"","format":"standard","meta":{"_acf_changed":false,"footnotes":""},"categories":[27,19],"tags":[],"class_list":["post-8808","post","type-post","status-publish","format-standard","has-post-thumbnail","hentry","category-automobilismo","category-esportes"],"acf":[],"yoast_head":"<!-- This site is optimized with the Yoast SEO plugin v27.2 - https:\/\/yoast.com\/product\/yoast-seo-wordpress\/ -->\n<title>Mercedes continua passeando na pista e Hamilton lidera treino - Notibras<\/title>\n<meta name=\"robots\" content=\"index, follow, max-snippet:-1, max-image-preview:large, max-video-preview:-1\" \/>\n<link rel=\"canonical\" href=\"https:\/\/www.notibras.com\/site\/mercedes-continua-passeando-na-pista-e-hamilton-lidera-primeiro-treino\/\" \/>\n<meta property=\"og:locale\" content=\"pt_BR\" \/>\n<meta property=\"og:type\" content=\"article\" \/>\n<meta property=\"og:title\" content=\"Mercedes continua passeando na pista e Hamilton lidera treino - Notibras\" \/>\n<meta property=\"og:description\" content=\"Na primeira sess\u00e3o de treinos ap\u00f3s a pausa de tr\u00eas semanas da F\u00f3rmula 1 entre as etapas asi\u00e1tica e europeia, a McLaren deixou uma boa impress\u00e3o, mas a Mercedes mostrou que ainda tem o melhor carro do ano. Lewis Hamilton fez o melhor tempo, seguido pelo seu compatriota Jenson Button. Daniel Ricciardo, da Red Bull, [&hellip;]\" \/>\n<meta property=\"og:url\" content=\"https:\/\/www.notibras.com\/site\/mercedes-continua-passeando-na-pista-e-hamilton-lidera-primeiro-treino\/\" \/>\n<meta property=\"og:site_name\" content=\"Notibras\" \/>\n<meta property=\"article:publisher\" content=\"https:\/\/www.facebook.com\/notibras\/\" \/>\n<meta property=\"article:published_time\" content=\"2014-05-09T12:05:12+00:00\" \/>\n<meta property=\"article:modified_time\" content=\"2014-05-09T12:06:25+00:00\" \/>\n<meta property=\"og:image\" content=\"https:\/\/www.notibras.com\/site\/wp-content\/uploads\/2014\/05\/merc-hami-silv-2013-31.jpg\" \/>\n\t<meta property=\"og:image:width\" content=\"1680\" \/>\n\t<meta property=\"og:image:height\" content=\"1120\" \/>\n\t<meta property=\"og:image:type\" content=\"image\/jpeg\" \/>\n<meta name=\"author\" content=\"Reda\u00e7\u00e3o\" \/>\n<meta name=\"twitter:card\" content=\"summary_large_image\" \/>\n<meta name=\"twitter:creator\" content=\"@Notibras\" \/>\n<meta name=\"twitter:site\" content=\"@Notibras\" \/>\n<meta name=\"twitter:label1\" content=\"Escrito por\" \/>\n\t<meta name=\"twitter:data1\" content=\"Reda\u00e7\u00e3o\" \/>\n\t<meta name=\"twitter:label2\" content=\"Est. tempo de leitura\" \/>\n\t<meta name=\"twitter:data2\" content=\"2 minutos\" \/>\n<script type=\"application\/ld+json\" class=\"yoast-schema-graph\">{\"@context\":\"https:\/\/schema.org\",\"@graph\":[{\"@type\":\"Article\",\"@id\":\"https:\/\/www.notibras.com\/site\/mercedes-continua-passeando-na-pista-e-hamilton-lidera-primeiro-treino\/#article\",\"isPartOf\":{\"@id\":\"https:\/\/www.notibras.com\/site\/mercedes-continua-passeando-na-pista-e-hamilton-lidera-primeiro-treino\/\"},\"author\":{\"name\":\"Reda\u00e7\u00e3o\",\"@id\":\"https:\/\/www.notibras.com\/site\/#\/schema\/person\/36ab0979449956132d3e5b517ea76ac8\"},\"headline\":\"Mercedes continua passeando na pista e Hamilton lidera treino\",\"datePublished\":\"2014-05-09T12:05:12+00:00\",\"dateModified\":\"2014-05-09T12:06:25+00:00\",\"mainEntityOfPage\":{\"@id\":\"https:\/\/www.notibras.com\/site\/mercedes-continua-passeando-na-pista-e-hamilton-lidera-primeiro-treino\/\"},\"wordCount\":390,\"commentCount\":0,\"publisher\":{\"@id\":\"https:\/\/www.notibras.com\/site\/#organization\"},\"image\":{\"@id\":\"https:\/\/www.notibras.com\/site\/mercedes-continua-passeando-na-pista-e-hamilton-lidera-primeiro-treino\/#primaryimage\"},\"thumbnailUrl\":\"https:\/\/www.notibras.com\/site\/wp-content\/uploads\/2014\/05\/merc-hami-silv-2013-31.jpg\",\"articleSection\":[\"Automobilismo\",\"Esportes\"],\"inLanguage\":\"pt-BR\",\"potentialAction\":[{\"@type\":\"CommentAction\",\"name\":\"Comment\",\"target\":[\"https:\/\/www.notibras.com\/site\/mercedes-continua-passeando-na-pista-e-hamilton-lidera-primeiro-treino\/#respond\"]}]},{\"@type\":\"WebPage\",\"@id\":\"https:\/\/www.notibras.com\/site\/mercedes-continua-passeando-na-pista-e-hamilton-lidera-primeiro-treino\/\",\"url\":\"https:\/\/www.notibras.com\/site\/mercedes-continua-passeando-na-pista-e-hamilton-lidera-primeiro-treino\/\",\"name\":\"Mercedes continua passeando na pista e Hamilton lidera treino - Notibras\",\"isPartOf\":{\"@id\":\"https:\/\/www.notibras.com\/site\/#website\"},\"primaryImageOfPage\":{\"@id\":\"https:\/\/www.notibras.com\/site\/mercedes-continua-passeando-na-pista-e-hamilton-lidera-primeiro-treino\/#primaryimage\"},\"image\":{\"@id\":\"https:\/\/www.notibras.com\/site\/mercedes-continua-passeando-na-pista-e-hamilton-lidera-primeiro-treino\/#primaryimage\"},\"thumbnailUrl\":\"https:\/\/www.notibras.com\/site\/wp-content\/uploads\/2014\/05\/merc-hami-silv-2013-31.jpg\",\"datePublished\":\"2014-05-09T12:05:12+00:00\",\"dateModified\":\"2014-05-09T12:06:25+00:00\",\"breadcrumb\":{\"@id\":\"https:\/\/www.notibras.com\/site\/mercedes-continua-passeando-na-pista-e-hamilton-lidera-primeiro-treino\/#breadcrumb\"},\"inLanguage\":\"pt-BR\",\"potentialAction\":[{\"@type\":\"ReadAction\",\"target\":[\"https:\/\/www.notibras.com\/site\/mercedes-continua-passeando-na-pista-e-hamilton-lidera-primeiro-treino\/\"]}]},{\"@type\":\"ImageObject\",\"inLanguage\":\"pt-BR\",\"@id\":\"https:\/\/www.notibras.com\/site\/mercedes-continua-passeando-na-pista-e-hamilton-lidera-primeiro-treino\/#primaryimage\",\"url\":\"https:\/\/www.notibras.com\/site\/wp-content\/uploads\/2014\/05\/merc-hami-silv-2013-31.jpg\",\"contentUrl\":\"https:\/\/www.notibras.com\/site\/wp-content\/uploads\/2014\/05\/merc-hami-silv-2013-31.jpg\",\"width\":1680,\"height\":1120},{\"@type\":\"BreadcrumbList\",\"@id\":\"https:\/\/www.notibras.com\/site\/mercedes-continua-passeando-na-pista-e-hamilton-lidera-primeiro-treino\/#breadcrumb\",\"itemListElement\":[{\"@type\":\"ListItem\",\"position\":1,\"name\":\"In\u00edcio\",\"item\":\"https:\/\/www.notibras.com\/site\/\"},{\"@type\":\"ListItem\",\"position\":2,\"name\":\"Mercedes continua passeando na pista e Hamilton lidera treino\"}]},{\"@type\":\"WebSite\",\"@id\":\"https:\/\/www.notibras.com\/site\/#website\",\"url\":\"https:\/\/www.notibras.com\/site\/\",\"name\":\"Notibras\",\"description\":\"Not\u00edcias de Bras\u00edlia, do Brasil e do Mundo\",\"publisher\":{\"@id\":\"https:\/\/www.notibras.com\/site\/#organization\"},\"potentialAction\":[{\"@type\":\"SearchAction\",\"target\":{\"@type\":\"EntryPoint\",\"urlTemplate\":\"https:\/\/www.notibras.com\/site\/?s={search_term_string}\"},\"query-input\":{\"@type\":\"PropertyValueSpecification\",\"valueRequired\":true,\"valueName\":\"search_term_string\"}}],\"inLanguage\":\"pt-BR\"},{\"@type\":\"Organization\",\"@id\":\"https:\/\/www.notibras.com\/site\/#organization\",\"name\":\"Grupo Notibras de Comunica\u00e7\u00e3o\",\"url\":\"https:\/\/www.notibras.com\/site\/\",\"logo\":{\"@type\":\"ImageObject\",\"inLanguage\":\"pt-BR\",\"@id\":\"https:\/\/www.notibras.com\/site\/#\/schema\/logo\/image\/\",\"url\":\"https:\/\/www.notibras.com\/site\/wp-content\/uploads\/2023\/01\/notibras23.png\",\"contentUrl\":\"https:\/\/www.notibras.com\/site\/wp-content\/uploads\/2023\/01\/notibras23.png\",\"width\":350,\"height\":87,\"caption\":\"Grupo Notibras de Comunica\u00e7\u00e3o\"},\"image\":{\"@id\":\"https:\/\/www.notibras.com\/site\/#\/schema\/logo\/image\/\"},\"sameAs\":[\"https:\/\/www.facebook.com\/notibras\/\",\"https:\/\/x.com\/Notibras\",\"https:\/\/www.instagram.com\/notibras\/\"]},{\"@type\":\"Person\",\"@id\":\"https:\/\/www.notibras.com\/site\/#\/schema\/person\/36ab0979449956132d3e5b517ea76ac8\",\"name\":\"Reda\u00e7\u00e3o\",\"image\":{\"@type\":\"ImageObject\",\"inLanguage\":\"pt-BR\",\"@id\":\"https:\/\/secure.gravatar.com\/avatar\/e0a867bdedb85fd243eadf09663511f96fc81e0720a4a42581f334ad4303aa6b?s=96&d=mm&r=g\",\"url\":\"https:\/\/secure.gravatar.com\/avatar\/e0a867bdedb85fd243eadf09663511f96fc81e0720a4a42581f334ad4303aa6b?s=96&d=mm&r=g\",\"contentUrl\":\"https:\/\/secure.gravatar.com\/avatar\/e0a867bdedb85fd243eadf09663511f96fc81e0720a4a42581f334ad4303aa6b?s=96&d=mm&r=g\",\"caption\":\"Reda\u00e7\u00e3o\"}}]}<\/script>\n<!-- \/ Yoast SEO plugin. -->","yoast_head_json":{"title":"Mercedes continua passeando na pista e Hamilton lidera treino - Notibras","robots":{"index":"index","follow":"follow","max-snippet":"max-snippet:-1","max-image-preview":"max-image-preview:large","max-video-preview":"max-video-preview:-1"},"canonical":"https:\/\/www.notibras.com\/site\/mercedes-continua-passeando-na-pista-e-hamilton-lidera-primeiro-treino\/","og_locale":"pt_BR","og_type":"article","og_title":"Mercedes continua passeando na pista e Hamilton lidera treino - Notibras","og_description":"Na primeira sess\u00e3o de treinos ap\u00f3s a pausa de tr\u00eas semanas da F\u00f3rmula 1 entre as etapas asi\u00e1tica e europeia, a McLaren deixou uma boa impress\u00e3o, mas a Mercedes mostrou que ainda tem o melhor carro do ano. Lewis Hamilton fez o melhor tempo, seguido pelo seu compatriota Jenson Button. Daniel Ricciardo, da Red Bull, [&hellip;]","og_url":"https:\/\/www.notibras.com\/site\/mercedes-continua-passeando-na-pista-e-hamilton-lidera-primeiro-treino\/","og_site_name":"Notibras","article_publisher":"https:\/\/www.facebook.com\/notibras\/","article_published_time":"2014-05-09T12:05:12+00:00","article_modified_time":"2014-05-09T12:06:25+00:00","og_image":[{"width":1680,"height":1120,"url":"https:\/\/www.notibras.com\/site\/wp-content\/uploads\/2014\/05\/merc-hami-silv-2013-31.jpg","type":"image\/jpeg"}],"author":"Reda\u00e7\u00e3o","twitter_card":"summary_large_image","twitter_creator":"@Notibras","twitter_site":"@Notibras","twitter_misc":{"Escrito por":"Reda\u00e7\u00e3o","Est. tempo de leitura":"2 minutos"},"schema":{"@context":"https:\/\/schema.org","@graph":[{"@type":"Article","@id":"https:\/\/www.notibras.com\/site\/mercedes-continua-passeando-na-pista-e-hamilton-lidera-primeiro-treino\/#article","isPartOf":{"@id":"https:\/\/www.notibras.com\/site\/mercedes-continua-passeando-na-pista-e-hamilton-lidera-primeiro-treino\/"},"author":{"name":"Reda\u00e7\u00e3o","@id":"https:\/\/www.notibras.com\/site\/#\/schema\/person\/36ab0979449956132d3e5b517ea76ac8"},"headline":"Mercedes continua passeando na pista e Hamilton lidera treino","datePublished":"2014-05-09T12:05:12+00:00","dateModified":"2014-05-09T12:06:25+00:00","mainEntityOfPage":{"@id":"https:\/\/www.notibras.com\/site\/mercedes-continua-passeando-na-pista-e-hamilton-lidera-primeiro-treino\/"},"wordCount":390,"commentCount":0,"publisher":{"@id":"https:\/\/www.notibras.com\/site\/#organization"},"image":{"@id":"https:\/\/www.notibras.com\/site\/mercedes-continua-passeando-na-pista-e-hamilton-lidera-primeiro-treino\/#primaryimage"},"thumbnailUrl":"https:\/\/www.notibras.com\/site\/wp-content\/uploads\/2014\/05\/merc-hami-silv-2013-31.jpg","articleSection":["Automobilismo","Esportes"],"inLanguage":"pt-BR","potentialAction":[{"@type":"CommentAction","name":"Comment","target":["https:\/\/www.notibras.com\/site\/mercedes-continua-passeando-na-pista-e-hamilton-lidera-primeiro-treino\/#respond"]}]},{"@type":"WebPage","@id":"https:\/\/www.notibras.com\/site\/mercedes-continua-passeando-na-pista-e-hamilton-lidera-primeiro-treino\/","url":"https:\/\/www.notibras.com\/site\/mercedes-continua-passeando-na-pista-e-hamilton-lidera-primeiro-treino\/","name":"Mercedes continua passeando na pista e Hamilton lidera treino - Notibras","isPartOf":{"@id":"https:\/\/www.notibras.com\/site\/#website"},"primaryImageOfPage":{"@id":"https:\/\/www.notibras.com\/site\/mercedes-continua-passeando-na-pista-e-hamilton-lidera-primeiro-treino\/#primaryimage"},"image":{"@id":"https:\/\/www.notibras.com\/site\/mercedes-continua-passeando-na-pista-e-hamilton-lidera-primeiro-treino\/#primaryimage"},"thumbnailUrl":"https:\/\/www.notibras.com\/site\/wp-content\/uploads\/2014\/05\/merc-hami-silv-2013-31.jpg","datePublished":"2014-05-09T12:05:12+00:00","dateModified":"2014-05-09T12:06:25+00:00","breadcrumb":{"@id":"https:\/\/www.notibras.com\/site\/mercedes-continua-passeando-na-pista-e-hamilton-lidera-primeiro-treino\/#breadcrumb"},"inLanguage":"pt-BR","potentialAction":[{"@type":"ReadAction","target":["https:\/\/www.notibras.com\/site\/mercedes-continua-passeando-na-pista-e-hamilton-lidera-primeiro-treino\/"]}]},{"@type":"ImageObject","inLanguage":"pt-BR","@id":"https:\/\/www.notibras.com\/site\/mercedes-continua-passeando-na-pista-e-hamilton-lidera-primeiro-treino\/#primaryimage","url":"https:\/\/www.notibras.com\/site\/wp-content\/uploads\/2014\/05\/merc-hami-silv-2013-31.jpg","contentUrl":"https:\/\/www.notibras.com\/site\/wp-content\/uploads\/2014\/05\/merc-hami-silv-2013-31.jpg","width":1680,"height":1120},{"@type":"BreadcrumbList","@id":"https:\/\/www.notibras.com\/site\/mercedes-continua-passeando-na-pista-e-hamilton-lidera-primeiro-treino\/#breadcrumb","itemListElement":[{"@type":"ListItem","position":1,"name":"In\u00edcio","item":"https:\/\/www.notibras.com\/site\/"},{"@type":"ListItem","position":2,"name":"Mercedes continua passeando na pista e Hamilton lidera treino"}]},{"@type":"WebSite","@id":"https:\/\/www.notibras.com\/site\/#website","url":"https:\/\/www.notibras.com\/site\/","name":"Notibras","description":"Not\u00edcias de Bras\u00edlia, do Brasil e do Mundo","publisher":{"@id":"https:\/\/www.notibras.com\/site\/#organization"},"potentialAction":[{"@type":"SearchAction","target":{"@type":"EntryPoint","urlTemplate":"https:\/\/www.notibras.com\/site\/?s={search_term_string}"},"query-input":{"@type":"PropertyValueSpecification","valueRequired":true,"valueName":"search_term_string"}}],"inLanguage":"pt-BR"},{"@type":"Organization","@id":"https:\/\/www.notibras.com\/site\/#organization","name":"Grupo Notibras de Comunica\u00e7\u00e3o","url":"https:\/\/www.notibras.com\/site\/","logo":{"@type":"ImageObject","inLanguage":"pt-BR","@id":"https:\/\/www.notibras.com\/site\/#\/schema\/logo\/image\/","url":"https:\/\/www.notibras.com\/site\/wp-content\/uploads\/2023\/01\/notibras23.png","contentUrl":"https:\/\/www.notibras.com\/site\/wp-content\/uploads\/2023\/01\/notibras23.png","width":350,"height":87,"caption":"Grupo Notibras de Comunica\u00e7\u00e3o"},"image":{"@id":"https:\/\/www.notibras.com\/site\/#\/schema\/logo\/image\/"},"sameAs":["https:\/\/www.facebook.com\/notibras\/","https:\/\/x.com\/Notibras","https:\/\/www.instagram.com\/notibras\/"]},{"@type":"Person","@id":"https:\/\/www.notibras.com\/site\/#\/schema\/person\/36ab0979449956132d3e5b517ea76ac8","name":"Reda\u00e7\u00e3o","image":{"@type":"ImageObject","inLanguage":"pt-BR","@id":"https:\/\/secure.gravatar.com\/avatar\/e0a867bdedb85fd243eadf09663511f96fc81e0720a4a42581f334ad4303aa6b?s=96&d=mm&r=g","url":"https:\/\/secure.gravatar.com\/avatar\/e0a867bdedb85fd243eadf09663511f96fc81e0720a4a42581f334ad4303aa6b?s=96&d=mm&r=g","contentUrl":"https:\/\/secure.gravatar.com\/avatar\/e0a867bdedb85fd243eadf09663511f96fc81e0720a4a42581f334ad4303aa6b?s=96&d=mm&r=g","caption":"Reda\u00e7\u00e3o"}}]}},"amp_enabled":true,"_links":{"self":[{"href":"https:\/\/www.notibras.com\/site\/wp-json\/wp\/v2\/posts\/8808","targetHints":{"allow":["GET"]}}],"collection":[{"href":"https:\/\/www.notibras.com\/site\/wp-json\/wp\/v2\/posts"}],"about":[{"href":"https:\/\/www.notibras.com\/site\/wp-json\/wp\/v2\/types\/post"}],"author":[{"embeddable":true,"href":"https:\/\/www.notibras.com\/site\/wp-json\/wp\/v2\/users\/2"}],"replies":[{"embeddable":true,"href":"https:\/\/www.notibras.com\/site\/wp-json\/wp\/v2\/comments?post=8808"}],"version-history":[{"count":0,"href":"https:\/\/www.notibras.com\/site\/wp-json\/wp\/v2\/posts\/8808\/revisions"}],"wp:featuredmedia":[{"embeddable":true,"href":"https:\/\/www.notibras.com\/site\/wp-json\/wp\/v2\/media\/8809"}],"wp:attachment":[{"href":"https:\/\/www.notibras.com\/site\/wp-json\/wp\/v2\/media?parent=8808"}],"wp:term":[{"taxonomy":"category","embeddable":true,"href":"https:\/\/www.notibras.com\/site\/wp-json\/wp\/v2\/categories?post=8808"},{"taxonomy":"post_tag","embeddable":true,"href":"https:\/\/www.notibras.com\/site\/wp-json\/wp\/v2\/tags?post=8808"}],"curies":[{"name":"wp","href":"https:\/\/api.w.org\/{rel}","templated":true}]}}