{"id":88115,"date":"2016-02-06T19:35:20","date_gmt":"2016-02-06T21:35:20","guid":{"rendered":"http:\/\/www.notibras.com\/site\/?p=88115"},"modified":"2016-02-06T19:35:20","modified_gmt":"2016-02-06T21:35:20","slug":"ligar-brasilia-ao-acre-e-coisa-de-macho-eu-sou-disse-jk-e-construiu-a-rodovia","status":"publish","type":"post","link":"https:\/\/www.notibras.com\/site\/ligar-brasilia-ao-acre-e-coisa-de-macho-eu-sou-disse-jk-e-construiu-a-rodovia\/","title":{"rendered":"Ligar Bras\u00edlia ao Acre \u00e9 coisa de macho. Eu sou, disse JK. E construiu a rodovia"},"content":{"rendered":"<p>Em 1960, participei pela primeira vez de uma viagem presidencial. Foi \u00e0 localidade de Vilhena, Territ\u00f3rio Federal do Guapor\u00e9\u201d, que mais tarde passou a chamar-se Rond\u00f4nia, depois, elevado \u00e0 categoria de Estado. O Guapor\u00e9, criado por Get\u00falio Vargas em 13 de setembro de 1943, resultou no desmembramento dos estados do Amazonas e do Mato Grosso. O nome foi dado em rela\u00e7\u00e3o ao rio que separa o Brasil da Bol\u00edvia.<\/p>\n<p>Dia 4 de julho, \u00e0s 5 horas da matina. eu j\u00e1 estava na Base A\u00e9rea. JK, pela programa\u00e7\u00e3o, iria derrubar simbolicamente, dirigindo um trator, o \u00faltimo obst\u00e1culo que separava as duas turmas de oper\u00e1rios que trabalhavam diuturnamente na constru\u00e7\u00e3o de um longo trecho da rodovia Bras\u00edlia-Acre.<\/p>\n<p>A viagem de Bras\u00edlia a Porto Velho, no velho Douglas C-47 presidencial foi tranq\u00fcila, pouco mais de tr\u00eas horas. JK estava sentado na primeira cadeira, depois da cabine de comando, de frente para as demais poltronas. A seu lado, o chefe do Gabinete Civil, Oswaldo Penido. Nas poltronas ao lado da sua, dona Sarah e, \u00e0 frente, as filhas do presidente, M\u00e1rcia e Maristela.<\/p>\n<p>A bordo, um naipe de jornalistas da pesada, e eu, no meio. Pr\u00f3ximos ao presidente, empres\u00e1rios de diversas empreiteiras relacionadas com a obra. Afinal, n\u00e3o era s\u00f3 a interliga\u00e7\u00e3o da estrada ainda em terra batida. Havia o empres\u00e1rio paulista Sebasti\u00e3o Camargo, dono da Camargo Corr\u00eaa e respons\u00e1vel pela constru\u00e7\u00e3o do campo de pouso de Vilhena, asfaltado pela empreiteira em 25 dias, conforme prometera ao presidente. Em Porto Velho, embarcou na aeronave o ent\u00e3o governador do Territ\u00f3rio, coronel Paulo Nunes Leal.<\/p>\n<p>Mineiro, ele era coronel do Ex\u00e9rcito e lutou na It\u00e1lia, durante a Segunda Grande Guerra Mundial. Simp\u00e1tico e bem falante, Paulo Nunes Leal rememorou aos jornalistas o di\u00e1logo que mantivera com JK, em fevereiro de 1960, durante reuni\u00e3o dos governadores da Regi\u00e3o Norte, em Bras\u00edlia.<\/p>\n<p>Desafiando o presidente, disse Paulo Nunes: \u201cO senhor j\u00e1 ligou Bras\u00edlia a Bel\u00e9m e a Porto Alegre, e est\u00e1 ligando a capital a Fortaleza. Por que o senhor n\u00e3o completa o outro bra\u00e7o da cruz construindo a rodovia Bras\u00edlia-Acre?\u201d. Naquele seu jeit\u00e3o mineir\u00edssimo, o presidente indagou: \u201cUai, Paulo, e pode?\u201d \u201cClaro que sim, presidente. Mas \u00e9 neg\u00f3cio para homem\u201d.<\/p>\n<p>JK, abrindo um largo sorriso retrucou: \u201cSe \u00e9 neg\u00f3cio pr\u00e1 homem, ent\u00e3o vai ser, uai !\u201d<\/p>\n<p>Realmente, a abertura da ent\u00e3o BR 29, que hoje \u00e9 a BR-364, foi um novo desafio que o pa\u00eds hoje deve a JK. Tanto isso \u00e9 reconhecido que, atrav\u00e9s da Lei 8.733, de 25 de novembro de 1993, o ent\u00e3o presidente Itamar Franco deu a denomina\u00e7\u00e3o de \u201cPresidente Juscelino Kubitschek de Oliveira\u201d \u00e0 rodovia BR-364.<\/p>\n<p>Assim eu iniciava a minha fase de rep\u00f3rter presidencial.<\/p>\n<p><img loading=\"lazy\" decoding=\"async\" class=\"alignnone size-full wp-image-83053\" src=\"http:\/\/www.notibras.com\/site\/wp-content\/uploads\/2016\/01\/PV.png\" alt=\"PV\" width=\"122\" height=\"26\" \/><\/p>\n","protected":false},"excerpt":{"rendered":"<p>Em 1960, participei pela primeira vez de uma viagem presidencial. Foi \u00e0 localidade de Vilhena, Territ\u00f3rio Federal do Guapor\u00e9\u201d, que mais tarde passou a chamar-se Rond\u00f4nia, depois, elevado \u00e0 categoria de Estado. O Guapor\u00e9, criado por Get\u00falio Vargas em 13 de setembro de 1943, resultou no desmembramento dos estados do Amazonas e do Mato Grosso. [&hellip;]<\/p>\n","protected":false},"author":2,"featured_media":88116,"comment_status":"open","ping_status":"closed","sticky":false,"template":"","format":"standard","meta":{"_acf_changed":false,"footnotes":""},"categories":[63],"tags":[],"class_list":["post-88115","post","type-post","status-publish","format-standard","has-post-thumbnail","hentry","category-paginas-viradas"],"acf":[],"yoast_head":"<!-- This site is optimized with the Yoast SEO plugin v27.2 - https:\/\/yoast.com\/product\/yoast-seo-wordpress\/ -->\n<title>Ligar Bras\u00edlia ao Acre \u00e9 coisa de macho. Eu sou, disse JK. E construiu a rodovia - Notibras<\/title>\n<meta name=\"robots\" content=\"index, follow, max-snippet:-1, max-image-preview:large, max-video-preview:-1\" \/>\n<link rel=\"canonical\" href=\"https:\/\/www.notibras.com\/site\/ligar-brasilia-ao-acre-e-coisa-de-macho-eu-sou-disse-jk-e-construiu-a-rodovia\/\" \/>\n<meta property=\"og:locale\" content=\"pt_BR\" \/>\n<meta property=\"og:type\" content=\"article\" \/>\n<meta property=\"og:title\" content=\"Ligar Bras\u00edlia ao Acre \u00e9 coisa de macho. Eu sou, disse JK. E construiu a rodovia - Notibras\" \/>\n<meta property=\"og:description\" content=\"Em 1960, participei pela primeira vez de uma viagem presidencial. Foi \u00e0 localidade de Vilhena, Territ\u00f3rio Federal do Guapor\u00e9\u201d, que mais tarde passou a chamar-se Rond\u00f4nia, depois, elevado \u00e0 categoria de Estado. O Guapor\u00e9, criado por Get\u00falio Vargas em 13 de setembro de 1943, resultou no desmembramento dos estados do Amazonas e do Mato Grosso. [&hellip;]\" \/>\n<meta property=\"og:url\" content=\"https:\/\/www.notibras.com\/site\/ligar-brasilia-ao-acre-e-coisa-de-macho-eu-sou-disse-jk-e-construiu-a-rodovia\/\" \/>\n<meta property=\"og:site_name\" content=\"Notibras\" \/>\n<meta property=\"article:publisher\" content=\"https:\/\/www.facebook.com\/notibras\/\" \/>\n<meta property=\"article:published_time\" content=\"2016-02-06T21:35:20+00:00\" \/>\n<meta property=\"og:image\" content=\"https:\/\/www.notibras.com\/site\/wp-content\/uploads\/2016\/02\/estrada.jpg\" \/>\n\t<meta property=\"og:image:width\" content=\"500\" \/>\n\t<meta property=\"og:image:height\" content=\"375\" \/>\n\t<meta property=\"og:image:type\" content=\"image\/jpeg\" \/>\n<meta name=\"author\" content=\"Reda\u00e7\u00e3o\" \/>\n<meta name=\"twitter:card\" content=\"summary_large_image\" \/>\n<meta name=\"twitter:creator\" content=\"@Notibras\" \/>\n<meta name=\"twitter:site\" content=\"@Notibras\" \/>\n<meta name=\"twitter:label1\" content=\"Escrito por\" \/>\n\t<meta name=\"twitter:data1\" content=\"Reda\u00e7\u00e3o\" \/>\n\t<meta name=\"twitter:label2\" content=\"Est. tempo de leitura\" \/>\n\t<meta name=\"twitter:data2\" content=\"2 minutos\" \/>\n<script type=\"application\/ld+json\" class=\"yoast-schema-graph\">{\"@context\":\"https:\/\/schema.org\",\"@graph\":[{\"@type\":\"Article\",\"@id\":\"https:\/\/www.notibras.com\/site\/ligar-brasilia-ao-acre-e-coisa-de-macho-eu-sou-disse-jk-e-construiu-a-rodovia\/#article\",\"isPartOf\":{\"@id\":\"https:\/\/www.notibras.com\/site\/ligar-brasilia-ao-acre-e-coisa-de-macho-eu-sou-disse-jk-e-construiu-a-rodovia\/\"},\"author\":{\"name\":\"Reda\u00e7\u00e3o\",\"@id\":\"https:\/\/www.notibras.com\/site\/#\/schema\/person\/36ab0979449956132d3e5b517ea76ac8\"},\"headline\":\"Ligar Bras\u00edlia ao Acre \u00e9 coisa de macho. Eu sou, disse JK. E construiu a rodovia\",\"datePublished\":\"2016-02-06T21:35:20+00:00\",\"mainEntityOfPage\":{\"@id\":\"https:\/\/www.notibras.com\/site\/ligar-brasilia-ao-acre-e-coisa-de-macho-eu-sou-disse-jk-e-construiu-a-rodovia\/\"},\"wordCount\":488,\"commentCount\":0,\"publisher\":{\"@id\":\"https:\/\/www.notibras.com\/site\/#organization\"},\"image\":{\"@id\":\"https:\/\/www.notibras.com\/site\/ligar-brasilia-ao-acre-e-coisa-de-macho-eu-sou-disse-jk-e-construiu-a-rodovia\/#primaryimage\"},\"thumbnailUrl\":\"https:\/\/www.notibras.com\/site\/wp-content\/uploads\/2016\/02\/estrada.jpg\",\"articleSection\":[\"P\u00e1ginas Viradas\"],\"inLanguage\":\"pt-BR\",\"potentialAction\":[{\"@type\":\"CommentAction\",\"name\":\"Comment\",\"target\":[\"https:\/\/www.notibras.com\/site\/ligar-brasilia-ao-acre-e-coisa-de-macho-eu-sou-disse-jk-e-construiu-a-rodovia\/#respond\"]}]},{\"@type\":\"WebPage\",\"@id\":\"https:\/\/www.notibras.com\/site\/ligar-brasilia-ao-acre-e-coisa-de-macho-eu-sou-disse-jk-e-construiu-a-rodovia\/\",\"url\":\"https:\/\/www.notibras.com\/site\/ligar-brasilia-ao-acre-e-coisa-de-macho-eu-sou-disse-jk-e-construiu-a-rodovia\/\",\"name\":\"Ligar Bras\u00edlia ao Acre \u00e9 coisa de macho. Eu sou, disse JK. E construiu a rodovia - Notibras\",\"isPartOf\":{\"@id\":\"https:\/\/www.notibras.com\/site\/#website\"},\"primaryImageOfPage\":{\"@id\":\"https:\/\/www.notibras.com\/site\/ligar-brasilia-ao-acre-e-coisa-de-macho-eu-sou-disse-jk-e-construiu-a-rodovia\/#primaryimage\"},\"image\":{\"@id\":\"https:\/\/www.notibras.com\/site\/ligar-brasilia-ao-acre-e-coisa-de-macho-eu-sou-disse-jk-e-construiu-a-rodovia\/#primaryimage\"},\"thumbnailUrl\":\"https:\/\/www.notibras.com\/site\/wp-content\/uploads\/2016\/02\/estrada.jpg\",\"datePublished\":\"2016-02-06T21:35:20+00:00\",\"breadcrumb\":{\"@id\":\"https:\/\/www.notibras.com\/site\/ligar-brasilia-ao-acre-e-coisa-de-macho-eu-sou-disse-jk-e-construiu-a-rodovia\/#breadcrumb\"},\"inLanguage\":\"pt-BR\",\"potentialAction\":[{\"@type\":\"ReadAction\",\"target\":[\"https:\/\/www.notibras.com\/site\/ligar-brasilia-ao-acre-e-coisa-de-macho-eu-sou-disse-jk-e-construiu-a-rodovia\/\"]}]},{\"@type\":\"ImageObject\",\"inLanguage\":\"pt-BR\",\"@id\":\"https:\/\/www.notibras.com\/site\/ligar-brasilia-ao-acre-e-coisa-de-macho-eu-sou-disse-jk-e-construiu-a-rodovia\/#primaryimage\",\"url\":\"https:\/\/www.notibras.com\/site\/wp-content\/uploads\/2016\/02\/estrada.jpg\",\"contentUrl\":\"https:\/\/www.notibras.com\/site\/wp-content\/uploads\/2016\/02\/estrada.jpg\",\"width\":500,\"height\":375},{\"@type\":\"BreadcrumbList\",\"@id\":\"https:\/\/www.notibras.com\/site\/ligar-brasilia-ao-acre-e-coisa-de-macho-eu-sou-disse-jk-e-construiu-a-rodovia\/#breadcrumb\",\"itemListElement\":[{\"@type\":\"ListItem\",\"position\":1,\"name\":\"In\u00edcio\",\"item\":\"https:\/\/www.notibras.com\/site\/\"},{\"@type\":\"ListItem\",\"position\":2,\"name\":\"Ligar Bras\u00edlia ao Acre \u00e9 coisa de macho. Eu sou, disse JK. E construiu a rodovia\"}]},{\"@type\":\"WebSite\",\"@id\":\"https:\/\/www.notibras.com\/site\/#website\",\"url\":\"https:\/\/www.notibras.com\/site\/\",\"name\":\"Notibras\",\"description\":\"Not\u00edcias de Bras\u00edlia, do Brasil e do Mundo\",\"publisher\":{\"@id\":\"https:\/\/www.notibras.com\/site\/#organization\"},\"potentialAction\":[{\"@type\":\"SearchAction\",\"target\":{\"@type\":\"EntryPoint\",\"urlTemplate\":\"https:\/\/www.notibras.com\/site\/?s={search_term_string}\"},\"query-input\":{\"@type\":\"PropertyValueSpecification\",\"valueRequired\":true,\"valueName\":\"search_term_string\"}}],\"inLanguage\":\"pt-BR\"},{\"@type\":\"Organization\",\"@id\":\"https:\/\/www.notibras.com\/site\/#organization\",\"name\":\"Grupo Notibras de Comunica\u00e7\u00e3o\",\"url\":\"https:\/\/www.notibras.com\/site\/\",\"logo\":{\"@type\":\"ImageObject\",\"inLanguage\":\"pt-BR\",\"@id\":\"https:\/\/www.notibras.com\/site\/#\/schema\/logo\/image\/\",\"url\":\"https:\/\/www.notibras.com\/site\/wp-content\/uploads\/2023\/01\/notibras23.png\",\"contentUrl\":\"https:\/\/www.notibras.com\/site\/wp-content\/uploads\/2023\/01\/notibras23.png\",\"width\":350,\"height\":87,\"caption\":\"Grupo Notibras de Comunica\u00e7\u00e3o\"},\"image\":{\"@id\":\"https:\/\/www.notibras.com\/site\/#\/schema\/logo\/image\/\"},\"sameAs\":[\"https:\/\/www.facebook.com\/notibras\/\",\"https:\/\/x.com\/Notibras\",\"https:\/\/www.instagram.com\/notibras\/\"]},{\"@type\":\"Person\",\"@id\":\"https:\/\/www.notibras.com\/site\/#\/schema\/person\/36ab0979449956132d3e5b517ea76ac8\",\"name\":\"Reda\u00e7\u00e3o\",\"image\":{\"@type\":\"ImageObject\",\"inLanguage\":\"pt-BR\",\"@id\":\"https:\/\/secure.gravatar.com\/avatar\/e0a867bdedb85fd243eadf09663511f96fc81e0720a4a42581f334ad4303aa6b?s=96&d=mm&r=g\",\"url\":\"https:\/\/secure.gravatar.com\/avatar\/e0a867bdedb85fd243eadf09663511f96fc81e0720a4a42581f334ad4303aa6b?s=96&d=mm&r=g\",\"contentUrl\":\"https:\/\/secure.gravatar.com\/avatar\/e0a867bdedb85fd243eadf09663511f96fc81e0720a4a42581f334ad4303aa6b?s=96&d=mm&r=g\",\"caption\":\"Reda\u00e7\u00e3o\"}}]}<\/script>\n<!-- \/ Yoast SEO plugin. -->","yoast_head_json":{"title":"Ligar Bras\u00edlia ao Acre \u00e9 coisa de macho. Eu sou, disse JK. E construiu a rodovia - Notibras","robots":{"index":"index","follow":"follow","max-snippet":"max-snippet:-1","max-image-preview":"max-image-preview:large","max-video-preview":"max-video-preview:-1"},"canonical":"https:\/\/www.notibras.com\/site\/ligar-brasilia-ao-acre-e-coisa-de-macho-eu-sou-disse-jk-e-construiu-a-rodovia\/","og_locale":"pt_BR","og_type":"article","og_title":"Ligar Bras\u00edlia ao Acre \u00e9 coisa de macho. Eu sou, disse JK. E construiu a rodovia - Notibras","og_description":"Em 1960, participei pela primeira vez de uma viagem presidencial. Foi \u00e0 localidade de Vilhena, Territ\u00f3rio Federal do Guapor\u00e9\u201d, que mais tarde passou a chamar-se Rond\u00f4nia, depois, elevado \u00e0 categoria de Estado. O Guapor\u00e9, criado por Get\u00falio Vargas em 13 de setembro de 1943, resultou no desmembramento dos estados do Amazonas e do Mato Grosso. [&hellip;]","og_url":"https:\/\/www.notibras.com\/site\/ligar-brasilia-ao-acre-e-coisa-de-macho-eu-sou-disse-jk-e-construiu-a-rodovia\/","og_site_name":"Notibras","article_publisher":"https:\/\/www.facebook.com\/notibras\/","article_published_time":"2016-02-06T21:35:20+00:00","og_image":[{"width":500,"height":375,"url":"https:\/\/www.notibras.com\/site\/wp-content\/uploads\/2016\/02\/estrada.jpg","type":"image\/jpeg"}],"author":"Reda\u00e7\u00e3o","twitter_card":"summary_large_image","twitter_creator":"@Notibras","twitter_site":"@Notibras","twitter_misc":{"Escrito por":"Reda\u00e7\u00e3o","Est. tempo de leitura":"2 minutos"},"schema":{"@context":"https:\/\/schema.org","@graph":[{"@type":"Article","@id":"https:\/\/www.notibras.com\/site\/ligar-brasilia-ao-acre-e-coisa-de-macho-eu-sou-disse-jk-e-construiu-a-rodovia\/#article","isPartOf":{"@id":"https:\/\/www.notibras.com\/site\/ligar-brasilia-ao-acre-e-coisa-de-macho-eu-sou-disse-jk-e-construiu-a-rodovia\/"},"author":{"name":"Reda\u00e7\u00e3o","@id":"https:\/\/www.notibras.com\/site\/#\/schema\/person\/36ab0979449956132d3e5b517ea76ac8"},"headline":"Ligar Bras\u00edlia ao Acre \u00e9 coisa de macho. Eu sou, disse JK. E construiu a rodovia","datePublished":"2016-02-06T21:35:20+00:00","mainEntityOfPage":{"@id":"https:\/\/www.notibras.com\/site\/ligar-brasilia-ao-acre-e-coisa-de-macho-eu-sou-disse-jk-e-construiu-a-rodovia\/"},"wordCount":488,"commentCount":0,"publisher":{"@id":"https:\/\/www.notibras.com\/site\/#organization"},"image":{"@id":"https:\/\/www.notibras.com\/site\/ligar-brasilia-ao-acre-e-coisa-de-macho-eu-sou-disse-jk-e-construiu-a-rodovia\/#primaryimage"},"thumbnailUrl":"https:\/\/www.notibras.com\/site\/wp-content\/uploads\/2016\/02\/estrada.jpg","articleSection":["P\u00e1ginas Viradas"],"inLanguage":"pt-BR","potentialAction":[{"@type":"CommentAction","name":"Comment","target":["https:\/\/www.notibras.com\/site\/ligar-brasilia-ao-acre-e-coisa-de-macho-eu-sou-disse-jk-e-construiu-a-rodovia\/#respond"]}]},{"@type":"WebPage","@id":"https:\/\/www.notibras.com\/site\/ligar-brasilia-ao-acre-e-coisa-de-macho-eu-sou-disse-jk-e-construiu-a-rodovia\/","url":"https:\/\/www.notibras.com\/site\/ligar-brasilia-ao-acre-e-coisa-de-macho-eu-sou-disse-jk-e-construiu-a-rodovia\/","name":"Ligar Bras\u00edlia ao Acre \u00e9 coisa de macho. Eu sou, disse JK. E construiu a rodovia - Notibras","isPartOf":{"@id":"https:\/\/www.notibras.com\/site\/#website"},"primaryImageOfPage":{"@id":"https:\/\/www.notibras.com\/site\/ligar-brasilia-ao-acre-e-coisa-de-macho-eu-sou-disse-jk-e-construiu-a-rodovia\/#primaryimage"},"image":{"@id":"https:\/\/www.notibras.com\/site\/ligar-brasilia-ao-acre-e-coisa-de-macho-eu-sou-disse-jk-e-construiu-a-rodovia\/#primaryimage"},"thumbnailUrl":"https:\/\/www.notibras.com\/site\/wp-content\/uploads\/2016\/02\/estrada.jpg","datePublished":"2016-02-06T21:35:20+00:00","breadcrumb":{"@id":"https:\/\/www.notibras.com\/site\/ligar-brasilia-ao-acre-e-coisa-de-macho-eu-sou-disse-jk-e-construiu-a-rodovia\/#breadcrumb"},"inLanguage":"pt-BR","potentialAction":[{"@type":"ReadAction","target":["https:\/\/www.notibras.com\/site\/ligar-brasilia-ao-acre-e-coisa-de-macho-eu-sou-disse-jk-e-construiu-a-rodovia\/"]}]},{"@type":"ImageObject","inLanguage":"pt-BR","@id":"https:\/\/www.notibras.com\/site\/ligar-brasilia-ao-acre-e-coisa-de-macho-eu-sou-disse-jk-e-construiu-a-rodovia\/#primaryimage","url":"https:\/\/www.notibras.com\/site\/wp-content\/uploads\/2016\/02\/estrada.jpg","contentUrl":"https:\/\/www.notibras.com\/site\/wp-content\/uploads\/2016\/02\/estrada.jpg","width":500,"height":375},{"@type":"BreadcrumbList","@id":"https:\/\/www.notibras.com\/site\/ligar-brasilia-ao-acre-e-coisa-de-macho-eu-sou-disse-jk-e-construiu-a-rodovia\/#breadcrumb","itemListElement":[{"@type":"ListItem","position":1,"name":"In\u00edcio","item":"https:\/\/www.notibras.com\/site\/"},{"@type":"ListItem","position":2,"name":"Ligar Bras\u00edlia ao Acre \u00e9 coisa de macho. Eu sou, disse JK. E construiu a rodovia"}]},{"@type":"WebSite","@id":"https:\/\/www.notibras.com\/site\/#website","url":"https:\/\/www.notibras.com\/site\/","name":"Notibras","description":"Not\u00edcias de Bras\u00edlia, do Brasil e do Mundo","publisher":{"@id":"https:\/\/www.notibras.com\/site\/#organization"},"potentialAction":[{"@type":"SearchAction","target":{"@type":"EntryPoint","urlTemplate":"https:\/\/www.notibras.com\/site\/?s={search_term_string}"},"query-input":{"@type":"PropertyValueSpecification","valueRequired":true,"valueName":"search_term_string"}}],"inLanguage":"pt-BR"},{"@type":"Organization","@id":"https:\/\/www.notibras.com\/site\/#organization","name":"Grupo Notibras de Comunica\u00e7\u00e3o","url":"https:\/\/www.notibras.com\/site\/","logo":{"@type":"ImageObject","inLanguage":"pt-BR","@id":"https:\/\/www.notibras.com\/site\/#\/schema\/logo\/image\/","url":"https:\/\/www.notibras.com\/site\/wp-content\/uploads\/2023\/01\/notibras23.png","contentUrl":"https:\/\/www.notibras.com\/site\/wp-content\/uploads\/2023\/01\/notibras23.png","width":350,"height":87,"caption":"Grupo Notibras de Comunica\u00e7\u00e3o"},"image":{"@id":"https:\/\/www.notibras.com\/site\/#\/schema\/logo\/image\/"},"sameAs":["https:\/\/www.facebook.com\/notibras\/","https:\/\/x.com\/Notibras","https:\/\/www.instagram.com\/notibras\/"]},{"@type":"Person","@id":"https:\/\/www.notibras.com\/site\/#\/schema\/person\/36ab0979449956132d3e5b517ea76ac8","name":"Reda\u00e7\u00e3o","image":{"@type":"ImageObject","inLanguage":"pt-BR","@id":"https:\/\/secure.gravatar.com\/avatar\/e0a867bdedb85fd243eadf09663511f96fc81e0720a4a42581f334ad4303aa6b?s=96&d=mm&r=g","url":"https:\/\/secure.gravatar.com\/avatar\/e0a867bdedb85fd243eadf09663511f96fc81e0720a4a42581f334ad4303aa6b?s=96&d=mm&r=g","contentUrl":"https:\/\/secure.gravatar.com\/avatar\/e0a867bdedb85fd243eadf09663511f96fc81e0720a4a42581f334ad4303aa6b?s=96&d=mm&r=g","caption":"Reda\u00e7\u00e3o"}}]}},"amp_enabled":true,"_links":{"self":[{"href":"https:\/\/www.notibras.com\/site\/wp-json\/wp\/v2\/posts\/88115","targetHints":{"allow":["GET"]}}],"collection":[{"href":"https:\/\/www.notibras.com\/site\/wp-json\/wp\/v2\/posts"}],"about":[{"href":"https:\/\/www.notibras.com\/site\/wp-json\/wp\/v2\/types\/post"}],"author":[{"embeddable":true,"href":"https:\/\/www.notibras.com\/site\/wp-json\/wp\/v2\/users\/2"}],"replies":[{"embeddable":true,"href":"https:\/\/www.notibras.com\/site\/wp-json\/wp\/v2\/comments?post=88115"}],"version-history":[{"count":1,"href":"https:\/\/www.notibras.com\/site\/wp-json\/wp\/v2\/posts\/88115\/revisions"}],"predecessor-version":[{"id":88117,"href":"https:\/\/www.notibras.com\/site\/wp-json\/wp\/v2\/posts\/88115\/revisions\/88117"}],"wp:featuredmedia":[{"embeddable":true,"href":"https:\/\/www.notibras.com\/site\/wp-json\/wp\/v2\/media\/88116"}],"wp:attachment":[{"href":"https:\/\/www.notibras.com\/site\/wp-json\/wp\/v2\/media?parent=88115"}],"wp:term":[{"taxonomy":"category","embeddable":true,"href":"https:\/\/www.notibras.com\/site\/wp-json\/wp\/v2\/categories?post=88115"},{"taxonomy":"post_tag","embeddable":true,"href":"https:\/\/www.notibras.com\/site\/wp-json\/wp\/v2\/tags?post=88115"}],"curies":[{"name":"wp","href":"https:\/\/api.w.org\/{rel}","templated":true}]}}