{"id":8821,"date":"2014-05-09T09:17:26","date_gmt":"2014-05-09T12:17:26","guid":{"rendered":"http:\/\/www.notibras.com\/site\/?p=8821"},"modified":"2014-05-09T09:17:26","modified_gmt":"2014-05-09T12:17:26","slug":"dengue-se-alastra-e-mata-mais-tres-pessoas-na-capital-paulista","status":"publish","type":"post","link":"https:\/\/www.notibras.com\/site\/dengue-se-alastra-e-mata-mais-tres-pessoas-na-capital-paulista\/","title":{"rendered":"Dengue se alastra e mata mais tr\u00eas pessoas na capital paulista"},"content":{"rendered":"<p>Mais tr\u00eas pessoas morreram por complica\u00e7\u00f5es da dengue na capital paulista, segundo a Secretaria Municipal da Sa\u00fade. At\u00e9 ent\u00e3o, apenas um garoto de 6 anos havia morrido na cidade de S\u00e3o Paulo, no dia 2 de abril, por causa da doen\u00e7a. Os quatro \u00f3bitos j\u00e1 representam o dobro do n\u00famero de mortes por dengue registradas no munic\u00edpio\u00a0em todo o ano passado.\u00a0Em toda a capital, j\u00e1 s\u00e3o 4.514 casos de dengue registrados entre os dias 1\u00ba de janeiro e 7 de maio. As informa\u00e7\u00f5es foram publicadas no jornal O Estado de S. Paulo.<\/p>\n<p class=\"text\">As mortes ocorreram\u00a0em abril, de acordo com a secretaria,\u00a0mas s\u00f3 foram divulgadas na quinta-feira porque a Coordena\u00e7\u00e3o de Vigil\u00e2ncia em Sa\u00fade (Covisa) precisou investigar todas as ocorr\u00eancias, para confirmar se a dengue havia sido a causa. A primeira foi em\u00a011 de abril, em um hospital da rede particular. A v\u00edtima foi um homem de 68 anos, morador do Trememb\u00e9, na zona norte da cidade. Dois dias depois, morreram uma mulher de 34 anos e outra de 69. A primeira tamb\u00e9m morava no Trememb\u00e9 e foi atendida na rede municipal. A outra era moradora do Jaguar\u00e9 e recebeu atendimento na rede p\u00fablica de Osasco, munic\u00edpio vizinho. N\u00e3o foram divulgados detalhes sobre o atendimento prestado em cada caso nem o nome das v\u00edtimas.<\/p>\n<p class=\"text\">O menino Israel Barbosa, 6 anos, primeira v\u00edtima da dengue na capital neste ano,\u00a0tamb\u00e9m era morador do Jaguar\u00e9 e passou duas vezes pela assist\u00eancia m\u00e9dica ambulatorial (AMA) do bairro, antes de ter o diagn\u00f3stico correto de dengue. A m\u00e3e do menino ouviu de dois m\u00e9dicos que se tratava de virose. A prefeitura investiga\u00a0o caso.<\/p>\n","protected":false},"excerpt":{"rendered":"<p>Mais tr\u00eas pessoas morreram por complica\u00e7\u00f5es da dengue na capital paulista, segundo a Secretaria Municipal da Sa\u00fade. At\u00e9 ent\u00e3o, apenas um garoto de 6 anos havia morrido na cidade de S\u00e3o Paulo, no dia 2 de abril, por causa da doen\u00e7a. Os quatro \u00f3bitos j\u00e1 representam o dobro do n\u00famero de mortes por dengue registradas [&hellip;]<\/p>\n","protected":false},"author":2,"featured_media":8822,"comment_status":"open","ping_status":"closed","sticky":false,"template":"","format":"standard","meta":{"_acf_changed":false,"footnotes":""},"categories":[24],"tags":[],"class_list":["post-8821","post","type-post","status-publish","format-standard","has-post-thumbnail","hentry","category-sao-paulo"],"acf":[],"_links":{"self":[{"href":"https:\/\/www.notibras.com\/site\/wp-json\/wp\/v2\/posts\/8821","targetHints":{"allow":["GET"]}}],"collection":[{"href":"https:\/\/www.notibras.com\/site\/wp-json\/wp\/v2\/posts"}],"about":[{"href":"https:\/\/www.notibras.com\/site\/wp-json\/wp\/v2\/types\/post"}],"author":[{"embeddable":true,"href":"https:\/\/www.notibras.com\/site\/wp-json\/wp\/v2\/users\/2"}],"replies":[{"embeddable":true,"href":"https:\/\/www.notibras.com\/site\/wp-json\/wp\/v2\/comments?post=8821"}],"version-history":[{"count":0,"href":"https:\/\/www.notibras.com\/site\/wp-json\/wp\/v2\/posts\/8821\/revisions"}],"wp:featuredmedia":[{"embeddable":true,"href":"https:\/\/www.notibras.com\/site\/wp-json\/wp\/v2\/media\/8822"}],"wp:attachment":[{"href":"https:\/\/www.notibras.com\/site\/wp-json\/wp\/v2\/media?parent=8821"}],"wp:term":[{"taxonomy":"category","embeddable":true,"href":"https:\/\/www.notibras.com\/site\/wp-json\/wp\/v2\/categories?post=8821"},{"taxonomy":"post_tag","embeddable":true,"href":"https:\/\/www.notibras.com\/site\/wp-json\/wp\/v2\/tags?post=8821"}],"curies":[{"name":"wp","href":"https:\/\/api.w.org\/{rel}","templated":true}]}}