{"id":88461,"date":"2016-02-09T00:33:30","date_gmt":"2016-02-09T02:33:30","guid":{"rendered":"http:\/\/www.notibras.com\/site\/?p=88461"},"modified":"2016-02-11T02:57:06","modified_gmt":"2016-02-11T04:57:06","slug":"manicardi-bracos-direito-e-esquerdo-de-dr-ulysses-tinha-belas-historias-para-contar","status":"publish","type":"post","link":"https:\/\/www.notibras.com\/site\/manicardi-bracos-direito-e-esquerdo-de-dr-ulysses-tinha-belas-historias-para-contar\/","title":{"rendered":"Manicardi, bra\u00e7os direito e esquerdo de dr. Ulysses, tinha hist\u00f3rias para contar"},"content":{"rendered":"<p><strong>Jos\u00e9 Escarlate<\/strong><\/p>\n<p>Pouco antes de morrer, Oswaldo Manicardi, bra\u00e7o direito e esquerdo do dr. Ulysses Guimar\u00e3es, companheiros e amigos desde sempre, me recebeu em sua casa. Seria uma conversa amena, lembrando passagens do seu grande amigo e companheiro de vida.<\/p>\n<p>Conheci o Oswaldo no Pal\u00e1cio do Planalto, quando ele acompanhava o doutor Ulysses, ent\u00e3o presidente da C\u00e2mara Federal, que assumia a presid\u00eancia da Rep\u00fablica nas viagens de Sarney. Como a c\u00fapula do Planalto viajava com o presidente eu, que era da Secretaria de Imprensa, ficava para atender o dr. Ulysses.<\/p>\n<p>A amizade entre n\u00f3s, eu e o Oswaldo, prosperou. \u00c0 noite, ap\u00f3s o expediente, convidado, eu acompanhava o dr. Ulysses \u00e0 sua casa, onde havia uma gaiola enorme com um tucano preso pelo p\u00e9. Ali, ele recebia um monte de jornalistas para um bate papo informal. A grande sala ficava lotada. Era rep\u00f3rter sentado nos sof\u00e1s, cadeiras e at\u00e9 no ch\u00e3o, aos p\u00e9s do ent\u00e3o presidente em exerc\u00edcio. E o papo flu\u00eda at\u00e9 altas horas da noite. O ambiente era extremamente acolhedor.<\/p>\n<p>Determinada hora, Dona Mora chegava \u00e0 sala e convidava a todos para \u201ccomer alguma coisinha\u201d. E l\u00e1 \u00edamos todos para a boquinha, ap\u00f3s o que o per\u00edodo de conversa era encerrado. Afinal, dia seguinte era dia de trabalho.<\/p>\n<p>Oswaldo contou que Ulysses tinha pavor dos chatos. \u201cEle \u00e9 o inimigo do g\u00eanero humano\u201d &#8211; dizia. \u201c\u00c9 o vento encanado que acaba com qualquer reuni\u00e3o, \u00e9 o ma\u00e7ante a quem voc\u00ea pergunta &#8216;como vai?&#8217; e ele resolve contar\u201d. Segundo o pol\u00edtico, \u201co chato n\u00e3o lhe faz companhia e n\u00e3o deixa voc\u00ea ficar s\u00f3\u201d.<\/p>\n<p>Emocionado, Oswaldo recordou que, no dia 12 de outubro de 1992, ele j\u00e1 estava acomodado no helic\u00f3ptero, em Angra, para voltar, quando Ulysses o dispensou dizendo: \u201cFique aqui mais uns dias, Oswaldo, v\u00e1 passear, namorar. Somos apenas casais\u201d.<\/p>\n<p>Manicardi era t\u00e3o pr\u00f3ximo do dr. Ulysses que, indagado sobre sua forma\u00e7\u00e3o, tinha a resposta na ponta da l\u00edngua: \u201cConviver com o dr. Ulysses foi uma escola pol\u00edtica, uma escola de rela\u00e7\u00e3o com as pessoas. Trabalhei com ele 44 anos. Essa foi a minha forma\u00e7\u00e3o\u201d. Fui convidado a voltar \u00e0 casa do Oswaldo outras vezes. N\u00e3o deu tempo. Deus n\u00e3o quis. Levou o amigo, mas guardo comigo algumas outras hist\u00f3rias, saborosas.<\/p>\n<p><img loading=\"lazy\" decoding=\"async\" class=\"alignnone size-full wp-image-83053\" src=\"http:\/\/www.notibras.com\/site\/wp-content\/uploads\/2016\/01\/PV.png\" alt=\"PV\" width=\"122\" height=\"26\" \/><\/p>\n","protected":false},"excerpt":{"rendered":"<p>Jos\u00e9 Escarlate Pouco antes de morrer, Oswaldo Manicardi, bra\u00e7o direito e esquerdo do dr. Ulysses Guimar\u00e3es, companheiros e amigos desde sempre, me recebeu em sua casa. Seria uma conversa amena, lembrando passagens do seu grande amigo e companheiro de vida. Conheci o Oswaldo no Pal\u00e1cio do Planalto, quando ele acompanhava o doutor Ulysses, ent\u00e3o presidente [&hellip;]<\/p>\n","protected":false},"author":2,"featured_media":88462,"comment_status":"open","ping_status":"closed","sticky":false,"template":"","format":"standard","meta":{"_acf_changed":false,"footnotes":""},"categories":[63],"tags":[],"class_list":["post-88461","post","type-post","status-publish","format-standard","has-post-thumbnail","hentry","category-paginas-viradas"],"acf":[],"yoast_head":"<!-- This site is optimized with the Yoast SEO plugin v27.2 - https:\/\/yoast.com\/product\/yoast-seo-wordpress\/ -->\n<title>Manicardi, bra\u00e7os direito e esquerdo de dr. Ulysses, tinha hist\u00f3rias para contar - Notibras<\/title>\n<meta name=\"robots\" content=\"index, follow, max-snippet:-1, max-image-preview:large, max-video-preview:-1\" \/>\n<link rel=\"canonical\" href=\"https:\/\/www.notibras.com\/site\/manicardi-bracos-direito-e-esquerdo-de-dr-ulysses-tinha-belas-historias-para-contar\/\" \/>\n<meta property=\"og:locale\" content=\"pt_BR\" \/>\n<meta property=\"og:type\" content=\"article\" \/>\n<meta property=\"og:title\" content=\"Manicardi, bra\u00e7os direito e esquerdo de dr. Ulysses, tinha hist\u00f3rias para contar - Notibras\" \/>\n<meta property=\"og:description\" content=\"Jos\u00e9 Escarlate Pouco antes de morrer, Oswaldo Manicardi, bra\u00e7o direito e esquerdo do dr. Ulysses Guimar\u00e3es, companheiros e amigos desde sempre, me recebeu em sua casa. Seria uma conversa amena, lembrando passagens do seu grande amigo e companheiro de vida. Conheci o Oswaldo no Pal\u00e1cio do Planalto, quando ele acompanhava o doutor Ulysses, ent\u00e3o presidente [&hellip;]\" \/>\n<meta property=\"og:url\" content=\"https:\/\/www.notibras.com\/site\/manicardi-bracos-direito-e-esquerdo-de-dr-ulysses-tinha-belas-historias-para-contar\/\" \/>\n<meta property=\"og:site_name\" content=\"Notibras\" \/>\n<meta property=\"article:publisher\" content=\"https:\/\/www.facebook.com\/notibras\/\" \/>\n<meta property=\"article:published_time\" content=\"2016-02-09T02:33:30+00:00\" \/>\n<meta property=\"article:modified_time\" content=\"2016-02-11T04:57:06+00:00\" \/>\n<meta property=\"og:image\" content=\"https:\/\/www.notibras.com\/site\/wp-content\/uploads\/2016\/02\/img2013093013564710654MED.jpg\" \/>\n\t<meta property=\"og:image:width\" content=\"672\" \/>\n\t<meta property=\"og:image:height\" content=\"411\" \/>\n\t<meta property=\"og:image:type\" content=\"image\/jpeg\" \/>\n<meta name=\"author\" content=\"Reda\u00e7\u00e3o\" \/>\n<meta name=\"twitter:card\" content=\"summary_large_image\" \/>\n<meta name=\"twitter:creator\" content=\"@Notibras\" \/>\n<meta name=\"twitter:site\" content=\"@Notibras\" \/>\n<meta name=\"twitter:label1\" content=\"Escrito por\" \/>\n\t<meta name=\"twitter:data1\" content=\"Reda\u00e7\u00e3o\" \/>\n\t<meta name=\"twitter:label2\" content=\"Est. tempo de leitura\" \/>\n\t<meta name=\"twitter:data2\" content=\"2 minutos\" \/>\n<script type=\"application\/ld+json\" class=\"yoast-schema-graph\">{\"@context\":\"https:\/\/schema.org\",\"@graph\":[{\"@type\":\"Article\",\"@id\":\"https:\/\/www.notibras.com\/site\/manicardi-bracos-direito-e-esquerdo-de-dr-ulysses-tinha-belas-historias-para-contar\/#article\",\"isPartOf\":{\"@id\":\"https:\/\/www.notibras.com\/site\/manicardi-bracos-direito-e-esquerdo-de-dr-ulysses-tinha-belas-historias-para-contar\/\"},\"author\":{\"name\":\"Reda\u00e7\u00e3o\",\"@id\":\"https:\/\/www.notibras.com\/site\/#\/schema\/person\/36ab0979449956132d3e5b517ea76ac8\"},\"headline\":\"Manicardi, bra\u00e7os direito e esquerdo de dr. Ulysses, tinha hist\u00f3rias para contar\",\"datePublished\":\"2016-02-09T02:33:30+00:00\",\"dateModified\":\"2016-02-11T04:57:06+00:00\",\"mainEntityOfPage\":{\"@id\":\"https:\/\/www.notibras.com\/site\/manicardi-bracos-direito-e-esquerdo-de-dr-ulysses-tinha-belas-historias-para-contar\/\"},\"wordCount\":414,\"commentCount\":0,\"publisher\":{\"@id\":\"https:\/\/www.notibras.com\/site\/#organization\"},\"image\":{\"@id\":\"https:\/\/www.notibras.com\/site\/manicardi-bracos-direito-e-esquerdo-de-dr-ulysses-tinha-belas-historias-para-contar\/#primaryimage\"},\"thumbnailUrl\":\"https:\/\/www.notibras.com\/site\/wp-content\/uploads\/2016\/02\/img2013093013564710654MED.jpg\",\"articleSection\":[\"P\u00e1ginas Viradas\"],\"inLanguage\":\"pt-BR\",\"potentialAction\":[{\"@type\":\"CommentAction\",\"name\":\"Comment\",\"target\":[\"https:\/\/www.notibras.com\/site\/manicardi-bracos-direito-e-esquerdo-de-dr-ulysses-tinha-belas-historias-para-contar\/#respond\"]}]},{\"@type\":\"WebPage\",\"@id\":\"https:\/\/www.notibras.com\/site\/manicardi-bracos-direito-e-esquerdo-de-dr-ulysses-tinha-belas-historias-para-contar\/\",\"url\":\"https:\/\/www.notibras.com\/site\/manicardi-bracos-direito-e-esquerdo-de-dr-ulysses-tinha-belas-historias-para-contar\/\",\"name\":\"Manicardi, bra\u00e7os direito e esquerdo de dr. Ulysses, tinha hist\u00f3rias para contar - Notibras\",\"isPartOf\":{\"@id\":\"https:\/\/www.notibras.com\/site\/#website\"},\"primaryImageOfPage\":{\"@id\":\"https:\/\/www.notibras.com\/site\/manicardi-bracos-direito-e-esquerdo-de-dr-ulysses-tinha-belas-historias-para-contar\/#primaryimage\"},\"image\":{\"@id\":\"https:\/\/www.notibras.com\/site\/manicardi-bracos-direito-e-esquerdo-de-dr-ulysses-tinha-belas-historias-para-contar\/#primaryimage\"},\"thumbnailUrl\":\"https:\/\/www.notibras.com\/site\/wp-content\/uploads\/2016\/02\/img2013093013564710654MED.jpg\",\"datePublished\":\"2016-02-09T02:33:30+00:00\",\"dateModified\":\"2016-02-11T04:57:06+00:00\",\"breadcrumb\":{\"@id\":\"https:\/\/www.notibras.com\/site\/manicardi-bracos-direito-e-esquerdo-de-dr-ulysses-tinha-belas-historias-para-contar\/#breadcrumb\"},\"inLanguage\":\"pt-BR\",\"potentialAction\":[{\"@type\":\"ReadAction\",\"target\":[\"https:\/\/www.notibras.com\/site\/manicardi-bracos-direito-e-esquerdo-de-dr-ulysses-tinha-belas-historias-para-contar\/\"]}]},{\"@type\":\"ImageObject\",\"inLanguage\":\"pt-BR\",\"@id\":\"https:\/\/www.notibras.com\/site\/manicardi-bracos-direito-e-esquerdo-de-dr-ulysses-tinha-belas-historias-para-contar\/#primaryimage\",\"url\":\"https:\/\/www.notibras.com\/site\/wp-content\/uploads\/2016\/02\/img2013093013564710654MED.jpg\",\"contentUrl\":\"https:\/\/www.notibras.com\/site\/wp-content\/uploads\/2016\/02\/img2013093013564710654MED.jpg\",\"width\":672,\"height\":411},{\"@type\":\"BreadcrumbList\",\"@id\":\"https:\/\/www.notibras.com\/site\/manicardi-bracos-direito-e-esquerdo-de-dr-ulysses-tinha-belas-historias-para-contar\/#breadcrumb\",\"itemListElement\":[{\"@type\":\"ListItem\",\"position\":1,\"name\":\"In\u00edcio\",\"item\":\"https:\/\/www.notibras.com\/site\/\"},{\"@type\":\"ListItem\",\"position\":2,\"name\":\"Manicardi, bra\u00e7os direito e esquerdo de dr. Ulysses, tinha hist\u00f3rias para contar\"}]},{\"@type\":\"WebSite\",\"@id\":\"https:\/\/www.notibras.com\/site\/#website\",\"url\":\"https:\/\/www.notibras.com\/site\/\",\"name\":\"Notibras\",\"description\":\"Not\u00edcias de Bras\u00edlia, do Brasil e do Mundo\",\"publisher\":{\"@id\":\"https:\/\/www.notibras.com\/site\/#organization\"},\"potentialAction\":[{\"@type\":\"SearchAction\",\"target\":{\"@type\":\"EntryPoint\",\"urlTemplate\":\"https:\/\/www.notibras.com\/site\/?s={search_term_string}\"},\"query-input\":{\"@type\":\"PropertyValueSpecification\",\"valueRequired\":true,\"valueName\":\"search_term_string\"}}],\"inLanguage\":\"pt-BR\"},{\"@type\":\"Organization\",\"@id\":\"https:\/\/www.notibras.com\/site\/#organization\",\"name\":\"Grupo Notibras de Comunica\u00e7\u00e3o\",\"url\":\"https:\/\/www.notibras.com\/site\/\",\"logo\":{\"@type\":\"ImageObject\",\"inLanguage\":\"pt-BR\",\"@id\":\"https:\/\/www.notibras.com\/site\/#\/schema\/logo\/image\/\",\"url\":\"https:\/\/www.notibras.com\/site\/wp-content\/uploads\/2023\/01\/notibras23.png\",\"contentUrl\":\"https:\/\/www.notibras.com\/site\/wp-content\/uploads\/2023\/01\/notibras23.png\",\"width\":350,\"height\":87,\"caption\":\"Grupo Notibras de Comunica\u00e7\u00e3o\"},\"image\":{\"@id\":\"https:\/\/www.notibras.com\/site\/#\/schema\/logo\/image\/\"},\"sameAs\":[\"https:\/\/www.facebook.com\/notibras\/\",\"https:\/\/x.com\/Notibras\",\"https:\/\/www.instagram.com\/notibras\/\"]},{\"@type\":\"Person\",\"@id\":\"https:\/\/www.notibras.com\/site\/#\/schema\/person\/36ab0979449956132d3e5b517ea76ac8\",\"name\":\"Reda\u00e7\u00e3o\",\"image\":{\"@type\":\"ImageObject\",\"inLanguage\":\"pt-BR\",\"@id\":\"https:\/\/secure.gravatar.com\/avatar\/e0a867bdedb85fd243eadf09663511f96fc81e0720a4a42581f334ad4303aa6b?s=96&d=mm&r=g\",\"url\":\"https:\/\/secure.gravatar.com\/avatar\/e0a867bdedb85fd243eadf09663511f96fc81e0720a4a42581f334ad4303aa6b?s=96&d=mm&r=g\",\"contentUrl\":\"https:\/\/secure.gravatar.com\/avatar\/e0a867bdedb85fd243eadf09663511f96fc81e0720a4a42581f334ad4303aa6b?s=96&d=mm&r=g\",\"caption\":\"Reda\u00e7\u00e3o\"}}]}<\/script>\n<!-- \/ Yoast SEO plugin. -->","yoast_head_json":{"title":"Manicardi, bra\u00e7os direito e esquerdo de dr. Ulysses, tinha hist\u00f3rias para contar - Notibras","robots":{"index":"index","follow":"follow","max-snippet":"max-snippet:-1","max-image-preview":"max-image-preview:large","max-video-preview":"max-video-preview:-1"},"canonical":"https:\/\/www.notibras.com\/site\/manicardi-bracos-direito-e-esquerdo-de-dr-ulysses-tinha-belas-historias-para-contar\/","og_locale":"pt_BR","og_type":"article","og_title":"Manicardi, bra\u00e7os direito e esquerdo de dr. Ulysses, tinha hist\u00f3rias para contar - Notibras","og_description":"Jos\u00e9 Escarlate Pouco antes de morrer, Oswaldo Manicardi, bra\u00e7o direito e esquerdo do dr. Ulysses Guimar\u00e3es, companheiros e amigos desde sempre, me recebeu em sua casa. Seria uma conversa amena, lembrando passagens do seu grande amigo e companheiro de vida. Conheci o Oswaldo no Pal\u00e1cio do Planalto, quando ele acompanhava o doutor Ulysses, ent\u00e3o presidente [&hellip;]","og_url":"https:\/\/www.notibras.com\/site\/manicardi-bracos-direito-e-esquerdo-de-dr-ulysses-tinha-belas-historias-para-contar\/","og_site_name":"Notibras","article_publisher":"https:\/\/www.facebook.com\/notibras\/","article_published_time":"2016-02-09T02:33:30+00:00","article_modified_time":"2016-02-11T04:57:06+00:00","og_image":[{"width":672,"height":411,"url":"https:\/\/www.notibras.com\/site\/wp-content\/uploads\/2016\/02\/img2013093013564710654MED.jpg","type":"image\/jpeg"}],"author":"Reda\u00e7\u00e3o","twitter_card":"summary_large_image","twitter_creator":"@Notibras","twitter_site":"@Notibras","twitter_misc":{"Escrito por":"Reda\u00e7\u00e3o","Est. tempo de leitura":"2 minutos"},"schema":{"@context":"https:\/\/schema.org","@graph":[{"@type":"Article","@id":"https:\/\/www.notibras.com\/site\/manicardi-bracos-direito-e-esquerdo-de-dr-ulysses-tinha-belas-historias-para-contar\/#article","isPartOf":{"@id":"https:\/\/www.notibras.com\/site\/manicardi-bracos-direito-e-esquerdo-de-dr-ulysses-tinha-belas-historias-para-contar\/"},"author":{"name":"Reda\u00e7\u00e3o","@id":"https:\/\/www.notibras.com\/site\/#\/schema\/person\/36ab0979449956132d3e5b517ea76ac8"},"headline":"Manicardi, bra\u00e7os direito e esquerdo de dr. Ulysses, tinha hist\u00f3rias para contar","datePublished":"2016-02-09T02:33:30+00:00","dateModified":"2016-02-11T04:57:06+00:00","mainEntityOfPage":{"@id":"https:\/\/www.notibras.com\/site\/manicardi-bracos-direito-e-esquerdo-de-dr-ulysses-tinha-belas-historias-para-contar\/"},"wordCount":414,"commentCount":0,"publisher":{"@id":"https:\/\/www.notibras.com\/site\/#organization"},"image":{"@id":"https:\/\/www.notibras.com\/site\/manicardi-bracos-direito-e-esquerdo-de-dr-ulysses-tinha-belas-historias-para-contar\/#primaryimage"},"thumbnailUrl":"https:\/\/www.notibras.com\/site\/wp-content\/uploads\/2016\/02\/img2013093013564710654MED.jpg","articleSection":["P\u00e1ginas Viradas"],"inLanguage":"pt-BR","potentialAction":[{"@type":"CommentAction","name":"Comment","target":["https:\/\/www.notibras.com\/site\/manicardi-bracos-direito-e-esquerdo-de-dr-ulysses-tinha-belas-historias-para-contar\/#respond"]}]},{"@type":"WebPage","@id":"https:\/\/www.notibras.com\/site\/manicardi-bracos-direito-e-esquerdo-de-dr-ulysses-tinha-belas-historias-para-contar\/","url":"https:\/\/www.notibras.com\/site\/manicardi-bracos-direito-e-esquerdo-de-dr-ulysses-tinha-belas-historias-para-contar\/","name":"Manicardi, bra\u00e7os direito e esquerdo de dr. Ulysses, tinha hist\u00f3rias para contar - Notibras","isPartOf":{"@id":"https:\/\/www.notibras.com\/site\/#website"},"primaryImageOfPage":{"@id":"https:\/\/www.notibras.com\/site\/manicardi-bracos-direito-e-esquerdo-de-dr-ulysses-tinha-belas-historias-para-contar\/#primaryimage"},"image":{"@id":"https:\/\/www.notibras.com\/site\/manicardi-bracos-direito-e-esquerdo-de-dr-ulysses-tinha-belas-historias-para-contar\/#primaryimage"},"thumbnailUrl":"https:\/\/www.notibras.com\/site\/wp-content\/uploads\/2016\/02\/img2013093013564710654MED.jpg","datePublished":"2016-02-09T02:33:30+00:00","dateModified":"2016-02-11T04:57:06+00:00","breadcrumb":{"@id":"https:\/\/www.notibras.com\/site\/manicardi-bracos-direito-e-esquerdo-de-dr-ulysses-tinha-belas-historias-para-contar\/#breadcrumb"},"inLanguage":"pt-BR","potentialAction":[{"@type":"ReadAction","target":["https:\/\/www.notibras.com\/site\/manicardi-bracos-direito-e-esquerdo-de-dr-ulysses-tinha-belas-historias-para-contar\/"]}]},{"@type":"ImageObject","inLanguage":"pt-BR","@id":"https:\/\/www.notibras.com\/site\/manicardi-bracos-direito-e-esquerdo-de-dr-ulysses-tinha-belas-historias-para-contar\/#primaryimage","url":"https:\/\/www.notibras.com\/site\/wp-content\/uploads\/2016\/02\/img2013093013564710654MED.jpg","contentUrl":"https:\/\/www.notibras.com\/site\/wp-content\/uploads\/2016\/02\/img2013093013564710654MED.jpg","width":672,"height":411},{"@type":"BreadcrumbList","@id":"https:\/\/www.notibras.com\/site\/manicardi-bracos-direito-e-esquerdo-de-dr-ulysses-tinha-belas-historias-para-contar\/#breadcrumb","itemListElement":[{"@type":"ListItem","position":1,"name":"In\u00edcio","item":"https:\/\/www.notibras.com\/site\/"},{"@type":"ListItem","position":2,"name":"Manicardi, bra\u00e7os direito e esquerdo de dr. Ulysses, tinha hist\u00f3rias para contar"}]},{"@type":"WebSite","@id":"https:\/\/www.notibras.com\/site\/#website","url":"https:\/\/www.notibras.com\/site\/","name":"Notibras","description":"Not\u00edcias de Bras\u00edlia, do Brasil e do Mundo","publisher":{"@id":"https:\/\/www.notibras.com\/site\/#organization"},"potentialAction":[{"@type":"SearchAction","target":{"@type":"EntryPoint","urlTemplate":"https:\/\/www.notibras.com\/site\/?s={search_term_string}"},"query-input":{"@type":"PropertyValueSpecification","valueRequired":true,"valueName":"search_term_string"}}],"inLanguage":"pt-BR"},{"@type":"Organization","@id":"https:\/\/www.notibras.com\/site\/#organization","name":"Grupo Notibras de Comunica\u00e7\u00e3o","url":"https:\/\/www.notibras.com\/site\/","logo":{"@type":"ImageObject","inLanguage":"pt-BR","@id":"https:\/\/www.notibras.com\/site\/#\/schema\/logo\/image\/","url":"https:\/\/www.notibras.com\/site\/wp-content\/uploads\/2023\/01\/notibras23.png","contentUrl":"https:\/\/www.notibras.com\/site\/wp-content\/uploads\/2023\/01\/notibras23.png","width":350,"height":87,"caption":"Grupo Notibras de Comunica\u00e7\u00e3o"},"image":{"@id":"https:\/\/www.notibras.com\/site\/#\/schema\/logo\/image\/"},"sameAs":["https:\/\/www.facebook.com\/notibras\/","https:\/\/x.com\/Notibras","https:\/\/www.instagram.com\/notibras\/"]},{"@type":"Person","@id":"https:\/\/www.notibras.com\/site\/#\/schema\/person\/36ab0979449956132d3e5b517ea76ac8","name":"Reda\u00e7\u00e3o","image":{"@type":"ImageObject","inLanguage":"pt-BR","@id":"https:\/\/secure.gravatar.com\/avatar\/e0a867bdedb85fd243eadf09663511f96fc81e0720a4a42581f334ad4303aa6b?s=96&d=mm&r=g","url":"https:\/\/secure.gravatar.com\/avatar\/e0a867bdedb85fd243eadf09663511f96fc81e0720a4a42581f334ad4303aa6b?s=96&d=mm&r=g","contentUrl":"https:\/\/secure.gravatar.com\/avatar\/e0a867bdedb85fd243eadf09663511f96fc81e0720a4a42581f334ad4303aa6b?s=96&d=mm&r=g","caption":"Reda\u00e7\u00e3o"}}]}},"amp_enabled":true,"_links":{"self":[{"href":"https:\/\/www.notibras.com\/site\/wp-json\/wp\/v2\/posts\/88461","targetHints":{"allow":["GET"]}}],"collection":[{"href":"https:\/\/www.notibras.com\/site\/wp-json\/wp\/v2\/posts"}],"about":[{"href":"https:\/\/www.notibras.com\/site\/wp-json\/wp\/v2\/types\/post"}],"author":[{"embeddable":true,"href":"https:\/\/www.notibras.com\/site\/wp-json\/wp\/v2\/users\/2"}],"replies":[{"embeddable":true,"href":"https:\/\/www.notibras.com\/site\/wp-json\/wp\/v2\/comments?post=88461"}],"version-history":[{"count":2,"href":"https:\/\/www.notibras.com\/site\/wp-json\/wp\/v2\/posts\/88461\/revisions"}],"predecessor-version":[{"id":88756,"href":"https:\/\/www.notibras.com\/site\/wp-json\/wp\/v2\/posts\/88461\/revisions\/88756"}],"wp:featuredmedia":[{"embeddable":true,"href":"https:\/\/www.notibras.com\/site\/wp-json\/wp\/v2\/media\/88462"}],"wp:attachment":[{"href":"https:\/\/www.notibras.com\/site\/wp-json\/wp\/v2\/media?parent=88461"}],"wp:term":[{"taxonomy":"category","embeddable":true,"href":"https:\/\/www.notibras.com\/site\/wp-json\/wp\/v2\/categories?post=88461"},{"taxonomy":"post_tag","embeddable":true,"href":"https:\/\/www.notibras.com\/site\/wp-json\/wp\/v2\/tags?post=88461"}],"curies":[{"name":"wp","href":"https:\/\/api.w.org\/{rel}","templated":true}]}}