{"id":8853,"date":"2014-05-09T09:52:39","date_gmt":"2014-05-09T12:52:39","guid":{"rendered":"http:\/\/www.notibras.com\/site\/?p=8853"},"modified":"2014-05-09T09:52:39","modified_gmt":"2014-05-09T12:52:39","slug":"polemico-maldonado-diz-ter-escudo-especial-contra-criticas","status":"publish","type":"post","link":"https:\/\/www.notibras.com\/site\/polemico-maldonado-diz-ter-escudo-especial-contra-criticas\/","title":{"rendered":"Pol\u00eamico, Maldonado diz ter escudo especial contra cr\u00edticas"},"content":{"rendered":"<p>Se existe um piloto que \u00e9 capaz de ter, ao mesmo tempo, quem o ame e quem o veja com severas restri\u00e7\u00f5es \u00e9 Pastor Maldonado, da Lotus, venezuelano, 29 anos.<\/p>\n<div>Nesta sexta-feira ele entra na pista para come\u00e7ar sua prepara\u00e7\u00e3o para o GP da Espanha, no mesmo Circuito da Catalunha onde, em 2012, surpreendeu a todos ao estabelecer, com a decadente Williams, a pole position e, no dia seguinte, chocar a F1 ao vencer a prova. Isso n\u00e3o ocorria com a equipe inglesa havia sete anos, desde a corrida de Interlagos, em 2004.<\/div>\n<div><\/div>\n<div>Em entrevista ao Uol,, Maldonado disse ter criado &#8220;um escudo contra as frequentes cr\u00edticas&#8221; e estar, hoje, t\u00e3o animado quanto h\u00e1 dois anos, quando compreendeu que tinha chances de um grande resultado. &#8220;O pessoal da Lotus merece uma surpresa como a que ofereci \u00e0 Williams h\u00e1 dois anos&#8221;, disse.<\/div>\n<div><\/div>\n<div>&#8220;Eles realmente est\u00e3o trabalhando muito, e s\u00e3o por demais capazes, para levar a Lotus \u00e0 condi\u00e7\u00e3o de poder vencer de novo. Aqui ser\u00e1 o momento da virada da equipe.&#8221; A Lotus ainda n\u00e3o pontuou nas quatro etapas disputadas este ano. Em 2013, a esta altura, j\u00e1 havia conquistado, com Kimi Raikkonen e Romain Grosjean, impressionantes 93 pontos.<\/div>\n<div><\/div>\n<div>O personagem Maldonado \u00e9 controverso, para se dizer o m\u00ednimo. &#8220;Tudo na vida \u00e9 assim. Existem os que gostam de voc\u00ea e at\u00e9 te admiram como os que sempre encontrar\u00e3o algo no que voc\u00ea faz que servir\u00e1 para ser criticado&#8221;, comenta, resignado. &#8220;Tive de aprender a conviver com o fogo cruzado.&#8221;<\/div>\n<div><\/div>\n<div>&#8220;Ele \u00e9 um louco&#8221;, afirmou Esteban Gutierrez, da Sauber. Na sa\u00edda dos boxes, no GP de Bahrein, o venezuelano tocou na Sauber levando o mexicano a capotar o carro. &#8220;Hoje Pastor respondeu aos cr\u00edticos. \u00c9 um piloto veloc\u00edssimo e, quando disp\u00f5e de um bom carro, \u00e9 capaz de vencer&#8221;, disse Frank Williams, ap\u00f3s \u00e0 vit\u00f3ria do venezuelano na Espanha.<\/div>\n<div><\/div>\n<div>Mais exemplos desse ponto e contraponto da trajet\u00f3ria de Maldonado, que remonta ainda sua forma\u00e7\u00e3o como piloto. Na corrida de M\u00f4naco da F\u00f3rmula Renault 3.5 de 2005, n\u00e3o respeitou a bandeira amarela e atropelou um comiss\u00e1rio, quebrando sua coluna. Recebeu quatro etapas de suspens\u00e3o. Mas no ano seguinte, na mesma categoria, ganhou a prova no mesmo circuito de Monte Carlo. E, com raiva, foi primeiro no Principado j\u00e1 na GP2 um ano depois, 2007, e ainda em 2010. &#8220;Bela resposta, n\u00e3o?&#8221;, lembra.<\/div>\n","protected":false},"excerpt":{"rendered":"<p>Se existe um piloto que \u00e9 capaz de ter, ao mesmo tempo, quem o ame e quem o veja com severas restri\u00e7\u00f5es \u00e9 Pastor Maldonado, da Lotus, venezuelano, 29 anos. Nesta sexta-feira ele entra na pista para come\u00e7ar sua prepara\u00e7\u00e3o para o GP da Espanha, no mesmo Circuito da Catalunha onde, em 2012, surpreendeu a [&hellip;]<\/p>\n","protected":false},"author":2,"featured_media":8854,"comment_status":"open","ping_status":"closed","sticky":false,"template":"","format":"standard","meta":{"_acf_changed":false,"footnotes":""},"categories":[27,19],"tags":[],"class_list":["post-8853","post","type-post","status-publish","format-standard","has-post-thumbnail","hentry","category-automobilismo","category-esportes"],"acf":[],"yoast_head":"<!-- This site is optimized with the Yoast SEO plugin v27.2 - https:\/\/yoast.com\/product\/yoast-seo-wordpress\/ -->\n<title>Pol\u00eamico, Maldonado diz ter escudo especial contra cr\u00edticas - Notibras<\/title>\n<meta name=\"robots\" content=\"index, follow, max-snippet:-1, max-image-preview:large, max-video-preview:-1\" \/>\n<link rel=\"canonical\" href=\"https:\/\/www.notibras.com\/site\/polemico-maldonado-diz-ter-escudo-especial-contra-criticas\/\" \/>\n<meta property=\"og:locale\" content=\"pt_BR\" \/>\n<meta property=\"og:type\" content=\"article\" \/>\n<meta property=\"og:title\" content=\"Pol\u00eamico, Maldonado diz ter escudo especial contra cr\u00edticas - Notibras\" \/>\n<meta property=\"og:description\" content=\"Se existe um piloto que \u00e9 capaz de ter, ao mesmo tempo, quem o ame e quem o veja com severas restri\u00e7\u00f5es \u00e9 Pastor Maldonado, da Lotus, venezuelano, 29 anos. Nesta sexta-feira ele entra na pista para come\u00e7ar sua prepara\u00e7\u00e3o para o GP da Espanha, no mesmo Circuito da Catalunha onde, em 2012, surpreendeu a [&hellip;]\" \/>\n<meta property=\"og:url\" content=\"https:\/\/www.notibras.com\/site\/polemico-maldonado-diz-ter-escudo-especial-contra-criticas\/\" \/>\n<meta property=\"og:site_name\" content=\"Notibras\" \/>\n<meta property=\"article:publisher\" content=\"https:\/\/www.facebook.com\/notibras\/\" \/>\n<meta property=\"article:published_time\" content=\"2014-05-09T12:52:39+00:00\" \/>\n<meta property=\"og:image\" content=\"https:\/\/www.notibras.com\/site\/wp-content\/uploads\/2014\/05\/mal.jpg\" \/>\n\t<meta property=\"og:image:width\" content=\"615\" \/>\n\t<meta property=\"og:image:height\" content=\"300\" \/>\n\t<meta property=\"og:image:type\" content=\"image\/jpeg\" \/>\n<meta name=\"author\" content=\"Reda\u00e7\u00e3o\" \/>\n<meta name=\"twitter:card\" content=\"summary_large_image\" \/>\n<meta name=\"twitter:creator\" content=\"@Notibras\" \/>\n<meta name=\"twitter:site\" content=\"@Notibras\" \/>\n<meta name=\"twitter:label1\" content=\"Escrito por\" \/>\n\t<meta name=\"twitter:data1\" content=\"Reda\u00e7\u00e3o\" \/>\n\t<meta name=\"twitter:label2\" content=\"Est. tempo de leitura\" \/>\n\t<meta name=\"twitter:data2\" content=\"2 minutos\" \/>\n<script type=\"application\/ld+json\" class=\"yoast-schema-graph\">{\"@context\":\"https:\/\/schema.org\",\"@graph\":[{\"@type\":\"Article\",\"@id\":\"https:\/\/www.notibras.com\/site\/polemico-maldonado-diz-ter-escudo-especial-contra-criticas\/#article\",\"isPartOf\":{\"@id\":\"https:\/\/www.notibras.com\/site\/polemico-maldonado-diz-ter-escudo-especial-contra-criticas\/\"},\"author\":{\"name\":\"Reda\u00e7\u00e3o\",\"@id\":\"https:\/\/www.notibras.com\/site\/#\/schema\/person\/36ab0979449956132d3e5b517ea76ac8\"},\"headline\":\"Pol\u00eamico, Maldonado diz ter escudo especial contra cr\u00edticas\",\"datePublished\":\"2014-05-09T12:52:39+00:00\",\"mainEntityOfPage\":{\"@id\":\"https:\/\/www.notibras.com\/site\/polemico-maldonado-diz-ter-escudo-especial-contra-criticas\/\"},\"wordCount\":408,\"commentCount\":0,\"publisher\":{\"@id\":\"https:\/\/www.notibras.com\/site\/#organization\"},\"image\":{\"@id\":\"https:\/\/www.notibras.com\/site\/polemico-maldonado-diz-ter-escudo-especial-contra-criticas\/#primaryimage\"},\"thumbnailUrl\":\"https:\/\/www.notibras.com\/site\/wp-content\/uploads\/2014\/05\/mal.jpg\",\"articleSection\":[\"Automobilismo\",\"Esportes\"],\"inLanguage\":\"pt-BR\",\"potentialAction\":[{\"@type\":\"CommentAction\",\"name\":\"Comment\",\"target\":[\"https:\/\/www.notibras.com\/site\/polemico-maldonado-diz-ter-escudo-especial-contra-criticas\/#respond\"]}]},{\"@type\":\"WebPage\",\"@id\":\"https:\/\/www.notibras.com\/site\/polemico-maldonado-diz-ter-escudo-especial-contra-criticas\/\",\"url\":\"https:\/\/www.notibras.com\/site\/polemico-maldonado-diz-ter-escudo-especial-contra-criticas\/\",\"name\":\"Pol\u00eamico, Maldonado diz ter escudo especial contra cr\u00edticas - Notibras\",\"isPartOf\":{\"@id\":\"https:\/\/www.notibras.com\/site\/#website\"},\"primaryImageOfPage\":{\"@id\":\"https:\/\/www.notibras.com\/site\/polemico-maldonado-diz-ter-escudo-especial-contra-criticas\/#primaryimage\"},\"image\":{\"@id\":\"https:\/\/www.notibras.com\/site\/polemico-maldonado-diz-ter-escudo-especial-contra-criticas\/#primaryimage\"},\"thumbnailUrl\":\"https:\/\/www.notibras.com\/site\/wp-content\/uploads\/2014\/05\/mal.jpg\",\"datePublished\":\"2014-05-09T12:52:39+00:00\",\"breadcrumb\":{\"@id\":\"https:\/\/www.notibras.com\/site\/polemico-maldonado-diz-ter-escudo-especial-contra-criticas\/#breadcrumb\"},\"inLanguage\":\"pt-BR\",\"potentialAction\":[{\"@type\":\"ReadAction\",\"target\":[\"https:\/\/www.notibras.com\/site\/polemico-maldonado-diz-ter-escudo-especial-contra-criticas\/\"]}]},{\"@type\":\"ImageObject\",\"inLanguage\":\"pt-BR\",\"@id\":\"https:\/\/www.notibras.com\/site\/polemico-maldonado-diz-ter-escudo-especial-contra-criticas\/#primaryimage\",\"url\":\"https:\/\/www.notibras.com\/site\/wp-content\/uploads\/2014\/05\/mal.jpg\",\"contentUrl\":\"https:\/\/www.notibras.com\/site\/wp-content\/uploads\/2014\/05\/mal.jpg\",\"width\":615,\"height\":300},{\"@type\":\"BreadcrumbList\",\"@id\":\"https:\/\/www.notibras.com\/site\/polemico-maldonado-diz-ter-escudo-especial-contra-criticas\/#breadcrumb\",\"itemListElement\":[{\"@type\":\"ListItem\",\"position\":1,\"name\":\"In\u00edcio\",\"item\":\"https:\/\/www.notibras.com\/site\/\"},{\"@type\":\"ListItem\",\"position\":2,\"name\":\"Pol\u00eamico, Maldonado diz ter escudo especial contra cr\u00edticas\"}]},{\"@type\":\"WebSite\",\"@id\":\"https:\/\/www.notibras.com\/site\/#website\",\"url\":\"https:\/\/www.notibras.com\/site\/\",\"name\":\"Notibras\",\"description\":\"Not\u00edcias de Bras\u00edlia, do Brasil e do Mundo\",\"publisher\":{\"@id\":\"https:\/\/www.notibras.com\/site\/#organization\"},\"potentialAction\":[{\"@type\":\"SearchAction\",\"target\":{\"@type\":\"EntryPoint\",\"urlTemplate\":\"https:\/\/www.notibras.com\/site\/?s={search_term_string}\"},\"query-input\":{\"@type\":\"PropertyValueSpecification\",\"valueRequired\":true,\"valueName\":\"search_term_string\"}}],\"inLanguage\":\"pt-BR\"},{\"@type\":\"Organization\",\"@id\":\"https:\/\/www.notibras.com\/site\/#organization\",\"name\":\"Grupo Notibras de Comunica\u00e7\u00e3o\",\"url\":\"https:\/\/www.notibras.com\/site\/\",\"logo\":{\"@type\":\"ImageObject\",\"inLanguage\":\"pt-BR\",\"@id\":\"https:\/\/www.notibras.com\/site\/#\/schema\/logo\/image\/\",\"url\":\"https:\/\/www.notibras.com\/site\/wp-content\/uploads\/2023\/01\/notibras23.png\",\"contentUrl\":\"https:\/\/www.notibras.com\/site\/wp-content\/uploads\/2023\/01\/notibras23.png\",\"width\":350,\"height\":87,\"caption\":\"Grupo Notibras de Comunica\u00e7\u00e3o\"},\"image\":{\"@id\":\"https:\/\/www.notibras.com\/site\/#\/schema\/logo\/image\/\"},\"sameAs\":[\"https:\/\/www.facebook.com\/notibras\/\",\"https:\/\/x.com\/Notibras\",\"https:\/\/www.instagram.com\/notibras\/\"]},{\"@type\":\"Person\",\"@id\":\"https:\/\/www.notibras.com\/site\/#\/schema\/person\/36ab0979449956132d3e5b517ea76ac8\",\"name\":\"Reda\u00e7\u00e3o\",\"image\":{\"@type\":\"ImageObject\",\"inLanguage\":\"pt-BR\",\"@id\":\"https:\/\/secure.gravatar.com\/avatar\/e0a867bdedb85fd243eadf09663511f96fc81e0720a4a42581f334ad4303aa6b?s=96&d=mm&r=g\",\"url\":\"https:\/\/secure.gravatar.com\/avatar\/e0a867bdedb85fd243eadf09663511f96fc81e0720a4a42581f334ad4303aa6b?s=96&d=mm&r=g\",\"contentUrl\":\"https:\/\/secure.gravatar.com\/avatar\/e0a867bdedb85fd243eadf09663511f96fc81e0720a4a42581f334ad4303aa6b?s=96&d=mm&r=g\",\"caption\":\"Reda\u00e7\u00e3o\"}}]}<\/script>\n<!-- \/ Yoast SEO plugin. -->","yoast_head_json":{"title":"Pol\u00eamico, Maldonado diz ter escudo especial contra cr\u00edticas - Notibras","robots":{"index":"index","follow":"follow","max-snippet":"max-snippet:-1","max-image-preview":"max-image-preview:large","max-video-preview":"max-video-preview:-1"},"canonical":"https:\/\/www.notibras.com\/site\/polemico-maldonado-diz-ter-escudo-especial-contra-criticas\/","og_locale":"pt_BR","og_type":"article","og_title":"Pol\u00eamico, Maldonado diz ter escudo especial contra cr\u00edticas - Notibras","og_description":"Se existe um piloto que \u00e9 capaz de ter, ao mesmo tempo, quem o ame e quem o veja com severas restri\u00e7\u00f5es \u00e9 Pastor Maldonado, da Lotus, venezuelano, 29 anos. Nesta sexta-feira ele entra na pista para come\u00e7ar sua prepara\u00e7\u00e3o para o GP da Espanha, no mesmo Circuito da Catalunha onde, em 2012, surpreendeu a [&hellip;]","og_url":"https:\/\/www.notibras.com\/site\/polemico-maldonado-diz-ter-escudo-especial-contra-criticas\/","og_site_name":"Notibras","article_publisher":"https:\/\/www.facebook.com\/notibras\/","article_published_time":"2014-05-09T12:52:39+00:00","og_image":[{"width":615,"height":300,"url":"https:\/\/www.notibras.com\/site\/wp-content\/uploads\/2014\/05\/mal.jpg","type":"image\/jpeg"}],"author":"Reda\u00e7\u00e3o","twitter_card":"summary_large_image","twitter_creator":"@Notibras","twitter_site":"@Notibras","twitter_misc":{"Escrito por":"Reda\u00e7\u00e3o","Est. tempo de leitura":"2 minutos"},"schema":{"@context":"https:\/\/schema.org","@graph":[{"@type":"Article","@id":"https:\/\/www.notibras.com\/site\/polemico-maldonado-diz-ter-escudo-especial-contra-criticas\/#article","isPartOf":{"@id":"https:\/\/www.notibras.com\/site\/polemico-maldonado-diz-ter-escudo-especial-contra-criticas\/"},"author":{"name":"Reda\u00e7\u00e3o","@id":"https:\/\/www.notibras.com\/site\/#\/schema\/person\/36ab0979449956132d3e5b517ea76ac8"},"headline":"Pol\u00eamico, Maldonado diz ter escudo especial contra cr\u00edticas","datePublished":"2014-05-09T12:52:39+00:00","mainEntityOfPage":{"@id":"https:\/\/www.notibras.com\/site\/polemico-maldonado-diz-ter-escudo-especial-contra-criticas\/"},"wordCount":408,"commentCount":0,"publisher":{"@id":"https:\/\/www.notibras.com\/site\/#organization"},"image":{"@id":"https:\/\/www.notibras.com\/site\/polemico-maldonado-diz-ter-escudo-especial-contra-criticas\/#primaryimage"},"thumbnailUrl":"https:\/\/www.notibras.com\/site\/wp-content\/uploads\/2014\/05\/mal.jpg","articleSection":["Automobilismo","Esportes"],"inLanguage":"pt-BR","potentialAction":[{"@type":"CommentAction","name":"Comment","target":["https:\/\/www.notibras.com\/site\/polemico-maldonado-diz-ter-escudo-especial-contra-criticas\/#respond"]}]},{"@type":"WebPage","@id":"https:\/\/www.notibras.com\/site\/polemico-maldonado-diz-ter-escudo-especial-contra-criticas\/","url":"https:\/\/www.notibras.com\/site\/polemico-maldonado-diz-ter-escudo-especial-contra-criticas\/","name":"Pol\u00eamico, Maldonado diz ter escudo especial contra cr\u00edticas - Notibras","isPartOf":{"@id":"https:\/\/www.notibras.com\/site\/#website"},"primaryImageOfPage":{"@id":"https:\/\/www.notibras.com\/site\/polemico-maldonado-diz-ter-escudo-especial-contra-criticas\/#primaryimage"},"image":{"@id":"https:\/\/www.notibras.com\/site\/polemico-maldonado-diz-ter-escudo-especial-contra-criticas\/#primaryimage"},"thumbnailUrl":"https:\/\/www.notibras.com\/site\/wp-content\/uploads\/2014\/05\/mal.jpg","datePublished":"2014-05-09T12:52:39+00:00","breadcrumb":{"@id":"https:\/\/www.notibras.com\/site\/polemico-maldonado-diz-ter-escudo-especial-contra-criticas\/#breadcrumb"},"inLanguage":"pt-BR","potentialAction":[{"@type":"ReadAction","target":["https:\/\/www.notibras.com\/site\/polemico-maldonado-diz-ter-escudo-especial-contra-criticas\/"]}]},{"@type":"ImageObject","inLanguage":"pt-BR","@id":"https:\/\/www.notibras.com\/site\/polemico-maldonado-diz-ter-escudo-especial-contra-criticas\/#primaryimage","url":"https:\/\/www.notibras.com\/site\/wp-content\/uploads\/2014\/05\/mal.jpg","contentUrl":"https:\/\/www.notibras.com\/site\/wp-content\/uploads\/2014\/05\/mal.jpg","width":615,"height":300},{"@type":"BreadcrumbList","@id":"https:\/\/www.notibras.com\/site\/polemico-maldonado-diz-ter-escudo-especial-contra-criticas\/#breadcrumb","itemListElement":[{"@type":"ListItem","position":1,"name":"In\u00edcio","item":"https:\/\/www.notibras.com\/site\/"},{"@type":"ListItem","position":2,"name":"Pol\u00eamico, Maldonado diz ter escudo especial contra cr\u00edticas"}]},{"@type":"WebSite","@id":"https:\/\/www.notibras.com\/site\/#website","url":"https:\/\/www.notibras.com\/site\/","name":"Notibras","description":"Not\u00edcias de Bras\u00edlia, do Brasil e do Mundo","publisher":{"@id":"https:\/\/www.notibras.com\/site\/#organization"},"potentialAction":[{"@type":"SearchAction","target":{"@type":"EntryPoint","urlTemplate":"https:\/\/www.notibras.com\/site\/?s={search_term_string}"},"query-input":{"@type":"PropertyValueSpecification","valueRequired":true,"valueName":"search_term_string"}}],"inLanguage":"pt-BR"},{"@type":"Organization","@id":"https:\/\/www.notibras.com\/site\/#organization","name":"Grupo Notibras de Comunica\u00e7\u00e3o","url":"https:\/\/www.notibras.com\/site\/","logo":{"@type":"ImageObject","inLanguage":"pt-BR","@id":"https:\/\/www.notibras.com\/site\/#\/schema\/logo\/image\/","url":"https:\/\/www.notibras.com\/site\/wp-content\/uploads\/2023\/01\/notibras23.png","contentUrl":"https:\/\/www.notibras.com\/site\/wp-content\/uploads\/2023\/01\/notibras23.png","width":350,"height":87,"caption":"Grupo Notibras de Comunica\u00e7\u00e3o"},"image":{"@id":"https:\/\/www.notibras.com\/site\/#\/schema\/logo\/image\/"},"sameAs":["https:\/\/www.facebook.com\/notibras\/","https:\/\/x.com\/Notibras","https:\/\/www.instagram.com\/notibras\/"]},{"@type":"Person","@id":"https:\/\/www.notibras.com\/site\/#\/schema\/person\/36ab0979449956132d3e5b517ea76ac8","name":"Reda\u00e7\u00e3o","image":{"@type":"ImageObject","inLanguage":"pt-BR","@id":"https:\/\/secure.gravatar.com\/avatar\/e0a867bdedb85fd243eadf09663511f96fc81e0720a4a42581f334ad4303aa6b?s=96&d=mm&r=g","url":"https:\/\/secure.gravatar.com\/avatar\/e0a867bdedb85fd243eadf09663511f96fc81e0720a4a42581f334ad4303aa6b?s=96&d=mm&r=g","contentUrl":"https:\/\/secure.gravatar.com\/avatar\/e0a867bdedb85fd243eadf09663511f96fc81e0720a4a42581f334ad4303aa6b?s=96&d=mm&r=g","caption":"Reda\u00e7\u00e3o"}}]}},"amp_enabled":true,"_links":{"self":[{"href":"https:\/\/www.notibras.com\/site\/wp-json\/wp\/v2\/posts\/8853","targetHints":{"allow":["GET"]}}],"collection":[{"href":"https:\/\/www.notibras.com\/site\/wp-json\/wp\/v2\/posts"}],"about":[{"href":"https:\/\/www.notibras.com\/site\/wp-json\/wp\/v2\/types\/post"}],"author":[{"embeddable":true,"href":"https:\/\/www.notibras.com\/site\/wp-json\/wp\/v2\/users\/2"}],"replies":[{"embeddable":true,"href":"https:\/\/www.notibras.com\/site\/wp-json\/wp\/v2\/comments?post=8853"}],"version-history":[{"count":0,"href":"https:\/\/www.notibras.com\/site\/wp-json\/wp\/v2\/posts\/8853\/revisions"}],"wp:featuredmedia":[{"embeddable":true,"href":"https:\/\/www.notibras.com\/site\/wp-json\/wp\/v2\/media\/8854"}],"wp:attachment":[{"href":"https:\/\/www.notibras.com\/site\/wp-json\/wp\/v2\/media?parent=8853"}],"wp:term":[{"taxonomy":"category","embeddable":true,"href":"https:\/\/www.notibras.com\/site\/wp-json\/wp\/v2\/categories?post=8853"},{"taxonomy":"post_tag","embeddable":true,"href":"https:\/\/www.notibras.com\/site\/wp-json\/wp\/v2\/tags?post=8853"}],"curies":[{"name":"wp","href":"https:\/\/api.w.org\/{rel}","templated":true}]}}