{"id":88708,"date":"2016-02-10T20:41:16","date_gmt":"2016-02-10T22:41:16","guid":{"rendered":"http:\/\/www.notibras.com\/site\/?p=88708"},"modified":"2016-02-11T01:45:18","modified_gmt":"2016-02-11T03:45:18","slug":"juiz-do-rio-manda-de-volta-para-a-cadeia-executivo-da-gutierrez-solto-por-sergio-moro","status":"publish","type":"post","link":"https:\/\/www.notibras.com\/site\/juiz-do-rio-manda-de-volta-para-a-cadeia-executivo-da-gutierrez-solto-por-sergio-moro\/","title":{"rendered":"Juiz do Rio manda de volta para a cadeia executivo da Gutierrez solto por Moro"},"content":{"rendered":"<div id=\"Corpo\">\n<h6 class=\"Assina\"><strong>Ricardo Brant e Fausto Macedo<\/strong><\/h6>\n<p>O empreiteiro Ot\u00e1vio Marques de Azevedo, da Andrade Gutierrez, voltou para a pris\u00e3o em regime fechado. Por ordem do juiz federal do Rio Marcelo Bretas, a Pol\u00edcia Federal prendeu o executivo nesta quarta-feira, 10, \u00e0s 17 horas em sua resid\u00eancia em S\u00e3o Paulo.<\/p>\n<p>O juiz considerou que deveria ter se pronunciado acerca da pris\u00e3o domiciliar com tornozeleira eletr\u00f4nica a que Azevedo estava submetido desde sexta-feira, 5, por decis\u00e3o de um colega dele, o juiz federal da Opera\u00e7\u00e3o Lava Jato S\u00e9rgio Moro.<\/p>\n<p>Por ter fechado acordo de dela\u00e7\u00e3o premiada, o executivo da Andrade Gutierrez obteve a pris\u00e3o domiciliar. Contra Ot\u00e1vio Marques de Azevedo, por\u00e9m, pesam duas ordens de pris\u00e3o. Uma em Curitiba, base da Lava Jato, e outra no Rio.<\/p>\n<p>Em Curitiba, sob responsabilidade de S\u00e9rgio Moro, corre a\u00e7\u00e3o sobre esquema de propinas na Petrobras.<\/p>\n<p>No Rio, sob responsabilidade do juiz Marcelo Bretas, tramita a\u00e7\u00e3o sobre esquema de propinas na Eletronuclear envolvendo seu ex-presidente, o almirante Othon Pinheiro.<\/p>\n<p>A dela\u00e7\u00e3o premiada de Ot\u00e1vio Azevedo foi firmada no \u00e2mbito da Lava Jato em Curitiba, onde o juiz Moro autorizou a remo\u00e7\u00e3o do empreiteiro para o regime domiciliar, sob monitoramento de tornozeleira eletr\u00f4nica, na sexta, 5.<\/p>\n<p>O juiz federal do Rio, no entanto, considerou que tem que se pronunciar sobre a medida porque contra Ot\u00e1vio Azevedo h\u00e1 mandado de pris\u00e3o nos autos sob sua guarda.<\/p>\n<p><img loading=\"lazy\" decoding=\"async\" class=\"alignnone size-full wp-image-70065\" src=\"http:\/\/www.notibras.com\/site\/wp-content\/uploads\/2015\/10\/estadao.png\" alt=\"estadao\" width=\"99\" height=\"16\" \/><\/p>\n<\/div>\n","protected":false},"excerpt":{"rendered":"<p>Ricardo Brant e Fausto Macedo O empreiteiro Ot\u00e1vio Marques de Azevedo, da Andrade Gutierrez, voltou para a pris\u00e3o em regime fechado. Por ordem do juiz federal do Rio Marcelo Bretas, a Pol\u00edcia Federal prendeu o executivo nesta quarta-feira, 10, \u00e0s 17 horas em sua resid\u00eancia em S\u00e3o Paulo. O juiz considerou que deveria ter se [&hellip;]<\/p>\n","protected":false},"author":2,"featured_media":88709,"comment_status":"open","ping_status":"closed","sticky":false,"template":"","format":"standard","meta":{"_acf_changed":false,"footnotes":""},"categories":[16],"tags":[],"class_list":["post-88708","post","type-post","status-publish","format-standard","has-post-thumbnail","hentry","category-brasil"],"acf":[],"yoast_head":"<!-- This site is optimized with the Yoast SEO plugin v27.2 - https:\/\/yoast.com\/product\/yoast-seo-wordpress\/ -->\n<title>Juiz do Rio manda de volta para a cadeia executivo da Gutierrez solto por Moro - Notibras<\/title>\n<meta name=\"robots\" content=\"index, follow, max-snippet:-1, max-image-preview:large, max-video-preview:-1\" \/>\n<link rel=\"canonical\" href=\"https:\/\/www.notibras.com\/site\/juiz-do-rio-manda-de-volta-para-a-cadeia-executivo-da-gutierrez-solto-por-sergio-moro\/\" \/>\n<meta property=\"og:locale\" content=\"pt_BR\" \/>\n<meta property=\"og:type\" content=\"article\" \/>\n<meta property=\"og:title\" content=\"Juiz do Rio manda de volta para a cadeia executivo da Gutierrez solto por Moro - Notibras\" \/>\n<meta property=\"og:description\" content=\"Ricardo Brant e Fausto Macedo O empreiteiro Ot\u00e1vio Marques de Azevedo, da Andrade Gutierrez, voltou para a pris\u00e3o em regime fechado. Por ordem do juiz federal do Rio Marcelo Bretas, a Pol\u00edcia Federal prendeu o executivo nesta quarta-feira, 10, \u00e0s 17 horas em sua resid\u00eancia em S\u00e3o Paulo. O juiz considerou que deveria ter se [&hellip;]\" \/>\n<meta property=\"og:url\" content=\"https:\/\/www.notibras.com\/site\/juiz-do-rio-manda-de-volta-para-a-cadeia-executivo-da-gutierrez-solto-por-sergio-moro\/\" \/>\n<meta property=\"og:site_name\" content=\"Notibras\" \/>\n<meta property=\"article:publisher\" content=\"https:\/\/www.facebook.com\/notibras\/\" \/>\n<meta property=\"article:published_time\" content=\"2016-02-10T22:41:16+00:00\" \/>\n<meta property=\"article:modified_time\" content=\"2016-02-11T03:45:18+00:00\" \/>\n<meta property=\"og:image\" content=\"https:\/\/www.notibras.com\/site\/wp-content\/uploads\/2016\/02\/alx_otavio-azevedo-gutierez-02_original.jpeg\" \/>\n\t<meta property=\"og:image:width\" content=\"690\" \/>\n\t<meta property=\"og:image:height\" content=\"518\" \/>\n\t<meta property=\"og:image:type\" content=\"image\/jpeg\" \/>\n<meta name=\"author\" content=\"Reda\u00e7\u00e3o\" \/>\n<meta name=\"twitter:card\" content=\"summary_large_image\" \/>\n<meta name=\"twitter:creator\" content=\"@Notibras\" \/>\n<meta name=\"twitter:site\" content=\"@Notibras\" \/>\n<meta name=\"twitter:label1\" content=\"Escrito por\" \/>\n\t<meta name=\"twitter:data1\" content=\"Reda\u00e7\u00e3o\" \/>\n\t<meta name=\"twitter:label2\" content=\"Est. tempo de leitura\" \/>\n\t<meta name=\"twitter:data2\" content=\"1 minuto\" \/>\n<script type=\"application\/ld+json\" class=\"yoast-schema-graph\">{\"@context\":\"https:\/\/schema.org\",\"@graph\":[{\"@type\":\"Article\",\"@id\":\"https:\/\/www.notibras.com\/site\/juiz-do-rio-manda-de-volta-para-a-cadeia-executivo-da-gutierrez-solto-por-sergio-moro\/#article\",\"isPartOf\":{\"@id\":\"https:\/\/www.notibras.com\/site\/juiz-do-rio-manda-de-volta-para-a-cadeia-executivo-da-gutierrez-solto-por-sergio-moro\/\"},\"author\":{\"name\":\"Reda\u00e7\u00e3o\",\"@id\":\"https:\/\/www.notibras.com\/site\/#\/schema\/person\/36ab0979449956132d3e5b517ea76ac8\"},\"headline\":\"Juiz do Rio manda de volta para a cadeia executivo da Gutierrez solto por Moro\",\"datePublished\":\"2016-02-10T22:41:16+00:00\",\"dateModified\":\"2016-02-11T03:45:18+00:00\",\"mainEntityOfPage\":{\"@id\":\"https:\/\/www.notibras.com\/site\/juiz-do-rio-manda-de-volta-para-a-cadeia-executivo-da-gutierrez-solto-por-sergio-moro\/\"},\"wordCount\":262,\"commentCount\":0,\"publisher\":{\"@id\":\"https:\/\/www.notibras.com\/site\/#organization\"},\"image\":{\"@id\":\"https:\/\/www.notibras.com\/site\/juiz-do-rio-manda-de-volta-para-a-cadeia-executivo-da-gutierrez-solto-por-sergio-moro\/#primaryimage\"},\"thumbnailUrl\":\"https:\/\/www.notibras.com\/site\/wp-content\/uploads\/2016\/02\/alx_otavio-azevedo-gutierez-02_original.jpeg\",\"articleSection\":[\"Brasil\"],\"inLanguage\":\"pt-BR\",\"potentialAction\":[{\"@type\":\"CommentAction\",\"name\":\"Comment\",\"target\":[\"https:\/\/www.notibras.com\/site\/juiz-do-rio-manda-de-volta-para-a-cadeia-executivo-da-gutierrez-solto-por-sergio-moro\/#respond\"]}]},{\"@type\":\"WebPage\",\"@id\":\"https:\/\/www.notibras.com\/site\/juiz-do-rio-manda-de-volta-para-a-cadeia-executivo-da-gutierrez-solto-por-sergio-moro\/\",\"url\":\"https:\/\/www.notibras.com\/site\/juiz-do-rio-manda-de-volta-para-a-cadeia-executivo-da-gutierrez-solto-por-sergio-moro\/\",\"name\":\"Juiz do Rio manda de volta para a cadeia executivo da Gutierrez solto por Moro - Notibras\",\"isPartOf\":{\"@id\":\"https:\/\/www.notibras.com\/site\/#website\"},\"primaryImageOfPage\":{\"@id\":\"https:\/\/www.notibras.com\/site\/juiz-do-rio-manda-de-volta-para-a-cadeia-executivo-da-gutierrez-solto-por-sergio-moro\/#primaryimage\"},\"image\":{\"@id\":\"https:\/\/www.notibras.com\/site\/juiz-do-rio-manda-de-volta-para-a-cadeia-executivo-da-gutierrez-solto-por-sergio-moro\/#primaryimage\"},\"thumbnailUrl\":\"https:\/\/www.notibras.com\/site\/wp-content\/uploads\/2016\/02\/alx_otavio-azevedo-gutierez-02_original.jpeg\",\"datePublished\":\"2016-02-10T22:41:16+00:00\",\"dateModified\":\"2016-02-11T03:45:18+00:00\",\"breadcrumb\":{\"@id\":\"https:\/\/www.notibras.com\/site\/juiz-do-rio-manda-de-volta-para-a-cadeia-executivo-da-gutierrez-solto-por-sergio-moro\/#breadcrumb\"},\"inLanguage\":\"pt-BR\",\"potentialAction\":[{\"@type\":\"ReadAction\",\"target\":[\"https:\/\/www.notibras.com\/site\/juiz-do-rio-manda-de-volta-para-a-cadeia-executivo-da-gutierrez-solto-por-sergio-moro\/\"]}]},{\"@type\":\"ImageObject\",\"inLanguage\":\"pt-BR\",\"@id\":\"https:\/\/www.notibras.com\/site\/juiz-do-rio-manda-de-volta-para-a-cadeia-executivo-da-gutierrez-solto-por-sergio-moro\/#primaryimage\",\"url\":\"https:\/\/www.notibras.com\/site\/wp-content\/uploads\/2016\/02\/alx_otavio-azevedo-gutierez-02_original.jpeg\",\"contentUrl\":\"https:\/\/www.notibras.com\/site\/wp-content\/uploads\/2016\/02\/alx_otavio-azevedo-gutierez-02_original.jpeg\",\"width\":690,\"height\":518},{\"@type\":\"BreadcrumbList\",\"@id\":\"https:\/\/www.notibras.com\/site\/juiz-do-rio-manda-de-volta-para-a-cadeia-executivo-da-gutierrez-solto-por-sergio-moro\/#breadcrumb\",\"itemListElement\":[{\"@type\":\"ListItem\",\"position\":1,\"name\":\"In\u00edcio\",\"item\":\"https:\/\/www.notibras.com\/site\/\"},{\"@type\":\"ListItem\",\"position\":2,\"name\":\"Juiz do Rio manda de volta para a cadeia executivo da Gutierrez solto por Moro\"}]},{\"@type\":\"WebSite\",\"@id\":\"https:\/\/www.notibras.com\/site\/#website\",\"url\":\"https:\/\/www.notibras.com\/site\/\",\"name\":\"Notibras\",\"description\":\"Not\u00edcias de Bras\u00edlia, do Brasil e do Mundo\",\"publisher\":{\"@id\":\"https:\/\/www.notibras.com\/site\/#organization\"},\"potentialAction\":[{\"@type\":\"SearchAction\",\"target\":{\"@type\":\"EntryPoint\",\"urlTemplate\":\"https:\/\/www.notibras.com\/site\/?s={search_term_string}\"},\"query-input\":{\"@type\":\"PropertyValueSpecification\",\"valueRequired\":true,\"valueName\":\"search_term_string\"}}],\"inLanguage\":\"pt-BR\"},{\"@type\":\"Organization\",\"@id\":\"https:\/\/www.notibras.com\/site\/#organization\",\"name\":\"Grupo Notibras de Comunica\u00e7\u00e3o\",\"url\":\"https:\/\/www.notibras.com\/site\/\",\"logo\":{\"@type\":\"ImageObject\",\"inLanguage\":\"pt-BR\",\"@id\":\"https:\/\/www.notibras.com\/site\/#\/schema\/logo\/image\/\",\"url\":\"https:\/\/www.notibras.com\/site\/wp-content\/uploads\/2023\/01\/notibras23.png\",\"contentUrl\":\"https:\/\/www.notibras.com\/site\/wp-content\/uploads\/2023\/01\/notibras23.png\",\"width\":350,\"height\":87,\"caption\":\"Grupo Notibras de Comunica\u00e7\u00e3o\"},\"image\":{\"@id\":\"https:\/\/www.notibras.com\/site\/#\/schema\/logo\/image\/\"},\"sameAs\":[\"https:\/\/www.facebook.com\/notibras\/\",\"https:\/\/x.com\/Notibras\",\"https:\/\/www.instagram.com\/notibras\/\"]},{\"@type\":\"Person\",\"@id\":\"https:\/\/www.notibras.com\/site\/#\/schema\/person\/36ab0979449956132d3e5b517ea76ac8\",\"name\":\"Reda\u00e7\u00e3o\",\"image\":{\"@type\":\"ImageObject\",\"inLanguage\":\"pt-BR\",\"@id\":\"https:\/\/secure.gravatar.com\/avatar\/e0a867bdedb85fd243eadf09663511f96fc81e0720a4a42581f334ad4303aa6b?s=96&d=mm&r=g\",\"url\":\"https:\/\/secure.gravatar.com\/avatar\/e0a867bdedb85fd243eadf09663511f96fc81e0720a4a42581f334ad4303aa6b?s=96&d=mm&r=g\",\"contentUrl\":\"https:\/\/secure.gravatar.com\/avatar\/e0a867bdedb85fd243eadf09663511f96fc81e0720a4a42581f334ad4303aa6b?s=96&d=mm&r=g\",\"caption\":\"Reda\u00e7\u00e3o\"}}]}<\/script>\n<!-- \/ Yoast SEO plugin. -->","yoast_head_json":{"title":"Juiz do Rio manda de volta para a cadeia executivo da Gutierrez solto por Moro - Notibras","robots":{"index":"index","follow":"follow","max-snippet":"max-snippet:-1","max-image-preview":"max-image-preview:large","max-video-preview":"max-video-preview:-1"},"canonical":"https:\/\/www.notibras.com\/site\/juiz-do-rio-manda-de-volta-para-a-cadeia-executivo-da-gutierrez-solto-por-sergio-moro\/","og_locale":"pt_BR","og_type":"article","og_title":"Juiz do Rio manda de volta para a cadeia executivo da Gutierrez solto por Moro - Notibras","og_description":"Ricardo Brant e Fausto Macedo O empreiteiro Ot\u00e1vio Marques de Azevedo, da Andrade Gutierrez, voltou para a pris\u00e3o em regime fechado. Por ordem do juiz federal do Rio Marcelo Bretas, a Pol\u00edcia Federal prendeu o executivo nesta quarta-feira, 10, \u00e0s 17 horas em sua resid\u00eancia em S\u00e3o Paulo. O juiz considerou que deveria ter se [&hellip;]","og_url":"https:\/\/www.notibras.com\/site\/juiz-do-rio-manda-de-volta-para-a-cadeia-executivo-da-gutierrez-solto-por-sergio-moro\/","og_site_name":"Notibras","article_publisher":"https:\/\/www.facebook.com\/notibras\/","article_published_time":"2016-02-10T22:41:16+00:00","article_modified_time":"2016-02-11T03:45:18+00:00","og_image":[{"width":690,"height":518,"url":"https:\/\/www.notibras.com\/site\/wp-content\/uploads\/2016\/02\/alx_otavio-azevedo-gutierez-02_original.jpeg","type":"image\/jpeg"}],"author":"Reda\u00e7\u00e3o","twitter_card":"summary_large_image","twitter_creator":"@Notibras","twitter_site":"@Notibras","twitter_misc":{"Escrito por":"Reda\u00e7\u00e3o","Est. tempo de leitura":"1 minuto"},"schema":{"@context":"https:\/\/schema.org","@graph":[{"@type":"Article","@id":"https:\/\/www.notibras.com\/site\/juiz-do-rio-manda-de-volta-para-a-cadeia-executivo-da-gutierrez-solto-por-sergio-moro\/#article","isPartOf":{"@id":"https:\/\/www.notibras.com\/site\/juiz-do-rio-manda-de-volta-para-a-cadeia-executivo-da-gutierrez-solto-por-sergio-moro\/"},"author":{"name":"Reda\u00e7\u00e3o","@id":"https:\/\/www.notibras.com\/site\/#\/schema\/person\/36ab0979449956132d3e5b517ea76ac8"},"headline":"Juiz do Rio manda de volta para a cadeia executivo da Gutierrez solto por Moro","datePublished":"2016-02-10T22:41:16+00:00","dateModified":"2016-02-11T03:45:18+00:00","mainEntityOfPage":{"@id":"https:\/\/www.notibras.com\/site\/juiz-do-rio-manda-de-volta-para-a-cadeia-executivo-da-gutierrez-solto-por-sergio-moro\/"},"wordCount":262,"commentCount":0,"publisher":{"@id":"https:\/\/www.notibras.com\/site\/#organization"},"image":{"@id":"https:\/\/www.notibras.com\/site\/juiz-do-rio-manda-de-volta-para-a-cadeia-executivo-da-gutierrez-solto-por-sergio-moro\/#primaryimage"},"thumbnailUrl":"https:\/\/www.notibras.com\/site\/wp-content\/uploads\/2016\/02\/alx_otavio-azevedo-gutierez-02_original.jpeg","articleSection":["Brasil"],"inLanguage":"pt-BR","potentialAction":[{"@type":"CommentAction","name":"Comment","target":["https:\/\/www.notibras.com\/site\/juiz-do-rio-manda-de-volta-para-a-cadeia-executivo-da-gutierrez-solto-por-sergio-moro\/#respond"]}]},{"@type":"WebPage","@id":"https:\/\/www.notibras.com\/site\/juiz-do-rio-manda-de-volta-para-a-cadeia-executivo-da-gutierrez-solto-por-sergio-moro\/","url":"https:\/\/www.notibras.com\/site\/juiz-do-rio-manda-de-volta-para-a-cadeia-executivo-da-gutierrez-solto-por-sergio-moro\/","name":"Juiz do Rio manda de volta para a cadeia executivo da Gutierrez solto por Moro - Notibras","isPartOf":{"@id":"https:\/\/www.notibras.com\/site\/#website"},"primaryImageOfPage":{"@id":"https:\/\/www.notibras.com\/site\/juiz-do-rio-manda-de-volta-para-a-cadeia-executivo-da-gutierrez-solto-por-sergio-moro\/#primaryimage"},"image":{"@id":"https:\/\/www.notibras.com\/site\/juiz-do-rio-manda-de-volta-para-a-cadeia-executivo-da-gutierrez-solto-por-sergio-moro\/#primaryimage"},"thumbnailUrl":"https:\/\/www.notibras.com\/site\/wp-content\/uploads\/2016\/02\/alx_otavio-azevedo-gutierez-02_original.jpeg","datePublished":"2016-02-10T22:41:16+00:00","dateModified":"2016-02-11T03:45:18+00:00","breadcrumb":{"@id":"https:\/\/www.notibras.com\/site\/juiz-do-rio-manda-de-volta-para-a-cadeia-executivo-da-gutierrez-solto-por-sergio-moro\/#breadcrumb"},"inLanguage":"pt-BR","potentialAction":[{"@type":"ReadAction","target":["https:\/\/www.notibras.com\/site\/juiz-do-rio-manda-de-volta-para-a-cadeia-executivo-da-gutierrez-solto-por-sergio-moro\/"]}]},{"@type":"ImageObject","inLanguage":"pt-BR","@id":"https:\/\/www.notibras.com\/site\/juiz-do-rio-manda-de-volta-para-a-cadeia-executivo-da-gutierrez-solto-por-sergio-moro\/#primaryimage","url":"https:\/\/www.notibras.com\/site\/wp-content\/uploads\/2016\/02\/alx_otavio-azevedo-gutierez-02_original.jpeg","contentUrl":"https:\/\/www.notibras.com\/site\/wp-content\/uploads\/2016\/02\/alx_otavio-azevedo-gutierez-02_original.jpeg","width":690,"height":518},{"@type":"BreadcrumbList","@id":"https:\/\/www.notibras.com\/site\/juiz-do-rio-manda-de-volta-para-a-cadeia-executivo-da-gutierrez-solto-por-sergio-moro\/#breadcrumb","itemListElement":[{"@type":"ListItem","position":1,"name":"In\u00edcio","item":"https:\/\/www.notibras.com\/site\/"},{"@type":"ListItem","position":2,"name":"Juiz do Rio manda de volta para a cadeia executivo da Gutierrez solto por Moro"}]},{"@type":"WebSite","@id":"https:\/\/www.notibras.com\/site\/#website","url":"https:\/\/www.notibras.com\/site\/","name":"Notibras","description":"Not\u00edcias de Bras\u00edlia, do Brasil e do Mundo","publisher":{"@id":"https:\/\/www.notibras.com\/site\/#organization"},"potentialAction":[{"@type":"SearchAction","target":{"@type":"EntryPoint","urlTemplate":"https:\/\/www.notibras.com\/site\/?s={search_term_string}"},"query-input":{"@type":"PropertyValueSpecification","valueRequired":true,"valueName":"search_term_string"}}],"inLanguage":"pt-BR"},{"@type":"Organization","@id":"https:\/\/www.notibras.com\/site\/#organization","name":"Grupo Notibras de Comunica\u00e7\u00e3o","url":"https:\/\/www.notibras.com\/site\/","logo":{"@type":"ImageObject","inLanguage":"pt-BR","@id":"https:\/\/www.notibras.com\/site\/#\/schema\/logo\/image\/","url":"https:\/\/www.notibras.com\/site\/wp-content\/uploads\/2023\/01\/notibras23.png","contentUrl":"https:\/\/www.notibras.com\/site\/wp-content\/uploads\/2023\/01\/notibras23.png","width":350,"height":87,"caption":"Grupo Notibras de Comunica\u00e7\u00e3o"},"image":{"@id":"https:\/\/www.notibras.com\/site\/#\/schema\/logo\/image\/"},"sameAs":["https:\/\/www.facebook.com\/notibras\/","https:\/\/x.com\/Notibras","https:\/\/www.instagram.com\/notibras\/"]},{"@type":"Person","@id":"https:\/\/www.notibras.com\/site\/#\/schema\/person\/36ab0979449956132d3e5b517ea76ac8","name":"Reda\u00e7\u00e3o","image":{"@type":"ImageObject","inLanguage":"pt-BR","@id":"https:\/\/secure.gravatar.com\/avatar\/e0a867bdedb85fd243eadf09663511f96fc81e0720a4a42581f334ad4303aa6b?s=96&d=mm&r=g","url":"https:\/\/secure.gravatar.com\/avatar\/e0a867bdedb85fd243eadf09663511f96fc81e0720a4a42581f334ad4303aa6b?s=96&d=mm&r=g","contentUrl":"https:\/\/secure.gravatar.com\/avatar\/e0a867bdedb85fd243eadf09663511f96fc81e0720a4a42581f334ad4303aa6b?s=96&d=mm&r=g","caption":"Reda\u00e7\u00e3o"}}]}},"amp_enabled":true,"_links":{"self":[{"href":"https:\/\/www.notibras.com\/site\/wp-json\/wp\/v2\/posts\/88708","targetHints":{"allow":["GET"]}}],"collection":[{"href":"https:\/\/www.notibras.com\/site\/wp-json\/wp\/v2\/posts"}],"about":[{"href":"https:\/\/www.notibras.com\/site\/wp-json\/wp\/v2\/types\/post"}],"author":[{"embeddable":true,"href":"https:\/\/www.notibras.com\/site\/wp-json\/wp\/v2\/users\/2"}],"replies":[{"embeddable":true,"href":"https:\/\/www.notibras.com\/site\/wp-json\/wp\/v2\/comments?post=88708"}],"version-history":[{"count":2,"href":"https:\/\/www.notibras.com\/site\/wp-json\/wp\/v2\/posts\/88708\/revisions"}],"predecessor-version":[{"id":88711,"href":"https:\/\/www.notibras.com\/site\/wp-json\/wp\/v2\/posts\/88708\/revisions\/88711"}],"wp:featuredmedia":[{"embeddable":true,"href":"https:\/\/www.notibras.com\/site\/wp-json\/wp\/v2\/media\/88709"}],"wp:attachment":[{"href":"https:\/\/www.notibras.com\/site\/wp-json\/wp\/v2\/media?parent=88708"}],"wp:term":[{"taxonomy":"category","embeddable":true,"href":"https:\/\/www.notibras.com\/site\/wp-json\/wp\/v2\/categories?post=88708"},{"taxonomy":"post_tag","embeddable":true,"href":"https:\/\/www.notibras.com\/site\/wp-json\/wp\/v2\/tags?post=88708"}],"curies":[{"name":"wp","href":"https:\/\/api.w.org\/{rel}","templated":true}]}}