{"id":88719,"date":"2016-02-10T21:53:59","date_gmt":"2016-02-10T23:53:59","guid":{"rendered":"http:\/\/www.notibras.com\/site\/?p=88719"},"modified":"2016-02-11T01:57:59","modified_gmt":"2016-02-11T03:57:59","slug":"procurador-diz-a-americanos-que-lava-jato-era-ponto-de-la-e-virou-novelo-sem-fim","status":"publish","type":"post","link":"https:\/\/www.notibras.com\/site\/procurador-diz-a-americanos-que-lava-jato-era-ponto-de-la-e-virou-novelo-sem-fim\/","title":{"rendered":"Procurador diz a americanos que Lava Jato era ponto de l\u00e3 que virou um novelo sem fim"},"content":{"rendered":"<h6 class=\"Assina\"><strong>Altamiro Silva Junior<\/strong><\/h6>\n<p>O procurador da for\u00e7a-tarefa da Lava Jato Antonio Carlos Welter disse, em um evento na noite desta ter\u00e7a-feira em Nova York, que a opera\u00e7\u00e3o come\u00e7ou pequena h\u00e1 cerca de dois anos, mas conseguiu demonstrar que havia uma organiza\u00e7\u00e3o criminosa dentro da Petrobras que envolvia de pol\u00edticos a empreiteiros, al\u00e9m de executivos da companhia e doleiros.<\/p>\n<p>&#8220;N\u00e3o se para mais de puxar o fio&#8221;, disse Welter, falando que a cada dia se descobrem mais coisas novas envolvendo a corrup\u00e7\u00e3o. &#8220;O caso da Petrobras come\u00e7ou de uma forma bastante pequena. Havia uma investiga\u00e7\u00e3o envolvendo cinco doleiros&#8221;, afirmou o procurador, logo no in\u00edcio do evento, para uma sala lotada na sede da Americas Society\/Council of the Americas em Manhattan. &#8220;O fio era pequeno e quando veio, n\u00e3o se para mais de puxar esse fio&#8221;, ressaltou.<\/p>\n<p>A partir destes cinco doleiros, foi se chegando a diretores da Petrobras, a pol\u00edticos, a empreiteiros. &#8220;Conseguiu se demonstrar que havia uma organiza\u00e7\u00e3o criminosa&#8221;, disse Welter, ressaltando que ela era composta por quatro grupos: grandes empreiteiras, funcion\u00e1rios da Petrobras, pol\u00edticos (parlamentares e membros do governo) e doleiros.<\/p>\n<p>&#8220;Por tr\u00e1s disso tudo estava a Petrobras sendo sangrada, a popula\u00e7\u00e3o brasileira sendo sangrada e tamb\u00e9m os investidores que compraram a\u00e7\u00f5es da Petrobras&#8221;, afirmou. A Lava Jato completa em abril dois anos e, segundo o procurador, tem sido importante para o \u00eaxito at\u00e9 agora das investiga\u00e7\u00f5es a participa\u00e7\u00e3o de \u00f3rg\u00e3os como o Banco Central, a Receita Federal, a Pol\u00edcia Federal, al\u00e9m do apoio da opini\u00e3o p\u00fablica. &#8220;A Lava Jato est\u00e1 conseguindo agregar as for\u00e7as de v\u00e1rios \u00f3rg\u00e3os.&#8221;<\/p>\n<p>Questionando por um dos participantes do evento se a Lava Jato estava prejudicando as opera\u00e7\u00f5es da Petrobras, Welter disse que seria muito pior deixar uma empresa &#8220;endemicamente envolvida em corrup\u00e7\u00e3o&#8221;.<\/p>\n<p>&#8220;Todo empres\u00e1rio s\u00e9rio tem mais interesse em trabalhar com uma empresa em que o contrato vai ser firmado de forma leal, leg\u00edtima, sem a cobran\u00e7a de nenhuma vantagem indevida&#8221;, disse ele. &#8220;Vejo nosso trabalho n\u00e3o como algo ruim para a Petrobras, mas como algo bom. Muito pior seria deixar a empresa ou alguma outra estatal ou agentes p\u00fablicos a continuar a cobrar propina &#8221;<\/p>\n<p><b>Porto Alegre \u00a0&#8211;\u00a0<\/b>Questionando pelo Broadcast se estaria deixando a for\u00e7a-tarefa da Lava Jato, como chegou a ser noticiado, Welter disse que n\u00e3o. Na verdade, o procurador vai seguir na opera\u00e7\u00e3o, mas trabalhando de Porto Alegre, onde mora ele e sua fam\u00edlia, e n\u00e3o mais de Curitiba, para onde tinha de ir semanalmente. &#8220;Vou trabalhar de Porto Alegre, mas vou continuar trabalhando&#8221;, afirmou.<\/p>\n<p><img loading=\"lazy\" decoding=\"async\" class=\"alignnone size-full wp-image-70065\" src=\"http:\/\/www.notibras.com\/site\/wp-content\/uploads\/2015\/10\/estadao.png\" alt=\"estadao\" width=\"99\" height=\"16\" \/><\/p>\n","protected":false},"excerpt":{"rendered":"<p>Altamiro Silva Junior O procurador da for\u00e7a-tarefa da Lava Jato Antonio Carlos Welter disse, em um evento na noite desta ter\u00e7a-feira em Nova York, que a opera\u00e7\u00e3o come\u00e7ou pequena h\u00e1 cerca de dois anos, mas conseguiu demonstrar que havia uma organiza\u00e7\u00e3o criminosa dentro da Petrobras que envolvia de pol\u00edticos a empreiteiros, al\u00e9m de executivos da [&hellip;]<\/p>\n","protected":false},"author":2,"featured_media":88720,"comment_status":"open","ping_status":"closed","sticky":false,"template":"","format":"standard","meta":{"_acf_changed":false,"footnotes":""},"categories":[16],"tags":[],"class_list":["post-88719","post","type-post","status-publish","format-standard","has-post-thumbnail","hentry","category-brasil"],"acf":[],"yoast_head":"<!-- This site is optimized with the Yoast SEO plugin v27.2 - https:\/\/yoast.com\/product\/yoast-seo-wordpress\/ -->\n<title>Procurador diz a americanos que Lava Jato era ponto de l\u00e3 que virou um novelo sem fim - Notibras<\/title>\n<meta name=\"robots\" content=\"index, follow, max-snippet:-1, max-image-preview:large, max-video-preview:-1\" \/>\n<link rel=\"canonical\" href=\"https:\/\/www.notibras.com\/site\/procurador-diz-a-americanos-que-lava-jato-era-ponto-de-la-e-virou-novelo-sem-fim\/\" \/>\n<meta property=\"og:locale\" content=\"pt_BR\" \/>\n<meta property=\"og:type\" content=\"article\" \/>\n<meta property=\"og:title\" content=\"Procurador diz a americanos que Lava Jato era ponto de l\u00e3 que virou um novelo sem fim - Notibras\" \/>\n<meta property=\"og:description\" content=\"Altamiro Silva Junior O procurador da for\u00e7a-tarefa da Lava Jato Antonio Carlos Welter disse, em um evento na noite desta ter\u00e7a-feira em Nova York, que a opera\u00e7\u00e3o come\u00e7ou pequena h\u00e1 cerca de dois anos, mas conseguiu demonstrar que havia uma organiza\u00e7\u00e3o criminosa dentro da Petrobras que envolvia de pol\u00edticos a empreiteiros, al\u00e9m de executivos da [&hellip;]\" \/>\n<meta property=\"og:url\" content=\"https:\/\/www.notibras.com\/site\/procurador-diz-a-americanos-que-lava-jato-era-ponto-de-la-e-virou-novelo-sem-fim\/\" \/>\n<meta property=\"og:site_name\" content=\"Notibras\" \/>\n<meta property=\"article:publisher\" content=\"https:\/\/www.facebook.com\/notibras\/\" \/>\n<meta property=\"article:published_time\" content=\"2016-02-10T23:53:59+00:00\" \/>\n<meta property=\"article:modified_time\" content=\"2016-02-11T03:57:59+00:00\" \/>\n<meta property=\"og:image\" content=\"https:\/\/www.notibras.com\/site\/wp-content\/uploads\/2016\/02\/alx_image_gallery_original.jpeg\" \/>\n\t<meta property=\"og:image:width\" content=\"690\" \/>\n\t<meta property=\"og:image:height\" content=\"518\" \/>\n\t<meta property=\"og:image:type\" content=\"image\/jpeg\" \/>\n<meta name=\"author\" content=\"Reda\u00e7\u00e3o\" \/>\n<meta name=\"twitter:card\" content=\"summary_large_image\" \/>\n<meta name=\"twitter:creator\" content=\"@Notibras\" \/>\n<meta name=\"twitter:site\" content=\"@Notibras\" \/>\n<meta name=\"twitter:label1\" content=\"Escrito por\" \/>\n\t<meta name=\"twitter:data1\" content=\"Reda\u00e7\u00e3o\" \/>\n\t<meta name=\"twitter:label2\" content=\"Est. tempo de leitura\" \/>\n\t<meta name=\"twitter:data2\" content=\"2 minutos\" \/>\n<script type=\"application\/ld+json\" class=\"yoast-schema-graph\">{\"@context\":\"https:\/\/schema.org\",\"@graph\":[{\"@type\":\"Article\",\"@id\":\"https:\/\/www.notibras.com\/site\/procurador-diz-a-americanos-que-lava-jato-era-ponto-de-la-e-virou-novelo-sem-fim\/#article\",\"isPartOf\":{\"@id\":\"https:\/\/www.notibras.com\/site\/procurador-diz-a-americanos-que-lava-jato-era-ponto-de-la-e-virou-novelo-sem-fim\/\"},\"author\":{\"name\":\"Reda\u00e7\u00e3o\",\"@id\":\"https:\/\/www.notibras.com\/site\/#\/schema\/person\/36ab0979449956132d3e5b517ea76ac8\"},\"headline\":\"Procurador diz a americanos que Lava Jato era ponto de l\u00e3 que virou um novelo sem fim\",\"datePublished\":\"2016-02-10T23:53:59+00:00\",\"dateModified\":\"2016-02-11T03:57:59+00:00\",\"mainEntityOfPage\":{\"@id\":\"https:\/\/www.notibras.com\/site\/procurador-diz-a-americanos-que-lava-jato-era-ponto-de-la-e-virou-novelo-sem-fim\/\"},\"wordCount\":477,\"commentCount\":0,\"publisher\":{\"@id\":\"https:\/\/www.notibras.com\/site\/#organization\"},\"image\":{\"@id\":\"https:\/\/www.notibras.com\/site\/procurador-diz-a-americanos-que-lava-jato-era-ponto-de-la-e-virou-novelo-sem-fim\/#primaryimage\"},\"thumbnailUrl\":\"https:\/\/www.notibras.com\/site\/wp-content\/uploads\/2016\/02\/alx_image_gallery_original.jpeg\",\"articleSection\":[\"Brasil\"],\"inLanguage\":\"pt-BR\",\"potentialAction\":[{\"@type\":\"CommentAction\",\"name\":\"Comment\",\"target\":[\"https:\/\/www.notibras.com\/site\/procurador-diz-a-americanos-que-lava-jato-era-ponto-de-la-e-virou-novelo-sem-fim\/#respond\"]}]},{\"@type\":\"WebPage\",\"@id\":\"https:\/\/www.notibras.com\/site\/procurador-diz-a-americanos-que-lava-jato-era-ponto-de-la-e-virou-novelo-sem-fim\/\",\"url\":\"https:\/\/www.notibras.com\/site\/procurador-diz-a-americanos-que-lava-jato-era-ponto-de-la-e-virou-novelo-sem-fim\/\",\"name\":\"Procurador diz a americanos que Lava Jato era ponto de l\u00e3 que virou um novelo sem fim - Notibras\",\"isPartOf\":{\"@id\":\"https:\/\/www.notibras.com\/site\/#website\"},\"primaryImageOfPage\":{\"@id\":\"https:\/\/www.notibras.com\/site\/procurador-diz-a-americanos-que-lava-jato-era-ponto-de-la-e-virou-novelo-sem-fim\/#primaryimage\"},\"image\":{\"@id\":\"https:\/\/www.notibras.com\/site\/procurador-diz-a-americanos-que-lava-jato-era-ponto-de-la-e-virou-novelo-sem-fim\/#primaryimage\"},\"thumbnailUrl\":\"https:\/\/www.notibras.com\/site\/wp-content\/uploads\/2016\/02\/alx_image_gallery_original.jpeg\",\"datePublished\":\"2016-02-10T23:53:59+00:00\",\"dateModified\":\"2016-02-11T03:57:59+00:00\",\"breadcrumb\":{\"@id\":\"https:\/\/www.notibras.com\/site\/procurador-diz-a-americanos-que-lava-jato-era-ponto-de-la-e-virou-novelo-sem-fim\/#breadcrumb\"},\"inLanguage\":\"pt-BR\",\"potentialAction\":[{\"@type\":\"ReadAction\",\"target\":[\"https:\/\/www.notibras.com\/site\/procurador-diz-a-americanos-que-lava-jato-era-ponto-de-la-e-virou-novelo-sem-fim\/\"]}]},{\"@type\":\"ImageObject\",\"inLanguage\":\"pt-BR\",\"@id\":\"https:\/\/www.notibras.com\/site\/procurador-diz-a-americanos-que-lava-jato-era-ponto-de-la-e-virou-novelo-sem-fim\/#primaryimage\",\"url\":\"https:\/\/www.notibras.com\/site\/wp-content\/uploads\/2016\/02\/alx_image_gallery_original.jpeg\",\"contentUrl\":\"https:\/\/www.notibras.com\/site\/wp-content\/uploads\/2016\/02\/alx_image_gallery_original.jpeg\",\"width\":690,\"height\":518},{\"@type\":\"BreadcrumbList\",\"@id\":\"https:\/\/www.notibras.com\/site\/procurador-diz-a-americanos-que-lava-jato-era-ponto-de-la-e-virou-novelo-sem-fim\/#breadcrumb\",\"itemListElement\":[{\"@type\":\"ListItem\",\"position\":1,\"name\":\"In\u00edcio\",\"item\":\"https:\/\/www.notibras.com\/site\/\"},{\"@type\":\"ListItem\",\"position\":2,\"name\":\"Procurador diz a americanos que Lava Jato era ponto de l\u00e3 que virou um novelo sem fim\"}]},{\"@type\":\"WebSite\",\"@id\":\"https:\/\/www.notibras.com\/site\/#website\",\"url\":\"https:\/\/www.notibras.com\/site\/\",\"name\":\"Notibras\",\"description\":\"Not\u00edcias de Bras\u00edlia, do Brasil e do Mundo\",\"publisher\":{\"@id\":\"https:\/\/www.notibras.com\/site\/#organization\"},\"potentialAction\":[{\"@type\":\"SearchAction\",\"target\":{\"@type\":\"EntryPoint\",\"urlTemplate\":\"https:\/\/www.notibras.com\/site\/?s={search_term_string}\"},\"query-input\":{\"@type\":\"PropertyValueSpecification\",\"valueRequired\":true,\"valueName\":\"search_term_string\"}}],\"inLanguage\":\"pt-BR\"},{\"@type\":\"Organization\",\"@id\":\"https:\/\/www.notibras.com\/site\/#organization\",\"name\":\"Grupo Notibras de Comunica\u00e7\u00e3o\",\"url\":\"https:\/\/www.notibras.com\/site\/\",\"logo\":{\"@type\":\"ImageObject\",\"inLanguage\":\"pt-BR\",\"@id\":\"https:\/\/www.notibras.com\/site\/#\/schema\/logo\/image\/\",\"url\":\"https:\/\/www.notibras.com\/site\/wp-content\/uploads\/2023\/01\/notibras23.png\",\"contentUrl\":\"https:\/\/www.notibras.com\/site\/wp-content\/uploads\/2023\/01\/notibras23.png\",\"width\":350,\"height\":87,\"caption\":\"Grupo Notibras de Comunica\u00e7\u00e3o\"},\"image\":{\"@id\":\"https:\/\/www.notibras.com\/site\/#\/schema\/logo\/image\/\"},\"sameAs\":[\"https:\/\/www.facebook.com\/notibras\/\",\"https:\/\/x.com\/Notibras\",\"https:\/\/www.instagram.com\/notibras\/\"]},{\"@type\":\"Person\",\"@id\":\"https:\/\/www.notibras.com\/site\/#\/schema\/person\/36ab0979449956132d3e5b517ea76ac8\",\"name\":\"Reda\u00e7\u00e3o\",\"image\":{\"@type\":\"ImageObject\",\"inLanguage\":\"pt-BR\",\"@id\":\"https:\/\/secure.gravatar.com\/avatar\/e0a867bdedb85fd243eadf09663511f96fc81e0720a4a42581f334ad4303aa6b?s=96&d=mm&r=g\",\"url\":\"https:\/\/secure.gravatar.com\/avatar\/e0a867bdedb85fd243eadf09663511f96fc81e0720a4a42581f334ad4303aa6b?s=96&d=mm&r=g\",\"contentUrl\":\"https:\/\/secure.gravatar.com\/avatar\/e0a867bdedb85fd243eadf09663511f96fc81e0720a4a42581f334ad4303aa6b?s=96&d=mm&r=g\",\"caption\":\"Reda\u00e7\u00e3o\"}}]}<\/script>\n<!-- \/ Yoast SEO plugin. -->","yoast_head_json":{"title":"Procurador diz a americanos que Lava Jato era ponto de l\u00e3 que virou um novelo sem fim - Notibras","robots":{"index":"index","follow":"follow","max-snippet":"max-snippet:-1","max-image-preview":"max-image-preview:large","max-video-preview":"max-video-preview:-1"},"canonical":"https:\/\/www.notibras.com\/site\/procurador-diz-a-americanos-que-lava-jato-era-ponto-de-la-e-virou-novelo-sem-fim\/","og_locale":"pt_BR","og_type":"article","og_title":"Procurador diz a americanos que Lava Jato era ponto de l\u00e3 que virou um novelo sem fim - Notibras","og_description":"Altamiro Silva Junior O procurador da for\u00e7a-tarefa da Lava Jato Antonio Carlos Welter disse, em um evento na noite desta ter\u00e7a-feira em Nova York, que a opera\u00e7\u00e3o come\u00e7ou pequena h\u00e1 cerca de dois anos, mas conseguiu demonstrar que havia uma organiza\u00e7\u00e3o criminosa dentro da Petrobras que envolvia de pol\u00edticos a empreiteiros, al\u00e9m de executivos da [&hellip;]","og_url":"https:\/\/www.notibras.com\/site\/procurador-diz-a-americanos-que-lava-jato-era-ponto-de-la-e-virou-novelo-sem-fim\/","og_site_name":"Notibras","article_publisher":"https:\/\/www.facebook.com\/notibras\/","article_published_time":"2016-02-10T23:53:59+00:00","article_modified_time":"2016-02-11T03:57:59+00:00","og_image":[{"width":690,"height":518,"url":"https:\/\/www.notibras.com\/site\/wp-content\/uploads\/2016\/02\/alx_image_gallery_original.jpeg","type":"image\/jpeg"}],"author":"Reda\u00e7\u00e3o","twitter_card":"summary_large_image","twitter_creator":"@Notibras","twitter_site":"@Notibras","twitter_misc":{"Escrito por":"Reda\u00e7\u00e3o","Est. tempo de leitura":"2 minutos"},"schema":{"@context":"https:\/\/schema.org","@graph":[{"@type":"Article","@id":"https:\/\/www.notibras.com\/site\/procurador-diz-a-americanos-que-lava-jato-era-ponto-de-la-e-virou-novelo-sem-fim\/#article","isPartOf":{"@id":"https:\/\/www.notibras.com\/site\/procurador-diz-a-americanos-que-lava-jato-era-ponto-de-la-e-virou-novelo-sem-fim\/"},"author":{"name":"Reda\u00e7\u00e3o","@id":"https:\/\/www.notibras.com\/site\/#\/schema\/person\/36ab0979449956132d3e5b517ea76ac8"},"headline":"Procurador diz a americanos que Lava Jato era ponto de l\u00e3 que virou um novelo sem fim","datePublished":"2016-02-10T23:53:59+00:00","dateModified":"2016-02-11T03:57:59+00:00","mainEntityOfPage":{"@id":"https:\/\/www.notibras.com\/site\/procurador-diz-a-americanos-que-lava-jato-era-ponto-de-la-e-virou-novelo-sem-fim\/"},"wordCount":477,"commentCount":0,"publisher":{"@id":"https:\/\/www.notibras.com\/site\/#organization"},"image":{"@id":"https:\/\/www.notibras.com\/site\/procurador-diz-a-americanos-que-lava-jato-era-ponto-de-la-e-virou-novelo-sem-fim\/#primaryimage"},"thumbnailUrl":"https:\/\/www.notibras.com\/site\/wp-content\/uploads\/2016\/02\/alx_image_gallery_original.jpeg","articleSection":["Brasil"],"inLanguage":"pt-BR","potentialAction":[{"@type":"CommentAction","name":"Comment","target":["https:\/\/www.notibras.com\/site\/procurador-diz-a-americanos-que-lava-jato-era-ponto-de-la-e-virou-novelo-sem-fim\/#respond"]}]},{"@type":"WebPage","@id":"https:\/\/www.notibras.com\/site\/procurador-diz-a-americanos-que-lava-jato-era-ponto-de-la-e-virou-novelo-sem-fim\/","url":"https:\/\/www.notibras.com\/site\/procurador-diz-a-americanos-que-lava-jato-era-ponto-de-la-e-virou-novelo-sem-fim\/","name":"Procurador diz a americanos que Lava Jato era ponto de l\u00e3 que virou um novelo sem fim - Notibras","isPartOf":{"@id":"https:\/\/www.notibras.com\/site\/#website"},"primaryImageOfPage":{"@id":"https:\/\/www.notibras.com\/site\/procurador-diz-a-americanos-que-lava-jato-era-ponto-de-la-e-virou-novelo-sem-fim\/#primaryimage"},"image":{"@id":"https:\/\/www.notibras.com\/site\/procurador-diz-a-americanos-que-lava-jato-era-ponto-de-la-e-virou-novelo-sem-fim\/#primaryimage"},"thumbnailUrl":"https:\/\/www.notibras.com\/site\/wp-content\/uploads\/2016\/02\/alx_image_gallery_original.jpeg","datePublished":"2016-02-10T23:53:59+00:00","dateModified":"2016-02-11T03:57:59+00:00","breadcrumb":{"@id":"https:\/\/www.notibras.com\/site\/procurador-diz-a-americanos-que-lava-jato-era-ponto-de-la-e-virou-novelo-sem-fim\/#breadcrumb"},"inLanguage":"pt-BR","potentialAction":[{"@type":"ReadAction","target":["https:\/\/www.notibras.com\/site\/procurador-diz-a-americanos-que-lava-jato-era-ponto-de-la-e-virou-novelo-sem-fim\/"]}]},{"@type":"ImageObject","inLanguage":"pt-BR","@id":"https:\/\/www.notibras.com\/site\/procurador-diz-a-americanos-que-lava-jato-era-ponto-de-la-e-virou-novelo-sem-fim\/#primaryimage","url":"https:\/\/www.notibras.com\/site\/wp-content\/uploads\/2016\/02\/alx_image_gallery_original.jpeg","contentUrl":"https:\/\/www.notibras.com\/site\/wp-content\/uploads\/2016\/02\/alx_image_gallery_original.jpeg","width":690,"height":518},{"@type":"BreadcrumbList","@id":"https:\/\/www.notibras.com\/site\/procurador-diz-a-americanos-que-lava-jato-era-ponto-de-la-e-virou-novelo-sem-fim\/#breadcrumb","itemListElement":[{"@type":"ListItem","position":1,"name":"In\u00edcio","item":"https:\/\/www.notibras.com\/site\/"},{"@type":"ListItem","position":2,"name":"Procurador diz a americanos que Lava Jato era ponto de l\u00e3 que virou um novelo sem fim"}]},{"@type":"WebSite","@id":"https:\/\/www.notibras.com\/site\/#website","url":"https:\/\/www.notibras.com\/site\/","name":"Notibras","description":"Not\u00edcias de Bras\u00edlia, do Brasil e do Mundo","publisher":{"@id":"https:\/\/www.notibras.com\/site\/#organization"},"potentialAction":[{"@type":"SearchAction","target":{"@type":"EntryPoint","urlTemplate":"https:\/\/www.notibras.com\/site\/?s={search_term_string}"},"query-input":{"@type":"PropertyValueSpecification","valueRequired":true,"valueName":"search_term_string"}}],"inLanguage":"pt-BR"},{"@type":"Organization","@id":"https:\/\/www.notibras.com\/site\/#organization","name":"Grupo Notibras de Comunica\u00e7\u00e3o","url":"https:\/\/www.notibras.com\/site\/","logo":{"@type":"ImageObject","inLanguage":"pt-BR","@id":"https:\/\/www.notibras.com\/site\/#\/schema\/logo\/image\/","url":"https:\/\/www.notibras.com\/site\/wp-content\/uploads\/2023\/01\/notibras23.png","contentUrl":"https:\/\/www.notibras.com\/site\/wp-content\/uploads\/2023\/01\/notibras23.png","width":350,"height":87,"caption":"Grupo Notibras de Comunica\u00e7\u00e3o"},"image":{"@id":"https:\/\/www.notibras.com\/site\/#\/schema\/logo\/image\/"},"sameAs":["https:\/\/www.facebook.com\/notibras\/","https:\/\/x.com\/Notibras","https:\/\/www.instagram.com\/notibras\/"]},{"@type":"Person","@id":"https:\/\/www.notibras.com\/site\/#\/schema\/person\/36ab0979449956132d3e5b517ea76ac8","name":"Reda\u00e7\u00e3o","image":{"@type":"ImageObject","inLanguage":"pt-BR","@id":"https:\/\/secure.gravatar.com\/avatar\/e0a867bdedb85fd243eadf09663511f96fc81e0720a4a42581f334ad4303aa6b?s=96&d=mm&r=g","url":"https:\/\/secure.gravatar.com\/avatar\/e0a867bdedb85fd243eadf09663511f96fc81e0720a4a42581f334ad4303aa6b?s=96&d=mm&r=g","contentUrl":"https:\/\/secure.gravatar.com\/avatar\/e0a867bdedb85fd243eadf09663511f96fc81e0720a4a42581f334ad4303aa6b?s=96&d=mm&r=g","caption":"Reda\u00e7\u00e3o"}}]}},"amp_enabled":true,"_links":{"self":[{"href":"https:\/\/www.notibras.com\/site\/wp-json\/wp\/v2\/posts\/88719","targetHints":{"allow":["GET"]}}],"collection":[{"href":"https:\/\/www.notibras.com\/site\/wp-json\/wp\/v2\/posts"}],"about":[{"href":"https:\/\/www.notibras.com\/site\/wp-json\/wp\/v2\/types\/post"}],"author":[{"embeddable":true,"href":"https:\/\/www.notibras.com\/site\/wp-json\/wp\/v2\/users\/2"}],"replies":[{"embeddable":true,"href":"https:\/\/www.notibras.com\/site\/wp-json\/wp\/v2\/comments?post=88719"}],"version-history":[{"count":3,"href":"https:\/\/www.notibras.com\/site\/wp-json\/wp\/v2\/posts\/88719\/revisions"}],"predecessor-version":[{"id":88723,"href":"https:\/\/www.notibras.com\/site\/wp-json\/wp\/v2\/posts\/88719\/revisions\/88723"}],"wp:featuredmedia":[{"embeddable":true,"href":"https:\/\/www.notibras.com\/site\/wp-json\/wp\/v2\/media\/88720"}],"wp:attachment":[{"href":"https:\/\/www.notibras.com\/site\/wp-json\/wp\/v2\/media?parent=88719"}],"wp:term":[{"taxonomy":"category","embeddable":true,"href":"https:\/\/www.notibras.com\/site\/wp-json\/wp\/v2\/categories?post=88719"},{"taxonomy":"post_tag","embeddable":true,"href":"https:\/\/www.notibras.com\/site\/wp-json\/wp\/v2\/tags?post=88719"}],"curies":[{"name":"wp","href":"https:\/\/api.w.org\/{rel}","templated":true}]}}