{"id":88724,"date":"2016-02-11T02:11:21","date_gmt":"2016-02-11T04:11:21","guid":{"rendered":"http:\/\/www.notibras.com\/site\/?p=88724"},"modified":"2016-02-11T02:11:21","modified_gmt":"2016-02-11T04:11:21","slug":"acabou-o-carnaval-e-como-sera-o-resto-do-ano-para-as-escolas","status":"publish","type":"post","link":"https:\/\/www.notibras.com\/site\/acabou-o-carnaval-e-como-sera-o-resto-do-ano-para-as-escolas\/","title":{"rendered":"Acabou o carnaval&#8230; e como ser\u00e1 o resto do ano para as escolas?"},"content":{"rendered":"<p><strong>Marcelo Guedes<\/strong><\/p>\n<p>O mundialmente reconhecido desfile de escolas de samba do Rio de Janeiro pode ser considerado uma das principais manifesta\u00e7\u00f5es art\u00edsticas e culturais no Brasil. Por sua grandiosidade, beleza e singularidade, \u00e9 chamado por muitos de &#8220;o maior espet\u00e1culo da terra&#8221;.\u00a0Uma manifesta\u00e7\u00e3o quase centen\u00e1ria que reunia poucos sambistas ao redor de um pequeno cord\u00e3o de isolamento envolve atualmente quase quatro mil componentes e um or\u00e7amento que pode ultrapassar R$ 10 milh\u00f5es para um desfile que dura apenas cerca de 70 minutos.<\/p>\n<p>Hoje, os desfiles das escolas de samba movimentam milh\u00f5es de reais para a ind\u00fastria do turismo da cidade do Rio de Janeiro, atraindo milhares de visitantes das mais diversas regi\u00f5es do planeta. Trata-se de uma atividade essencial para uma cidade que assume sua voca\u00e7\u00e3o criativa.<\/p>\n<p>S\u00e3o centenas de empregos diretos na Cidade do Samba, bem como o envolvimento de um leque cada vez maior de fornecedores externos: de escultores a profissionais de tecnologia, passando por bailarinos, core\u00f3grafos etc. Al\u00e9m disso, trata-se de um evento essencial para o incremento or\u00e7ament\u00e1rio de diversos setores da cidade, tais como: bares e restaurantes, transportes, hotelaria, com\u00e9rcio varejista etc.<\/p>\n<p>O grande desafio atual \u00e9 profissionalizar as escolas de forma a conseguir colocar a cada ano um desfile milion\u00e1rio. O caminho \u00e9 a profissionaliza\u00e7\u00e3o de cada agremia\u00e7\u00e3o. Mas antes de qualquer tipo de a\u00e7\u00e3o, seus dirigentes precisam identificar novas formas de capta\u00e7\u00e3o de recursos. Novas modalidades de parcerias com empresas e governos devem buscar benef\u00edcios para ambas as partes n\u00e3o se restringindo apenas \u00e0s atuais a\u00e7\u00f5es relacionadas com os 70 minutos de desfile. Para tal, o conceito de patroc\u00ednio nas escolas deve ser repensado n\u00e3o se restringido \u00e0s atuais formas engessadas de exposi\u00e7\u00e3o.<\/p>\n<p>As escolas definitivamente devem aproveitar suas potencialidades. Suas \u00e1reas de marketing devem explorar os outros 364 dias do ano, pois o samba n\u00e3o se restringe \u00e0 Sapuca\u00ed.\u00a0Por isso mesmo, a populariza\u00e7\u00e3o das escolas n\u00e3o deve ser deixada de lado. A for\u00e7a da marca depende n\u00e3o apenas de uma busca de patrocinadores a qualquer custo, mas tamb\u00e9m do engajamento de seus torcedores.<\/p>\n<p>Caso as agremia\u00e7\u00f5es n\u00e3o se enquadrem nesse novo formato de capta\u00e7\u00e3o de recursos, surge a eminente possibilidade de rebaixamento. Maior penalidade que uma escola de samba pode sofrer.<\/p>\n<p>&#8220;N\u00e3o deixe o samba morrer, n\u00e3o deixe o samba acabar&#8230;&#8221;<\/p>\n","protected":false},"excerpt":{"rendered":"<p>Marcelo Guedes O mundialmente reconhecido desfile de escolas de samba do Rio de Janeiro pode ser considerado uma das principais manifesta\u00e7\u00f5es art\u00edsticas e culturais no Brasil. Por sua grandiosidade, beleza e singularidade, \u00e9 chamado por muitos de &#8220;o maior espet\u00e1culo da terra&#8221;.\u00a0Uma manifesta\u00e7\u00e3o quase centen\u00e1ria que reunia poucos sambistas ao redor de um pequeno cord\u00e3o [&hellip;]<\/p>\n","protected":false},"author":2,"featured_media":88725,"comment_status":"open","ping_status":"closed","sticky":false,"template":"","format":"standard","meta":{"_acf_changed":false,"footnotes":""},"categories":[25],"tags":[],"class_list":["post-88724","post","type-post","status-publish","format-standard","has-post-thumbnail","hentry","category-opina-ai"],"acf":[],"yoast_head":"<!-- This site is optimized with the Yoast SEO plugin v27.5 - https:\/\/yoast.com\/product\/yoast-seo-wordpress\/ -->\n<title>Acabou o carnaval... e como ser\u00e1 o resto do ano para as escolas? - Notibras<\/title>\n<meta name=\"robots\" content=\"index, follow, max-snippet:-1, max-image-preview:large, max-video-preview:-1\" \/>\n<link rel=\"canonical\" href=\"https:\/\/www.notibras.com\/site\/acabou-o-carnaval-e-como-sera-o-resto-do-ano-para-as-escolas\/\" \/>\n<meta property=\"og:locale\" content=\"pt_BR\" \/>\n<meta property=\"og:type\" content=\"article\" \/>\n<meta property=\"og:title\" content=\"Acabou o carnaval... e como ser\u00e1 o resto do ano para as escolas? - Notibras\" \/>\n<meta property=\"og:description\" content=\"Marcelo Guedes O mundialmente reconhecido desfile de escolas de samba do Rio de Janeiro pode ser considerado uma das principais manifesta\u00e7\u00f5es art\u00edsticas e culturais no Brasil. Por sua grandiosidade, beleza e singularidade, \u00e9 chamado por muitos de &#8220;o maior espet\u00e1culo da terra&#8221;.\u00a0Uma manifesta\u00e7\u00e3o quase centen\u00e1ria que reunia poucos sambistas ao redor de um pequeno cord\u00e3o [&hellip;]\" \/>\n<meta property=\"og:url\" content=\"https:\/\/www.notibras.com\/site\/acabou-o-carnaval-e-como-sera-o-resto-do-ano-para-as-escolas\/\" \/>\n<meta property=\"og:site_name\" content=\"Notibras\" \/>\n<meta property=\"article:publisher\" content=\"https:\/\/www.facebook.com\/notibras\/\" \/>\n<meta property=\"article:published_time\" content=\"2016-02-11T04:11:21+00:00\" \/>\n<meta property=\"og:image\" content=\"https:\/\/www.notibras.com\/site\/wp-content\/uploads\/2016\/02\/17934226.jpg\" \/>\n\t<meta property=\"og:image:width\" content=\"730\" \/>\n\t<meta property=\"og:image:height\" content=\"502\" \/>\n\t<meta property=\"og:image:type\" content=\"image\/jpeg\" \/>\n<meta name=\"author\" content=\"Reda\u00e7\u00e3o\" \/>\n<meta name=\"twitter:card\" content=\"summary_large_image\" \/>\n<meta name=\"twitter:creator\" content=\"@Notibras\" \/>\n<meta name=\"twitter:site\" content=\"@Notibras\" \/>\n<meta name=\"twitter:label1\" content=\"Escrito por\" \/>\n\t<meta name=\"twitter:data1\" content=\"Reda\u00e7\u00e3o\" \/>\n\t<meta name=\"twitter:label2\" content=\"Est. tempo de leitura\" \/>\n\t<meta name=\"twitter:data2\" content=\"2 minutos\" \/>\n<script type=\"application\/ld+json\" class=\"yoast-schema-graph\">{\"@context\":\"https:\\\/\\\/schema.org\",\"@graph\":[{\"@type\":\"Article\",\"@id\":\"https:\\\/\\\/www.notibras.com\\\/site\\\/acabou-o-carnaval-e-como-sera-o-resto-do-ano-para-as-escolas\\\/#article\",\"isPartOf\":{\"@id\":\"https:\\\/\\\/www.notibras.com\\\/site\\\/acabou-o-carnaval-e-como-sera-o-resto-do-ano-para-as-escolas\\\/\"},\"author\":{\"name\":\"Reda\u00e7\u00e3o\",\"@id\":\"https:\\\/\\\/www.notibras.com\\\/site\\\/#\\\/schema\\\/person\\\/36ab0979449956132d3e5b517ea76ac8\"},\"headline\":\"Acabou o carnaval&#8230; e como ser\u00e1 o resto do ano para as escolas?\",\"datePublished\":\"2016-02-11T04:11:21+00:00\",\"mainEntityOfPage\":{\"@id\":\"https:\\\/\\\/www.notibras.com\\\/site\\\/acabou-o-carnaval-e-como-sera-o-resto-do-ano-para-as-escolas\\\/\"},\"wordCount\":425,\"commentCount\":0,\"publisher\":{\"@id\":\"https:\\\/\\\/www.notibras.com\\\/site\\\/#organization\"},\"image\":{\"@id\":\"https:\\\/\\\/www.notibras.com\\\/site\\\/acabou-o-carnaval-e-como-sera-o-resto-do-ano-para-as-escolas\\\/#primaryimage\"},\"thumbnailUrl\":\"https:\\\/\\\/www.notibras.com\\\/site\\\/wp-content\\\/uploads\\\/2016\\\/02\\\/17934226.jpg\",\"articleSection\":[\"Opina a\u00ed\"],\"inLanguage\":\"pt-BR\",\"potentialAction\":[{\"@type\":\"CommentAction\",\"name\":\"Comment\",\"target\":[\"https:\\\/\\\/www.notibras.com\\\/site\\\/acabou-o-carnaval-e-como-sera-o-resto-do-ano-para-as-escolas\\\/#respond\"]}]},{\"@type\":\"WebPage\",\"@id\":\"https:\\\/\\\/www.notibras.com\\\/site\\\/acabou-o-carnaval-e-como-sera-o-resto-do-ano-para-as-escolas\\\/\",\"url\":\"https:\\\/\\\/www.notibras.com\\\/site\\\/acabou-o-carnaval-e-como-sera-o-resto-do-ano-para-as-escolas\\\/\",\"name\":\"Acabou o carnaval... e como ser\u00e1 o resto do ano para as escolas? - Notibras\",\"isPartOf\":{\"@id\":\"https:\\\/\\\/www.notibras.com\\\/site\\\/#website\"},\"primaryImageOfPage\":{\"@id\":\"https:\\\/\\\/www.notibras.com\\\/site\\\/acabou-o-carnaval-e-como-sera-o-resto-do-ano-para-as-escolas\\\/#primaryimage\"},\"image\":{\"@id\":\"https:\\\/\\\/www.notibras.com\\\/site\\\/acabou-o-carnaval-e-como-sera-o-resto-do-ano-para-as-escolas\\\/#primaryimage\"},\"thumbnailUrl\":\"https:\\\/\\\/www.notibras.com\\\/site\\\/wp-content\\\/uploads\\\/2016\\\/02\\\/17934226.jpg\",\"datePublished\":\"2016-02-11T04:11:21+00:00\",\"breadcrumb\":{\"@id\":\"https:\\\/\\\/www.notibras.com\\\/site\\\/acabou-o-carnaval-e-como-sera-o-resto-do-ano-para-as-escolas\\\/#breadcrumb\"},\"inLanguage\":\"pt-BR\",\"potentialAction\":[{\"@type\":\"ReadAction\",\"target\":[\"https:\\\/\\\/www.notibras.com\\\/site\\\/acabou-o-carnaval-e-como-sera-o-resto-do-ano-para-as-escolas\\\/\"]}]},{\"@type\":\"ImageObject\",\"inLanguage\":\"pt-BR\",\"@id\":\"https:\\\/\\\/www.notibras.com\\\/site\\\/acabou-o-carnaval-e-como-sera-o-resto-do-ano-para-as-escolas\\\/#primaryimage\",\"url\":\"https:\\\/\\\/www.notibras.com\\\/site\\\/wp-content\\\/uploads\\\/2016\\\/02\\\/17934226.jpg\",\"contentUrl\":\"https:\\\/\\\/www.notibras.com\\\/site\\\/wp-content\\\/uploads\\\/2016\\\/02\\\/17934226.jpg\",\"width\":730,\"height\":502},{\"@type\":\"BreadcrumbList\",\"@id\":\"https:\\\/\\\/www.notibras.com\\\/site\\\/acabou-o-carnaval-e-como-sera-o-resto-do-ano-para-as-escolas\\\/#breadcrumb\",\"itemListElement\":[{\"@type\":\"ListItem\",\"position\":1,\"name\":\"In\u00edcio\",\"item\":\"https:\\\/\\\/www.notibras.com\\\/site\\\/\"},{\"@type\":\"ListItem\",\"position\":2,\"name\":\"Acabou o carnaval&#8230; e como ser\u00e1 o resto do ano para as escolas?\"}]},{\"@type\":\"WebSite\",\"@id\":\"https:\\\/\\\/www.notibras.com\\\/site\\\/#website\",\"url\":\"https:\\\/\\\/www.notibras.com\\\/site\\\/\",\"name\":\"Notibras\",\"description\":\"Not\u00edcias de Bras\u00edlia, do Brasil e do Mundo\",\"publisher\":{\"@id\":\"https:\\\/\\\/www.notibras.com\\\/site\\\/#organization\"},\"potentialAction\":[{\"@type\":\"SearchAction\",\"target\":{\"@type\":\"EntryPoint\",\"urlTemplate\":\"https:\\\/\\\/www.notibras.com\\\/site\\\/?s={search_term_string}\"},\"query-input\":{\"@type\":\"PropertyValueSpecification\",\"valueRequired\":true,\"valueName\":\"search_term_string\"}}],\"inLanguage\":\"pt-BR\"},{\"@type\":\"Organization\",\"@id\":\"https:\\\/\\\/www.notibras.com\\\/site\\\/#organization\",\"name\":\"Grupo Notibras de Comunica\u00e7\u00e3o\",\"url\":\"https:\\\/\\\/www.notibras.com\\\/site\\\/\",\"logo\":{\"@type\":\"ImageObject\",\"inLanguage\":\"pt-BR\",\"@id\":\"https:\\\/\\\/www.notibras.com\\\/site\\\/#\\\/schema\\\/logo\\\/image\\\/\",\"url\":\"https:\\\/\\\/www.notibras.com\\\/site\\\/wp-content\\\/uploads\\\/2023\\\/01\\\/notibras23.png\",\"contentUrl\":\"https:\\\/\\\/www.notibras.com\\\/site\\\/wp-content\\\/uploads\\\/2023\\\/01\\\/notibras23.png\",\"width\":350,\"height\":87,\"caption\":\"Grupo Notibras de Comunica\u00e7\u00e3o\"},\"image\":{\"@id\":\"https:\\\/\\\/www.notibras.com\\\/site\\\/#\\\/schema\\\/logo\\\/image\\\/\"},\"sameAs\":[\"https:\\\/\\\/www.facebook.com\\\/notibras\\\/\",\"https:\\\/\\\/x.com\\\/Notibras\",\"https:\\\/\\\/www.instagram.com\\\/notibras\\\/\"]},{\"@type\":\"Person\",\"@id\":\"https:\\\/\\\/www.notibras.com\\\/site\\\/#\\\/schema\\\/person\\\/36ab0979449956132d3e5b517ea76ac8\",\"name\":\"Reda\u00e7\u00e3o\",\"image\":{\"@type\":\"ImageObject\",\"inLanguage\":\"pt-BR\",\"@id\":\"https:\\\/\\\/secure.gravatar.com\\\/avatar\\\/e0a867bdedb85fd243eadf09663511f96fc81e0720a4a42581f334ad4303aa6b?s=96&d=mm&r=g\",\"url\":\"https:\\\/\\\/secure.gravatar.com\\\/avatar\\\/e0a867bdedb85fd243eadf09663511f96fc81e0720a4a42581f334ad4303aa6b?s=96&d=mm&r=g\",\"contentUrl\":\"https:\\\/\\\/secure.gravatar.com\\\/avatar\\\/e0a867bdedb85fd243eadf09663511f96fc81e0720a4a42581f334ad4303aa6b?s=96&d=mm&r=g\",\"caption\":\"Reda\u00e7\u00e3o\"}}]}<\/script>\n<!-- \/ Yoast SEO plugin. -->","yoast_head_json":{"title":"Acabou o carnaval... e como ser\u00e1 o resto do ano para as escolas? - Notibras","robots":{"index":"index","follow":"follow","max-snippet":"max-snippet:-1","max-image-preview":"max-image-preview:large","max-video-preview":"max-video-preview:-1"},"canonical":"https:\/\/www.notibras.com\/site\/acabou-o-carnaval-e-como-sera-o-resto-do-ano-para-as-escolas\/","og_locale":"pt_BR","og_type":"article","og_title":"Acabou o carnaval... e como ser\u00e1 o resto do ano para as escolas? - Notibras","og_description":"Marcelo Guedes O mundialmente reconhecido desfile de escolas de samba do Rio de Janeiro pode ser considerado uma das principais manifesta\u00e7\u00f5es art\u00edsticas e culturais no Brasil. Por sua grandiosidade, beleza e singularidade, \u00e9 chamado por muitos de &#8220;o maior espet\u00e1culo da terra&#8221;.\u00a0Uma manifesta\u00e7\u00e3o quase centen\u00e1ria que reunia poucos sambistas ao redor de um pequeno cord\u00e3o [&hellip;]","og_url":"https:\/\/www.notibras.com\/site\/acabou-o-carnaval-e-como-sera-o-resto-do-ano-para-as-escolas\/","og_site_name":"Notibras","article_publisher":"https:\/\/www.facebook.com\/notibras\/","article_published_time":"2016-02-11T04:11:21+00:00","og_image":[{"width":730,"height":502,"url":"https:\/\/www.notibras.com\/site\/wp-content\/uploads\/2016\/02\/17934226.jpg","type":"image\/jpeg"}],"author":"Reda\u00e7\u00e3o","twitter_card":"summary_large_image","twitter_creator":"@Notibras","twitter_site":"@Notibras","twitter_misc":{"Escrito por":"Reda\u00e7\u00e3o","Est. tempo de leitura":"2 minutos"},"schema":{"@context":"https:\/\/schema.org","@graph":[{"@type":"Article","@id":"https:\/\/www.notibras.com\/site\/acabou-o-carnaval-e-como-sera-o-resto-do-ano-para-as-escolas\/#article","isPartOf":{"@id":"https:\/\/www.notibras.com\/site\/acabou-o-carnaval-e-como-sera-o-resto-do-ano-para-as-escolas\/"},"author":{"name":"Reda\u00e7\u00e3o","@id":"https:\/\/www.notibras.com\/site\/#\/schema\/person\/36ab0979449956132d3e5b517ea76ac8"},"headline":"Acabou o carnaval&#8230; e como ser\u00e1 o resto do ano para as escolas?","datePublished":"2016-02-11T04:11:21+00:00","mainEntityOfPage":{"@id":"https:\/\/www.notibras.com\/site\/acabou-o-carnaval-e-como-sera-o-resto-do-ano-para-as-escolas\/"},"wordCount":425,"commentCount":0,"publisher":{"@id":"https:\/\/www.notibras.com\/site\/#organization"},"image":{"@id":"https:\/\/www.notibras.com\/site\/acabou-o-carnaval-e-como-sera-o-resto-do-ano-para-as-escolas\/#primaryimage"},"thumbnailUrl":"https:\/\/www.notibras.com\/site\/wp-content\/uploads\/2016\/02\/17934226.jpg","articleSection":["Opina a\u00ed"],"inLanguage":"pt-BR","potentialAction":[{"@type":"CommentAction","name":"Comment","target":["https:\/\/www.notibras.com\/site\/acabou-o-carnaval-e-como-sera-o-resto-do-ano-para-as-escolas\/#respond"]}]},{"@type":"WebPage","@id":"https:\/\/www.notibras.com\/site\/acabou-o-carnaval-e-como-sera-o-resto-do-ano-para-as-escolas\/","url":"https:\/\/www.notibras.com\/site\/acabou-o-carnaval-e-como-sera-o-resto-do-ano-para-as-escolas\/","name":"Acabou o carnaval... e como ser\u00e1 o resto do ano para as escolas? - Notibras","isPartOf":{"@id":"https:\/\/www.notibras.com\/site\/#website"},"primaryImageOfPage":{"@id":"https:\/\/www.notibras.com\/site\/acabou-o-carnaval-e-como-sera-o-resto-do-ano-para-as-escolas\/#primaryimage"},"image":{"@id":"https:\/\/www.notibras.com\/site\/acabou-o-carnaval-e-como-sera-o-resto-do-ano-para-as-escolas\/#primaryimage"},"thumbnailUrl":"https:\/\/www.notibras.com\/site\/wp-content\/uploads\/2016\/02\/17934226.jpg","datePublished":"2016-02-11T04:11:21+00:00","breadcrumb":{"@id":"https:\/\/www.notibras.com\/site\/acabou-o-carnaval-e-como-sera-o-resto-do-ano-para-as-escolas\/#breadcrumb"},"inLanguage":"pt-BR","potentialAction":[{"@type":"ReadAction","target":["https:\/\/www.notibras.com\/site\/acabou-o-carnaval-e-como-sera-o-resto-do-ano-para-as-escolas\/"]}]},{"@type":"ImageObject","inLanguage":"pt-BR","@id":"https:\/\/www.notibras.com\/site\/acabou-o-carnaval-e-como-sera-o-resto-do-ano-para-as-escolas\/#primaryimage","url":"https:\/\/www.notibras.com\/site\/wp-content\/uploads\/2016\/02\/17934226.jpg","contentUrl":"https:\/\/www.notibras.com\/site\/wp-content\/uploads\/2016\/02\/17934226.jpg","width":730,"height":502},{"@type":"BreadcrumbList","@id":"https:\/\/www.notibras.com\/site\/acabou-o-carnaval-e-como-sera-o-resto-do-ano-para-as-escolas\/#breadcrumb","itemListElement":[{"@type":"ListItem","position":1,"name":"In\u00edcio","item":"https:\/\/www.notibras.com\/site\/"},{"@type":"ListItem","position":2,"name":"Acabou o carnaval&#8230; e como ser\u00e1 o resto do ano para as escolas?"}]},{"@type":"WebSite","@id":"https:\/\/www.notibras.com\/site\/#website","url":"https:\/\/www.notibras.com\/site\/","name":"Notibras","description":"Not\u00edcias de Bras\u00edlia, do Brasil e do Mundo","publisher":{"@id":"https:\/\/www.notibras.com\/site\/#organization"},"potentialAction":[{"@type":"SearchAction","target":{"@type":"EntryPoint","urlTemplate":"https:\/\/www.notibras.com\/site\/?s={search_term_string}"},"query-input":{"@type":"PropertyValueSpecification","valueRequired":true,"valueName":"search_term_string"}}],"inLanguage":"pt-BR"},{"@type":"Organization","@id":"https:\/\/www.notibras.com\/site\/#organization","name":"Grupo Notibras de Comunica\u00e7\u00e3o","url":"https:\/\/www.notibras.com\/site\/","logo":{"@type":"ImageObject","inLanguage":"pt-BR","@id":"https:\/\/www.notibras.com\/site\/#\/schema\/logo\/image\/","url":"https:\/\/www.notibras.com\/site\/wp-content\/uploads\/2023\/01\/notibras23.png","contentUrl":"https:\/\/www.notibras.com\/site\/wp-content\/uploads\/2023\/01\/notibras23.png","width":350,"height":87,"caption":"Grupo Notibras de Comunica\u00e7\u00e3o"},"image":{"@id":"https:\/\/www.notibras.com\/site\/#\/schema\/logo\/image\/"},"sameAs":["https:\/\/www.facebook.com\/notibras\/","https:\/\/x.com\/Notibras","https:\/\/www.instagram.com\/notibras\/"]},{"@type":"Person","@id":"https:\/\/www.notibras.com\/site\/#\/schema\/person\/36ab0979449956132d3e5b517ea76ac8","name":"Reda\u00e7\u00e3o","image":{"@type":"ImageObject","inLanguage":"pt-BR","@id":"https:\/\/secure.gravatar.com\/avatar\/e0a867bdedb85fd243eadf09663511f96fc81e0720a4a42581f334ad4303aa6b?s=96&d=mm&r=g","url":"https:\/\/secure.gravatar.com\/avatar\/e0a867bdedb85fd243eadf09663511f96fc81e0720a4a42581f334ad4303aa6b?s=96&d=mm&r=g","contentUrl":"https:\/\/secure.gravatar.com\/avatar\/e0a867bdedb85fd243eadf09663511f96fc81e0720a4a42581f334ad4303aa6b?s=96&d=mm&r=g","caption":"Reda\u00e7\u00e3o"}}]}},"amp_enabled":true,"_links":{"self":[{"href":"https:\/\/www.notibras.com\/site\/wp-json\/wp\/v2\/posts\/88724","targetHints":{"allow":["GET"]}}],"collection":[{"href":"https:\/\/www.notibras.com\/site\/wp-json\/wp\/v2\/posts"}],"about":[{"href":"https:\/\/www.notibras.com\/site\/wp-json\/wp\/v2\/types\/post"}],"author":[{"embeddable":true,"href":"https:\/\/www.notibras.com\/site\/wp-json\/wp\/v2\/users\/2"}],"replies":[{"embeddable":true,"href":"https:\/\/www.notibras.com\/site\/wp-json\/wp\/v2\/comments?post=88724"}],"version-history":[{"count":1,"href":"https:\/\/www.notibras.com\/site\/wp-json\/wp\/v2\/posts\/88724\/revisions"}],"predecessor-version":[{"id":88726,"href":"https:\/\/www.notibras.com\/site\/wp-json\/wp\/v2\/posts\/88724\/revisions\/88726"}],"wp:featuredmedia":[{"embeddable":true,"href":"https:\/\/www.notibras.com\/site\/wp-json\/wp\/v2\/media\/88725"}],"wp:attachment":[{"href":"https:\/\/www.notibras.com\/site\/wp-json\/wp\/v2\/media?parent=88724"}],"wp:term":[{"taxonomy":"category","embeddable":true,"href":"https:\/\/www.notibras.com\/site\/wp-json\/wp\/v2\/categories?post=88724"},{"taxonomy":"post_tag","embeddable":true,"href":"https:\/\/www.notibras.com\/site\/wp-json\/wp\/v2\/tags?post=88724"}],"curies":[{"name":"wp","href":"https:\/\/api.w.org\/{rel}","templated":true}]}}