{"id":8898,"date":"2014-05-09T17:19:17","date_gmt":"2014-05-09T20:19:17","guid":{"rendered":"http:\/\/www.notibras.com\/site\/?p=8898"},"modified":"2014-05-09T17:19:17","modified_gmt":"2014-05-09T20:19:17","slug":"adversario-do-brasil-mexico-define-grupo-que-disputara-a-copa","status":"publish","type":"post","link":"https:\/\/www.notibras.com\/site\/adversario-do-brasil-mexico-define-grupo-que-disputara-a-copa\/","title":{"rendered":"Advers\u00e1rio do Brasil, M\u00e9xico define grupo que disputar\u00e1 a Copa"},"content":{"rendered":"<p>O M\u00e9xico, segundo advers\u00e1rio da Sele\u00e7\u00e3o Brasileira no Grupo A da Copa do Mundo, divulgou nesta sexta-feira a lista de convocados para o Mundial.<\/p>\n<p class=\"text\">Sem muitas surpresas, o t\u00e9cnico Miguel Herrera colocou o que tem de melhor \u00e0 disposi\u00e7\u00e3o entre os 23 convocados. O atacante Carlos Vela, da Real Sociedad, \u00e9 a grande aus\u00eancia &#8211; ele j\u00e1 havia pedido para n\u00e3o ser chamado.<\/p>\n<p class=\"text\">Com nomes como Ochoa, Guardado, Chicharito, al\u00e9m dos experientes Rafa M\u00e1rquez e Carlos Salcido, o M\u00e9xico faz a estreia contra Camar\u00f5es, no dia 13, em Natal, depois joga contra a Sele\u00e7\u00e3o, no dia 17, em Fortaleza, e termina a participa\u00e7\u00e3o na fase de grupos diante da Cro\u00e1cia, em\u00a023 de junho, em Recife.<\/p>\n<p class=\"text\"><strong>Veja a lista<\/strong>:<\/p>\n<p class=\"text\"><strong>Goleiros:<\/strong><br \/>\nJes\u00fas Corona (Cruz Azul), Guillermo Ochoa (Ajaccio) e Alfredo Talavera (Toluca);<\/p>\n<p class=\"text\"><strong>Defensores:<\/strong><br \/>\nPaul Aguilar (Am\u00e9rica), Andr\u00e9s Guardado (Bayer Leverkusen), Miguel Lay\u00fan (Am\u00e9rica), Rafa M\u00e1rquez (Le\u00f3n), H\u00e9ctor Moreno (Espanyol), Diego Reyes (Porto), Maza Rodr\u00edguez (Am\u00e9rica) e Carlos Salcido (Tigres);<\/p>\n<p class=\"text\"><strong>Meias:<\/strong><br \/>\nIsaac Brizuela (Toluca), Marco Fabi\u00e1n (Cruz Azul), H\u00e9ctor Herrera (Porto), Juan Carlos Medina (Am\u00e9rica), Carlos Pe\u00f1a (Le\u00f3n), Luis Montes (Le\u00f3n) e Jos\u00e9 Juan V\u00e1zquez (Le\u00f3n);<\/p>\n<p class=\"text\"><strong>Atacantes:<\/strong><br \/>\nGiovani dos Santos (Villarreal), Javier Hern\u00e1ndez (Manchester United), Ra\u00fal Jim\u00e9nez (Am\u00e9rica), Oribe Peralta (Santos) e Alan Pulido (Tigres)<\/p>\n","protected":false},"excerpt":{"rendered":"<p>O M\u00e9xico, segundo advers\u00e1rio da Sele\u00e7\u00e3o Brasileira no Grupo A da Copa do Mundo, divulgou nesta sexta-feira a lista de convocados para o Mundial. Sem muitas surpresas, o t\u00e9cnico Miguel Herrera colocou o que tem de melhor \u00e0 disposi\u00e7\u00e3o entre os 23 convocados. O atacante Carlos Vela, da Real Sociedad, \u00e9 a grande aus\u00eancia &#8211; [&hellip;]<\/p>\n","protected":false},"author":2,"featured_media":8899,"comment_status":"open","ping_status":"closed","sticky":false,"template":"","format":"standard","meta":{"_acf_changed":false,"footnotes":""},"categories":[19],"tags":[],"class_list":["post-8898","post","type-post","status-publish","format-standard","has-post-thumbnail","hentry","category-esportes"],"acf":[],"_links":{"self":[{"href":"https:\/\/www.notibras.com\/site\/wp-json\/wp\/v2\/posts\/8898","targetHints":{"allow":["GET"]}}],"collection":[{"href":"https:\/\/www.notibras.com\/site\/wp-json\/wp\/v2\/posts"}],"about":[{"href":"https:\/\/www.notibras.com\/site\/wp-json\/wp\/v2\/types\/post"}],"author":[{"embeddable":true,"href":"https:\/\/www.notibras.com\/site\/wp-json\/wp\/v2\/users\/2"}],"replies":[{"embeddable":true,"href":"https:\/\/www.notibras.com\/site\/wp-json\/wp\/v2\/comments?post=8898"}],"version-history":[{"count":0,"href":"https:\/\/www.notibras.com\/site\/wp-json\/wp\/v2\/posts\/8898\/revisions"}],"wp:featuredmedia":[{"embeddable":true,"href":"https:\/\/www.notibras.com\/site\/wp-json\/wp\/v2\/media\/8899"}],"wp:attachment":[{"href":"https:\/\/www.notibras.com\/site\/wp-json\/wp\/v2\/media?parent=8898"}],"wp:term":[{"taxonomy":"category","embeddable":true,"href":"https:\/\/www.notibras.com\/site\/wp-json\/wp\/v2\/categories?post=8898"},{"taxonomy":"post_tag","embeddable":true,"href":"https:\/\/www.notibras.com\/site\/wp-json\/wp\/v2\/tags?post=8898"}],"curies":[{"name":"wp","href":"https:\/\/api.w.org\/{rel}","templated":true}]}}