{"id":891,"date":"2014-02-09T19:18:11","date_gmt":"2014-02-09T22:18:11","guid":{"rendered":"http:\/\/www.notibras.com\/site\/?p=891"},"modified":"2014-02-09T19:18:11","modified_gmt":"2014-02-09T22:18:11","slug":"sao-paulo-volta-a-campinas-e-amarga-nova-derrota-para-a-ponte","status":"publish","type":"post","link":"https:\/\/www.notibras.com\/site\/sao-paulo-volta-a-campinas-e-amarga-nova-derrota-para-a-ponte\/","title":{"rendered":"S\u00e3o Paulo volta a Campinas e amarga nova derrota para a Ponte"},"content":{"rendered":"<p>O S\u00e3o Paulo contou com as estreias do volante Souza e do atacante Pab\u00f3n, mas foi derrotado por 2 a 1 pela Ponte Preta neste domingo pela s\u00e9tima rodada do Campeonato Paulista.\u00a0Foi o primeiro jogo entre os rivais no Mois\u00e9s Lucarelli, em Campinas, ap\u00f3s a pol\u00eamica da semifinal da Sul-Americana do ano passado (o clube da capital alegou falta de capacidade e conseguiu tirar o confronto do local na Conmebol).<\/p>\n<p>O resultado deixa as equipes na zona de classifica\u00e7\u00e3o de suas chaves no Estadual. Os tricolores ainda lideram o Grupo A, com 12 pontos, enquanto os alvinegros aparecem em segundo no Grupo C, tamb\u00e9m com 12.<\/p>\n<p>Mesmo com um clima hostil no est\u00e1dio campineiro, o\u00a0S\u00e3o Paulo n\u00e3o se intimidou e acuou os anfitri\u00f5es no primeiro tempo. No entanto, teve dificuldades para transformar a maior posse em chances de gol. Uma cabe\u00e7ada de Ant\u00f4nio Carlos e um chute de Pab\u00f3n, ambos para fora, foram as melhores oportunidades.<\/p>\n<p>A equipe tricolor foi castigada pouco antes do intervalo. Rodrigo Caio afastou mal cruzamento e Silvinho, que teve passagem bem discreta pelo Morumbi, bateu no canto de Rog\u00e9rio Ceni para abrir o placar aos 41min.<\/p>\n<p>O pr\u00f3prio capit\u00e3o tricolor se encarregou de empatar o jogo. Aos 10min da etapa final, \u00c1lvaro Pereira foi tocado por Ademir e o \u00e1rbitro deu p\u00eanalti. Ceni bateu forte, no meio do gol. A alegria dos visitantes durou pouco. Ap\u00f3s cobran\u00e7a de falta da entrada da \u00e1rea, pela direita, Alem\u00e3o saltou com espa\u00e7o e marcou de cabe\u00e7a aos 14min: 2 a 1 Ponte.<\/p>\n<p>No tempo t\u00e9cnico da segunda etapa, o t\u00e9cnico Muricy Ramalho reclamou da desaten\u00e7\u00e3o dos atletas na bola a\u00e9rea e tentou organizar a forma\u00e7\u00e3o em campo. A bronca n\u00e3o surtiu efeito, por\u00e9m. O S\u00e3o Paulo pouco criou at\u00e9 o final da partida e s\u00f3 n\u00e3o sofreu outro gol porque Rog\u00e9rio Ceni espalmou uma bola cabeceada por C\u00e9sar \u00e0 queima-roupa.<\/p>\n<p>Agora, a equipe tricolor ter\u00e1 uma semana livre para se preparar e tentar nova recupera\u00e7\u00e3o contra a Portuguesa, no s\u00e1bado que vem, no Morumbi, onde tem 100% de aproveitamento at\u00e9 aqui na competi\u00e7\u00e3o estadual. J\u00e1 a Ponte, com uma partida adiada da primeira rodada, vai a campo antes, na quarta-feira, para receber o Ituano.<\/p>\n","protected":false},"excerpt":{"rendered":"<p>O S\u00e3o Paulo contou com as estreias do volante Souza e do atacante Pab\u00f3n, mas foi derrotado por 2 a 1 pela Ponte Preta neste domingo pela s\u00e9tima rodada do Campeonato Paulista.\u00a0Foi o primeiro jogo entre os rivais no Mois\u00e9s Lucarelli, em Campinas, ap\u00f3s a pol\u00eamica da semifinal da Sul-Americana do ano passado (o clube [&hellip;]<\/p>\n","protected":false},"author":2,"featured_media":892,"comment_status":"open","ping_status":"closed","sticky":false,"template":"","format":"standard","meta":{"_acf_changed":false,"footnotes":""},"categories":[19],"tags":[],"class_list":["post-891","post","type-post","status-publish","format-standard","has-post-thumbnail","hentry","category-esportes"],"acf":[],"_links":{"self":[{"href":"https:\/\/www.notibras.com\/site\/wp-json\/wp\/v2\/posts\/891","targetHints":{"allow":["GET"]}}],"collection":[{"href":"https:\/\/www.notibras.com\/site\/wp-json\/wp\/v2\/posts"}],"about":[{"href":"https:\/\/www.notibras.com\/site\/wp-json\/wp\/v2\/types\/post"}],"author":[{"embeddable":true,"href":"https:\/\/www.notibras.com\/site\/wp-json\/wp\/v2\/users\/2"}],"replies":[{"embeddable":true,"href":"https:\/\/www.notibras.com\/site\/wp-json\/wp\/v2\/comments?post=891"}],"version-history":[{"count":0,"href":"https:\/\/www.notibras.com\/site\/wp-json\/wp\/v2\/posts\/891\/revisions"}],"wp:featuredmedia":[{"embeddable":true,"href":"https:\/\/www.notibras.com\/site\/wp-json\/wp\/v2\/media\/892"}],"wp:attachment":[{"href":"https:\/\/www.notibras.com\/site\/wp-json\/wp\/v2\/media?parent=891"}],"wp:term":[{"taxonomy":"category","embeddable":true,"href":"https:\/\/www.notibras.com\/site\/wp-json\/wp\/v2\/categories?post=891"},{"taxonomy":"post_tag","embeddable":true,"href":"https:\/\/www.notibras.com\/site\/wp-json\/wp\/v2\/tags?post=891"}],"curies":[{"name":"wp","href":"https:\/\/api.w.org\/{rel}","templated":true}]}}