{"id":89166,"date":"2016-02-13T23:29:23","date_gmt":"2016-02-14T01:29:23","guid":{"rendered":"http:\/\/www.notibras.com\/site\/?p=89166"},"modified":"2016-02-13T23:29:23","modified_gmt":"2016-02-14T01:29:23","slug":"ditadura-de-collor-pune-mais-que-linha-dura-dos-militares-que-assumiram-em-64","status":"publish","type":"post","link":"https:\/\/www.notibras.com\/site\/ditadura-de-collor-pune-mais-que-linha-dura-dos-militares-que-assumiram-em-64\/","title":{"rendered":"Ditadura de Collor pune mais que linha dura dos militares que assumiram em 64"},"content":{"rendered":"<p><strong>Jos\u00e9 Escarlate<\/strong><\/p>\n<p>Era eu Coordenador de Comunica\u00e7\u00e3o Social do ministro da Integra\u00e7\u00e3o Regional, Alu\u00edzio Alves, durante o Governo Itamar Franco, por indica\u00e7\u00e3o do Tarc\u00edsio Holanda e do Wilson Ibiapina.<\/p>\n<p>Pela manh\u00e3, logo ap\u00f3s minha chegada ao Minist\u00e9rio, recebi uma liga\u00e7\u00e3o telef\u00f4nica, em torno das 8 horas. Do outro lado da linha uma senhora, que deveria ser secret\u00e1ria, pedia a minha interfer\u00eancia para que o senador Ney Maranh\u00e3o fosse recebido, \u00e0s 9h30m pelo ministro.<\/p>\n<p>Alu\u00edzio Alves aprovou a audi\u00eancia e, minutos, depois tive o primeiro reencontro com o ent\u00e3o senador Ney Maranh\u00e3o. Com mem\u00f3ria fotogr\u00e1fica, ele me reconheceu, quis saber como fora resolvido aquele meu problema de 20 anos passados, quando fui despejado, por for\u00e7a do AI-5, do apartamento que me fora alugado pelo senador, e como ia a minha vida.<\/p>\n<p>A audi\u00eancia teve a dura\u00e7\u00e3o de 1h20m. Ao despedir-se do ministro, disse que estaria viajando ao meio-dia, para a China, que j\u00e1 era o seu carro-chefe. Maranh\u00e3o foi at\u00e9 o meu gabinete beber \u00e1gua e saborear um cafezinho, quando ent\u00e3o pude lhe contar que, da mesma forma como ele fora punido pela ditadura dos militares, eu tamb\u00e9m havia sido punido, mas desta vez, pela democracia de Fernando Collor de Mello.<\/p>\n<p><strong>&#8220;Doido como voc\u00ea\u201d<\/strong> &#8211;\u00a0O ex- senador Ney Maranh\u00e3o, que era amigo tanto de Itamar Franco quanto de Collor, contou que, candidato ao trono do Pal\u00e1cio do Planalto, Collor o incumbiu de convencer Itamar a aceitar ser vice em sua chapa, na campanha presidencial. Precisava de um nome forte em Minas Gerais. Itamar n\u00e3o queria, sempre dava para tr\u00e1s. \u201cN\u00e3o, n\u00e3o e n\u00e3o\u201d \u2013 rebatia.<\/p>\n<p>Segundo Ney Maranh\u00e3o, ele usava um argumento que parecia definitivo, ao recusar ser vice de Collor: \u201cO homem \u00e9 doido, e ser\u00e1 dif\u00edcil governar o Brasil\u201d \u2013 adiantava. E mais adiante lembrava que \u201co p\u00e1reo \u00e9 muito duro pois est\u00e3o na disputa Leonel Brizola, M\u00e1rio Covas e agora at\u00e9 o Lula\u201d.<\/p>\n<p>A\u00ed o Ney Maranh\u00e3o me disse que n\u00e3o se conteve e contra-atacou: \u201cEle \u00e9 um doido exatamente como voc\u00ea e, com dois doidos juntos, geralmente a coisa anda\u201d.<\/p>\n<p>Ligad\u00e3o em Collor, Ney Maranh\u00e3o teve que administrar, na fase final do impeachment, a afirma\u00e7\u00e3o do ex-presidente que caiu em desgra\u00e7a, de que Itamar sempre conspirara contra seu governo. Quando se referia a Itamar, Collor dizia ser ele \u201cuma negativa de que h\u00e1 vida inteligente na terra.\u201d<\/p>\n<p><img loading=\"lazy\" decoding=\"async\" class=\"alignnone size-full wp-image-83053\" src=\"http:\/\/www.notibras.com\/site\/wp-content\/uploads\/2016\/01\/PV.png\" alt=\"PV\" width=\"122\" height=\"26\" \/><\/p>\n","protected":false},"excerpt":{"rendered":"<p>Jos\u00e9 Escarlate Era eu Coordenador de Comunica\u00e7\u00e3o Social do ministro da Integra\u00e7\u00e3o Regional, Alu\u00edzio Alves, durante o Governo Itamar Franco, por indica\u00e7\u00e3o do Tarc\u00edsio Holanda e do Wilson Ibiapina. Pela manh\u00e3, logo ap\u00f3s minha chegada ao Minist\u00e9rio, recebi uma liga\u00e7\u00e3o telef\u00f4nica, em torno das 8 horas. Do outro lado da linha uma senhora, que deveria [&hellip;]<\/p>\n","protected":false},"author":2,"featured_media":89167,"comment_status":"open","ping_status":"closed","sticky":false,"template":"","format":"standard","meta":{"_acf_changed":false,"footnotes":""},"categories":[63],"tags":[],"class_list":["post-89166","post","type-post","status-publish","format-standard","has-post-thumbnail","hentry","category-paginas-viradas"],"acf":[],"yoast_head":"<!-- This site is optimized with the Yoast SEO plugin v27.2 - https:\/\/yoast.com\/product\/yoast-seo-wordpress\/ -->\n<title>Ditadura de Collor pune mais que linha dura dos militares que assumiram em 64 - Notibras<\/title>\n<meta name=\"robots\" content=\"index, follow, max-snippet:-1, max-image-preview:large, max-video-preview:-1\" \/>\n<link rel=\"canonical\" href=\"https:\/\/www.notibras.com\/site\/ditadura-de-collor-pune-mais-que-linha-dura-dos-militares-que-assumiram-em-64\/\" \/>\n<meta property=\"og:locale\" content=\"pt_BR\" \/>\n<meta property=\"og:type\" content=\"article\" \/>\n<meta property=\"og:title\" content=\"Ditadura de Collor pune mais que linha dura dos militares que assumiram em 64 - Notibras\" \/>\n<meta property=\"og:description\" content=\"Jos\u00e9 Escarlate Era eu Coordenador de Comunica\u00e7\u00e3o Social do ministro da Integra\u00e7\u00e3o Regional, Alu\u00edzio Alves, durante o Governo Itamar Franco, por indica\u00e7\u00e3o do Tarc\u00edsio Holanda e do Wilson Ibiapina. Pela manh\u00e3, logo ap\u00f3s minha chegada ao Minist\u00e9rio, recebi uma liga\u00e7\u00e3o telef\u00f4nica, em torno das 8 horas. Do outro lado da linha uma senhora, que deveria [&hellip;]\" \/>\n<meta property=\"og:url\" content=\"https:\/\/www.notibras.com\/site\/ditadura-de-collor-pune-mais-que-linha-dura-dos-militares-que-assumiram-em-64\/\" \/>\n<meta property=\"og:site_name\" content=\"Notibras\" \/>\n<meta property=\"article:publisher\" content=\"https:\/\/www.facebook.com\/notibras\/\" \/>\n<meta property=\"article:published_time\" content=\"2016-02-14T01:29:23+00:00\" \/>\n<meta property=\"og:image\" content=\"https:\/\/www.notibras.com\/site\/wp-content\/uploads\/2016\/02\/Collor_no_Congresso_Nacional.jpg\" \/>\n\t<meta property=\"og:image:width\" content=\"800\" \/>\n\t<meta property=\"og:image:height\" content=\"538\" \/>\n\t<meta property=\"og:image:type\" content=\"image\/jpeg\" \/>\n<meta name=\"author\" content=\"Reda\u00e7\u00e3o\" \/>\n<meta name=\"twitter:card\" content=\"summary_large_image\" \/>\n<meta name=\"twitter:creator\" content=\"@Notibras\" \/>\n<meta name=\"twitter:site\" content=\"@Notibras\" \/>\n<meta name=\"twitter:label1\" content=\"Escrito por\" \/>\n\t<meta name=\"twitter:data1\" content=\"Reda\u00e7\u00e3o\" \/>\n\t<meta name=\"twitter:label2\" content=\"Est. tempo de leitura\" \/>\n\t<meta name=\"twitter:data2\" content=\"2 minutos\" \/>\n<script type=\"application\/ld+json\" class=\"yoast-schema-graph\">{\"@context\":\"https:\/\/schema.org\",\"@graph\":[{\"@type\":\"Article\",\"@id\":\"https:\/\/www.notibras.com\/site\/ditadura-de-collor-pune-mais-que-linha-dura-dos-militares-que-assumiram-em-64\/#article\",\"isPartOf\":{\"@id\":\"https:\/\/www.notibras.com\/site\/ditadura-de-collor-pune-mais-que-linha-dura-dos-militares-que-assumiram-em-64\/\"},\"author\":{\"name\":\"Reda\u00e7\u00e3o\",\"@id\":\"https:\/\/www.notibras.com\/site\/#\/schema\/person\/36ab0979449956132d3e5b517ea76ac8\"},\"headline\":\"Ditadura de Collor pune mais que linha dura dos militares que assumiram em 64\",\"datePublished\":\"2016-02-14T01:29:23+00:00\",\"mainEntityOfPage\":{\"@id\":\"https:\/\/www.notibras.com\/site\/ditadura-de-collor-pune-mais-que-linha-dura-dos-militares-que-assumiram-em-64\/\"},\"wordCount\":441,\"commentCount\":0,\"publisher\":{\"@id\":\"https:\/\/www.notibras.com\/site\/#organization\"},\"image\":{\"@id\":\"https:\/\/www.notibras.com\/site\/ditadura-de-collor-pune-mais-que-linha-dura-dos-militares-que-assumiram-em-64\/#primaryimage\"},\"thumbnailUrl\":\"https:\/\/www.notibras.com\/site\/wp-content\/uploads\/2016\/02\/Collor_no_Congresso_Nacional.jpg\",\"articleSection\":[\"P\u00e1ginas Viradas\"],\"inLanguage\":\"pt-BR\",\"potentialAction\":[{\"@type\":\"CommentAction\",\"name\":\"Comment\",\"target\":[\"https:\/\/www.notibras.com\/site\/ditadura-de-collor-pune-mais-que-linha-dura-dos-militares-que-assumiram-em-64\/#respond\"]}]},{\"@type\":\"WebPage\",\"@id\":\"https:\/\/www.notibras.com\/site\/ditadura-de-collor-pune-mais-que-linha-dura-dos-militares-que-assumiram-em-64\/\",\"url\":\"https:\/\/www.notibras.com\/site\/ditadura-de-collor-pune-mais-que-linha-dura-dos-militares-que-assumiram-em-64\/\",\"name\":\"Ditadura de Collor pune mais que linha dura dos militares que assumiram em 64 - Notibras\",\"isPartOf\":{\"@id\":\"https:\/\/www.notibras.com\/site\/#website\"},\"primaryImageOfPage\":{\"@id\":\"https:\/\/www.notibras.com\/site\/ditadura-de-collor-pune-mais-que-linha-dura-dos-militares-que-assumiram-em-64\/#primaryimage\"},\"image\":{\"@id\":\"https:\/\/www.notibras.com\/site\/ditadura-de-collor-pune-mais-que-linha-dura-dos-militares-que-assumiram-em-64\/#primaryimage\"},\"thumbnailUrl\":\"https:\/\/www.notibras.com\/site\/wp-content\/uploads\/2016\/02\/Collor_no_Congresso_Nacional.jpg\",\"datePublished\":\"2016-02-14T01:29:23+00:00\",\"breadcrumb\":{\"@id\":\"https:\/\/www.notibras.com\/site\/ditadura-de-collor-pune-mais-que-linha-dura-dos-militares-que-assumiram-em-64\/#breadcrumb\"},\"inLanguage\":\"pt-BR\",\"potentialAction\":[{\"@type\":\"ReadAction\",\"target\":[\"https:\/\/www.notibras.com\/site\/ditadura-de-collor-pune-mais-que-linha-dura-dos-militares-que-assumiram-em-64\/\"]}]},{\"@type\":\"ImageObject\",\"inLanguage\":\"pt-BR\",\"@id\":\"https:\/\/www.notibras.com\/site\/ditadura-de-collor-pune-mais-que-linha-dura-dos-militares-que-assumiram-em-64\/#primaryimage\",\"url\":\"https:\/\/www.notibras.com\/site\/wp-content\/uploads\/2016\/02\/Collor_no_Congresso_Nacional.jpg\",\"contentUrl\":\"https:\/\/www.notibras.com\/site\/wp-content\/uploads\/2016\/02\/Collor_no_Congresso_Nacional.jpg\",\"width\":800,\"height\":538},{\"@type\":\"BreadcrumbList\",\"@id\":\"https:\/\/www.notibras.com\/site\/ditadura-de-collor-pune-mais-que-linha-dura-dos-militares-que-assumiram-em-64\/#breadcrumb\",\"itemListElement\":[{\"@type\":\"ListItem\",\"position\":1,\"name\":\"In\u00edcio\",\"item\":\"https:\/\/www.notibras.com\/site\/\"},{\"@type\":\"ListItem\",\"position\":2,\"name\":\"Ditadura de Collor pune mais que linha dura dos militares que assumiram em 64\"}]},{\"@type\":\"WebSite\",\"@id\":\"https:\/\/www.notibras.com\/site\/#website\",\"url\":\"https:\/\/www.notibras.com\/site\/\",\"name\":\"Notibras\",\"description\":\"Not\u00edcias de Bras\u00edlia, do Brasil e do Mundo\",\"publisher\":{\"@id\":\"https:\/\/www.notibras.com\/site\/#organization\"},\"potentialAction\":[{\"@type\":\"SearchAction\",\"target\":{\"@type\":\"EntryPoint\",\"urlTemplate\":\"https:\/\/www.notibras.com\/site\/?s={search_term_string}\"},\"query-input\":{\"@type\":\"PropertyValueSpecification\",\"valueRequired\":true,\"valueName\":\"search_term_string\"}}],\"inLanguage\":\"pt-BR\"},{\"@type\":\"Organization\",\"@id\":\"https:\/\/www.notibras.com\/site\/#organization\",\"name\":\"Grupo Notibras de Comunica\u00e7\u00e3o\",\"url\":\"https:\/\/www.notibras.com\/site\/\",\"logo\":{\"@type\":\"ImageObject\",\"inLanguage\":\"pt-BR\",\"@id\":\"https:\/\/www.notibras.com\/site\/#\/schema\/logo\/image\/\",\"url\":\"https:\/\/www.notibras.com\/site\/wp-content\/uploads\/2023\/01\/notibras23.png\",\"contentUrl\":\"https:\/\/www.notibras.com\/site\/wp-content\/uploads\/2023\/01\/notibras23.png\",\"width\":350,\"height\":87,\"caption\":\"Grupo Notibras de Comunica\u00e7\u00e3o\"},\"image\":{\"@id\":\"https:\/\/www.notibras.com\/site\/#\/schema\/logo\/image\/\"},\"sameAs\":[\"https:\/\/www.facebook.com\/notibras\/\",\"https:\/\/x.com\/Notibras\",\"https:\/\/www.instagram.com\/notibras\/\"]},{\"@type\":\"Person\",\"@id\":\"https:\/\/www.notibras.com\/site\/#\/schema\/person\/36ab0979449956132d3e5b517ea76ac8\",\"name\":\"Reda\u00e7\u00e3o\",\"image\":{\"@type\":\"ImageObject\",\"inLanguage\":\"pt-BR\",\"@id\":\"https:\/\/secure.gravatar.com\/avatar\/e0a867bdedb85fd243eadf09663511f96fc81e0720a4a42581f334ad4303aa6b?s=96&d=mm&r=g\",\"url\":\"https:\/\/secure.gravatar.com\/avatar\/e0a867bdedb85fd243eadf09663511f96fc81e0720a4a42581f334ad4303aa6b?s=96&d=mm&r=g\",\"contentUrl\":\"https:\/\/secure.gravatar.com\/avatar\/e0a867bdedb85fd243eadf09663511f96fc81e0720a4a42581f334ad4303aa6b?s=96&d=mm&r=g\",\"caption\":\"Reda\u00e7\u00e3o\"}}]}<\/script>\n<!-- \/ Yoast SEO plugin. -->","yoast_head_json":{"title":"Ditadura de Collor pune mais que linha dura dos militares que assumiram em 64 - Notibras","robots":{"index":"index","follow":"follow","max-snippet":"max-snippet:-1","max-image-preview":"max-image-preview:large","max-video-preview":"max-video-preview:-1"},"canonical":"https:\/\/www.notibras.com\/site\/ditadura-de-collor-pune-mais-que-linha-dura-dos-militares-que-assumiram-em-64\/","og_locale":"pt_BR","og_type":"article","og_title":"Ditadura de Collor pune mais que linha dura dos militares que assumiram em 64 - Notibras","og_description":"Jos\u00e9 Escarlate Era eu Coordenador de Comunica\u00e7\u00e3o Social do ministro da Integra\u00e7\u00e3o Regional, Alu\u00edzio Alves, durante o Governo Itamar Franco, por indica\u00e7\u00e3o do Tarc\u00edsio Holanda e do Wilson Ibiapina. Pela manh\u00e3, logo ap\u00f3s minha chegada ao Minist\u00e9rio, recebi uma liga\u00e7\u00e3o telef\u00f4nica, em torno das 8 horas. Do outro lado da linha uma senhora, que deveria [&hellip;]","og_url":"https:\/\/www.notibras.com\/site\/ditadura-de-collor-pune-mais-que-linha-dura-dos-militares-que-assumiram-em-64\/","og_site_name":"Notibras","article_publisher":"https:\/\/www.facebook.com\/notibras\/","article_published_time":"2016-02-14T01:29:23+00:00","og_image":[{"width":800,"height":538,"url":"https:\/\/www.notibras.com\/site\/wp-content\/uploads\/2016\/02\/Collor_no_Congresso_Nacional.jpg","type":"image\/jpeg"}],"author":"Reda\u00e7\u00e3o","twitter_card":"summary_large_image","twitter_creator":"@Notibras","twitter_site":"@Notibras","twitter_misc":{"Escrito por":"Reda\u00e7\u00e3o","Est. tempo de leitura":"2 minutos"},"schema":{"@context":"https:\/\/schema.org","@graph":[{"@type":"Article","@id":"https:\/\/www.notibras.com\/site\/ditadura-de-collor-pune-mais-que-linha-dura-dos-militares-que-assumiram-em-64\/#article","isPartOf":{"@id":"https:\/\/www.notibras.com\/site\/ditadura-de-collor-pune-mais-que-linha-dura-dos-militares-que-assumiram-em-64\/"},"author":{"name":"Reda\u00e7\u00e3o","@id":"https:\/\/www.notibras.com\/site\/#\/schema\/person\/36ab0979449956132d3e5b517ea76ac8"},"headline":"Ditadura de Collor pune mais que linha dura dos militares que assumiram em 64","datePublished":"2016-02-14T01:29:23+00:00","mainEntityOfPage":{"@id":"https:\/\/www.notibras.com\/site\/ditadura-de-collor-pune-mais-que-linha-dura-dos-militares-que-assumiram-em-64\/"},"wordCount":441,"commentCount":0,"publisher":{"@id":"https:\/\/www.notibras.com\/site\/#organization"},"image":{"@id":"https:\/\/www.notibras.com\/site\/ditadura-de-collor-pune-mais-que-linha-dura-dos-militares-que-assumiram-em-64\/#primaryimage"},"thumbnailUrl":"https:\/\/www.notibras.com\/site\/wp-content\/uploads\/2016\/02\/Collor_no_Congresso_Nacional.jpg","articleSection":["P\u00e1ginas Viradas"],"inLanguage":"pt-BR","potentialAction":[{"@type":"CommentAction","name":"Comment","target":["https:\/\/www.notibras.com\/site\/ditadura-de-collor-pune-mais-que-linha-dura-dos-militares-que-assumiram-em-64\/#respond"]}]},{"@type":"WebPage","@id":"https:\/\/www.notibras.com\/site\/ditadura-de-collor-pune-mais-que-linha-dura-dos-militares-que-assumiram-em-64\/","url":"https:\/\/www.notibras.com\/site\/ditadura-de-collor-pune-mais-que-linha-dura-dos-militares-que-assumiram-em-64\/","name":"Ditadura de Collor pune mais que linha dura dos militares que assumiram em 64 - Notibras","isPartOf":{"@id":"https:\/\/www.notibras.com\/site\/#website"},"primaryImageOfPage":{"@id":"https:\/\/www.notibras.com\/site\/ditadura-de-collor-pune-mais-que-linha-dura-dos-militares-que-assumiram-em-64\/#primaryimage"},"image":{"@id":"https:\/\/www.notibras.com\/site\/ditadura-de-collor-pune-mais-que-linha-dura-dos-militares-que-assumiram-em-64\/#primaryimage"},"thumbnailUrl":"https:\/\/www.notibras.com\/site\/wp-content\/uploads\/2016\/02\/Collor_no_Congresso_Nacional.jpg","datePublished":"2016-02-14T01:29:23+00:00","breadcrumb":{"@id":"https:\/\/www.notibras.com\/site\/ditadura-de-collor-pune-mais-que-linha-dura-dos-militares-que-assumiram-em-64\/#breadcrumb"},"inLanguage":"pt-BR","potentialAction":[{"@type":"ReadAction","target":["https:\/\/www.notibras.com\/site\/ditadura-de-collor-pune-mais-que-linha-dura-dos-militares-que-assumiram-em-64\/"]}]},{"@type":"ImageObject","inLanguage":"pt-BR","@id":"https:\/\/www.notibras.com\/site\/ditadura-de-collor-pune-mais-que-linha-dura-dos-militares-que-assumiram-em-64\/#primaryimage","url":"https:\/\/www.notibras.com\/site\/wp-content\/uploads\/2016\/02\/Collor_no_Congresso_Nacional.jpg","contentUrl":"https:\/\/www.notibras.com\/site\/wp-content\/uploads\/2016\/02\/Collor_no_Congresso_Nacional.jpg","width":800,"height":538},{"@type":"BreadcrumbList","@id":"https:\/\/www.notibras.com\/site\/ditadura-de-collor-pune-mais-que-linha-dura-dos-militares-que-assumiram-em-64\/#breadcrumb","itemListElement":[{"@type":"ListItem","position":1,"name":"In\u00edcio","item":"https:\/\/www.notibras.com\/site\/"},{"@type":"ListItem","position":2,"name":"Ditadura de Collor pune mais que linha dura dos militares que assumiram em 64"}]},{"@type":"WebSite","@id":"https:\/\/www.notibras.com\/site\/#website","url":"https:\/\/www.notibras.com\/site\/","name":"Notibras","description":"Not\u00edcias de Bras\u00edlia, do Brasil e do Mundo","publisher":{"@id":"https:\/\/www.notibras.com\/site\/#organization"},"potentialAction":[{"@type":"SearchAction","target":{"@type":"EntryPoint","urlTemplate":"https:\/\/www.notibras.com\/site\/?s={search_term_string}"},"query-input":{"@type":"PropertyValueSpecification","valueRequired":true,"valueName":"search_term_string"}}],"inLanguage":"pt-BR"},{"@type":"Organization","@id":"https:\/\/www.notibras.com\/site\/#organization","name":"Grupo Notibras de Comunica\u00e7\u00e3o","url":"https:\/\/www.notibras.com\/site\/","logo":{"@type":"ImageObject","inLanguage":"pt-BR","@id":"https:\/\/www.notibras.com\/site\/#\/schema\/logo\/image\/","url":"https:\/\/www.notibras.com\/site\/wp-content\/uploads\/2023\/01\/notibras23.png","contentUrl":"https:\/\/www.notibras.com\/site\/wp-content\/uploads\/2023\/01\/notibras23.png","width":350,"height":87,"caption":"Grupo Notibras de Comunica\u00e7\u00e3o"},"image":{"@id":"https:\/\/www.notibras.com\/site\/#\/schema\/logo\/image\/"},"sameAs":["https:\/\/www.facebook.com\/notibras\/","https:\/\/x.com\/Notibras","https:\/\/www.instagram.com\/notibras\/"]},{"@type":"Person","@id":"https:\/\/www.notibras.com\/site\/#\/schema\/person\/36ab0979449956132d3e5b517ea76ac8","name":"Reda\u00e7\u00e3o","image":{"@type":"ImageObject","inLanguage":"pt-BR","@id":"https:\/\/secure.gravatar.com\/avatar\/e0a867bdedb85fd243eadf09663511f96fc81e0720a4a42581f334ad4303aa6b?s=96&d=mm&r=g","url":"https:\/\/secure.gravatar.com\/avatar\/e0a867bdedb85fd243eadf09663511f96fc81e0720a4a42581f334ad4303aa6b?s=96&d=mm&r=g","contentUrl":"https:\/\/secure.gravatar.com\/avatar\/e0a867bdedb85fd243eadf09663511f96fc81e0720a4a42581f334ad4303aa6b?s=96&d=mm&r=g","caption":"Reda\u00e7\u00e3o"}}]}},"amp_enabled":true,"_links":{"self":[{"href":"https:\/\/www.notibras.com\/site\/wp-json\/wp\/v2\/posts\/89166","targetHints":{"allow":["GET"]}}],"collection":[{"href":"https:\/\/www.notibras.com\/site\/wp-json\/wp\/v2\/posts"}],"about":[{"href":"https:\/\/www.notibras.com\/site\/wp-json\/wp\/v2\/types\/post"}],"author":[{"embeddable":true,"href":"https:\/\/www.notibras.com\/site\/wp-json\/wp\/v2\/users\/2"}],"replies":[{"embeddable":true,"href":"https:\/\/www.notibras.com\/site\/wp-json\/wp\/v2\/comments?post=89166"}],"version-history":[{"count":1,"href":"https:\/\/www.notibras.com\/site\/wp-json\/wp\/v2\/posts\/89166\/revisions"}],"predecessor-version":[{"id":89168,"href":"https:\/\/www.notibras.com\/site\/wp-json\/wp\/v2\/posts\/89166\/revisions\/89168"}],"wp:featuredmedia":[{"embeddable":true,"href":"https:\/\/www.notibras.com\/site\/wp-json\/wp\/v2\/media\/89167"}],"wp:attachment":[{"href":"https:\/\/www.notibras.com\/site\/wp-json\/wp\/v2\/media?parent=89166"}],"wp:term":[{"taxonomy":"category","embeddable":true,"href":"https:\/\/www.notibras.com\/site\/wp-json\/wp\/v2\/categories?post=89166"},{"taxonomy":"post_tag","embeddable":true,"href":"https:\/\/www.notibras.com\/site\/wp-json\/wp\/v2\/tags?post=89166"}],"curies":[{"name":"wp","href":"https:\/\/api.w.org\/{rel}","templated":true}]}}