{"id":89253,"date":"2016-02-14T21:36:10","date_gmt":"2016-02-14T23:36:10","guid":{"rendered":"http:\/\/www.notibras.com\/site\/?p=89253"},"modified":"2016-02-17T15:45:11","modified_gmt":"2016-02-17T17:45:11","slug":"zezinho-bonifacio-irreverente-evitava-medico-porque-eleitor-nao-vota-em-doente","status":"publish","type":"post","link":"https:\/\/www.notibras.com\/site\/zezinho-bonifacio-irreverente-evitava-medico-porque-eleitor-nao-vota-em-doente\/","title":{"rendered":"Zezinho, irreverente, evitava m\u00e9dicos porque eleitor, ele dizia, n\u00e3o vota em doente"},"content":{"rendered":"<p><strong>Jos\u00e9 Escarlate<\/strong><\/p>\n<p>Pol\u00edtico experiente, de fam\u00edlia mineira tradicional, muito arguto e irreverente, o ex-deputado federal por oito mandatos, Jos\u00e9 Bonif\u00e1cio Lafayette de Andrada, conhecido nas lides pol\u00edticas como Zezinho Bonif\u00e1cio, nos deixou hist\u00f3rias das mais saborosas.<\/p>\n<p>As fam\u00edlias Andrada e Bias Fortes \u2013 UDN e PSD &#8211; se rivalizavam, na pol\u00edtica de Barbacena e no cen\u00e1rio nacional, desde sempre. A ruptura assumiu propor\u00e7\u00f5es dram\u00e1ticas porque implicou no rompimento de v\u00ednculos familiares. Havia uma disputa acirrada entre elas. Dona Vera, mulher de Zezinho, era irm\u00e3 de Francisca, esposa de Jos\u00e9 Francisco Bias Fortes.<\/p>\n<p>Quando Francisca, a Dona Queridinha, ia visitar a irm\u00e3, Zezinho achava um meio de escapulir. Os concunhados nunca se encontravam. Em fevereiro de 1968, eleito presidente da C\u00e2mara, Zezinho teve sua gest\u00e3o marcada pelo recesso do legislativo, por for\u00e7a do AI-5. Al\u00e9m do medo de viajar de avi\u00e3o, que teve que superar, quando adoecia, se encolhia. Sumia da vista de todos. Ou fingia que estava bem. Ele tinha pavor que o vissem doente.<\/p>\n<p>Uma noite, quando despachava com Paulo Affonso, secret\u00e1rio-geral da Casa, sentiu fortes dores no peito. O posto m\u00e9dico da C\u00e2mara era distante. Paulo Affonso pediu uma cadeira de rodas. Zezinho recusou. \u201cN\u00e3o vou sentar a\u00ed para ser flagrado por um desses fot\u00f3grafos\u201d \u2013 disse. No posto m\u00e9dico, o dr. Renault Matos Ribeiro diagnosticou enfarte agudo do mioc\u00e1rdio.<\/p>\n<p>De outra feita, Zezinho participava de um com\u00edcio em Barbacena. Passou mal e chamaram uma ambul\u00e2ncia. Negou-se a deitar na maca. Dona Vera \u00e9 que foi deitada nela e ele seguiu ao lado do motorista. P\u00e1lido mas fagueiro. Dias mais tarde, justificando, disse que se o eleitorado visse que ele estava em uma ambul\u00e2ncia diria que iria morrer, e n\u00e3o votaria nele. E isso o apavorava.<\/p>\n<p><img loading=\"lazy\" decoding=\"async\" class=\"alignnone size-full wp-image-83053\" src=\"http:\/\/www.notibras.com\/site\/wp-content\/uploads\/2016\/01\/PV.png\" alt=\"PV\" width=\"122\" height=\"26\" \/><\/p>\n","protected":false},"excerpt":{"rendered":"<p>Jos\u00e9 Escarlate Pol\u00edtico experiente, de fam\u00edlia mineira tradicional, muito arguto e irreverente, o ex-deputado federal por oito mandatos, Jos\u00e9 Bonif\u00e1cio Lafayette de Andrada, conhecido nas lides pol\u00edticas como Zezinho Bonif\u00e1cio, nos deixou hist\u00f3rias das mais saborosas. As fam\u00edlias Andrada e Bias Fortes \u2013 UDN e PSD &#8211; se rivalizavam, na pol\u00edtica de Barbacena e no [&hellip;]<\/p>\n","protected":false},"author":2,"featured_media":89294,"comment_status":"open","ping_status":"closed","sticky":false,"template":"","format":"standard","meta":{"_acf_changed":false,"footnotes":""},"categories":[63],"tags":[],"class_list":["post-89253","post","type-post","status-publish","format-standard","has-post-thumbnail","hentry","category-paginas-viradas"],"acf":[],"yoast_head":"<!-- This site is optimized with the Yoast SEO plugin v27.2 - https:\/\/yoast.com\/product\/yoast-seo-wordpress\/ -->\n<title>Zezinho, irreverente, evitava m\u00e9dicos porque eleitor, ele dizia, n\u00e3o vota em doente - Notibras<\/title>\n<meta name=\"robots\" content=\"index, follow, max-snippet:-1, max-image-preview:large, max-video-preview:-1\" \/>\n<link rel=\"canonical\" href=\"https:\/\/www.notibras.com\/site\/zezinho-bonifacio-irreverente-evitava-medico-porque-eleitor-nao-vota-em-doente\/\" \/>\n<meta property=\"og:locale\" content=\"pt_BR\" \/>\n<meta property=\"og:type\" content=\"article\" \/>\n<meta property=\"og:title\" content=\"Zezinho, irreverente, evitava m\u00e9dicos porque eleitor, ele dizia, n\u00e3o vota em doente - Notibras\" \/>\n<meta property=\"og:description\" content=\"Jos\u00e9 Escarlate Pol\u00edtico experiente, de fam\u00edlia mineira tradicional, muito arguto e irreverente, o ex-deputado federal por oito mandatos, Jos\u00e9 Bonif\u00e1cio Lafayette de Andrada, conhecido nas lides pol\u00edticas como Zezinho Bonif\u00e1cio, nos deixou hist\u00f3rias das mais saborosas. As fam\u00edlias Andrada e Bias Fortes \u2013 UDN e PSD &#8211; se rivalizavam, na pol\u00edtica de Barbacena e no [&hellip;]\" \/>\n<meta property=\"og:url\" content=\"https:\/\/www.notibras.com\/site\/zezinho-bonifacio-irreverente-evitava-medico-porque-eleitor-nao-vota-em-doente\/\" \/>\n<meta property=\"og:site_name\" content=\"Notibras\" \/>\n<meta property=\"article:publisher\" content=\"https:\/\/www.facebook.com\/notibras\/\" \/>\n<meta property=\"article:published_time\" content=\"2016-02-14T23:36:10+00:00\" \/>\n<meta property=\"article:modified_time\" content=\"2016-02-17T17:45:11+00:00\" \/>\n<meta property=\"og:image\" content=\"https:\/\/www.notibras.com\/site\/wp-content\/uploads\/2016\/02\/zezinho-bonifacio-e-ernesto-geisel.jpg\" \/>\n\t<meta property=\"og:image:width\" content=\"820\" \/>\n\t<meta property=\"og:image:height\" content=\"565\" \/>\n\t<meta property=\"og:image:type\" content=\"image\/jpeg\" \/>\n<meta name=\"author\" content=\"Reda\u00e7\u00e3o\" \/>\n<meta name=\"twitter:card\" content=\"summary_large_image\" \/>\n<meta name=\"twitter:creator\" content=\"@Notibras\" \/>\n<meta name=\"twitter:site\" content=\"@Notibras\" \/>\n<meta name=\"twitter:label1\" content=\"Escrito por\" \/>\n\t<meta name=\"twitter:data1\" content=\"Reda\u00e7\u00e3o\" \/>\n\t<meta name=\"twitter:label2\" content=\"Est. tempo de leitura\" \/>\n\t<meta name=\"twitter:data2\" content=\"2 minutos\" \/>\n<script type=\"application\/ld+json\" class=\"yoast-schema-graph\">{\"@context\":\"https:\/\/schema.org\",\"@graph\":[{\"@type\":\"Article\",\"@id\":\"https:\/\/www.notibras.com\/site\/zezinho-bonifacio-irreverente-evitava-medico-porque-eleitor-nao-vota-em-doente\/#article\",\"isPartOf\":{\"@id\":\"https:\/\/www.notibras.com\/site\/zezinho-bonifacio-irreverente-evitava-medico-porque-eleitor-nao-vota-em-doente\/\"},\"author\":{\"name\":\"Reda\u00e7\u00e3o\",\"@id\":\"https:\/\/www.notibras.com\/site\/#\/schema\/person\/36ab0979449956132d3e5b517ea76ac8\"},\"headline\":\"Zezinho, irreverente, evitava m\u00e9dicos porque eleitor, ele dizia, n\u00e3o vota em doente\",\"datePublished\":\"2016-02-14T23:36:10+00:00\",\"dateModified\":\"2016-02-17T17:45:11+00:00\",\"mainEntityOfPage\":{\"@id\":\"https:\/\/www.notibras.com\/site\/zezinho-bonifacio-irreverente-evitava-medico-porque-eleitor-nao-vota-em-doente\/\"},\"wordCount\":327,\"commentCount\":0,\"publisher\":{\"@id\":\"https:\/\/www.notibras.com\/site\/#organization\"},\"image\":{\"@id\":\"https:\/\/www.notibras.com\/site\/zezinho-bonifacio-irreverente-evitava-medico-porque-eleitor-nao-vota-em-doente\/#primaryimage\"},\"thumbnailUrl\":\"https:\/\/www.notibras.com\/site\/wp-content\/uploads\/2016\/02\/zezinho-bonifacio-e-ernesto-geisel.jpg\",\"articleSection\":[\"P\u00e1ginas Viradas\"],\"inLanguage\":\"pt-BR\",\"potentialAction\":[{\"@type\":\"CommentAction\",\"name\":\"Comment\",\"target\":[\"https:\/\/www.notibras.com\/site\/zezinho-bonifacio-irreverente-evitava-medico-porque-eleitor-nao-vota-em-doente\/#respond\"]}]},{\"@type\":\"WebPage\",\"@id\":\"https:\/\/www.notibras.com\/site\/zezinho-bonifacio-irreverente-evitava-medico-porque-eleitor-nao-vota-em-doente\/\",\"url\":\"https:\/\/www.notibras.com\/site\/zezinho-bonifacio-irreverente-evitava-medico-porque-eleitor-nao-vota-em-doente\/\",\"name\":\"Zezinho, irreverente, evitava m\u00e9dicos porque eleitor, ele dizia, n\u00e3o vota em doente - Notibras\",\"isPartOf\":{\"@id\":\"https:\/\/www.notibras.com\/site\/#website\"},\"primaryImageOfPage\":{\"@id\":\"https:\/\/www.notibras.com\/site\/zezinho-bonifacio-irreverente-evitava-medico-porque-eleitor-nao-vota-em-doente\/#primaryimage\"},\"image\":{\"@id\":\"https:\/\/www.notibras.com\/site\/zezinho-bonifacio-irreverente-evitava-medico-porque-eleitor-nao-vota-em-doente\/#primaryimage\"},\"thumbnailUrl\":\"https:\/\/www.notibras.com\/site\/wp-content\/uploads\/2016\/02\/zezinho-bonifacio-e-ernesto-geisel.jpg\",\"datePublished\":\"2016-02-14T23:36:10+00:00\",\"dateModified\":\"2016-02-17T17:45:11+00:00\",\"breadcrumb\":{\"@id\":\"https:\/\/www.notibras.com\/site\/zezinho-bonifacio-irreverente-evitava-medico-porque-eleitor-nao-vota-em-doente\/#breadcrumb\"},\"inLanguage\":\"pt-BR\",\"potentialAction\":[{\"@type\":\"ReadAction\",\"target\":[\"https:\/\/www.notibras.com\/site\/zezinho-bonifacio-irreverente-evitava-medico-porque-eleitor-nao-vota-em-doente\/\"]}]},{\"@type\":\"ImageObject\",\"inLanguage\":\"pt-BR\",\"@id\":\"https:\/\/www.notibras.com\/site\/zezinho-bonifacio-irreverente-evitava-medico-porque-eleitor-nao-vota-em-doente\/#primaryimage\",\"url\":\"https:\/\/www.notibras.com\/site\/wp-content\/uploads\/2016\/02\/zezinho-bonifacio-e-ernesto-geisel.jpg\",\"contentUrl\":\"https:\/\/www.notibras.com\/site\/wp-content\/uploads\/2016\/02\/zezinho-bonifacio-e-ernesto-geisel.jpg\",\"width\":820,\"height\":565,\"caption\":\"Zezinho Bonif\u00e1cio de Andrada com Ernesto Geisel, em foto de arquivo\"},{\"@type\":\"BreadcrumbList\",\"@id\":\"https:\/\/www.notibras.com\/site\/zezinho-bonifacio-irreverente-evitava-medico-porque-eleitor-nao-vota-em-doente\/#breadcrumb\",\"itemListElement\":[{\"@type\":\"ListItem\",\"position\":1,\"name\":\"In\u00edcio\",\"item\":\"https:\/\/www.notibras.com\/site\/\"},{\"@type\":\"ListItem\",\"position\":2,\"name\":\"Zezinho, irreverente, evitava m\u00e9dicos porque eleitor, ele dizia, n\u00e3o vota em doente\"}]},{\"@type\":\"WebSite\",\"@id\":\"https:\/\/www.notibras.com\/site\/#website\",\"url\":\"https:\/\/www.notibras.com\/site\/\",\"name\":\"Notibras\",\"description\":\"Not\u00edcias de Bras\u00edlia, do Brasil e do Mundo\",\"publisher\":{\"@id\":\"https:\/\/www.notibras.com\/site\/#organization\"},\"potentialAction\":[{\"@type\":\"SearchAction\",\"target\":{\"@type\":\"EntryPoint\",\"urlTemplate\":\"https:\/\/www.notibras.com\/site\/?s={search_term_string}\"},\"query-input\":{\"@type\":\"PropertyValueSpecification\",\"valueRequired\":true,\"valueName\":\"search_term_string\"}}],\"inLanguage\":\"pt-BR\"},{\"@type\":\"Organization\",\"@id\":\"https:\/\/www.notibras.com\/site\/#organization\",\"name\":\"Grupo Notibras de Comunica\u00e7\u00e3o\",\"url\":\"https:\/\/www.notibras.com\/site\/\",\"logo\":{\"@type\":\"ImageObject\",\"inLanguage\":\"pt-BR\",\"@id\":\"https:\/\/www.notibras.com\/site\/#\/schema\/logo\/image\/\",\"url\":\"https:\/\/www.notibras.com\/site\/wp-content\/uploads\/2023\/01\/notibras23.png\",\"contentUrl\":\"https:\/\/www.notibras.com\/site\/wp-content\/uploads\/2023\/01\/notibras23.png\",\"width\":350,\"height\":87,\"caption\":\"Grupo Notibras de Comunica\u00e7\u00e3o\"},\"image\":{\"@id\":\"https:\/\/www.notibras.com\/site\/#\/schema\/logo\/image\/\"},\"sameAs\":[\"https:\/\/www.facebook.com\/notibras\/\",\"https:\/\/x.com\/Notibras\",\"https:\/\/www.instagram.com\/notibras\/\"]},{\"@type\":\"Person\",\"@id\":\"https:\/\/www.notibras.com\/site\/#\/schema\/person\/36ab0979449956132d3e5b517ea76ac8\",\"name\":\"Reda\u00e7\u00e3o\",\"image\":{\"@type\":\"ImageObject\",\"inLanguage\":\"pt-BR\",\"@id\":\"https:\/\/secure.gravatar.com\/avatar\/e0a867bdedb85fd243eadf09663511f96fc81e0720a4a42581f334ad4303aa6b?s=96&d=mm&r=g\",\"url\":\"https:\/\/secure.gravatar.com\/avatar\/e0a867bdedb85fd243eadf09663511f96fc81e0720a4a42581f334ad4303aa6b?s=96&d=mm&r=g\",\"contentUrl\":\"https:\/\/secure.gravatar.com\/avatar\/e0a867bdedb85fd243eadf09663511f96fc81e0720a4a42581f334ad4303aa6b?s=96&d=mm&r=g\",\"caption\":\"Reda\u00e7\u00e3o\"}}]}<\/script>\n<!-- \/ Yoast SEO plugin. -->","yoast_head_json":{"title":"Zezinho, irreverente, evitava m\u00e9dicos porque eleitor, ele dizia, n\u00e3o vota em doente - Notibras","robots":{"index":"index","follow":"follow","max-snippet":"max-snippet:-1","max-image-preview":"max-image-preview:large","max-video-preview":"max-video-preview:-1"},"canonical":"https:\/\/www.notibras.com\/site\/zezinho-bonifacio-irreverente-evitava-medico-porque-eleitor-nao-vota-em-doente\/","og_locale":"pt_BR","og_type":"article","og_title":"Zezinho, irreverente, evitava m\u00e9dicos porque eleitor, ele dizia, n\u00e3o vota em doente - Notibras","og_description":"Jos\u00e9 Escarlate Pol\u00edtico experiente, de fam\u00edlia mineira tradicional, muito arguto e irreverente, o ex-deputado federal por oito mandatos, Jos\u00e9 Bonif\u00e1cio Lafayette de Andrada, conhecido nas lides pol\u00edticas como Zezinho Bonif\u00e1cio, nos deixou hist\u00f3rias das mais saborosas. As fam\u00edlias Andrada e Bias Fortes \u2013 UDN e PSD &#8211; se rivalizavam, na pol\u00edtica de Barbacena e no [&hellip;]","og_url":"https:\/\/www.notibras.com\/site\/zezinho-bonifacio-irreverente-evitava-medico-porque-eleitor-nao-vota-em-doente\/","og_site_name":"Notibras","article_publisher":"https:\/\/www.facebook.com\/notibras\/","article_published_time":"2016-02-14T23:36:10+00:00","article_modified_time":"2016-02-17T17:45:11+00:00","og_image":[{"width":820,"height":565,"url":"https:\/\/www.notibras.com\/site\/wp-content\/uploads\/2016\/02\/zezinho-bonifacio-e-ernesto-geisel.jpg","type":"image\/jpeg"}],"author":"Reda\u00e7\u00e3o","twitter_card":"summary_large_image","twitter_creator":"@Notibras","twitter_site":"@Notibras","twitter_misc":{"Escrito por":"Reda\u00e7\u00e3o","Est. tempo de leitura":"2 minutos"},"schema":{"@context":"https:\/\/schema.org","@graph":[{"@type":"Article","@id":"https:\/\/www.notibras.com\/site\/zezinho-bonifacio-irreverente-evitava-medico-porque-eleitor-nao-vota-em-doente\/#article","isPartOf":{"@id":"https:\/\/www.notibras.com\/site\/zezinho-bonifacio-irreverente-evitava-medico-porque-eleitor-nao-vota-em-doente\/"},"author":{"name":"Reda\u00e7\u00e3o","@id":"https:\/\/www.notibras.com\/site\/#\/schema\/person\/36ab0979449956132d3e5b517ea76ac8"},"headline":"Zezinho, irreverente, evitava m\u00e9dicos porque eleitor, ele dizia, n\u00e3o vota em doente","datePublished":"2016-02-14T23:36:10+00:00","dateModified":"2016-02-17T17:45:11+00:00","mainEntityOfPage":{"@id":"https:\/\/www.notibras.com\/site\/zezinho-bonifacio-irreverente-evitava-medico-porque-eleitor-nao-vota-em-doente\/"},"wordCount":327,"commentCount":0,"publisher":{"@id":"https:\/\/www.notibras.com\/site\/#organization"},"image":{"@id":"https:\/\/www.notibras.com\/site\/zezinho-bonifacio-irreverente-evitava-medico-porque-eleitor-nao-vota-em-doente\/#primaryimage"},"thumbnailUrl":"https:\/\/www.notibras.com\/site\/wp-content\/uploads\/2016\/02\/zezinho-bonifacio-e-ernesto-geisel.jpg","articleSection":["P\u00e1ginas Viradas"],"inLanguage":"pt-BR","potentialAction":[{"@type":"CommentAction","name":"Comment","target":["https:\/\/www.notibras.com\/site\/zezinho-bonifacio-irreverente-evitava-medico-porque-eleitor-nao-vota-em-doente\/#respond"]}]},{"@type":"WebPage","@id":"https:\/\/www.notibras.com\/site\/zezinho-bonifacio-irreverente-evitava-medico-porque-eleitor-nao-vota-em-doente\/","url":"https:\/\/www.notibras.com\/site\/zezinho-bonifacio-irreverente-evitava-medico-porque-eleitor-nao-vota-em-doente\/","name":"Zezinho, irreverente, evitava m\u00e9dicos porque eleitor, ele dizia, n\u00e3o vota em doente - Notibras","isPartOf":{"@id":"https:\/\/www.notibras.com\/site\/#website"},"primaryImageOfPage":{"@id":"https:\/\/www.notibras.com\/site\/zezinho-bonifacio-irreverente-evitava-medico-porque-eleitor-nao-vota-em-doente\/#primaryimage"},"image":{"@id":"https:\/\/www.notibras.com\/site\/zezinho-bonifacio-irreverente-evitava-medico-porque-eleitor-nao-vota-em-doente\/#primaryimage"},"thumbnailUrl":"https:\/\/www.notibras.com\/site\/wp-content\/uploads\/2016\/02\/zezinho-bonifacio-e-ernesto-geisel.jpg","datePublished":"2016-02-14T23:36:10+00:00","dateModified":"2016-02-17T17:45:11+00:00","breadcrumb":{"@id":"https:\/\/www.notibras.com\/site\/zezinho-bonifacio-irreverente-evitava-medico-porque-eleitor-nao-vota-em-doente\/#breadcrumb"},"inLanguage":"pt-BR","potentialAction":[{"@type":"ReadAction","target":["https:\/\/www.notibras.com\/site\/zezinho-bonifacio-irreverente-evitava-medico-porque-eleitor-nao-vota-em-doente\/"]}]},{"@type":"ImageObject","inLanguage":"pt-BR","@id":"https:\/\/www.notibras.com\/site\/zezinho-bonifacio-irreverente-evitava-medico-porque-eleitor-nao-vota-em-doente\/#primaryimage","url":"https:\/\/www.notibras.com\/site\/wp-content\/uploads\/2016\/02\/zezinho-bonifacio-e-ernesto-geisel.jpg","contentUrl":"https:\/\/www.notibras.com\/site\/wp-content\/uploads\/2016\/02\/zezinho-bonifacio-e-ernesto-geisel.jpg","width":820,"height":565,"caption":"Zezinho Bonif\u00e1cio de Andrada com Ernesto Geisel, em foto de arquivo"},{"@type":"BreadcrumbList","@id":"https:\/\/www.notibras.com\/site\/zezinho-bonifacio-irreverente-evitava-medico-porque-eleitor-nao-vota-em-doente\/#breadcrumb","itemListElement":[{"@type":"ListItem","position":1,"name":"In\u00edcio","item":"https:\/\/www.notibras.com\/site\/"},{"@type":"ListItem","position":2,"name":"Zezinho, irreverente, evitava m\u00e9dicos porque eleitor, ele dizia, n\u00e3o vota em doente"}]},{"@type":"WebSite","@id":"https:\/\/www.notibras.com\/site\/#website","url":"https:\/\/www.notibras.com\/site\/","name":"Notibras","description":"Not\u00edcias de Bras\u00edlia, do Brasil e do Mundo","publisher":{"@id":"https:\/\/www.notibras.com\/site\/#organization"},"potentialAction":[{"@type":"SearchAction","target":{"@type":"EntryPoint","urlTemplate":"https:\/\/www.notibras.com\/site\/?s={search_term_string}"},"query-input":{"@type":"PropertyValueSpecification","valueRequired":true,"valueName":"search_term_string"}}],"inLanguage":"pt-BR"},{"@type":"Organization","@id":"https:\/\/www.notibras.com\/site\/#organization","name":"Grupo Notibras de Comunica\u00e7\u00e3o","url":"https:\/\/www.notibras.com\/site\/","logo":{"@type":"ImageObject","inLanguage":"pt-BR","@id":"https:\/\/www.notibras.com\/site\/#\/schema\/logo\/image\/","url":"https:\/\/www.notibras.com\/site\/wp-content\/uploads\/2023\/01\/notibras23.png","contentUrl":"https:\/\/www.notibras.com\/site\/wp-content\/uploads\/2023\/01\/notibras23.png","width":350,"height":87,"caption":"Grupo Notibras de Comunica\u00e7\u00e3o"},"image":{"@id":"https:\/\/www.notibras.com\/site\/#\/schema\/logo\/image\/"},"sameAs":["https:\/\/www.facebook.com\/notibras\/","https:\/\/x.com\/Notibras","https:\/\/www.instagram.com\/notibras\/"]},{"@type":"Person","@id":"https:\/\/www.notibras.com\/site\/#\/schema\/person\/36ab0979449956132d3e5b517ea76ac8","name":"Reda\u00e7\u00e3o","image":{"@type":"ImageObject","inLanguage":"pt-BR","@id":"https:\/\/secure.gravatar.com\/avatar\/e0a867bdedb85fd243eadf09663511f96fc81e0720a4a42581f334ad4303aa6b?s=96&d=mm&r=g","url":"https:\/\/secure.gravatar.com\/avatar\/e0a867bdedb85fd243eadf09663511f96fc81e0720a4a42581f334ad4303aa6b?s=96&d=mm&r=g","contentUrl":"https:\/\/secure.gravatar.com\/avatar\/e0a867bdedb85fd243eadf09663511f96fc81e0720a4a42581f334ad4303aa6b?s=96&d=mm&r=g","caption":"Reda\u00e7\u00e3o"}}]}},"amp_enabled":true,"_links":{"self":[{"href":"https:\/\/www.notibras.com\/site\/wp-json\/wp\/v2\/posts\/89253","targetHints":{"allow":["GET"]}}],"collection":[{"href":"https:\/\/www.notibras.com\/site\/wp-json\/wp\/v2\/posts"}],"about":[{"href":"https:\/\/www.notibras.com\/site\/wp-json\/wp\/v2\/types\/post"}],"author":[{"embeddable":true,"href":"https:\/\/www.notibras.com\/site\/wp-json\/wp\/v2\/users\/2"}],"replies":[{"embeddable":true,"href":"https:\/\/www.notibras.com\/site\/wp-json\/wp\/v2\/comments?post=89253"}],"version-history":[{"count":4,"href":"https:\/\/www.notibras.com\/site\/wp-json\/wp\/v2\/posts\/89253\/revisions"}],"predecessor-version":[{"id":89673,"href":"https:\/\/www.notibras.com\/site\/wp-json\/wp\/v2\/posts\/89253\/revisions\/89673"}],"wp:featuredmedia":[{"embeddable":true,"href":"https:\/\/www.notibras.com\/site\/wp-json\/wp\/v2\/media\/89294"}],"wp:attachment":[{"href":"https:\/\/www.notibras.com\/site\/wp-json\/wp\/v2\/media?parent=89253"}],"wp:term":[{"taxonomy":"category","embeddable":true,"href":"https:\/\/www.notibras.com\/site\/wp-json\/wp\/v2\/categories?post=89253"},{"taxonomy":"post_tag","embeddable":true,"href":"https:\/\/www.notibras.com\/site\/wp-json\/wp\/v2\/tags?post=89253"}],"curies":[{"name":"wp","href":"https:\/\/api.w.org\/{rel}","templated":true}]}}