{"id":89362,"date":"2016-02-15T14:37:31","date_gmt":"2016-02-15T16:37:31","guid":{"rendered":"http:\/\/www.notibras.com\/site\/?p=89362"},"modified":"2016-02-15T17:41:29","modified_gmt":"2016-02-15T19:41:29","slug":"odio-a-lula-e-o-mesmo-que-tiveram-a-getulio-vargas-e-a-juscelino","status":"publish","type":"post","link":"https:\/\/www.notibras.com\/site\/odio-a-lula-e-o-mesmo-que-tiveram-a-getulio-vargas-e-a-juscelino\/","title":{"rendered":"&#8216;\u00d3dio que se tem a Lula \u00e9 o mesmo que se teve a Get\u00falio e a Juscelino&#8217;"},"content":{"rendered":"<p><strong>Roberto Amaral<\/strong><\/p>\n<p>A caracter\u00edstica certamente mais exemplar de nossa hist\u00f3ria \u00e9 a concilia\u00e7\u00e3o. De c\u00fapula sempre (ou seja, concilia\u00e7\u00e3o em nome da preserva\u00e7\u00e3o dos interesses da classe dominante), impedindo a revolu\u00e7\u00e3o (como tal entenda-se tamb\u00e9m a simples amea\u00e7a de emerg\u00eancia das massas) e retardando as reformas das mais simples \u00e0s mais essenciais \u2013 todas, como meras reformas, pleiteadas conforme as regras do regime que n\u00e3o visavam a alterar.<\/p>\n<p>Em todos os momentos graves, a ruptura \u2013 ainda quando uma exig\u00eancia hist\u00f3rica \u2013 cedeu espa\u00e7o \u00e0 concordata pois o essencial foi sempre a conserva\u00e7\u00e3o dos donos do poder no poder. Da Col\u00f4nia ao Imp\u00e9rio, do Imp\u00e9rio \u00e0 Rep\u00fablica, e at\u00e9 aqui.<\/p>\n<p>Mas a op\u00e7\u00e3o pela concilia\u00e7\u00e3o n\u00e3o impediu que nossa hist\u00f3ria fosse, desde o Primeiro Reinado, juncada de irrup\u00e7\u00f5es militares, \u00e0s vezes quase s\u00f3 motins, como aqueles que precederam (preparando-a) a Independ\u00eancia e a sucederam (consolidando-a), at\u00e9 a resigna\u00e7\u00e3o do Imperador, de malas prontas para o cerco do Porto e a revolu\u00e7\u00e3o liberal que, depondo d. Miguel, faria D. Maria, a rainha brasileira dos portugueses, subir ao trono.<\/p>\n<p>No Segundo Imp\u00e9rio a preemin\u00eancia militar senta pra\u00e7a ap\u00f3s a infeliz guerra ao Paraguai, quando nossas for\u00e7as de terra e mar alcan\u00e7am algum grau de organiza\u00e7\u00e3o e profissionalismo\/profissionaliza\u00e7\u00e3o e, animadas pelas penosas vit\u00f3rias nos campos de batalha, decidem exercer presen\u00e7a na pol\u00edtica imperial.<\/p>\n<p>Era prop\u00edcio o momento, com as seguidas crises dos seguidos gabinetes, as campanhas abolicionista e republicana e, no plano ideol\u00f3gico, o positivismo grassando na caserna e conquistando a jovem oficialidade. Assim, na forma\u00e7\u00e3o hist\u00f3rica brasileira, temos duas linhas convergentes sob o fundo autorit\u00e1rio: a concilia\u00e7\u00e3o e a insurg\u00eancia militar.<\/p>\n<p>Mas na altura do II Reinado nada que sugerisse, nem de leve, o que seria a presen\u00e7a desestabilizadora dos militares na Rep\u00fablica. Se o marco inaugural foi a \u2018parada militar\u2019 do 15 de novembro, que derrubou o Imp\u00e9rio e viu a Rep\u00fablica consolidar-se com o golpe de Floriano, o ciclo se fecha com a conjura\u00e7\u00e3o do golpe de 1\u00ba de abril de 1964, que se afirmaria como uma ditadura de 20 anos.<\/p>\n<p>Entre um polo e outro, de intentonas e subleva\u00e7\u00f5es seria rico o primeiro ter\u00e7o do s\u00e9culo: o levante do Forte de Copacabana (1922), a insurg\u00eancia paulista de Miguel Costa (1924) e a coluna Prestes (1924-1927) caracterizaram a Rep\u00fablica Velha, que morreria em 1930 com a irrup\u00e7\u00e3o civil-militar que passaria \u00e0 hist\u00f3ria como Revolu\u00e7\u00e3o de 30, hegemonizada pelos tenentes de 22 e 24, que comandariam as for\u00e7as militares e permaneceriam no prosc\u00eanio da pol\u00edtica at\u00e9 a ditadura de 1964: Eduardo Gomes, Juarez T\u00e1vora, Cordeiro de Farias, Ernesto Geisel\u2026<\/p>\n<p>A revolu\u00e7\u00e3o de 1930 \u2013 que empossa Get\u00falio Vargas \u2013, transforma-se na ditadura do Estado Novo em 1937, ap\u00f3s sufocar um putsch integralista (1932) e um levante de militares comunistas comandados por Lu\u00eds Carlos Prestes (1935). Os mesmos generais respons\u00e1veis pelo golpe de 1937 (\u00e0 frente de todos os generais G\u00f3is Monteiro e Eurico Gaspar Dutra) agora se levantam contra Vargas, e abrem caminho (1945) para a restaura\u00e7\u00e3o democr\u00e1tica.<\/p>\n<p>Inicia-se com um general, o ex-ministro da Guerra da ditadura, o general Dutra, o ciclo de presidentes eleitos pelo voto popular e de regimes democr\u00e1ticos que os mesmos militares sufocariam 18 anos passados.<\/p>\n<p>Ap\u00f3s uma sequ\u00eancia de golpes militares e tentativas de golpe \u2013 deposi\u00e7\u00e3o e ren\u00fancia de Vargas (1954); tentativa de impedimento da posse de JK-Jango e contragolpe militar de Lott-Denis (1955), tentativa de impedir a posse de Jango (crise da ren\u00fancia de J\u00e2nio Quadros) e golpe parlamentarista (1961) \u2013 a estrat\u00e9gia da preemin\u00eancia militar abandona as intentonas e as irrup\u00e7\u00f5es, para exercer um efetivo superpoder, pairando acima dos tr\u00eas poderes constitucionais, regendo a Rep\u00fablica sem depender da soberania popular ou submeter-se a qualquer regramento.<\/p>\n<p>Foi o largo per\u00edodo dos pronunciamentos militares manifestando-se sobre a vida civil e interferindo na pol\u00edtica. Naquele ent\u00e3o o Clube Militar era uma inst\u00e2ncia suprema, na qual os destinos do Pa\u00eds eram decididos. Naquele ent\u00e3o, os militares se pronunciavam sobre tudo, at\u00e9 sobre os \u00edndices do sal\u00e1rio-m\u00ednimo, e podiam exigir e obter a demiss\u00e3o do ministro do Trabalho que ousava favorecer os interesses dos trabalhadores.<\/p>\n<p>Momento dos mais significativos dessa preemin\u00eancia \u2013 ou do exerc\u00edcio desse poder para-constitucional \u2013, seria observado, no regime democr\u00e1tico, em 1954, com a \u2018Rep\u00fablica do Gale\u00e3o\u2019, anunciando o que seriam os tempos da ditadura de 1964-1984.<\/p>\n<p>Os fatos est\u00e3o no registro da hist\u00f3ria. Em agosto de 1954, uma desastrada tentativa de assassinato de um jornalista (Carlos Lacerda) termina com a morte de seu guarda-costas, um major da aeron\u00e1utica (Rubens Vaz), da ativa, o que enseja a brigadeiros e coron\u00e9is da FAB instalarem um IPM \u2013 \u00e0 revelia da Pol\u00edcia Civil \u2013 e, sob o pretexto das investiga\u00e7\u00f5es desse crime, instaurarem o que ficou batizado como a \u2018Rep\u00fablica do Gale\u00e3o\u2019, em homenagem ao aeroporto carioca em cujas instala\u00e7\u00f5es militares os coron\u00e9is operavam, \u00e0 margem da ordem legal.<\/p>\n<p>E assim sem leis a observar, desconhecendo limites a obedecer, o comandante do inqu\u00e9rito, ou presidente dessa Rep\u00fablica auto-constitu\u00edda dentro da Rep\u00fablica constitucional, tornou-se um reizinho absoluto, porque tudo podia, todas as dilig\u00eancias, todas as pris\u00f5es, senhor que era de todas as jurisdi\u00e7\u00f5es. Porque tinha o respaldo de seus superiores \u2013 fortalecidos em face da fragilidade crescente do governo e de seu chefe \u2013 e o aplauso da grande imprensa, que o incentivava.<\/p>\n<p>Tudo queria, tudo podia e tudo alcan\u00e7ava porque seu objetivo, o objetivo do IPM e da \u2018Rep\u00fablica\u2019, n\u00e3o era apurar a morte do major guarda-costas, mas atingir, como afinal atingiria mortalmente, a honra do presidente Get\u00falio Vargas, alvo da mais injuriosa, da mais violenta campanha de imprensa jamais movida no Brasil contra um chefe de Estado.<\/p>\n<p>A inf\u00e2mia, a inj\u00faria e a difama\u00e7\u00e3o n\u00e3o conheciam limites, invadindo mesmo sua privacidade e a intimidade de sua fam\u00edlia. Vargas, o homem, o presidente, o l\u00edder de massas era o objetivo da imprensa unanimemente hostil, a servi\u00e7o da direita derrotada com sua elei\u00e7\u00e3o em 1950.<\/p>\n<p>Destru\u00ed-lo era o desejo de uma oposi\u00e7\u00e3o desvairada, era o projeto de militares sublevados e de setores ponder\u00e1veis da classe-m\u00e9dia, conquistados para a razzia antivarguista pelas den\u00fancias, jamais comprovadas, de um \u2018mar de lama\u2019 que correria pelos inexistentes por\u00f5es do discreto e quase asc\u00e9tico Pal\u00e1cio do Catete.<\/p>\n<p>Enterrado Vargas, empossados Caf\u00e9 Filho (presidente), Eduardo Gomes (ministro da Aeron\u00e1utica) e Juarez T\u00e1vora (ministro chefe da Casa Militar), encerraram-se os inqu\u00e9ritos e nem os militares, nem a imprensa, nem a antiga oposi\u00e7\u00e3o voltam a falar em corrup\u00e7\u00e3o.<\/p>\n<p>Em 1964, retornam os IPMs, os inqu\u00e9ritos comandados por coron\u00e9is, e a ca\u00e7a \u00e0s bruxas, primeiro indiscriminadamente, em seguida de forma met\u00f3dica, com alvo preciso, o ex-presidente Juscelino Kubitscheck. Mas a\u00ed era um regime de exce\u00e7\u00e3o, uma ditadura.<\/p>\n<p>Os inimigos do novo regime foram transformados, uns (pessoas e entidades, como os sindicatos) em subversivos, outros em corruptos, e porque eram inimigos do regime eram, necessariamente, aos olhos deste, subversivos ou corruptos. Antes de acusados eram condenados, pois a acusa\u00e7\u00e3o era a justificativa da condena\u00e7\u00e3o pr\u00e9via, e os acusados eram presos para que seus crimes fossem apurados, apurados para justificarem a condena\u00e7\u00e3o e a pena, j\u00e1 imputadas.<\/p>\n<p>Juscelino era, nos primeiros anos do golpe militar, o \u00fanico l\u00edder civil do regime anterior politicamente sobrevivente. Jango, Brizola e Arraes amargavam o ex\u00edlio. Torna-se, assim, JK, o inimigo a ser abatido. Como n\u00e3o poderia ser acusado de subversivo, foi condenado como corrupto, pela imprensa e pelos militares, a imprensa repetindo o ditado dos militares, embora nada tivesse sido ou fosse apurado contra ele.<\/p>\n<p>Condenado, foi chamado a depor duas ou mais vezes em inqu\u00e9ritos militares (pois a pena decretada era sua desmoraliza\u00e7\u00e3o p\u00fablica) at\u00e9 que, amea\u00e7ado, temendo maiores humilha\u00e7\u00f5es e mesmo temendo por sua integridade f\u00edsica, optou pelo ex\u00edlio. Os militares n\u00e3o falaram mais nos inqu\u00e9ritos abertos e a imprensa o ignorou at\u00e9 ser obrigada a registrar o pranto nacional em sua tr\u00e1gica morte.<\/p>\n<p>A hist\u00f3ria n\u00e3o se repete, mas saltam aos olhos as semelhan\u00e7as entre o \u00f3dio v\u00edtreo que se construiu contra Vargas e JK e este que a imprensa brasileira, quase em un\u00edssono, destila, alimenta e propaga contra o ex-presidente Lula, a\u00e7ulando, n\u00e3o mais as For\u00e7as Armadas como antes, mas agora agentes policiais sem comando, procuradores sem limites e juiz na presid\u00eancia de in\u00e9dita jurisdi\u00e7\u00e3o nacional.<\/p>\n<p>A hist\u00f3ria n\u00e3o se repete. Mas o ex-presidente Lula j\u00e1 foi chamado a depor, na Pol\u00edcia Federal, umas duas ou tr\u00eas vezes, e agora \u00e9 intimado, com a mulher, a depor em inqu\u00e9rito aberto pelo Minist\u00e9rio P\u00fablico paulista. Precisa explicar porque desistiu da compra de um tr\u00edplex em Guaruj\u00e1 e porque visitava um s\u00edtio em Atibaia, e porque incentivou a ind\u00fastria automobil\u00edstica quando o Pa\u00eds precisava criar empregos.<\/p>\n<p>Condenado sem sursis como corrupto pela imprensa \u2013 como Vargas e JK \u2013, exposto \u00e0 execra\u00e7\u00e3o p\u00fablica, deca\u00eddo em seu prest\u00edgio, como agora, Lula \u2013 e eis o que se pretende \u2013 estar\u00e1 afastado das elei\u00e7\u00f5es de 2018, seja como candidato, seja como grande eleitor.<\/p>\n<p>Condena\u00e7\u00e3o decretada, pena anunciada, procura-se uma narrativa: eis o prop\u00f3sito, a finalidade dos inqu\u00e9ritos abertos e a serem abertos. Trata-se de destruir o \u00faltimo grande l\u00edder popular brasileiro. E isso vale, aos olhos de seus algozes, todo e qualquer pre\u00e7o.<\/p>\n<p>A burguesia regurgita o sapo barbudo que as massas a fizeram engolir nas \u00faltimas elei\u00e7\u00f5es.<\/p>\n","protected":false},"excerpt":{"rendered":"<p>Roberto Amaral A caracter\u00edstica certamente mais exemplar de nossa hist\u00f3ria \u00e9 a concilia\u00e7\u00e3o. De c\u00fapula sempre (ou seja, concilia\u00e7\u00e3o em nome da preserva\u00e7\u00e3o dos interesses da classe dominante), impedindo a revolu\u00e7\u00e3o (como tal entenda-se tamb\u00e9m a simples amea\u00e7a de emerg\u00eancia das massas) e retardando as reformas das mais simples \u00e0s mais essenciais \u2013 todas, como [&hellip;]<\/p>\n","protected":false},"author":2,"featured_media":89363,"comment_status":"open","ping_status":"closed","sticky":false,"template":"","format":"standard","meta":{"_acf_changed":false,"footnotes":""},"categories":[25],"tags":[],"class_list":["post-89362","post","type-post","status-publish","format-standard","has-post-thumbnail","hentry","category-opina-ai"],"acf":[],"yoast_head":"<!-- This site is optimized with the Yoast SEO plugin v27.5 - https:\/\/yoast.com\/product\/yoast-seo-wordpress\/ -->\n<title>&#039;\u00d3dio que se tem a Lula \u00e9 o mesmo que se teve a Get\u00falio e a Juscelino&#039; - Notibras<\/title>\n<meta name=\"robots\" content=\"index, follow, max-snippet:-1, max-image-preview:large, max-video-preview:-1\" \/>\n<link rel=\"canonical\" href=\"https:\/\/www.notibras.com\/site\/odio-a-lula-e-o-mesmo-que-tiveram-a-getulio-vargas-e-a-juscelino\/\" \/>\n<meta property=\"og:locale\" content=\"pt_BR\" \/>\n<meta property=\"og:type\" content=\"article\" \/>\n<meta property=\"og:title\" content=\"&#039;\u00d3dio que se tem a Lula \u00e9 o mesmo que se teve a Get\u00falio e a Juscelino&#039; - Notibras\" \/>\n<meta property=\"og:description\" content=\"Roberto Amaral A caracter\u00edstica certamente mais exemplar de nossa hist\u00f3ria \u00e9 a concilia\u00e7\u00e3o. De c\u00fapula sempre (ou seja, concilia\u00e7\u00e3o em nome da preserva\u00e7\u00e3o dos interesses da classe dominante), impedindo a revolu\u00e7\u00e3o (como tal entenda-se tamb\u00e9m a simples amea\u00e7a de emerg\u00eancia das massas) e retardando as reformas das mais simples \u00e0s mais essenciais \u2013 todas, como [&hellip;]\" \/>\n<meta property=\"og:url\" content=\"https:\/\/www.notibras.com\/site\/odio-a-lula-e-o-mesmo-que-tiveram-a-getulio-vargas-e-a-juscelino\/\" \/>\n<meta property=\"og:site_name\" content=\"Notibras\" \/>\n<meta property=\"article:publisher\" content=\"https:\/\/www.facebook.com\/notibras\/\" \/>\n<meta property=\"article:published_time\" content=\"2016-02-15T16:37:31+00:00\" \/>\n<meta property=\"article:modified_time\" content=\"2016-02-15T19:41:29+00:00\" \/>\n<meta property=\"og:image\" content=\"https:\/\/www.notibras.com\/site\/wp-content\/uploads\/2016\/02\/2000FP1994.jpg\" \/>\n\t<meta property=\"og:image:width\" content=\"1974\" \/>\n\t<meta property=\"og:image:height\" content=\"1311\" \/>\n\t<meta property=\"og:image:type\" content=\"image\/jpeg\" \/>\n<meta name=\"author\" content=\"Reda\u00e7\u00e3o\" \/>\n<meta name=\"twitter:card\" content=\"summary_large_image\" \/>\n<meta name=\"twitter:creator\" content=\"@Notibras\" \/>\n<meta name=\"twitter:site\" content=\"@Notibras\" \/>\n<meta name=\"twitter:label1\" content=\"Escrito por\" \/>\n\t<meta name=\"twitter:data1\" content=\"Reda\u00e7\u00e3o\" \/>\n\t<meta name=\"twitter:label2\" content=\"Est. tempo de leitura\" \/>\n\t<meta name=\"twitter:data2\" content=\"8 minutos\" \/>\n<script type=\"application\/ld+json\" class=\"yoast-schema-graph\">{\"@context\":\"https:\\\/\\\/schema.org\",\"@graph\":[{\"@type\":\"Article\",\"@id\":\"https:\\\/\\\/www.notibras.com\\\/site\\\/odio-a-lula-e-o-mesmo-que-tiveram-a-getulio-vargas-e-a-juscelino\\\/#article\",\"isPartOf\":{\"@id\":\"https:\\\/\\\/www.notibras.com\\\/site\\\/odio-a-lula-e-o-mesmo-que-tiveram-a-getulio-vargas-e-a-juscelino\\\/\"},\"author\":{\"name\":\"Reda\u00e7\u00e3o\",\"@id\":\"https:\\\/\\\/www.notibras.com\\\/site\\\/#\\\/schema\\\/person\\\/36ab0979449956132d3e5b517ea76ac8\"},\"headline\":\"&#8216;\u00d3dio que se tem a Lula \u00e9 o mesmo que se teve a Get\u00falio e a Juscelino&#8217;\",\"datePublished\":\"2016-02-15T16:37:31+00:00\",\"dateModified\":\"2016-02-15T19:41:29+00:00\",\"mainEntityOfPage\":{\"@id\":\"https:\\\/\\\/www.notibras.com\\\/site\\\/odio-a-lula-e-o-mesmo-que-tiveram-a-getulio-vargas-e-a-juscelino\\\/\"},\"wordCount\":1687,\"commentCount\":0,\"publisher\":{\"@id\":\"https:\\\/\\\/www.notibras.com\\\/site\\\/#organization\"},\"image\":{\"@id\":\"https:\\\/\\\/www.notibras.com\\\/site\\\/odio-a-lula-e-o-mesmo-que-tiveram-a-getulio-vargas-e-a-juscelino\\\/#primaryimage\"},\"thumbnailUrl\":\"https:\\\/\\\/www.notibras.com\\\/site\\\/wp-content\\\/uploads\\\/2016\\\/02\\\/2000FP1994.jpg\",\"articleSection\":[\"Opina a\u00ed\"],\"inLanguage\":\"pt-BR\",\"potentialAction\":[{\"@type\":\"CommentAction\",\"name\":\"Comment\",\"target\":[\"https:\\\/\\\/www.notibras.com\\\/site\\\/odio-a-lula-e-o-mesmo-que-tiveram-a-getulio-vargas-e-a-juscelino\\\/#respond\"]}]},{\"@type\":\"WebPage\",\"@id\":\"https:\\\/\\\/www.notibras.com\\\/site\\\/odio-a-lula-e-o-mesmo-que-tiveram-a-getulio-vargas-e-a-juscelino\\\/\",\"url\":\"https:\\\/\\\/www.notibras.com\\\/site\\\/odio-a-lula-e-o-mesmo-que-tiveram-a-getulio-vargas-e-a-juscelino\\\/\",\"name\":\"'\u00d3dio que se tem a Lula \u00e9 o mesmo que se teve a Get\u00falio e a Juscelino' - Notibras\",\"isPartOf\":{\"@id\":\"https:\\\/\\\/www.notibras.com\\\/site\\\/#website\"},\"primaryImageOfPage\":{\"@id\":\"https:\\\/\\\/www.notibras.com\\\/site\\\/odio-a-lula-e-o-mesmo-que-tiveram-a-getulio-vargas-e-a-juscelino\\\/#primaryimage\"},\"image\":{\"@id\":\"https:\\\/\\\/www.notibras.com\\\/site\\\/odio-a-lula-e-o-mesmo-que-tiveram-a-getulio-vargas-e-a-juscelino\\\/#primaryimage\"},\"thumbnailUrl\":\"https:\\\/\\\/www.notibras.com\\\/site\\\/wp-content\\\/uploads\\\/2016\\\/02\\\/2000FP1994.jpg\",\"datePublished\":\"2016-02-15T16:37:31+00:00\",\"dateModified\":\"2016-02-15T19:41:29+00:00\",\"breadcrumb\":{\"@id\":\"https:\\\/\\\/www.notibras.com\\\/site\\\/odio-a-lula-e-o-mesmo-que-tiveram-a-getulio-vargas-e-a-juscelino\\\/#breadcrumb\"},\"inLanguage\":\"pt-BR\",\"potentialAction\":[{\"@type\":\"ReadAction\",\"target\":[\"https:\\\/\\\/www.notibras.com\\\/site\\\/odio-a-lula-e-o-mesmo-que-tiveram-a-getulio-vargas-e-a-juscelino\\\/\"]}]},{\"@type\":\"ImageObject\",\"inLanguage\":\"pt-BR\",\"@id\":\"https:\\\/\\\/www.notibras.com\\\/site\\\/odio-a-lula-e-o-mesmo-que-tiveram-a-getulio-vargas-e-a-juscelino\\\/#primaryimage\",\"url\":\"https:\\\/\\\/www.notibras.com\\\/site\\\/wp-content\\\/uploads\\\/2016\\\/02\\\/2000FP1994.jpg\",\"contentUrl\":\"https:\\\/\\\/www.notibras.com\\\/site\\\/wp-content\\\/uploads\\\/2016\\\/02\\\/2000FP1994.jpg\",\"width\":1974,\"height\":1311,\"caption\":\"Partidos estiveram juntos quando Eduardo Campos era vivo. Foto\\\/Arquivo Notibras\"},{\"@type\":\"BreadcrumbList\",\"@id\":\"https:\\\/\\\/www.notibras.com\\\/site\\\/odio-a-lula-e-o-mesmo-que-tiveram-a-getulio-vargas-e-a-juscelino\\\/#breadcrumb\",\"itemListElement\":[{\"@type\":\"ListItem\",\"position\":1,\"name\":\"In\u00edcio\",\"item\":\"https:\\\/\\\/www.notibras.com\\\/site\\\/\"},{\"@type\":\"ListItem\",\"position\":2,\"name\":\"&#8216;\u00d3dio que se tem a Lula \u00e9 o mesmo que se teve a Get\u00falio e a Juscelino&#8217;\"}]},{\"@type\":\"WebSite\",\"@id\":\"https:\\\/\\\/www.notibras.com\\\/site\\\/#website\",\"url\":\"https:\\\/\\\/www.notibras.com\\\/site\\\/\",\"name\":\"Notibras\",\"description\":\"Not\u00edcias de Bras\u00edlia, do Brasil e do Mundo\",\"publisher\":{\"@id\":\"https:\\\/\\\/www.notibras.com\\\/site\\\/#organization\"},\"potentialAction\":[{\"@type\":\"SearchAction\",\"target\":{\"@type\":\"EntryPoint\",\"urlTemplate\":\"https:\\\/\\\/www.notibras.com\\\/site\\\/?s={search_term_string}\"},\"query-input\":{\"@type\":\"PropertyValueSpecification\",\"valueRequired\":true,\"valueName\":\"search_term_string\"}}],\"inLanguage\":\"pt-BR\"},{\"@type\":\"Organization\",\"@id\":\"https:\\\/\\\/www.notibras.com\\\/site\\\/#organization\",\"name\":\"Grupo Notibras de Comunica\u00e7\u00e3o\",\"url\":\"https:\\\/\\\/www.notibras.com\\\/site\\\/\",\"logo\":{\"@type\":\"ImageObject\",\"inLanguage\":\"pt-BR\",\"@id\":\"https:\\\/\\\/www.notibras.com\\\/site\\\/#\\\/schema\\\/logo\\\/image\\\/\",\"url\":\"https:\\\/\\\/www.notibras.com\\\/site\\\/wp-content\\\/uploads\\\/2023\\\/01\\\/notibras23.png\",\"contentUrl\":\"https:\\\/\\\/www.notibras.com\\\/site\\\/wp-content\\\/uploads\\\/2023\\\/01\\\/notibras23.png\",\"width\":350,\"height\":87,\"caption\":\"Grupo Notibras de Comunica\u00e7\u00e3o\"},\"image\":{\"@id\":\"https:\\\/\\\/www.notibras.com\\\/site\\\/#\\\/schema\\\/logo\\\/image\\\/\"},\"sameAs\":[\"https:\\\/\\\/www.facebook.com\\\/notibras\\\/\",\"https:\\\/\\\/x.com\\\/Notibras\",\"https:\\\/\\\/www.instagram.com\\\/notibras\\\/\"]},{\"@type\":\"Person\",\"@id\":\"https:\\\/\\\/www.notibras.com\\\/site\\\/#\\\/schema\\\/person\\\/36ab0979449956132d3e5b517ea76ac8\",\"name\":\"Reda\u00e7\u00e3o\",\"image\":{\"@type\":\"ImageObject\",\"inLanguage\":\"pt-BR\",\"@id\":\"https:\\\/\\\/secure.gravatar.com\\\/avatar\\\/e0a867bdedb85fd243eadf09663511f96fc81e0720a4a42581f334ad4303aa6b?s=96&d=mm&r=g\",\"url\":\"https:\\\/\\\/secure.gravatar.com\\\/avatar\\\/e0a867bdedb85fd243eadf09663511f96fc81e0720a4a42581f334ad4303aa6b?s=96&d=mm&r=g\",\"contentUrl\":\"https:\\\/\\\/secure.gravatar.com\\\/avatar\\\/e0a867bdedb85fd243eadf09663511f96fc81e0720a4a42581f334ad4303aa6b?s=96&d=mm&r=g\",\"caption\":\"Reda\u00e7\u00e3o\"}}]}<\/script>\n<!-- \/ Yoast SEO plugin. -->","yoast_head_json":{"title":"'\u00d3dio que se tem a Lula \u00e9 o mesmo que se teve a Get\u00falio e a Juscelino' - Notibras","robots":{"index":"index","follow":"follow","max-snippet":"max-snippet:-1","max-image-preview":"max-image-preview:large","max-video-preview":"max-video-preview:-1"},"canonical":"https:\/\/www.notibras.com\/site\/odio-a-lula-e-o-mesmo-que-tiveram-a-getulio-vargas-e-a-juscelino\/","og_locale":"pt_BR","og_type":"article","og_title":"'\u00d3dio que se tem a Lula \u00e9 o mesmo que se teve a Get\u00falio e a Juscelino' - Notibras","og_description":"Roberto Amaral A caracter\u00edstica certamente mais exemplar de nossa hist\u00f3ria \u00e9 a concilia\u00e7\u00e3o. De c\u00fapula sempre (ou seja, concilia\u00e7\u00e3o em nome da preserva\u00e7\u00e3o dos interesses da classe dominante), impedindo a revolu\u00e7\u00e3o (como tal entenda-se tamb\u00e9m a simples amea\u00e7a de emerg\u00eancia das massas) e retardando as reformas das mais simples \u00e0s mais essenciais \u2013 todas, como [&hellip;]","og_url":"https:\/\/www.notibras.com\/site\/odio-a-lula-e-o-mesmo-que-tiveram-a-getulio-vargas-e-a-juscelino\/","og_site_name":"Notibras","article_publisher":"https:\/\/www.facebook.com\/notibras\/","article_published_time":"2016-02-15T16:37:31+00:00","article_modified_time":"2016-02-15T19:41:29+00:00","og_image":[{"width":1974,"height":1311,"url":"https:\/\/www.notibras.com\/site\/wp-content\/uploads\/2016\/02\/2000FP1994.jpg","type":"image\/jpeg"}],"author":"Reda\u00e7\u00e3o","twitter_card":"summary_large_image","twitter_creator":"@Notibras","twitter_site":"@Notibras","twitter_misc":{"Escrito por":"Reda\u00e7\u00e3o","Est. tempo de leitura":"8 minutos"},"schema":{"@context":"https:\/\/schema.org","@graph":[{"@type":"Article","@id":"https:\/\/www.notibras.com\/site\/odio-a-lula-e-o-mesmo-que-tiveram-a-getulio-vargas-e-a-juscelino\/#article","isPartOf":{"@id":"https:\/\/www.notibras.com\/site\/odio-a-lula-e-o-mesmo-que-tiveram-a-getulio-vargas-e-a-juscelino\/"},"author":{"name":"Reda\u00e7\u00e3o","@id":"https:\/\/www.notibras.com\/site\/#\/schema\/person\/36ab0979449956132d3e5b517ea76ac8"},"headline":"&#8216;\u00d3dio que se tem a Lula \u00e9 o mesmo que se teve a Get\u00falio e a Juscelino&#8217;","datePublished":"2016-02-15T16:37:31+00:00","dateModified":"2016-02-15T19:41:29+00:00","mainEntityOfPage":{"@id":"https:\/\/www.notibras.com\/site\/odio-a-lula-e-o-mesmo-que-tiveram-a-getulio-vargas-e-a-juscelino\/"},"wordCount":1687,"commentCount":0,"publisher":{"@id":"https:\/\/www.notibras.com\/site\/#organization"},"image":{"@id":"https:\/\/www.notibras.com\/site\/odio-a-lula-e-o-mesmo-que-tiveram-a-getulio-vargas-e-a-juscelino\/#primaryimage"},"thumbnailUrl":"https:\/\/www.notibras.com\/site\/wp-content\/uploads\/2016\/02\/2000FP1994.jpg","articleSection":["Opina a\u00ed"],"inLanguage":"pt-BR","potentialAction":[{"@type":"CommentAction","name":"Comment","target":["https:\/\/www.notibras.com\/site\/odio-a-lula-e-o-mesmo-que-tiveram-a-getulio-vargas-e-a-juscelino\/#respond"]}]},{"@type":"WebPage","@id":"https:\/\/www.notibras.com\/site\/odio-a-lula-e-o-mesmo-que-tiveram-a-getulio-vargas-e-a-juscelino\/","url":"https:\/\/www.notibras.com\/site\/odio-a-lula-e-o-mesmo-que-tiveram-a-getulio-vargas-e-a-juscelino\/","name":"'\u00d3dio que se tem a Lula \u00e9 o mesmo que se teve a Get\u00falio e a Juscelino' - Notibras","isPartOf":{"@id":"https:\/\/www.notibras.com\/site\/#website"},"primaryImageOfPage":{"@id":"https:\/\/www.notibras.com\/site\/odio-a-lula-e-o-mesmo-que-tiveram-a-getulio-vargas-e-a-juscelino\/#primaryimage"},"image":{"@id":"https:\/\/www.notibras.com\/site\/odio-a-lula-e-o-mesmo-que-tiveram-a-getulio-vargas-e-a-juscelino\/#primaryimage"},"thumbnailUrl":"https:\/\/www.notibras.com\/site\/wp-content\/uploads\/2016\/02\/2000FP1994.jpg","datePublished":"2016-02-15T16:37:31+00:00","dateModified":"2016-02-15T19:41:29+00:00","breadcrumb":{"@id":"https:\/\/www.notibras.com\/site\/odio-a-lula-e-o-mesmo-que-tiveram-a-getulio-vargas-e-a-juscelino\/#breadcrumb"},"inLanguage":"pt-BR","potentialAction":[{"@type":"ReadAction","target":["https:\/\/www.notibras.com\/site\/odio-a-lula-e-o-mesmo-que-tiveram-a-getulio-vargas-e-a-juscelino\/"]}]},{"@type":"ImageObject","inLanguage":"pt-BR","@id":"https:\/\/www.notibras.com\/site\/odio-a-lula-e-o-mesmo-que-tiveram-a-getulio-vargas-e-a-juscelino\/#primaryimage","url":"https:\/\/www.notibras.com\/site\/wp-content\/uploads\/2016\/02\/2000FP1994.jpg","contentUrl":"https:\/\/www.notibras.com\/site\/wp-content\/uploads\/2016\/02\/2000FP1994.jpg","width":1974,"height":1311,"caption":"Partidos estiveram juntos quando Eduardo Campos era vivo. Foto\/Arquivo Notibras"},{"@type":"BreadcrumbList","@id":"https:\/\/www.notibras.com\/site\/odio-a-lula-e-o-mesmo-que-tiveram-a-getulio-vargas-e-a-juscelino\/#breadcrumb","itemListElement":[{"@type":"ListItem","position":1,"name":"In\u00edcio","item":"https:\/\/www.notibras.com\/site\/"},{"@type":"ListItem","position":2,"name":"&#8216;\u00d3dio que se tem a Lula \u00e9 o mesmo que se teve a Get\u00falio e a Juscelino&#8217;"}]},{"@type":"WebSite","@id":"https:\/\/www.notibras.com\/site\/#website","url":"https:\/\/www.notibras.com\/site\/","name":"Notibras","description":"Not\u00edcias de Bras\u00edlia, do Brasil e do Mundo","publisher":{"@id":"https:\/\/www.notibras.com\/site\/#organization"},"potentialAction":[{"@type":"SearchAction","target":{"@type":"EntryPoint","urlTemplate":"https:\/\/www.notibras.com\/site\/?s={search_term_string}"},"query-input":{"@type":"PropertyValueSpecification","valueRequired":true,"valueName":"search_term_string"}}],"inLanguage":"pt-BR"},{"@type":"Organization","@id":"https:\/\/www.notibras.com\/site\/#organization","name":"Grupo Notibras de Comunica\u00e7\u00e3o","url":"https:\/\/www.notibras.com\/site\/","logo":{"@type":"ImageObject","inLanguage":"pt-BR","@id":"https:\/\/www.notibras.com\/site\/#\/schema\/logo\/image\/","url":"https:\/\/www.notibras.com\/site\/wp-content\/uploads\/2023\/01\/notibras23.png","contentUrl":"https:\/\/www.notibras.com\/site\/wp-content\/uploads\/2023\/01\/notibras23.png","width":350,"height":87,"caption":"Grupo Notibras de Comunica\u00e7\u00e3o"},"image":{"@id":"https:\/\/www.notibras.com\/site\/#\/schema\/logo\/image\/"},"sameAs":["https:\/\/www.facebook.com\/notibras\/","https:\/\/x.com\/Notibras","https:\/\/www.instagram.com\/notibras\/"]},{"@type":"Person","@id":"https:\/\/www.notibras.com\/site\/#\/schema\/person\/36ab0979449956132d3e5b517ea76ac8","name":"Reda\u00e7\u00e3o","image":{"@type":"ImageObject","inLanguage":"pt-BR","@id":"https:\/\/secure.gravatar.com\/avatar\/e0a867bdedb85fd243eadf09663511f96fc81e0720a4a42581f334ad4303aa6b?s=96&d=mm&r=g","url":"https:\/\/secure.gravatar.com\/avatar\/e0a867bdedb85fd243eadf09663511f96fc81e0720a4a42581f334ad4303aa6b?s=96&d=mm&r=g","contentUrl":"https:\/\/secure.gravatar.com\/avatar\/e0a867bdedb85fd243eadf09663511f96fc81e0720a4a42581f334ad4303aa6b?s=96&d=mm&r=g","caption":"Reda\u00e7\u00e3o"}}]}},"amp_enabled":true,"_links":{"self":[{"href":"https:\/\/www.notibras.com\/site\/wp-json\/wp\/v2\/posts\/89362","targetHints":{"allow":["GET"]}}],"collection":[{"href":"https:\/\/www.notibras.com\/site\/wp-json\/wp\/v2\/posts"}],"about":[{"href":"https:\/\/www.notibras.com\/site\/wp-json\/wp\/v2\/types\/post"}],"author":[{"embeddable":true,"href":"https:\/\/www.notibras.com\/site\/wp-json\/wp\/v2\/users\/2"}],"replies":[{"embeddable":true,"href":"https:\/\/www.notibras.com\/site\/wp-json\/wp\/v2\/comments?post=89362"}],"version-history":[{"count":2,"href":"https:\/\/www.notibras.com\/site\/wp-json\/wp\/v2\/posts\/89362\/revisions"}],"predecessor-version":[{"id":89365,"href":"https:\/\/www.notibras.com\/site\/wp-json\/wp\/v2\/posts\/89362\/revisions\/89365"}],"wp:featuredmedia":[{"embeddable":true,"href":"https:\/\/www.notibras.com\/site\/wp-json\/wp\/v2\/media\/89363"}],"wp:attachment":[{"href":"https:\/\/www.notibras.com\/site\/wp-json\/wp\/v2\/media?parent=89362"}],"wp:term":[{"taxonomy":"category","embeddable":true,"href":"https:\/\/www.notibras.com\/site\/wp-json\/wp\/v2\/categories?post=89362"},{"taxonomy":"post_tag","embeddable":true,"href":"https:\/\/www.notibras.com\/site\/wp-json\/wp\/v2\/tags?post=89362"}],"curies":[{"name":"wp","href":"https:\/\/api.w.org\/{rel}","templated":true}]}}