{"id":8937,"date":"2014-05-09T22:31:30","date_gmt":"2014-05-10T01:31:30","guid":{"rendered":"http:\/\/www.notibras.com\/site\/?p=8937"},"modified":"2014-05-09T22:31:30","modified_gmt":"2014-05-10T01:31:30","slug":"vasco-cede-bernardo-ao-palmeiras-por-empestimo-ate-o-fim-do-ano","status":"publish","type":"post","link":"https:\/\/www.notibras.com\/site\/vasco-cede-bernardo-ao-palmeiras-por-empestimo-ate-o-fim-do-ano\/","title":{"rendered":"Vasco cede Bernardo ao Palmeiras por emp\u00e9stimo at\u00e9 o fim do ano"},"content":{"rendered":"<p>Mesmo sem t\u00e9cnico, o Palmeiras segue se refor\u00e7ando para a temporada. Dessa vez, o clube acertou o empr\u00e9stimo do meia Bernardo, que n\u00e3o estava sendo utilizado no Vasco. O v\u00ednculo do contrato \u00e9 at\u00e9 o fim do ano,\u00a0com op\u00e7\u00e3o de compra.<\/p>\n<p class=\"text\">&#8220;A torcida pode esperar muita vontade e muita ra\u00e7a. Acho que a maioria das pessoas sabe do meu futebol, da vontade de vencer que tenho a cada partida e estou muito feliz de estar vestindo a camisa do Palmeiras\u201d, afirmou ao site oficial do clube.<\/p>\n<p class=\"text\">Bernardo, que j\u00e1 diz ter sido palmeirense durante sua inf\u00e2ncia, \u00e9 filho de H\u00e9lio, ex-atacante do Palmeiras. Ele jogou pelo clube entre 1983 e 1984 e, ap\u00f3s ser emprestado, retornou em 1985 \u2013 ao todo, marcou 11 gols em 83 partidas. Para o novo refor\u00e7o, essa identidade com o clube fez as coisas ficarem mais f\u00e1ceis.<\/p>\n<p class=\"text\">\u201cFacilita. Meu pai foi revelado aqui no Palmeiras, fez algumas partidas, e j\u00e1 h\u00e1 uma cobran\u00e7a dentro de casa por ter jogado aqui. Espero fazer o meu melhor e um pouquinho mais do que ele fez\u201d, brincou.<\/p>\n<p class=\"text\">O meia se mostrou contente em participar do centen\u00e1rio do clube. &#8220;Para mim \u00e9 uma emo\u00e7\u00e3o fazer parte do centen\u00e1rio do clube. Espero, junto com meus companheiros, fazer hist\u00f3ria por aqui, come\u00e7ando por um grande Campeonato Brasileiro&#8221;.<\/p>\n<p class=\"text\">Dentro de campo, ele ser\u00e1 mais um jogador da linha ofensiva, disputando\u00a0posi\u00e7\u00e3o com Valdivia, Bruno C\u00e9sar, Mendieta, Serginho, Mazinho, Marquinhos Gabriel e Leandro. &#8220;Sou um meia-atacante com chegada, sei me posicionar bem para finalizar. Em bola parada, gra\u00e7as a Deus, eu tenho um dom e espero colocar tudo em pr\u00e1tica nos jogos&#8221;, concluiu o novo refor\u00e7o.<\/p>\n","protected":false},"excerpt":{"rendered":"<p>Mesmo sem t\u00e9cnico, o Palmeiras segue se refor\u00e7ando para a temporada. Dessa vez, o clube acertou o empr\u00e9stimo do meia Bernardo, que n\u00e3o estava sendo utilizado no Vasco. O v\u00ednculo do contrato \u00e9 at\u00e9 o fim do ano,\u00a0com op\u00e7\u00e3o de compra. &#8220;A torcida pode esperar muita vontade e muita ra\u00e7a. Acho que a maioria das [&hellip;]<\/p>\n","protected":false},"author":2,"featured_media":8938,"comment_status":"open","ping_status":"closed","sticky":false,"template":"","format":"standard","meta":{"_acf_changed":false,"footnotes":""},"categories":[19,29],"tags":[],"class_list":["post-8937","post","type-post","status-publish","format-standard","has-post-thumbnail","hentry","category-esportes","category-futebol"],"acf":[],"yoast_head":"<!-- This site is optimized with the Yoast SEO plugin v27.2 - https:\/\/yoast.com\/product\/yoast-seo-wordpress\/ -->\n<title>Vasco cede Bernardo ao Palmeiras por emp\u00e9stimo at\u00e9 o fim do ano - Notibras<\/title>\n<meta name=\"robots\" content=\"index, follow, max-snippet:-1, max-image-preview:large, max-video-preview:-1\" \/>\n<link rel=\"canonical\" href=\"https:\/\/www.notibras.com\/site\/vasco-cede-bernardo-ao-palmeiras-por-empestimo-ate-o-fim-do-ano\/\" \/>\n<meta property=\"og:locale\" content=\"pt_BR\" \/>\n<meta property=\"og:type\" content=\"article\" \/>\n<meta property=\"og:title\" content=\"Vasco cede Bernardo ao Palmeiras por emp\u00e9stimo at\u00e9 o fim do ano - Notibras\" \/>\n<meta property=\"og:description\" content=\"Mesmo sem t\u00e9cnico, o Palmeiras segue se refor\u00e7ando para a temporada. Dessa vez, o clube acertou o empr\u00e9stimo do meia Bernardo, que n\u00e3o estava sendo utilizado no Vasco. O v\u00ednculo do contrato \u00e9 at\u00e9 o fim do ano,\u00a0com op\u00e7\u00e3o de compra. &#8220;A torcida pode esperar muita vontade e muita ra\u00e7a. Acho que a maioria das [&hellip;]\" \/>\n<meta property=\"og:url\" content=\"https:\/\/www.notibras.com\/site\/vasco-cede-bernardo-ao-palmeiras-por-empestimo-ate-o-fim-do-ano\/\" \/>\n<meta property=\"og:site_name\" content=\"Notibras\" \/>\n<meta property=\"article:publisher\" content=\"https:\/\/www.facebook.com\/notibras\/\" \/>\n<meta property=\"article:published_time\" content=\"2014-05-10T01:31:30+00:00\" \/>\n<meta property=\"og:image\" content=\"https:\/\/www.notibras.com\/site\/wp-content\/uploads\/2014\/05\/Bernardo-Vasco-Foto-Bruno-LimaLANCEPress_LANIMA20130426_0056_48.jpg\" \/>\n\t<meta property=\"og:image:width\" content=\"527\" \/>\n\t<meta property=\"og:image:height\" content=\"307\" \/>\n\t<meta property=\"og:image:type\" content=\"image\/jpeg\" \/>\n<meta name=\"author\" content=\"Reda\u00e7\u00e3o\" \/>\n<meta name=\"twitter:card\" content=\"summary_large_image\" \/>\n<meta name=\"twitter:creator\" content=\"@Notibras\" \/>\n<meta name=\"twitter:site\" content=\"@Notibras\" \/>\n<meta name=\"twitter:label1\" content=\"Escrito por\" \/>\n\t<meta name=\"twitter:data1\" content=\"Reda\u00e7\u00e3o\" \/>\n\t<meta name=\"twitter:label2\" content=\"Est. tempo de leitura\" \/>\n\t<meta name=\"twitter:data2\" content=\"1 minuto\" \/>\n<script type=\"application\/ld+json\" class=\"yoast-schema-graph\">{\"@context\":\"https:\/\/schema.org\",\"@graph\":[{\"@type\":\"Article\",\"@id\":\"https:\/\/www.notibras.com\/site\/vasco-cede-bernardo-ao-palmeiras-por-empestimo-ate-o-fim-do-ano\/#article\",\"isPartOf\":{\"@id\":\"https:\/\/www.notibras.com\/site\/vasco-cede-bernardo-ao-palmeiras-por-empestimo-ate-o-fim-do-ano\/\"},\"author\":{\"name\":\"Reda\u00e7\u00e3o\",\"@id\":\"https:\/\/www.notibras.com\/site\/#\/schema\/person\/36ab0979449956132d3e5b517ea76ac8\"},\"headline\":\"Vasco cede Bernardo ao Palmeiras por emp\u00e9stimo at\u00e9 o fim do ano\",\"datePublished\":\"2014-05-10T01:31:30+00:00\",\"mainEntityOfPage\":{\"@id\":\"https:\/\/www.notibras.com\/site\/vasco-cede-bernardo-ao-palmeiras-por-empestimo-ate-o-fim-do-ano\/\"},\"wordCount\":301,\"commentCount\":0,\"publisher\":{\"@id\":\"https:\/\/www.notibras.com\/site\/#organization\"},\"image\":{\"@id\":\"https:\/\/www.notibras.com\/site\/vasco-cede-bernardo-ao-palmeiras-por-empestimo-ate-o-fim-do-ano\/#primaryimage\"},\"thumbnailUrl\":\"https:\/\/www.notibras.com\/site\/wp-content\/uploads\/2014\/05\/Bernardo-Vasco-Foto-Bruno-LimaLANCEPress_LANIMA20130426_0056_48.jpg\",\"articleSection\":[\"Esportes\",\"Futebol\"],\"inLanguage\":\"pt-BR\",\"potentialAction\":[{\"@type\":\"CommentAction\",\"name\":\"Comment\",\"target\":[\"https:\/\/www.notibras.com\/site\/vasco-cede-bernardo-ao-palmeiras-por-empestimo-ate-o-fim-do-ano\/#respond\"]}]},{\"@type\":\"WebPage\",\"@id\":\"https:\/\/www.notibras.com\/site\/vasco-cede-bernardo-ao-palmeiras-por-empestimo-ate-o-fim-do-ano\/\",\"url\":\"https:\/\/www.notibras.com\/site\/vasco-cede-bernardo-ao-palmeiras-por-empestimo-ate-o-fim-do-ano\/\",\"name\":\"Vasco cede Bernardo ao Palmeiras por emp\u00e9stimo at\u00e9 o fim do ano - Notibras\",\"isPartOf\":{\"@id\":\"https:\/\/www.notibras.com\/site\/#website\"},\"primaryImageOfPage\":{\"@id\":\"https:\/\/www.notibras.com\/site\/vasco-cede-bernardo-ao-palmeiras-por-empestimo-ate-o-fim-do-ano\/#primaryimage\"},\"image\":{\"@id\":\"https:\/\/www.notibras.com\/site\/vasco-cede-bernardo-ao-palmeiras-por-empestimo-ate-o-fim-do-ano\/#primaryimage\"},\"thumbnailUrl\":\"https:\/\/www.notibras.com\/site\/wp-content\/uploads\/2014\/05\/Bernardo-Vasco-Foto-Bruno-LimaLANCEPress_LANIMA20130426_0056_48.jpg\",\"datePublished\":\"2014-05-10T01:31:30+00:00\",\"breadcrumb\":{\"@id\":\"https:\/\/www.notibras.com\/site\/vasco-cede-bernardo-ao-palmeiras-por-empestimo-ate-o-fim-do-ano\/#breadcrumb\"},\"inLanguage\":\"pt-BR\",\"potentialAction\":[{\"@type\":\"ReadAction\",\"target\":[\"https:\/\/www.notibras.com\/site\/vasco-cede-bernardo-ao-palmeiras-por-empestimo-ate-o-fim-do-ano\/\"]}]},{\"@type\":\"ImageObject\",\"inLanguage\":\"pt-BR\",\"@id\":\"https:\/\/www.notibras.com\/site\/vasco-cede-bernardo-ao-palmeiras-por-empestimo-ate-o-fim-do-ano\/#primaryimage\",\"url\":\"https:\/\/www.notibras.com\/site\/wp-content\/uploads\/2014\/05\/Bernardo-Vasco-Foto-Bruno-LimaLANCEPress_LANIMA20130426_0056_48.jpg\",\"contentUrl\":\"https:\/\/www.notibras.com\/site\/wp-content\/uploads\/2014\/05\/Bernardo-Vasco-Foto-Bruno-LimaLANCEPress_LANIMA20130426_0056_48.jpg\",\"width\":527,\"height\":307},{\"@type\":\"BreadcrumbList\",\"@id\":\"https:\/\/www.notibras.com\/site\/vasco-cede-bernardo-ao-palmeiras-por-empestimo-ate-o-fim-do-ano\/#breadcrumb\",\"itemListElement\":[{\"@type\":\"ListItem\",\"position\":1,\"name\":\"In\u00edcio\",\"item\":\"https:\/\/www.notibras.com\/site\/\"},{\"@type\":\"ListItem\",\"position\":2,\"name\":\"Vasco cede Bernardo ao Palmeiras por emp\u00e9stimo at\u00e9 o fim do ano\"}]},{\"@type\":\"WebSite\",\"@id\":\"https:\/\/www.notibras.com\/site\/#website\",\"url\":\"https:\/\/www.notibras.com\/site\/\",\"name\":\"Notibras\",\"description\":\"Not\u00edcias de Bras\u00edlia, do Brasil e do Mundo\",\"publisher\":{\"@id\":\"https:\/\/www.notibras.com\/site\/#organization\"},\"potentialAction\":[{\"@type\":\"SearchAction\",\"target\":{\"@type\":\"EntryPoint\",\"urlTemplate\":\"https:\/\/www.notibras.com\/site\/?s={search_term_string}\"},\"query-input\":{\"@type\":\"PropertyValueSpecification\",\"valueRequired\":true,\"valueName\":\"search_term_string\"}}],\"inLanguage\":\"pt-BR\"},{\"@type\":\"Organization\",\"@id\":\"https:\/\/www.notibras.com\/site\/#organization\",\"name\":\"Grupo Notibras de Comunica\u00e7\u00e3o\",\"url\":\"https:\/\/www.notibras.com\/site\/\",\"logo\":{\"@type\":\"ImageObject\",\"inLanguage\":\"pt-BR\",\"@id\":\"https:\/\/www.notibras.com\/site\/#\/schema\/logo\/image\/\",\"url\":\"https:\/\/www.notibras.com\/site\/wp-content\/uploads\/2023\/01\/notibras23.png\",\"contentUrl\":\"https:\/\/www.notibras.com\/site\/wp-content\/uploads\/2023\/01\/notibras23.png\",\"width\":350,\"height\":87,\"caption\":\"Grupo Notibras de Comunica\u00e7\u00e3o\"},\"image\":{\"@id\":\"https:\/\/www.notibras.com\/site\/#\/schema\/logo\/image\/\"},\"sameAs\":[\"https:\/\/www.facebook.com\/notibras\/\",\"https:\/\/x.com\/Notibras\",\"https:\/\/www.instagram.com\/notibras\/\"]},{\"@type\":\"Person\",\"@id\":\"https:\/\/www.notibras.com\/site\/#\/schema\/person\/36ab0979449956132d3e5b517ea76ac8\",\"name\":\"Reda\u00e7\u00e3o\",\"image\":{\"@type\":\"ImageObject\",\"inLanguage\":\"pt-BR\",\"@id\":\"https:\/\/secure.gravatar.com\/avatar\/e0a867bdedb85fd243eadf09663511f96fc81e0720a4a42581f334ad4303aa6b?s=96&d=mm&r=g\",\"url\":\"https:\/\/secure.gravatar.com\/avatar\/e0a867bdedb85fd243eadf09663511f96fc81e0720a4a42581f334ad4303aa6b?s=96&d=mm&r=g\",\"contentUrl\":\"https:\/\/secure.gravatar.com\/avatar\/e0a867bdedb85fd243eadf09663511f96fc81e0720a4a42581f334ad4303aa6b?s=96&d=mm&r=g\",\"caption\":\"Reda\u00e7\u00e3o\"}}]}<\/script>\n<!-- \/ Yoast SEO plugin. -->","yoast_head_json":{"title":"Vasco cede Bernardo ao Palmeiras por emp\u00e9stimo at\u00e9 o fim do ano - Notibras","robots":{"index":"index","follow":"follow","max-snippet":"max-snippet:-1","max-image-preview":"max-image-preview:large","max-video-preview":"max-video-preview:-1"},"canonical":"https:\/\/www.notibras.com\/site\/vasco-cede-bernardo-ao-palmeiras-por-empestimo-ate-o-fim-do-ano\/","og_locale":"pt_BR","og_type":"article","og_title":"Vasco cede Bernardo ao Palmeiras por emp\u00e9stimo at\u00e9 o fim do ano - Notibras","og_description":"Mesmo sem t\u00e9cnico, o Palmeiras segue se refor\u00e7ando para a temporada. Dessa vez, o clube acertou o empr\u00e9stimo do meia Bernardo, que n\u00e3o estava sendo utilizado no Vasco. O v\u00ednculo do contrato \u00e9 at\u00e9 o fim do ano,\u00a0com op\u00e7\u00e3o de compra. &#8220;A torcida pode esperar muita vontade e muita ra\u00e7a. Acho que a maioria das [&hellip;]","og_url":"https:\/\/www.notibras.com\/site\/vasco-cede-bernardo-ao-palmeiras-por-empestimo-ate-o-fim-do-ano\/","og_site_name":"Notibras","article_publisher":"https:\/\/www.facebook.com\/notibras\/","article_published_time":"2014-05-10T01:31:30+00:00","og_image":[{"width":527,"height":307,"url":"https:\/\/www.notibras.com\/site\/wp-content\/uploads\/2014\/05\/Bernardo-Vasco-Foto-Bruno-LimaLANCEPress_LANIMA20130426_0056_48.jpg","type":"image\/jpeg"}],"author":"Reda\u00e7\u00e3o","twitter_card":"summary_large_image","twitter_creator":"@Notibras","twitter_site":"@Notibras","twitter_misc":{"Escrito por":"Reda\u00e7\u00e3o","Est. tempo de leitura":"1 minuto"},"schema":{"@context":"https:\/\/schema.org","@graph":[{"@type":"Article","@id":"https:\/\/www.notibras.com\/site\/vasco-cede-bernardo-ao-palmeiras-por-empestimo-ate-o-fim-do-ano\/#article","isPartOf":{"@id":"https:\/\/www.notibras.com\/site\/vasco-cede-bernardo-ao-palmeiras-por-empestimo-ate-o-fim-do-ano\/"},"author":{"name":"Reda\u00e7\u00e3o","@id":"https:\/\/www.notibras.com\/site\/#\/schema\/person\/36ab0979449956132d3e5b517ea76ac8"},"headline":"Vasco cede Bernardo ao Palmeiras por emp\u00e9stimo at\u00e9 o fim do ano","datePublished":"2014-05-10T01:31:30+00:00","mainEntityOfPage":{"@id":"https:\/\/www.notibras.com\/site\/vasco-cede-bernardo-ao-palmeiras-por-empestimo-ate-o-fim-do-ano\/"},"wordCount":301,"commentCount":0,"publisher":{"@id":"https:\/\/www.notibras.com\/site\/#organization"},"image":{"@id":"https:\/\/www.notibras.com\/site\/vasco-cede-bernardo-ao-palmeiras-por-empestimo-ate-o-fim-do-ano\/#primaryimage"},"thumbnailUrl":"https:\/\/www.notibras.com\/site\/wp-content\/uploads\/2014\/05\/Bernardo-Vasco-Foto-Bruno-LimaLANCEPress_LANIMA20130426_0056_48.jpg","articleSection":["Esportes","Futebol"],"inLanguage":"pt-BR","potentialAction":[{"@type":"CommentAction","name":"Comment","target":["https:\/\/www.notibras.com\/site\/vasco-cede-bernardo-ao-palmeiras-por-empestimo-ate-o-fim-do-ano\/#respond"]}]},{"@type":"WebPage","@id":"https:\/\/www.notibras.com\/site\/vasco-cede-bernardo-ao-palmeiras-por-empestimo-ate-o-fim-do-ano\/","url":"https:\/\/www.notibras.com\/site\/vasco-cede-bernardo-ao-palmeiras-por-empestimo-ate-o-fim-do-ano\/","name":"Vasco cede Bernardo ao Palmeiras por emp\u00e9stimo at\u00e9 o fim do ano - Notibras","isPartOf":{"@id":"https:\/\/www.notibras.com\/site\/#website"},"primaryImageOfPage":{"@id":"https:\/\/www.notibras.com\/site\/vasco-cede-bernardo-ao-palmeiras-por-empestimo-ate-o-fim-do-ano\/#primaryimage"},"image":{"@id":"https:\/\/www.notibras.com\/site\/vasco-cede-bernardo-ao-palmeiras-por-empestimo-ate-o-fim-do-ano\/#primaryimage"},"thumbnailUrl":"https:\/\/www.notibras.com\/site\/wp-content\/uploads\/2014\/05\/Bernardo-Vasco-Foto-Bruno-LimaLANCEPress_LANIMA20130426_0056_48.jpg","datePublished":"2014-05-10T01:31:30+00:00","breadcrumb":{"@id":"https:\/\/www.notibras.com\/site\/vasco-cede-bernardo-ao-palmeiras-por-empestimo-ate-o-fim-do-ano\/#breadcrumb"},"inLanguage":"pt-BR","potentialAction":[{"@type":"ReadAction","target":["https:\/\/www.notibras.com\/site\/vasco-cede-bernardo-ao-palmeiras-por-empestimo-ate-o-fim-do-ano\/"]}]},{"@type":"ImageObject","inLanguage":"pt-BR","@id":"https:\/\/www.notibras.com\/site\/vasco-cede-bernardo-ao-palmeiras-por-empestimo-ate-o-fim-do-ano\/#primaryimage","url":"https:\/\/www.notibras.com\/site\/wp-content\/uploads\/2014\/05\/Bernardo-Vasco-Foto-Bruno-LimaLANCEPress_LANIMA20130426_0056_48.jpg","contentUrl":"https:\/\/www.notibras.com\/site\/wp-content\/uploads\/2014\/05\/Bernardo-Vasco-Foto-Bruno-LimaLANCEPress_LANIMA20130426_0056_48.jpg","width":527,"height":307},{"@type":"BreadcrumbList","@id":"https:\/\/www.notibras.com\/site\/vasco-cede-bernardo-ao-palmeiras-por-empestimo-ate-o-fim-do-ano\/#breadcrumb","itemListElement":[{"@type":"ListItem","position":1,"name":"In\u00edcio","item":"https:\/\/www.notibras.com\/site\/"},{"@type":"ListItem","position":2,"name":"Vasco cede Bernardo ao Palmeiras por emp\u00e9stimo at\u00e9 o fim do ano"}]},{"@type":"WebSite","@id":"https:\/\/www.notibras.com\/site\/#website","url":"https:\/\/www.notibras.com\/site\/","name":"Notibras","description":"Not\u00edcias de Bras\u00edlia, do Brasil e do Mundo","publisher":{"@id":"https:\/\/www.notibras.com\/site\/#organization"},"potentialAction":[{"@type":"SearchAction","target":{"@type":"EntryPoint","urlTemplate":"https:\/\/www.notibras.com\/site\/?s={search_term_string}"},"query-input":{"@type":"PropertyValueSpecification","valueRequired":true,"valueName":"search_term_string"}}],"inLanguage":"pt-BR"},{"@type":"Organization","@id":"https:\/\/www.notibras.com\/site\/#organization","name":"Grupo Notibras de Comunica\u00e7\u00e3o","url":"https:\/\/www.notibras.com\/site\/","logo":{"@type":"ImageObject","inLanguage":"pt-BR","@id":"https:\/\/www.notibras.com\/site\/#\/schema\/logo\/image\/","url":"https:\/\/www.notibras.com\/site\/wp-content\/uploads\/2023\/01\/notibras23.png","contentUrl":"https:\/\/www.notibras.com\/site\/wp-content\/uploads\/2023\/01\/notibras23.png","width":350,"height":87,"caption":"Grupo Notibras de Comunica\u00e7\u00e3o"},"image":{"@id":"https:\/\/www.notibras.com\/site\/#\/schema\/logo\/image\/"},"sameAs":["https:\/\/www.facebook.com\/notibras\/","https:\/\/x.com\/Notibras","https:\/\/www.instagram.com\/notibras\/"]},{"@type":"Person","@id":"https:\/\/www.notibras.com\/site\/#\/schema\/person\/36ab0979449956132d3e5b517ea76ac8","name":"Reda\u00e7\u00e3o","image":{"@type":"ImageObject","inLanguage":"pt-BR","@id":"https:\/\/secure.gravatar.com\/avatar\/e0a867bdedb85fd243eadf09663511f96fc81e0720a4a42581f334ad4303aa6b?s=96&d=mm&r=g","url":"https:\/\/secure.gravatar.com\/avatar\/e0a867bdedb85fd243eadf09663511f96fc81e0720a4a42581f334ad4303aa6b?s=96&d=mm&r=g","contentUrl":"https:\/\/secure.gravatar.com\/avatar\/e0a867bdedb85fd243eadf09663511f96fc81e0720a4a42581f334ad4303aa6b?s=96&d=mm&r=g","caption":"Reda\u00e7\u00e3o"}}]}},"amp_enabled":true,"_links":{"self":[{"href":"https:\/\/www.notibras.com\/site\/wp-json\/wp\/v2\/posts\/8937","targetHints":{"allow":["GET"]}}],"collection":[{"href":"https:\/\/www.notibras.com\/site\/wp-json\/wp\/v2\/posts"}],"about":[{"href":"https:\/\/www.notibras.com\/site\/wp-json\/wp\/v2\/types\/post"}],"author":[{"embeddable":true,"href":"https:\/\/www.notibras.com\/site\/wp-json\/wp\/v2\/users\/2"}],"replies":[{"embeddable":true,"href":"https:\/\/www.notibras.com\/site\/wp-json\/wp\/v2\/comments?post=8937"}],"version-history":[{"count":0,"href":"https:\/\/www.notibras.com\/site\/wp-json\/wp\/v2\/posts\/8937\/revisions"}],"wp:featuredmedia":[{"embeddable":true,"href":"https:\/\/www.notibras.com\/site\/wp-json\/wp\/v2\/media\/8938"}],"wp:attachment":[{"href":"https:\/\/www.notibras.com\/site\/wp-json\/wp\/v2\/media?parent=8937"}],"wp:term":[{"taxonomy":"category","embeddable":true,"href":"https:\/\/www.notibras.com\/site\/wp-json\/wp\/v2\/categories?post=8937"},{"taxonomy":"post_tag","embeddable":true,"href":"https:\/\/www.notibras.com\/site\/wp-json\/wp\/v2\/tags?post=8937"}],"curies":[{"name":"wp","href":"https:\/\/api.w.org\/{rel}","templated":true}]}}