{"id":894,"date":"2014-02-09T19:30:18","date_gmt":"2014-02-09T22:30:18","guid":{"rendered":"http:\/\/www.notibras.com\/site\/?p=894"},"modified":"2014-02-09T19:30:18","modified_gmt":"2014-02-09T22:30:18","slug":"leo-gamalho-arrebenta-e-santa-cruz-deixa-central-de-4-no-arruda","status":"publish","type":"post","link":"https:\/\/www.notibras.com\/site\/leo-gamalho-arrebenta-e-santa-cruz-deixa-central-de-4-no-arruda\/","title":{"rendered":"L\u00e9o Gamalho arrebenta e Santa Cruz deixa Central de 4 no Arruda"},"content":{"rendered":"<p>O Santa Cruz estreou com vit\u00f3ria no hexagonal final do Campeonato Pernambucano. Neste domingo, a Cobra Coral venceu o Central pelo placar de 4 a 2, em um jogo muito disputado no Est\u00e1dio do Arruda, em Recife. Destaque para o atacante do Santinha, L\u00e9o Gamalho, que fez dois gols no confronto.<\/p>\n<p>O primeiro gol da partida foi marcado por L\u00e9o Gamalho aos 17 minutos do primeiro tempo. O Central logo empatou com Jonathan Goiano, quando o cron\u00f4metro marcava 25 da etapa inicial.<\/p>\n<p>O time de Caruaru virou a partida aos 36 minutos do primeiro tempo. O gol foi marcado pelo volante Fernando Pires. A Cobra Coral empatou antes do intervalo, novamente com L\u00e9o Gamalho.<\/p>\n<p>O Santa Cruz voltou melhor no segundo tempo e retomou a lideran\u00e7a do marcador aos 10 minutos, com Cassiano. Pingo ampliou a diferen\u00e7a aos 24, fazendo o quarto tento do time de Recife.<\/p>\n<p>Na outra partida do domingo, o Salgueiro recebeu o Porto no Est\u00e1dio Corn\u00e9lio de Barros e venceu por 2 a 1. Os gols da vit\u00f3ria foram marcados por Vitor Caic\u00f3 e Daniel, enquanto que Felipe Almeida descontou para o time de Caruaru.<\/p>\n","protected":false},"excerpt":{"rendered":"<p>O Santa Cruz estreou com vit\u00f3ria no hexagonal final do Campeonato Pernambucano. Neste domingo, a Cobra Coral venceu o Central pelo placar de 4 a 2, em um jogo muito disputado no Est\u00e1dio do Arruda, em Recife. Destaque para o atacante do Santinha, L\u00e9o Gamalho, que fez dois gols no confronto. O primeiro gol da [&hellip;]<\/p>\n","protected":false},"author":2,"featured_media":895,"comment_status":"open","ping_status":"closed","sticky":false,"template":"","format":"standard","meta":{"_acf_changed":false,"footnotes":""},"categories":[19],"tags":[],"class_list":["post-894","post","type-post","status-publish","format-standard","has-post-thumbnail","hentry","category-esportes"],"acf":[],"_links":{"self":[{"href":"https:\/\/www.notibras.com\/site\/wp-json\/wp\/v2\/posts\/894","targetHints":{"allow":["GET"]}}],"collection":[{"href":"https:\/\/www.notibras.com\/site\/wp-json\/wp\/v2\/posts"}],"about":[{"href":"https:\/\/www.notibras.com\/site\/wp-json\/wp\/v2\/types\/post"}],"author":[{"embeddable":true,"href":"https:\/\/www.notibras.com\/site\/wp-json\/wp\/v2\/users\/2"}],"replies":[{"embeddable":true,"href":"https:\/\/www.notibras.com\/site\/wp-json\/wp\/v2\/comments?post=894"}],"version-history":[{"count":0,"href":"https:\/\/www.notibras.com\/site\/wp-json\/wp\/v2\/posts\/894\/revisions"}],"wp:featuredmedia":[{"embeddable":true,"href":"https:\/\/www.notibras.com\/site\/wp-json\/wp\/v2\/media\/895"}],"wp:attachment":[{"href":"https:\/\/www.notibras.com\/site\/wp-json\/wp\/v2\/media?parent=894"}],"wp:term":[{"taxonomy":"category","embeddable":true,"href":"https:\/\/www.notibras.com\/site\/wp-json\/wp\/v2\/categories?post=894"},{"taxonomy":"post_tag","embeddable":true,"href":"https:\/\/www.notibras.com\/site\/wp-json\/wp\/v2\/tags?post=894"}],"curies":[{"name":"wp","href":"https:\/\/api.w.org\/{rel}","templated":true}]}}