{"id":8940,"date":"2014-05-09T21:33:10","date_gmt":"2014-05-10T00:33:10","guid":{"rendered":"http:\/\/www.notibras.com\/site\/?p=8940"},"modified":"2014-05-09T22:34:45","modified_gmt":"2014-05-10T01:34:45","slug":"santos-se-reforca-acerta-com-renato-e-fica-esperando-por-diego","status":"publish","type":"post","link":"https:\/\/www.notibras.com\/site\/santos-se-reforca-acerta-com-renato-e-fica-esperando-por-diego\/","title":{"rendered":"Santos se refor\u00e7a, acerta com Renato e fica esperando por Diego"},"content":{"rendered":"<p>O Santos est\u00e1 confiante no an\u00fancio\u00a0da contrata\u00e7\u00e3o do volante Renato, que acertou rescis\u00e3o contratual\u00a0com o Botafogo.<\/p>\n<p>Em entrevista \u00e0 <i>R\u00e1dio Globo<\/i>, o presidente em exerc\u00edcio do clube, Od\u00edlio Rodrigues, externou que aguarda, somente, a &#8220;parte burocr\u00e1tica&#8221; para oficializar o retorno do veterano, que jogou pelo clube de 2000 a 2004, e espera\u00a0por uma resposta positiva \u00e0\u00a0proposta encaminhada no come\u00e7o do ano\u00a0ao meio-campista Diego, do Atl\u00e9tico de Madrid, da Espanha.<\/p>\n<p class=\"text\">&#8220;Foi um pedido do Oswaldo e\u00a0n\u00f3s atendemos. O\u00a0Renato demonstrou vontade. Fizemos a proposta, ele aceitou e\u00a0agora\u00a0s\u00f3 depende da parte burocr\u00e1tica para voltar ao Santos&#8221;, explicou o mandat\u00e1rio.<\/p>\n<p class=\"text\">&#8220;Estivemos juntos com ele (Diego) e\u00a0com o pai dele em duas, tr\u00eas reuni\u00f5es. Fizemos a proposta, eles acharam a proposta interessante, est\u00e1 com eles. Estamos na expectativa, temos o interesse. A\u00a0proposta fizemos, agora s\u00f3 depende deles&#8221;, completou.<\/p>\n","protected":false},"excerpt":{"rendered":"<p>O Santos est\u00e1 confiante no an\u00fancio\u00a0da contrata\u00e7\u00e3o do volante Renato, que acertou rescis\u00e3o contratual\u00a0com o Botafogo. Em entrevista \u00e0 R\u00e1dio Globo, o presidente em exerc\u00edcio do clube, Od\u00edlio Rodrigues, externou que aguarda, somente, a &#8220;parte burocr\u00e1tica&#8221; para oficializar o retorno do veterano, que jogou pelo clube de 2000 a 2004, e espera\u00a0por uma resposta positiva [&hellip;]<\/p>\n","protected":false},"author":2,"featured_media":8941,"comment_status":"open","ping_status":"closed","sticky":false,"template":"","format":"standard","meta":{"_acf_changed":false,"footnotes":""},"categories":[19,29],"tags":[],"class_list":["post-8940","post","type-post","status-publish","format-standard","has-post-thumbnail","hentry","category-esportes","category-futebol"],"acf":[],"yoast_head":"<!-- This site is optimized with the Yoast SEO plugin v27.2 - https:\/\/yoast.com\/product\/yoast-seo-wordpress\/ -->\n<title>Santos se refor\u00e7a, acerta com Renato e fica esperando por Diego - Notibras<\/title>\n<meta name=\"robots\" content=\"index, follow, max-snippet:-1, max-image-preview:large, max-video-preview:-1\" \/>\n<link rel=\"canonical\" href=\"https:\/\/www.notibras.com\/site\/santos-se-reforca-acerta-com-renato-e-fica-esperando-por-diego\/\" \/>\n<meta property=\"og:locale\" content=\"pt_BR\" \/>\n<meta property=\"og:type\" content=\"article\" \/>\n<meta property=\"og:title\" content=\"Santos se refor\u00e7a, acerta com Renato e fica esperando por Diego - Notibras\" \/>\n<meta property=\"og:description\" content=\"O Santos est\u00e1 confiante no an\u00fancio\u00a0da contrata\u00e7\u00e3o do volante Renato, que acertou rescis\u00e3o contratual\u00a0com o Botafogo. Em entrevista \u00e0 R\u00e1dio Globo, o presidente em exerc\u00edcio do clube, Od\u00edlio Rodrigues, externou que aguarda, somente, a &#8220;parte burocr\u00e1tica&#8221; para oficializar o retorno do veterano, que jogou pelo clube de 2000 a 2004, e espera\u00a0por uma resposta positiva [&hellip;]\" \/>\n<meta property=\"og:url\" content=\"https:\/\/www.notibras.com\/site\/santos-se-reforca-acerta-com-renato-e-fica-esperando-por-diego\/\" \/>\n<meta property=\"og:site_name\" content=\"Notibras\" \/>\n<meta property=\"article:publisher\" content=\"https:\/\/www.facebook.com\/notibras\/\" \/>\n<meta property=\"article:published_time\" content=\"2014-05-10T00:33:10+00:00\" \/>\n<meta property=\"article:modified_time\" content=\"2014-05-10T01:34:45+00:00\" \/>\n<meta property=\"og:image\" content=\"https:\/\/www.notibras.com\/site\/wp-content\/uploads\/2014\/05\/renatotreinovitorsilvasspress.jpg\" \/>\n\t<meta property=\"og:image:width\" content=\"460\" \/>\n\t<meta property=\"og:image:height\" content=\"340\" \/>\n\t<meta property=\"og:image:type\" content=\"image\/jpeg\" \/>\n<meta name=\"author\" content=\"Reda\u00e7\u00e3o\" \/>\n<meta name=\"twitter:card\" content=\"summary_large_image\" \/>\n<meta name=\"twitter:creator\" content=\"@Notibras\" \/>\n<meta name=\"twitter:site\" content=\"@Notibras\" \/>\n<meta name=\"twitter:label1\" content=\"Escrito por\" \/>\n\t<meta name=\"twitter:data1\" content=\"Reda\u00e7\u00e3o\" \/>\n\t<meta name=\"twitter:label2\" content=\"Est. tempo de leitura\" \/>\n\t<meta name=\"twitter:data2\" content=\"1 minuto\" \/>\n<script type=\"application\/ld+json\" class=\"yoast-schema-graph\">{\"@context\":\"https:\/\/schema.org\",\"@graph\":[{\"@type\":\"Article\",\"@id\":\"https:\/\/www.notibras.com\/site\/santos-se-reforca-acerta-com-renato-e-fica-esperando-por-diego\/#article\",\"isPartOf\":{\"@id\":\"https:\/\/www.notibras.com\/site\/santos-se-reforca-acerta-com-renato-e-fica-esperando-por-diego\/\"},\"author\":{\"name\":\"Reda\u00e7\u00e3o\",\"@id\":\"https:\/\/www.notibras.com\/site\/#\/schema\/person\/36ab0979449956132d3e5b517ea76ac8\"},\"headline\":\"Santos se refor\u00e7a, acerta com Renato e fica esperando por Diego\",\"datePublished\":\"2014-05-10T00:33:10+00:00\",\"dateModified\":\"2014-05-10T01:34:45+00:00\",\"mainEntityOfPage\":{\"@id\":\"https:\/\/www.notibras.com\/site\/santos-se-reforca-acerta-com-renato-e-fica-esperando-por-diego\/\"},\"wordCount\":166,\"commentCount\":0,\"publisher\":{\"@id\":\"https:\/\/www.notibras.com\/site\/#organization\"},\"image\":{\"@id\":\"https:\/\/www.notibras.com\/site\/santos-se-reforca-acerta-com-renato-e-fica-esperando-por-diego\/#primaryimage\"},\"thumbnailUrl\":\"https:\/\/www.notibras.com\/site\/wp-content\/uploads\/2014\/05\/renatotreinovitorsilvasspress.jpg\",\"articleSection\":[\"Esportes\",\"Futebol\"],\"inLanguage\":\"pt-BR\",\"potentialAction\":[{\"@type\":\"CommentAction\",\"name\":\"Comment\",\"target\":[\"https:\/\/www.notibras.com\/site\/santos-se-reforca-acerta-com-renato-e-fica-esperando-por-diego\/#respond\"]}]},{\"@type\":\"WebPage\",\"@id\":\"https:\/\/www.notibras.com\/site\/santos-se-reforca-acerta-com-renato-e-fica-esperando-por-diego\/\",\"url\":\"https:\/\/www.notibras.com\/site\/santos-se-reforca-acerta-com-renato-e-fica-esperando-por-diego\/\",\"name\":\"Santos se refor\u00e7a, acerta com Renato e fica esperando por Diego - Notibras\",\"isPartOf\":{\"@id\":\"https:\/\/www.notibras.com\/site\/#website\"},\"primaryImageOfPage\":{\"@id\":\"https:\/\/www.notibras.com\/site\/santos-se-reforca-acerta-com-renato-e-fica-esperando-por-diego\/#primaryimage\"},\"image\":{\"@id\":\"https:\/\/www.notibras.com\/site\/santos-se-reforca-acerta-com-renato-e-fica-esperando-por-diego\/#primaryimage\"},\"thumbnailUrl\":\"https:\/\/www.notibras.com\/site\/wp-content\/uploads\/2014\/05\/renatotreinovitorsilvasspress.jpg\",\"datePublished\":\"2014-05-10T00:33:10+00:00\",\"dateModified\":\"2014-05-10T01:34:45+00:00\",\"breadcrumb\":{\"@id\":\"https:\/\/www.notibras.com\/site\/santos-se-reforca-acerta-com-renato-e-fica-esperando-por-diego\/#breadcrumb\"},\"inLanguage\":\"pt-BR\",\"potentialAction\":[{\"@type\":\"ReadAction\",\"target\":[\"https:\/\/www.notibras.com\/site\/santos-se-reforca-acerta-com-renato-e-fica-esperando-por-diego\/\"]}]},{\"@type\":\"ImageObject\",\"inLanguage\":\"pt-BR\",\"@id\":\"https:\/\/www.notibras.com\/site\/santos-se-reforca-acerta-com-renato-e-fica-esperando-por-diego\/#primaryimage\",\"url\":\"https:\/\/www.notibras.com\/site\/wp-content\/uploads\/2014\/05\/renatotreinovitorsilvasspress.jpg\",\"contentUrl\":\"https:\/\/www.notibras.com\/site\/wp-content\/uploads\/2014\/05\/renatotreinovitorsilvasspress.jpg\",\"width\":460,\"height\":340},{\"@type\":\"BreadcrumbList\",\"@id\":\"https:\/\/www.notibras.com\/site\/santos-se-reforca-acerta-com-renato-e-fica-esperando-por-diego\/#breadcrumb\",\"itemListElement\":[{\"@type\":\"ListItem\",\"position\":1,\"name\":\"In\u00edcio\",\"item\":\"https:\/\/www.notibras.com\/site\/\"},{\"@type\":\"ListItem\",\"position\":2,\"name\":\"Santos se refor\u00e7a, acerta com Renato e fica esperando por Diego\"}]},{\"@type\":\"WebSite\",\"@id\":\"https:\/\/www.notibras.com\/site\/#website\",\"url\":\"https:\/\/www.notibras.com\/site\/\",\"name\":\"Notibras\",\"description\":\"Not\u00edcias de Bras\u00edlia, do Brasil e do Mundo\",\"publisher\":{\"@id\":\"https:\/\/www.notibras.com\/site\/#organization\"},\"potentialAction\":[{\"@type\":\"SearchAction\",\"target\":{\"@type\":\"EntryPoint\",\"urlTemplate\":\"https:\/\/www.notibras.com\/site\/?s={search_term_string}\"},\"query-input\":{\"@type\":\"PropertyValueSpecification\",\"valueRequired\":true,\"valueName\":\"search_term_string\"}}],\"inLanguage\":\"pt-BR\"},{\"@type\":\"Organization\",\"@id\":\"https:\/\/www.notibras.com\/site\/#organization\",\"name\":\"Grupo Notibras de Comunica\u00e7\u00e3o\",\"url\":\"https:\/\/www.notibras.com\/site\/\",\"logo\":{\"@type\":\"ImageObject\",\"inLanguage\":\"pt-BR\",\"@id\":\"https:\/\/www.notibras.com\/site\/#\/schema\/logo\/image\/\",\"url\":\"https:\/\/www.notibras.com\/site\/wp-content\/uploads\/2023\/01\/notibras23.png\",\"contentUrl\":\"https:\/\/www.notibras.com\/site\/wp-content\/uploads\/2023\/01\/notibras23.png\",\"width\":350,\"height\":87,\"caption\":\"Grupo Notibras de Comunica\u00e7\u00e3o\"},\"image\":{\"@id\":\"https:\/\/www.notibras.com\/site\/#\/schema\/logo\/image\/\"},\"sameAs\":[\"https:\/\/www.facebook.com\/notibras\/\",\"https:\/\/x.com\/Notibras\",\"https:\/\/www.instagram.com\/notibras\/\"]},{\"@type\":\"Person\",\"@id\":\"https:\/\/www.notibras.com\/site\/#\/schema\/person\/36ab0979449956132d3e5b517ea76ac8\",\"name\":\"Reda\u00e7\u00e3o\",\"image\":{\"@type\":\"ImageObject\",\"inLanguage\":\"pt-BR\",\"@id\":\"https:\/\/secure.gravatar.com\/avatar\/e0a867bdedb85fd243eadf09663511f96fc81e0720a4a42581f334ad4303aa6b?s=96&d=mm&r=g\",\"url\":\"https:\/\/secure.gravatar.com\/avatar\/e0a867bdedb85fd243eadf09663511f96fc81e0720a4a42581f334ad4303aa6b?s=96&d=mm&r=g\",\"contentUrl\":\"https:\/\/secure.gravatar.com\/avatar\/e0a867bdedb85fd243eadf09663511f96fc81e0720a4a42581f334ad4303aa6b?s=96&d=mm&r=g\",\"caption\":\"Reda\u00e7\u00e3o\"}}]}<\/script>\n<!-- \/ Yoast SEO plugin. -->","yoast_head_json":{"title":"Santos se refor\u00e7a, acerta com Renato e fica esperando por Diego - Notibras","robots":{"index":"index","follow":"follow","max-snippet":"max-snippet:-1","max-image-preview":"max-image-preview:large","max-video-preview":"max-video-preview:-1"},"canonical":"https:\/\/www.notibras.com\/site\/santos-se-reforca-acerta-com-renato-e-fica-esperando-por-diego\/","og_locale":"pt_BR","og_type":"article","og_title":"Santos se refor\u00e7a, acerta com Renato e fica esperando por Diego - Notibras","og_description":"O Santos est\u00e1 confiante no an\u00fancio\u00a0da contrata\u00e7\u00e3o do volante Renato, que acertou rescis\u00e3o contratual\u00a0com o Botafogo. Em entrevista \u00e0 R\u00e1dio Globo, o presidente em exerc\u00edcio do clube, Od\u00edlio Rodrigues, externou que aguarda, somente, a &#8220;parte burocr\u00e1tica&#8221; para oficializar o retorno do veterano, que jogou pelo clube de 2000 a 2004, e espera\u00a0por uma resposta positiva [&hellip;]","og_url":"https:\/\/www.notibras.com\/site\/santos-se-reforca-acerta-com-renato-e-fica-esperando-por-diego\/","og_site_name":"Notibras","article_publisher":"https:\/\/www.facebook.com\/notibras\/","article_published_time":"2014-05-10T00:33:10+00:00","article_modified_time":"2014-05-10T01:34:45+00:00","og_image":[{"width":460,"height":340,"url":"https:\/\/www.notibras.com\/site\/wp-content\/uploads\/2014\/05\/renatotreinovitorsilvasspress.jpg","type":"image\/jpeg"}],"author":"Reda\u00e7\u00e3o","twitter_card":"summary_large_image","twitter_creator":"@Notibras","twitter_site":"@Notibras","twitter_misc":{"Escrito por":"Reda\u00e7\u00e3o","Est. tempo de leitura":"1 minuto"},"schema":{"@context":"https:\/\/schema.org","@graph":[{"@type":"Article","@id":"https:\/\/www.notibras.com\/site\/santos-se-reforca-acerta-com-renato-e-fica-esperando-por-diego\/#article","isPartOf":{"@id":"https:\/\/www.notibras.com\/site\/santos-se-reforca-acerta-com-renato-e-fica-esperando-por-diego\/"},"author":{"name":"Reda\u00e7\u00e3o","@id":"https:\/\/www.notibras.com\/site\/#\/schema\/person\/36ab0979449956132d3e5b517ea76ac8"},"headline":"Santos se refor\u00e7a, acerta com Renato e fica esperando por Diego","datePublished":"2014-05-10T00:33:10+00:00","dateModified":"2014-05-10T01:34:45+00:00","mainEntityOfPage":{"@id":"https:\/\/www.notibras.com\/site\/santos-se-reforca-acerta-com-renato-e-fica-esperando-por-diego\/"},"wordCount":166,"commentCount":0,"publisher":{"@id":"https:\/\/www.notibras.com\/site\/#organization"},"image":{"@id":"https:\/\/www.notibras.com\/site\/santos-se-reforca-acerta-com-renato-e-fica-esperando-por-diego\/#primaryimage"},"thumbnailUrl":"https:\/\/www.notibras.com\/site\/wp-content\/uploads\/2014\/05\/renatotreinovitorsilvasspress.jpg","articleSection":["Esportes","Futebol"],"inLanguage":"pt-BR","potentialAction":[{"@type":"CommentAction","name":"Comment","target":["https:\/\/www.notibras.com\/site\/santos-se-reforca-acerta-com-renato-e-fica-esperando-por-diego\/#respond"]}]},{"@type":"WebPage","@id":"https:\/\/www.notibras.com\/site\/santos-se-reforca-acerta-com-renato-e-fica-esperando-por-diego\/","url":"https:\/\/www.notibras.com\/site\/santos-se-reforca-acerta-com-renato-e-fica-esperando-por-diego\/","name":"Santos se refor\u00e7a, acerta com Renato e fica esperando por Diego - Notibras","isPartOf":{"@id":"https:\/\/www.notibras.com\/site\/#website"},"primaryImageOfPage":{"@id":"https:\/\/www.notibras.com\/site\/santos-se-reforca-acerta-com-renato-e-fica-esperando-por-diego\/#primaryimage"},"image":{"@id":"https:\/\/www.notibras.com\/site\/santos-se-reforca-acerta-com-renato-e-fica-esperando-por-diego\/#primaryimage"},"thumbnailUrl":"https:\/\/www.notibras.com\/site\/wp-content\/uploads\/2014\/05\/renatotreinovitorsilvasspress.jpg","datePublished":"2014-05-10T00:33:10+00:00","dateModified":"2014-05-10T01:34:45+00:00","breadcrumb":{"@id":"https:\/\/www.notibras.com\/site\/santos-se-reforca-acerta-com-renato-e-fica-esperando-por-diego\/#breadcrumb"},"inLanguage":"pt-BR","potentialAction":[{"@type":"ReadAction","target":["https:\/\/www.notibras.com\/site\/santos-se-reforca-acerta-com-renato-e-fica-esperando-por-diego\/"]}]},{"@type":"ImageObject","inLanguage":"pt-BR","@id":"https:\/\/www.notibras.com\/site\/santos-se-reforca-acerta-com-renato-e-fica-esperando-por-diego\/#primaryimage","url":"https:\/\/www.notibras.com\/site\/wp-content\/uploads\/2014\/05\/renatotreinovitorsilvasspress.jpg","contentUrl":"https:\/\/www.notibras.com\/site\/wp-content\/uploads\/2014\/05\/renatotreinovitorsilvasspress.jpg","width":460,"height":340},{"@type":"BreadcrumbList","@id":"https:\/\/www.notibras.com\/site\/santos-se-reforca-acerta-com-renato-e-fica-esperando-por-diego\/#breadcrumb","itemListElement":[{"@type":"ListItem","position":1,"name":"In\u00edcio","item":"https:\/\/www.notibras.com\/site\/"},{"@type":"ListItem","position":2,"name":"Santos se refor\u00e7a, acerta com Renato e fica esperando por Diego"}]},{"@type":"WebSite","@id":"https:\/\/www.notibras.com\/site\/#website","url":"https:\/\/www.notibras.com\/site\/","name":"Notibras","description":"Not\u00edcias de Bras\u00edlia, do Brasil e do Mundo","publisher":{"@id":"https:\/\/www.notibras.com\/site\/#organization"},"potentialAction":[{"@type":"SearchAction","target":{"@type":"EntryPoint","urlTemplate":"https:\/\/www.notibras.com\/site\/?s={search_term_string}"},"query-input":{"@type":"PropertyValueSpecification","valueRequired":true,"valueName":"search_term_string"}}],"inLanguage":"pt-BR"},{"@type":"Organization","@id":"https:\/\/www.notibras.com\/site\/#organization","name":"Grupo Notibras de Comunica\u00e7\u00e3o","url":"https:\/\/www.notibras.com\/site\/","logo":{"@type":"ImageObject","inLanguage":"pt-BR","@id":"https:\/\/www.notibras.com\/site\/#\/schema\/logo\/image\/","url":"https:\/\/www.notibras.com\/site\/wp-content\/uploads\/2023\/01\/notibras23.png","contentUrl":"https:\/\/www.notibras.com\/site\/wp-content\/uploads\/2023\/01\/notibras23.png","width":350,"height":87,"caption":"Grupo Notibras de Comunica\u00e7\u00e3o"},"image":{"@id":"https:\/\/www.notibras.com\/site\/#\/schema\/logo\/image\/"},"sameAs":["https:\/\/www.facebook.com\/notibras\/","https:\/\/x.com\/Notibras","https:\/\/www.instagram.com\/notibras\/"]},{"@type":"Person","@id":"https:\/\/www.notibras.com\/site\/#\/schema\/person\/36ab0979449956132d3e5b517ea76ac8","name":"Reda\u00e7\u00e3o","image":{"@type":"ImageObject","inLanguage":"pt-BR","@id":"https:\/\/secure.gravatar.com\/avatar\/e0a867bdedb85fd243eadf09663511f96fc81e0720a4a42581f334ad4303aa6b?s=96&d=mm&r=g","url":"https:\/\/secure.gravatar.com\/avatar\/e0a867bdedb85fd243eadf09663511f96fc81e0720a4a42581f334ad4303aa6b?s=96&d=mm&r=g","contentUrl":"https:\/\/secure.gravatar.com\/avatar\/e0a867bdedb85fd243eadf09663511f96fc81e0720a4a42581f334ad4303aa6b?s=96&d=mm&r=g","caption":"Reda\u00e7\u00e3o"}}]}},"amp_enabled":true,"_links":{"self":[{"href":"https:\/\/www.notibras.com\/site\/wp-json\/wp\/v2\/posts\/8940","targetHints":{"allow":["GET"]}}],"collection":[{"href":"https:\/\/www.notibras.com\/site\/wp-json\/wp\/v2\/posts"}],"about":[{"href":"https:\/\/www.notibras.com\/site\/wp-json\/wp\/v2\/types\/post"}],"author":[{"embeddable":true,"href":"https:\/\/www.notibras.com\/site\/wp-json\/wp\/v2\/users\/2"}],"replies":[{"embeddable":true,"href":"https:\/\/www.notibras.com\/site\/wp-json\/wp\/v2\/comments?post=8940"}],"version-history":[{"count":0,"href":"https:\/\/www.notibras.com\/site\/wp-json\/wp\/v2\/posts\/8940\/revisions"}],"wp:featuredmedia":[{"embeddable":true,"href":"https:\/\/www.notibras.com\/site\/wp-json\/wp\/v2\/media\/8941"}],"wp:attachment":[{"href":"https:\/\/www.notibras.com\/site\/wp-json\/wp\/v2\/media?parent=8940"}],"wp:term":[{"taxonomy":"category","embeddable":true,"href":"https:\/\/www.notibras.com\/site\/wp-json\/wp\/v2\/categories?post=8940"},{"taxonomy":"post_tag","embeddable":true,"href":"https:\/\/www.notibras.com\/site\/wp-json\/wp\/v2\/tags?post=8940"}],"curies":[{"name":"wp","href":"https:\/\/api.w.org\/{rel}","templated":true}]}}