{"id":89877,"date":"2016-02-19T00:34:32","date_gmt":"2016-02-19T02:34:32","guid":{"rendered":"http:\/\/www.notibras.com\/site\/?p=89877"},"modified":"2016-02-19T16:21:30","modified_gmt":"2016-02-19T18:21:30","slug":"brasil-esta-vivendo-um-cenario-de-terror-do-jeito-que-o-diabo-gosta","status":"publish","type":"post","link":"https:\/\/www.notibras.com\/site\/brasil-esta-vivendo-um-cenario-de-terror-do-jeito-que-o-diabo-gosta\/","title":{"rendered":"An\u00e1lise mostra que o Brasil vive um cen\u00e1rio de terror, do jeito que o diabo gosta"},"content":{"rendered":"<p><strong>Claudio Coletti<\/strong><\/p>\n<p>\u00c9 de terror o cen\u00e1rio nacional. A infla\u00e7\u00e3o sem controle, desemprego crescendo, juros nas alturas e a crise econ\u00f4mica, pol\u00edtica e \u00e9tica sem sinais de melhoria no horizonte.<\/p>\n<p>Na quarta-feira, a ag\u00eancia de classifica\u00e7\u00e3o de riscos Standard &amp; Poors rebaixou a nota de credito do pa\u00eds para grau considerado \u201clixo\u201d.<\/p>\n<p>Isso significa que o Brasil, que j\u00e1 havia perdido o selo de bom pagador, agora \u00e9 considerado de alto risco.<\/p>\n<p>Essa avalia\u00e7\u00e3o resulta das barbeiragens do governo Dilma Rousseff na condu\u00e7\u00e3o da pol\u00edtica econ\u00f4mica. A medida vai dificultar a recupera\u00e7\u00e3o da confian\u00e7a e deve afundar ainda mais o Brasil na recess\u00e3o.<\/p>\n<p>Agora tem mais o mosquito Aedes egypty infestando o pais afora de dengue, da febre chikungunya e o terr\u00edvel v\u00edrus Zika. O n\u00famero de pessoas contaminadas cresce a cada dia.<\/p>\n<p>Os cientistas e pesquisadores quebrando a cabe\u00e7a para encontrar um antidoto para essas doen\u00e7as. O p\u00e2nico tomando conta da \u00e1rea da sa\u00fade.<\/p>\n<p>Usando a express\u00e3o popular, \u201cBrasil est\u00e1 do jeito que o diabo gosta\u201d.<\/p>\n<p>Depois do carnaval novos fatos aconteceram para assombrar ainda mais o cen\u00e1rio pol\u00edtico nacional.<\/p>\n<p>O juiz federal S\u00e9rgio Moro, que coordena as investiga\u00e7\u00f5es da Lava-jato, em documento enviado ao Tribunal Superior Eleitoral, confirma que foram sim usados recursos desviados da Petrobras nas campanhas eleitorais de 2014.<\/p>\n<p>\u201cSeis criminosos confirmaram em ju\u00edzo esquemas de doa\u00e7\u00f5es com recursos roubados da Petrobras\u201d, afirmou o juiz.<\/p>\n<p>\u00c9 mais lenha no processo em que o PSDB pede, no TSE, a cassa\u00e7\u00e3o dos mandatos presidenciais de Dilma e Temer.<\/p>\n<p><strong>Anote<\/strong> &#8211; 1.\u00a0O ministro Gilmar Mendes, que assume em breve a presid\u00eancia do Tribunal Superior Eleitoral, anunciou que vai criar na \u00e1rea da Justi\u00e7a Eleitoral um servi\u00e7o de intelig\u00eancia, para que \u201c o pais n\u00e3o seja surpreendido nas elei\u00e7\u00f5es municipais de outubro\u201d. A preocupa\u00e7\u00e3o do ministro \u00e9 o uso do caixa-dois para substituir a proibi\u00e7\u00e3o de doa\u00e7\u00f5es por empresas privadas. 2.\u00a0Reunidos com o vice-presidente Michel Temer, prefeitos e parlamentares de Minas Gerais pediram o rompimento imediato do PMDB com o governo Dilma Rousseff e com o PT.<\/p>\n","protected":false},"excerpt":{"rendered":"<p>Claudio Coletti \u00c9 de terror o cen\u00e1rio nacional. A infla\u00e7\u00e3o sem controle, desemprego crescendo, juros nas alturas e a crise econ\u00f4mica, pol\u00edtica e \u00e9tica sem sinais de melhoria no horizonte. Na quarta-feira, a ag\u00eancia de classifica\u00e7\u00e3o de riscos Standard &amp; Poors rebaixou a nota de credito do pa\u00eds para grau considerado \u201clixo\u201d. Isso significa que [&hellip;]<\/p>\n","protected":false},"author":2,"featured_media":89878,"comment_status":"open","ping_status":"closed","sticky":false,"template":"","format":"standard","meta":{"_acf_changed":false,"footnotes":""},"categories":[16],"tags":[],"class_list":["post-89877","post","type-post","status-publish","format-standard","has-post-thumbnail","hentry","category-brasil"],"acf":[],"yoast_head":"<!-- This site is optimized with the Yoast SEO plugin v27.2 - https:\/\/yoast.com\/product\/yoast-seo-wordpress\/ -->\n<title>An\u00e1lise mostra que o Brasil vive um cen\u00e1rio de terror, do jeito que o diabo gosta - Notibras<\/title>\n<meta name=\"robots\" content=\"index, follow, max-snippet:-1, max-image-preview:large, max-video-preview:-1\" \/>\n<link rel=\"canonical\" href=\"https:\/\/www.notibras.com\/site\/brasil-esta-vivendo-um-cenario-de-terror-do-jeito-que-o-diabo-gosta\/\" \/>\n<meta property=\"og:locale\" content=\"pt_BR\" \/>\n<meta property=\"og:type\" content=\"article\" \/>\n<meta property=\"og:title\" content=\"An\u00e1lise mostra que o Brasil vive um cen\u00e1rio de terror, do jeito que o diabo gosta - Notibras\" \/>\n<meta property=\"og:description\" content=\"Claudio Coletti \u00c9 de terror o cen\u00e1rio nacional. A infla\u00e7\u00e3o sem controle, desemprego crescendo, juros nas alturas e a crise econ\u00f4mica, pol\u00edtica e \u00e9tica sem sinais de melhoria no horizonte. Na quarta-feira, a ag\u00eancia de classifica\u00e7\u00e3o de riscos Standard &amp; Poors rebaixou a nota de credito do pa\u00eds para grau considerado \u201clixo\u201d. Isso significa que [&hellip;]\" \/>\n<meta property=\"og:url\" content=\"https:\/\/www.notibras.com\/site\/brasil-esta-vivendo-um-cenario-de-terror-do-jeito-que-o-diabo-gosta\/\" \/>\n<meta property=\"og:site_name\" content=\"Notibras\" \/>\n<meta property=\"article:publisher\" content=\"https:\/\/www.facebook.com\/notibras\/\" \/>\n<meta property=\"article:published_time\" content=\"2016-02-19T02:34:32+00:00\" \/>\n<meta property=\"article:modified_time\" content=\"2016-02-19T18:21:30+00:00\" \/>\n<meta property=\"og:image\" content=\"https:\/\/www.notibras.com\/site\/wp-content\/uploads\/2016\/02\/large.jpg\" \/>\n\t<meta property=\"og:image:width\" content=\"500\" \/>\n\t<meta property=\"og:image:height\" content=\"333\" \/>\n\t<meta property=\"og:image:type\" content=\"image\/jpeg\" \/>\n<meta name=\"author\" content=\"Reda\u00e7\u00e3o\" \/>\n<meta name=\"twitter:card\" content=\"summary_large_image\" \/>\n<meta name=\"twitter:creator\" content=\"@Notibras\" \/>\n<meta name=\"twitter:site\" content=\"@Notibras\" \/>\n<meta name=\"twitter:label1\" content=\"Escrito por\" \/>\n\t<meta name=\"twitter:data1\" content=\"Reda\u00e7\u00e3o\" \/>\n\t<meta name=\"twitter:label2\" content=\"Est. tempo de leitura\" \/>\n\t<meta name=\"twitter:data2\" content=\"2 minutos\" \/>\n<script type=\"application\/ld+json\" class=\"yoast-schema-graph\">{\"@context\":\"https:\/\/schema.org\",\"@graph\":[{\"@type\":\"Article\",\"@id\":\"https:\/\/www.notibras.com\/site\/brasil-esta-vivendo-um-cenario-de-terror-do-jeito-que-o-diabo-gosta\/#article\",\"isPartOf\":{\"@id\":\"https:\/\/www.notibras.com\/site\/brasil-esta-vivendo-um-cenario-de-terror-do-jeito-que-o-diabo-gosta\/\"},\"author\":{\"name\":\"Reda\u00e7\u00e3o\",\"@id\":\"https:\/\/www.notibras.com\/site\/#\/schema\/person\/36ab0979449956132d3e5b517ea76ac8\"},\"headline\":\"An\u00e1lise mostra que o Brasil vive um cen\u00e1rio de terror, do jeito que o diabo gosta\",\"datePublished\":\"2016-02-19T02:34:32+00:00\",\"dateModified\":\"2016-02-19T18:21:30+00:00\",\"mainEntityOfPage\":{\"@id\":\"https:\/\/www.notibras.com\/site\/brasil-esta-vivendo-um-cenario-de-terror-do-jeito-que-o-diabo-gosta\/\"},\"wordCount\":387,\"commentCount\":0,\"publisher\":{\"@id\":\"https:\/\/www.notibras.com\/site\/#organization\"},\"image\":{\"@id\":\"https:\/\/www.notibras.com\/site\/brasil-esta-vivendo-um-cenario-de-terror-do-jeito-que-o-diabo-gosta\/#primaryimage\"},\"thumbnailUrl\":\"https:\/\/www.notibras.com\/site\/wp-content\/uploads\/2016\/02\/large.jpg\",\"articleSection\":[\"Brasil\"],\"inLanguage\":\"pt-BR\",\"potentialAction\":[{\"@type\":\"CommentAction\",\"name\":\"Comment\",\"target\":[\"https:\/\/www.notibras.com\/site\/brasil-esta-vivendo-um-cenario-de-terror-do-jeito-que-o-diabo-gosta\/#respond\"]}]},{\"@type\":\"WebPage\",\"@id\":\"https:\/\/www.notibras.com\/site\/brasil-esta-vivendo-um-cenario-de-terror-do-jeito-que-o-diabo-gosta\/\",\"url\":\"https:\/\/www.notibras.com\/site\/brasil-esta-vivendo-um-cenario-de-terror-do-jeito-que-o-diabo-gosta\/\",\"name\":\"An\u00e1lise mostra que o Brasil vive um cen\u00e1rio de terror, do jeito que o diabo gosta - Notibras\",\"isPartOf\":{\"@id\":\"https:\/\/www.notibras.com\/site\/#website\"},\"primaryImageOfPage\":{\"@id\":\"https:\/\/www.notibras.com\/site\/brasil-esta-vivendo-um-cenario-de-terror-do-jeito-que-o-diabo-gosta\/#primaryimage\"},\"image\":{\"@id\":\"https:\/\/www.notibras.com\/site\/brasil-esta-vivendo-um-cenario-de-terror-do-jeito-que-o-diabo-gosta\/#primaryimage\"},\"thumbnailUrl\":\"https:\/\/www.notibras.com\/site\/wp-content\/uploads\/2016\/02\/large.jpg\",\"datePublished\":\"2016-02-19T02:34:32+00:00\",\"dateModified\":\"2016-02-19T18:21:30+00:00\",\"breadcrumb\":{\"@id\":\"https:\/\/www.notibras.com\/site\/brasil-esta-vivendo-um-cenario-de-terror-do-jeito-que-o-diabo-gosta\/#breadcrumb\"},\"inLanguage\":\"pt-BR\",\"potentialAction\":[{\"@type\":\"ReadAction\",\"target\":[\"https:\/\/www.notibras.com\/site\/brasil-esta-vivendo-um-cenario-de-terror-do-jeito-que-o-diabo-gosta\/\"]}]},{\"@type\":\"ImageObject\",\"inLanguage\":\"pt-BR\",\"@id\":\"https:\/\/www.notibras.com\/site\/brasil-esta-vivendo-um-cenario-de-terror-do-jeito-que-o-diabo-gosta\/#primaryimage\",\"url\":\"https:\/\/www.notibras.com\/site\/wp-content\/uploads\/2016\/02\/large.jpg\",\"contentUrl\":\"https:\/\/www.notibras.com\/site\/wp-content\/uploads\/2016\/02\/large.jpg\",\"width\":500,\"height\":333},{\"@type\":\"BreadcrumbList\",\"@id\":\"https:\/\/www.notibras.com\/site\/brasil-esta-vivendo-um-cenario-de-terror-do-jeito-que-o-diabo-gosta\/#breadcrumb\",\"itemListElement\":[{\"@type\":\"ListItem\",\"position\":1,\"name\":\"In\u00edcio\",\"item\":\"https:\/\/www.notibras.com\/site\/\"},{\"@type\":\"ListItem\",\"position\":2,\"name\":\"An\u00e1lise mostra que o Brasil vive um cen\u00e1rio de terror, do jeito que o diabo gosta\"}]},{\"@type\":\"WebSite\",\"@id\":\"https:\/\/www.notibras.com\/site\/#website\",\"url\":\"https:\/\/www.notibras.com\/site\/\",\"name\":\"Notibras\",\"description\":\"Not\u00edcias de Bras\u00edlia, do Brasil e do Mundo\",\"publisher\":{\"@id\":\"https:\/\/www.notibras.com\/site\/#organization\"},\"potentialAction\":[{\"@type\":\"SearchAction\",\"target\":{\"@type\":\"EntryPoint\",\"urlTemplate\":\"https:\/\/www.notibras.com\/site\/?s={search_term_string}\"},\"query-input\":{\"@type\":\"PropertyValueSpecification\",\"valueRequired\":true,\"valueName\":\"search_term_string\"}}],\"inLanguage\":\"pt-BR\"},{\"@type\":\"Organization\",\"@id\":\"https:\/\/www.notibras.com\/site\/#organization\",\"name\":\"Grupo Notibras de Comunica\u00e7\u00e3o\",\"url\":\"https:\/\/www.notibras.com\/site\/\",\"logo\":{\"@type\":\"ImageObject\",\"inLanguage\":\"pt-BR\",\"@id\":\"https:\/\/www.notibras.com\/site\/#\/schema\/logo\/image\/\",\"url\":\"https:\/\/www.notibras.com\/site\/wp-content\/uploads\/2023\/01\/notibras23.png\",\"contentUrl\":\"https:\/\/www.notibras.com\/site\/wp-content\/uploads\/2023\/01\/notibras23.png\",\"width\":350,\"height\":87,\"caption\":\"Grupo Notibras de Comunica\u00e7\u00e3o\"},\"image\":{\"@id\":\"https:\/\/www.notibras.com\/site\/#\/schema\/logo\/image\/\"},\"sameAs\":[\"https:\/\/www.facebook.com\/notibras\/\",\"https:\/\/x.com\/Notibras\",\"https:\/\/www.instagram.com\/notibras\/\"]},{\"@type\":\"Person\",\"@id\":\"https:\/\/www.notibras.com\/site\/#\/schema\/person\/36ab0979449956132d3e5b517ea76ac8\",\"name\":\"Reda\u00e7\u00e3o\",\"image\":{\"@type\":\"ImageObject\",\"inLanguage\":\"pt-BR\",\"@id\":\"https:\/\/secure.gravatar.com\/avatar\/e0a867bdedb85fd243eadf09663511f96fc81e0720a4a42581f334ad4303aa6b?s=96&d=mm&r=g\",\"url\":\"https:\/\/secure.gravatar.com\/avatar\/e0a867bdedb85fd243eadf09663511f96fc81e0720a4a42581f334ad4303aa6b?s=96&d=mm&r=g\",\"contentUrl\":\"https:\/\/secure.gravatar.com\/avatar\/e0a867bdedb85fd243eadf09663511f96fc81e0720a4a42581f334ad4303aa6b?s=96&d=mm&r=g\",\"caption\":\"Reda\u00e7\u00e3o\"}}]}<\/script>\n<!-- \/ Yoast SEO plugin. -->","yoast_head_json":{"title":"An\u00e1lise mostra que o Brasil vive um cen\u00e1rio de terror, do jeito que o diabo gosta - Notibras","robots":{"index":"index","follow":"follow","max-snippet":"max-snippet:-1","max-image-preview":"max-image-preview:large","max-video-preview":"max-video-preview:-1"},"canonical":"https:\/\/www.notibras.com\/site\/brasil-esta-vivendo-um-cenario-de-terror-do-jeito-que-o-diabo-gosta\/","og_locale":"pt_BR","og_type":"article","og_title":"An\u00e1lise mostra que o Brasil vive um cen\u00e1rio de terror, do jeito que o diabo gosta - Notibras","og_description":"Claudio Coletti \u00c9 de terror o cen\u00e1rio nacional. A infla\u00e7\u00e3o sem controle, desemprego crescendo, juros nas alturas e a crise econ\u00f4mica, pol\u00edtica e \u00e9tica sem sinais de melhoria no horizonte. Na quarta-feira, a ag\u00eancia de classifica\u00e7\u00e3o de riscos Standard &amp; Poors rebaixou a nota de credito do pa\u00eds para grau considerado \u201clixo\u201d. Isso significa que [&hellip;]","og_url":"https:\/\/www.notibras.com\/site\/brasil-esta-vivendo-um-cenario-de-terror-do-jeito-que-o-diabo-gosta\/","og_site_name":"Notibras","article_publisher":"https:\/\/www.facebook.com\/notibras\/","article_published_time":"2016-02-19T02:34:32+00:00","article_modified_time":"2016-02-19T18:21:30+00:00","og_image":[{"width":500,"height":333,"url":"https:\/\/www.notibras.com\/site\/wp-content\/uploads\/2016\/02\/large.jpg","type":"image\/jpeg"}],"author":"Reda\u00e7\u00e3o","twitter_card":"summary_large_image","twitter_creator":"@Notibras","twitter_site":"@Notibras","twitter_misc":{"Escrito por":"Reda\u00e7\u00e3o","Est. tempo de leitura":"2 minutos"},"schema":{"@context":"https:\/\/schema.org","@graph":[{"@type":"Article","@id":"https:\/\/www.notibras.com\/site\/brasil-esta-vivendo-um-cenario-de-terror-do-jeito-que-o-diabo-gosta\/#article","isPartOf":{"@id":"https:\/\/www.notibras.com\/site\/brasil-esta-vivendo-um-cenario-de-terror-do-jeito-que-o-diabo-gosta\/"},"author":{"name":"Reda\u00e7\u00e3o","@id":"https:\/\/www.notibras.com\/site\/#\/schema\/person\/36ab0979449956132d3e5b517ea76ac8"},"headline":"An\u00e1lise mostra que o Brasil vive um cen\u00e1rio de terror, do jeito que o diabo gosta","datePublished":"2016-02-19T02:34:32+00:00","dateModified":"2016-02-19T18:21:30+00:00","mainEntityOfPage":{"@id":"https:\/\/www.notibras.com\/site\/brasil-esta-vivendo-um-cenario-de-terror-do-jeito-que-o-diabo-gosta\/"},"wordCount":387,"commentCount":0,"publisher":{"@id":"https:\/\/www.notibras.com\/site\/#organization"},"image":{"@id":"https:\/\/www.notibras.com\/site\/brasil-esta-vivendo-um-cenario-de-terror-do-jeito-que-o-diabo-gosta\/#primaryimage"},"thumbnailUrl":"https:\/\/www.notibras.com\/site\/wp-content\/uploads\/2016\/02\/large.jpg","articleSection":["Brasil"],"inLanguage":"pt-BR","potentialAction":[{"@type":"CommentAction","name":"Comment","target":["https:\/\/www.notibras.com\/site\/brasil-esta-vivendo-um-cenario-de-terror-do-jeito-que-o-diabo-gosta\/#respond"]}]},{"@type":"WebPage","@id":"https:\/\/www.notibras.com\/site\/brasil-esta-vivendo-um-cenario-de-terror-do-jeito-que-o-diabo-gosta\/","url":"https:\/\/www.notibras.com\/site\/brasil-esta-vivendo-um-cenario-de-terror-do-jeito-que-o-diabo-gosta\/","name":"An\u00e1lise mostra que o Brasil vive um cen\u00e1rio de terror, do jeito que o diabo gosta - Notibras","isPartOf":{"@id":"https:\/\/www.notibras.com\/site\/#website"},"primaryImageOfPage":{"@id":"https:\/\/www.notibras.com\/site\/brasil-esta-vivendo-um-cenario-de-terror-do-jeito-que-o-diabo-gosta\/#primaryimage"},"image":{"@id":"https:\/\/www.notibras.com\/site\/brasil-esta-vivendo-um-cenario-de-terror-do-jeito-que-o-diabo-gosta\/#primaryimage"},"thumbnailUrl":"https:\/\/www.notibras.com\/site\/wp-content\/uploads\/2016\/02\/large.jpg","datePublished":"2016-02-19T02:34:32+00:00","dateModified":"2016-02-19T18:21:30+00:00","breadcrumb":{"@id":"https:\/\/www.notibras.com\/site\/brasil-esta-vivendo-um-cenario-de-terror-do-jeito-que-o-diabo-gosta\/#breadcrumb"},"inLanguage":"pt-BR","potentialAction":[{"@type":"ReadAction","target":["https:\/\/www.notibras.com\/site\/brasil-esta-vivendo-um-cenario-de-terror-do-jeito-que-o-diabo-gosta\/"]}]},{"@type":"ImageObject","inLanguage":"pt-BR","@id":"https:\/\/www.notibras.com\/site\/brasil-esta-vivendo-um-cenario-de-terror-do-jeito-que-o-diabo-gosta\/#primaryimage","url":"https:\/\/www.notibras.com\/site\/wp-content\/uploads\/2016\/02\/large.jpg","contentUrl":"https:\/\/www.notibras.com\/site\/wp-content\/uploads\/2016\/02\/large.jpg","width":500,"height":333},{"@type":"BreadcrumbList","@id":"https:\/\/www.notibras.com\/site\/brasil-esta-vivendo-um-cenario-de-terror-do-jeito-que-o-diabo-gosta\/#breadcrumb","itemListElement":[{"@type":"ListItem","position":1,"name":"In\u00edcio","item":"https:\/\/www.notibras.com\/site\/"},{"@type":"ListItem","position":2,"name":"An\u00e1lise mostra que o Brasil vive um cen\u00e1rio de terror, do jeito que o diabo gosta"}]},{"@type":"WebSite","@id":"https:\/\/www.notibras.com\/site\/#website","url":"https:\/\/www.notibras.com\/site\/","name":"Notibras","description":"Not\u00edcias de Bras\u00edlia, do Brasil e do Mundo","publisher":{"@id":"https:\/\/www.notibras.com\/site\/#organization"},"potentialAction":[{"@type":"SearchAction","target":{"@type":"EntryPoint","urlTemplate":"https:\/\/www.notibras.com\/site\/?s={search_term_string}"},"query-input":{"@type":"PropertyValueSpecification","valueRequired":true,"valueName":"search_term_string"}}],"inLanguage":"pt-BR"},{"@type":"Organization","@id":"https:\/\/www.notibras.com\/site\/#organization","name":"Grupo Notibras de Comunica\u00e7\u00e3o","url":"https:\/\/www.notibras.com\/site\/","logo":{"@type":"ImageObject","inLanguage":"pt-BR","@id":"https:\/\/www.notibras.com\/site\/#\/schema\/logo\/image\/","url":"https:\/\/www.notibras.com\/site\/wp-content\/uploads\/2023\/01\/notibras23.png","contentUrl":"https:\/\/www.notibras.com\/site\/wp-content\/uploads\/2023\/01\/notibras23.png","width":350,"height":87,"caption":"Grupo Notibras de Comunica\u00e7\u00e3o"},"image":{"@id":"https:\/\/www.notibras.com\/site\/#\/schema\/logo\/image\/"},"sameAs":["https:\/\/www.facebook.com\/notibras\/","https:\/\/x.com\/Notibras","https:\/\/www.instagram.com\/notibras\/"]},{"@type":"Person","@id":"https:\/\/www.notibras.com\/site\/#\/schema\/person\/36ab0979449956132d3e5b517ea76ac8","name":"Reda\u00e7\u00e3o","image":{"@type":"ImageObject","inLanguage":"pt-BR","@id":"https:\/\/secure.gravatar.com\/avatar\/e0a867bdedb85fd243eadf09663511f96fc81e0720a4a42581f334ad4303aa6b?s=96&d=mm&r=g","url":"https:\/\/secure.gravatar.com\/avatar\/e0a867bdedb85fd243eadf09663511f96fc81e0720a4a42581f334ad4303aa6b?s=96&d=mm&r=g","contentUrl":"https:\/\/secure.gravatar.com\/avatar\/e0a867bdedb85fd243eadf09663511f96fc81e0720a4a42581f334ad4303aa6b?s=96&d=mm&r=g","caption":"Reda\u00e7\u00e3o"}}]}},"amp_enabled":true,"_links":{"self":[{"href":"https:\/\/www.notibras.com\/site\/wp-json\/wp\/v2\/posts\/89877","targetHints":{"allow":["GET"]}}],"collection":[{"href":"https:\/\/www.notibras.com\/site\/wp-json\/wp\/v2\/posts"}],"about":[{"href":"https:\/\/www.notibras.com\/site\/wp-json\/wp\/v2\/types\/post"}],"author":[{"embeddable":true,"href":"https:\/\/www.notibras.com\/site\/wp-json\/wp\/v2\/users\/2"}],"replies":[{"embeddable":true,"href":"https:\/\/www.notibras.com\/site\/wp-json\/wp\/v2\/comments?post=89877"}],"version-history":[{"count":6,"href":"https:\/\/www.notibras.com\/site\/wp-json\/wp\/v2\/posts\/89877\/revisions"}],"predecessor-version":[{"id":89956,"href":"https:\/\/www.notibras.com\/site\/wp-json\/wp\/v2\/posts\/89877\/revisions\/89956"}],"wp:featuredmedia":[{"embeddable":true,"href":"https:\/\/www.notibras.com\/site\/wp-json\/wp\/v2\/media\/89878"}],"wp:attachment":[{"href":"https:\/\/www.notibras.com\/site\/wp-json\/wp\/v2\/media?parent=89877"}],"wp:term":[{"taxonomy":"category","embeddable":true,"href":"https:\/\/www.notibras.com\/site\/wp-json\/wp\/v2\/categories?post=89877"},{"taxonomy":"post_tag","embeddable":true,"href":"https:\/\/www.notibras.com\/site\/wp-json\/wp\/v2\/tags?post=89877"}],"curies":[{"name":"wp","href":"https:\/\/api.w.org\/{rel}","templated":true}]}}