{"id":89899,"date":"2016-02-18T23:09:48","date_gmt":"2016-02-19T01:09:48","guid":{"rendered":"http:\/\/www.notibras.com\/site\/?p=89899"},"modified":"2016-02-19T21:58:21","modified_gmt":"2016-02-19T23:58:21","slug":"lula-diz-a-senadores-que-tem-as-maos-consciencia-e-bolso-limpos","status":"publish","type":"post","link":"https:\/\/www.notibras.com\/site\/lula-diz-a-senadores-que-tem-as-maos-consciencia-e-bolso-limpos\/","title":{"rendered":"Lula diz a senadores do PT que tem as m\u00e3os, a consci\u00eancia e os bolsos limpos"},"content":{"rendered":"<h6 class=\"Assina\"><strong>Ricardo Brito e Ana Fernandes<\/strong><\/h6>\n<p>O ex-presidente Luiz In\u00e1cio Lula da Silva afirmou a um grupo de senadores do partido nesta quinta-feira, 18, que esclarecer\u00e1 todos os questionamentos que tem sido alvo nas seis frentes apura\u00e7\u00f5es que o envolvem. &#8220;Voc\u00eas podem ficar tranquilos: podem investigar o que quiserem que n\u00e3o v\u00e3o encontrar um ato il\u00edcito cometido por mim&#8221;, disse Lula no encontro realizado \u00e0 tarde no Instituto Lula com a presen\u00e7a de 10 dos 12 integrantes da bancada &#8211; Walter Pinheiro (BA) e Paulo Paim (RS), que j\u00e1 cogitaram deixar o partido, foram as duas aus\u00eancias.<\/p>\n<p>Na reuni\u00e3o que durou cerca de tr\u00eas horas, iniciada com um almo\u00e7o, conforme relatos, o ex-presidente n\u00e3o falou diretamente sobre a decis\u00e3o do Conselho Nacional do Minist\u00e9rio P\u00fablico (CNMP) de suspender o depoimento que prestaria ao Minist\u00e9rio P\u00fablico de S\u00e3o Paulo sobre o caso da suposta oculta\u00e7\u00e3o da propriedade de um tr\u00edplex no Guaruj\u00e1. Mas fechou com os senadores uma estrat\u00e9gia para amplificar sua defesa para as apura\u00e7\u00f5es: o instituto vai abastecer os senadores com informa\u00e7\u00f5es sobre as respostas dele, a fim de que possam ser usadas em entrevistas e no plen\u00e1rio da Casa.<\/p>\n<p>Durante a conversa, apesar de ter mostrado indigna\u00e7\u00e3o quando falou sobre as suspeitas que o envolvem, Lula mostrou-se sorridente e cobrou empenho dos senadores para defender o legado e as realiza\u00e7\u00f5es do partido. A pedido do ex-presidente, o l\u00edder do PT, Humberto Costa (PE), ficou de marcar para em breve uma rodada de conversas de Lula com as demais bancadas da base aliada no Senado.<\/p>\n<p>Segundo o senador Paulo Rocha (PA), que foi um dos organizadores do encontro, Lula puxou o assunto dos &#8216;ataques&#8217; que vem sofrendo &#8220;Ele disse que est\u00e1 tranquilo, preparado, que tem documentos pra provar que n\u00e3o tinha nada de errado com o uso do s\u00edtio&#8221;, relatou Rocha ao Broadcast Pol\u00edtico, servi\u00e7o em tempo real da Ag\u00eancia Estado.<\/p>\n<p>O s\u00edtio na cidade de Atibaia \u00e9 propriedade de Jonas Suassuna e Fernando Bittar, s\u00f3cios do filho mais velho de Lula, Fabio Luiz Lula da Silva, o Lulinha. A Lava Jato investiga se empreiteiras implicadas no esquema de corrup\u00e7\u00e3o na Petrobras bancaram uma reforma na propriedade como uma troca de favores com o ex-presidente. O PT afirma que Lula \u00e9 v\u00edtima de persegui\u00e7\u00e3o pol\u00edtica. &#8220;\u00c9 um processo de politiza\u00e7\u00e3o da justi\u00e7a, de criminaliza\u00e7\u00e3o, que j\u00e1 vimos em v\u00e1rios momentos da hist\u00f3ria, quando h\u00e1 uma disputa polarizada do poder&#8221;, afirmou o senador.<\/p>\n<p><b>Ousadia na economia &#8211;\u00a0<\/b>O ex-presidente falou tamb\u00e9m sobre os desafios para sair das dificuldades e recuperar a economia brasileira, com o retorno do emprego e da renda do trabalhador. Ele elogiou a escolha de Nelson Barbosa para o Minist\u00e9rio da Fazenda, mas disse que ele poderia ser mais audacioso na economia. Citou especificamente que o ministro deveria aumentar a oferta de cr\u00e9dito dos bancos p\u00fablicos para os brasileiros. Lula avaliou que, depois que Barbosa entrou no governo, est\u00e1 &#8220;menos ousado&#8221;.<\/p>\n<p>De acordo com Paulo Rocha, os senadores e Lula conversaram sobre a conjuntura, mas sem tirar nenhum direcionamento para vota\u00e7\u00f5es, pois isso cabe \u00e0s inst\u00e2ncias partid\u00e1rias &#8211; o PT tem reuni\u00e3o do diret\u00f3rio nacional no Rio na semana que vem. Sobre a reforma da Previd\u00eancia, Paulo Rocha repetiu o posicionamento da base petista. &#8220;Sabemos que a Previd\u00eancia tem que estar em constante aten\u00e7\u00e3o de todo governo, por quest\u00e3o de sustentabilidade das contas p\u00fablicas, mas a vis\u00e3o hoje no PT \u00e9 de que h\u00e1 outras medidas que podem ser tomadas antes que a reforma da Previd\u00eancia para resolver a quest\u00e3o fiscal.&#8221;<\/p>\n<p><b>V\u00eddeo &#8211;\u00a0<\/b>Num clima descontra\u00eddo, os senadores petistas participaram da grava\u00e7\u00e3o de um v\u00eddeo com o ex-presidente. &#8220;A bancada de senadoras e senadores do PT est\u00e1 trazendo aqui o abra\u00e7o afetuoso para o presidente Lula em nome da milit\u00e2ncia do PT de todo o Brasil&#8221;, disse a senadora F\u00e1tima Bezerra (RN) na mensagem, sob aplausos.<\/p>\n<p>&#8220;Nosso objetivo era levar a nossa solidariedade pol\u00edtica e pessoal a esse cerco montado a Lula&#8221;, disse Humberto Costa, ao destacar ter confian\u00e7a completa na lisura e na honestidade a ele Para F\u00e1tima Bezerra, o ex-presidente, apesar da &#8220;persegui\u00e7\u00e3o implac\u00e1vel&#8221; que \u00e9 alvo, est\u00e1 de cabe\u00e7a erguida e tem plena consci\u00eancia da lideran\u00e7a que exerceu e exerce no Pa\u00eds. &#8220;Fomos fazer um ato de companheirismo e solidariedade a Lula, por todas as pol\u00edticas que implementou, pelo legado que deixou ao Pa\u00eds&#8221;, completou Paulo Rocha.<\/p>\n<p><img loading=\"lazy\" decoding=\"async\" class=\"alignnone size-full wp-image-70065\" src=\"http:\/\/www.notibras.com\/site\/wp-content\/uploads\/2015\/10\/estadao.png\" alt=\"estadao\" width=\"99\" height=\"16\" \/><\/p>\n","protected":false},"excerpt":{"rendered":"<p>Ricardo Brito e Ana Fernandes O ex-presidente Luiz In\u00e1cio Lula da Silva afirmou a um grupo de senadores do partido nesta quinta-feira, 18, que esclarecer\u00e1 todos os questionamentos que tem sido alvo nas seis frentes apura\u00e7\u00f5es que o envolvem. &#8220;Voc\u00eas podem ficar tranquilos: podem investigar o que quiserem que n\u00e3o v\u00e3o encontrar um ato il\u00edcito [&hellip;]<\/p>\n","protected":false},"author":2,"featured_media":89900,"comment_status":"open","ping_status":"closed","sticky":false,"template":"","format":"standard","meta":{"_acf_changed":false,"footnotes":""},"categories":[16],"tags":[],"class_list":["post-89899","post","type-post","status-publish","format-standard","has-post-thumbnail","hentry","category-brasil"],"acf":[],"yoast_head":"<!-- This site is optimized with the Yoast SEO plugin v27.2 - https:\/\/yoast.com\/product\/yoast-seo-wordpress\/ -->\n<title>Lula diz a senadores do PT que tem as m\u00e3os, a consci\u00eancia e os bolsos limpos - Notibras<\/title>\n<meta name=\"robots\" content=\"index, follow, max-snippet:-1, max-image-preview:large, max-video-preview:-1\" \/>\n<link rel=\"canonical\" href=\"https:\/\/www.notibras.com\/site\/lula-diz-a-senadores-que-tem-as-maos-consciencia-e-bolso-limpos\/\" \/>\n<meta property=\"og:locale\" content=\"pt_BR\" \/>\n<meta property=\"og:type\" content=\"article\" \/>\n<meta property=\"og:title\" content=\"Lula diz a senadores do PT que tem as m\u00e3os, a consci\u00eancia e os bolsos limpos - Notibras\" \/>\n<meta property=\"og:description\" content=\"Ricardo Brito e Ana Fernandes O ex-presidente Luiz In\u00e1cio Lula da Silva afirmou a um grupo de senadores do partido nesta quinta-feira, 18, que esclarecer\u00e1 todos os questionamentos que tem sido alvo nas seis frentes apura\u00e7\u00f5es que o envolvem. &#8220;Voc\u00eas podem ficar tranquilos: podem investigar o que quiserem que n\u00e3o v\u00e3o encontrar um ato il\u00edcito [&hellip;]\" \/>\n<meta property=\"og:url\" content=\"https:\/\/www.notibras.com\/site\/lula-diz-a-senadores-que-tem-as-maos-consciencia-e-bolso-limpos\/\" \/>\n<meta property=\"og:site_name\" content=\"Notibras\" \/>\n<meta property=\"article:publisher\" content=\"https:\/\/www.facebook.com\/notibras\/\" \/>\n<meta property=\"article:published_time\" content=\"2016-02-19T01:09:48+00:00\" \/>\n<meta property=\"article:modified_time\" content=\"2016-02-19T23:58:21+00:00\" \/>\n<meta property=\"og:image\" content=\"https:\/\/www.notibras.com\/site\/wp-content\/uploads\/2016\/02\/17944607.jpg\" \/>\n\t<meta property=\"og:image:width\" content=\"640\" \/>\n\t<meta property=\"og:image:height\" content=\"426\" \/>\n\t<meta property=\"og:image:type\" content=\"image\/jpeg\" \/>\n<meta name=\"author\" content=\"Reda\u00e7\u00e3o\" \/>\n<meta name=\"twitter:card\" content=\"summary_large_image\" \/>\n<meta name=\"twitter:creator\" content=\"@Notibras\" \/>\n<meta name=\"twitter:site\" content=\"@Notibras\" \/>\n<meta name=\"twitter:label1\" content=\"Escrito por\" \/>\n\t<meta name=\"twitter:data1\" content=\"Reda\u00e7\u00e3o\" \/>\n\t<meta name=\"twitter:label2\" content=\"Est. tempo de leitura\" \/>\n\t<meta name=\"twitter:data2\" content=\"4 minutos\" \/>\n<script type=\"application\/ld+json\" class=\"yoast-schema-graph\">{\"@context\":\"https:\/\/schema.org\",\"@graph\":[{\"@type\":\"Article\",\"@id\":\"https:\/\/www.notibras.com\/site\/lula-diz-a-senadores-que-tem-as-maos-consciencia-e-bolso-limpos\/#article\",\"isPartOf\":{\"@id\":\"https:\/\/www.notibras.com\/site\/lula-diz-a-senadores-que-tem-as-maos-consciencia-e-bolso-limpos\/\"},\"author\":{\"name\":\"Reda\u00e7\u00e3o\",\"@id\":\"https:\/\/www.notibras.com\/site\/#\/schema\/person\/36ab0979449956132d3e5b517ea76ac8\"},\"headline\":\"Lula diz a senadores do PT que tem as m\u00e3os, a consci\u00eancia e os bolsos limpos\",\"datePublished\":\"2016-02-19T01:09:48+00:00\",\"dateModified\":\"2016-02-19T23:58:21+00:00\",\"mainEntityOfPage\":{\"@id\":\"https:\/\/www.notibras.com\/site\/lula-diz-a-senadores-que-tem-as-maos-consciencia-e-bolso-limpos\/\"},\"wordCount\":809,\"commentCount\":0,\"publisher\":{\"@id\":\"https:\/\/www.notibras.com\/site\/#organization\"},\"image\":{\"@id\":\"https:\/\/www.notibras.com\/site\/lula-diz-a-senadores-que-tem-as-maos-consciencia-e-bolso-limpos\/#primaryimage\"},\"thumbnailUrl\":\"https:\/\/www.notibras.com\/site\/wp-content\/uploads\/2016\/02\/17944607.jpg\",\"articleSection\":[\"Brasil\"],\"inLanguage\":\"pt-BR\",\"potentialAction\":[{\"@type\":\"CommentAction\",\"name\":\"Comment\",\"target\":[\"https:\/\/www.notibras.com\/site\/lula-diz-a-senadores-que-tem-as-maos-consciencia-e-bolso-limpos\/#respond\"]}]},{\"@type\":\"WebPage\",\"@id\":\"https:\/\/www.notibras.com\/site\/lula-diz-a-senadores-que-tem-as-maos-consciencia-e-bolso-limpos\/\",\"url\":\"https:\/\/www.notibras.com\/site\/lula-diz-a-senadores-que-tem-as-maos-consciencia-e-bolso-limpos\/\",\"name\":\"Lula diz a senadores do PT que tem as m\u00e3os, a consci\u00eancia e os bolsos limpos - Notibras\",\"isPartOf\":{\"@id\":\"https:\/\/www.notibras.com\/site\/#website\"},\"primaryImageOfPage\":{\"@id\":\"https:\/\/www.notibras.com\/site\/lula-diz-a-senadores-que-tem-as-maos-consciencia-e-bolso-limpos\/#primaryimage\"},\"image\":{\"@id\":\"https:\/\/www.notibras.com\/site\/lula-diz-a-senadores-que-tem-as-maos-consciencia-e-bolso-limpos\/#primaryimage\"},\"thumbnailUrl\":\"https:\/\/www.notibras.com\/site\/wp-content\/uploads\/2016\/02\/17944607.jpg\",\"datePublished\":\"2016-02-19T01:09:48+00:00\",\"dateModified\":\"2016-02-19T23:58:21+00:00\",\"breadcrumb\":{\"@id\":\"https:\/\/www.notibras.com\/site\/lula-diz-a-senadores-que-tem-as-maos-consciencia-e-bolso-limpos\/#breadcrumb\"},\"inLanguage\":\"pt-BR\",\"potentialAction\":[{\"@type\":\"ReadAction\",\"target\":[\"https:\/\/www.notibras.com\/site\/lula-diz-a-senadores-que-tem-as-maos-consciencia-e-bolso-limpos\/\"]}]},{\"@type\":\"ImageObject\",\"inLanguage\":\"pt-BR\",\"@id\":\"https:\/\/www.notibras.com\/site\/lula-diz-a-senadores-que-tem-as-maos-consciencia-e-bolso-limpos\/#primaryimage\",\"url\":\"https:\/\/www.notibras.com\/site\/wp-content\/uploads\/2016\/02\/17944607.jpg\",\"contentUrl\":\"https:\/\/www.notibras.com\/site\/wp-content\/uploads\/2016\/02\/17944607.jpg\",\"width\":640,\"height\":426},{\"@type\":\"BreadcrumbList\",\"@id\":\"https:\/\/www.notibras.com\/site\/lula-diz-a-senadores-que-tem-as-maos-consciencia-e-bolso-limpos\/#breadcrumb\",\"itemListElement\":[{\"@type\":\"ListItem\",\"position\":1,\"name\":\"In\u00edcio\",\"item\":\"https:\/\/www.notibras.com\/site\/\"},{\"@type\":\"ListItem\",\"position\":2,\"name\":\"Lula diz a senadores do PT que tem as m\u00e3os, a consci\u00eancia e os bolsos limpos\"}]},{\"@type\":\"WebSite\",\"@id\":\"https:\/\/www.notibras.com\/site\/#website\",\"url\":\"https:\/\/www.notibras.com\/site\/\",\"name\":\"Notibras\",\"description\":\"Not\u00edcias de Bras\u00edlia, do Brasil e do Mundo\",\"publisher\":{\"@id\":\"https:\/\/www.notibras.com\/site\/#organization\"},\"potentialAction\":[{\"@type\":\"SearchAction\",\"target\":{\"@type\":\"EntryPoint\",\"urlTemplate\":\"https:\/\/www.notibras.com\/site\/?s={search_term_string}\"},\"query-input\":{\"@type\":\"PropertyValueSpecification\",\"valueRequired\":true,\"valueName\":\"search_term_string\"}}],\"inLanguage\":\"pt-BR\"},{\"@type\":\"Organization\",\"@id\":\"https:\/\/www.notibras.com\/site\/#organization\",\"name\":\"Grupo Notibras de Comunica\u00e7\u00e3o\",\"url\":\"https:\/\/www.notibras.com\/site\/\",\"logo\":{\"@type\":\"ImageObject\",\"inLanguage\":\"pt-BR\",\"@id\":\"https:\/\/www.notibras.com\/site\/#\/schema\/logo\/image\/\",\"url\":\"https:\/\/www.notibras.com\/site\/wp-content\/uploads\/2023\/01\/notibras23.png\",\"contentUrl\":\"https:\/\/www.notibras.com\/site\/wp-content\/uploads\/2023\/01\/notibras23.png\",\"width\":350,\"height\":87,\"caption\":\"Grupo Notibras de Comunica\u00e7\u00e3o\"},\"image\":{\"@id\":\"https:\/\/www.notibras.com\/site\/#\/schema\/logo\/image\/\"},\"sameAs\":[\"https:\/\/www.facebook.com\/notibras\/\",\"https:\/\/x.com\/Notibras\",\"https:\/\/www.instagram.com\/notibras\/\"]},{\"@type\":\"Person\",\"@id\":\"https:\/\/www.notibras.com\/site\/#\/schema\/person\/36ab0979449956132d3e5b517ea76ac8\",\"name\":\"Reda\u00e7\u00e3o\",\"image\":{\"@type\":\"ImageObject\",\"inLanguage\":\"pt-BR\",\"@id\":\"https:\/\/secure.gravatar.com\/avatar\/e0a867bdedb85fd243eadf09663511f96fc81e0720a4a42581f334ad4303aa6b?s=96&d=mm&r=g\",\"url\":\"https:\/\/secure.gravatar.com\/avatar\/e0a867bdedb85fd243eadf09663511f96fc81e0720a4a42581f334ad4303aa6b?s=96&d=mm&r=g\",\"contentUrl\":\"https:\/\/secure.gravatar.com\/avatar\/e0a867bdedb85fd243eadf09663511f96fc81e0720a4a42581f334ad4303aa6b?s=96&d=mm&r=g\",\"caption\":\"Reda\u00e7\u00e3o\"}}]}<\/script>\n<!-- \/ Yoast SEO plugin. -->","yoast_head_json":{"title":"Lula diz a senadores do PT que tem as m\u00e3os, a consci\u00eancia e os bolsos limpos - Notibras","robots":{"index":"index","follow":"follow","max-snippet":"max-snippet:-1","max-image-preview":"max-image-preview:large","max-video-preview":"max-video-preview:-1"},"canonical":"https:\/\/www.notibras.com\/site\/lula-diz-a-senadores-que-tem-as-maos-consciencia-e-bolso-limpos\/","og_locale":"pt_BR","og_type":"article","og_title":"Lula diz a senadores do PT que tem as m\u00e3os, a consci\u00eancia e os bolsos limpos - Notibras","og_description":"Ricardo Brito e Ana Fernandes O ex-presidente Luiz In\u00e1cio Lula da Silva afirmou a um grupo de senadores do partido nesta quinta-feira, 18, que esclarecer\u00e1 todos os questionamentos que tem sido alvo nas seis frentes apura\u00e7\u00f5es que o envolvem. &#8220;Voc\u00eas podem ficar tranquilos: podem investigar o que quiserem que n\u00e3o v\u00e3o encontrar um ato il\u00edcito [&hellip;]","og_url":"https:\/\/www.notibras.com\/site\/lula-diz-a-senadores-que-tem-as-maos-consciencia-e-bolso-limpos\/","og_site_name":"Notibras","article_publisher":"https:\/\/www.facebook.com\/notibras\/","article_published_time":"2016-02-19T01:09:48+00:00","article_modified_time":"2016-02-19T23:58:21+00:00","og_image":[{"width":640,"height":426,"url":"https:\/\/www.notibras.com\/site\/wp-content\/uploads\/2016\/02\/17944607.jpg","type":"image\/jpeg"}],"author":"Reda\u00e7\u00e3o","twitter_card":"summary_large_image","twitter_creator":"@Notibras","twitter_site":"@Notibras","twitter_misc":{"Escrito por":"Reda\u00e7\u00e3o","Est. tempo de leitura":"4 minutos"},"schema":{"@context":"https:\/\/schema.org","@graph":[{"@type":"Article","@id":"https:\/\/www.notibras.com\/site\/lula-diz-a-senadores-que-tem-as-maos-consciencia-e-bolso-limpos\/#article","isPartOf":{"@id":"https:\/\/www.notibras.com\/site\/lula-diz-a-senadores-que-tem-as-maos-consciencia-e-bolso-limpos\/"},"author":{"name":"Reda\u00e7\u00e3o","@id":"https:\/\/www.notibras.com\/site\/#\/schema\/person\/36ab0979449956132d3e5b517ea76ac8"},"headline":"Lula diz a senadores do PT que tem as m\u00e3os, a consci\u00eancia e os bolsos limpos","datePublished":"2016-02-19T01:09:48+00:00","dateModified":"2016-02-19T23:58:21+00:00","mainEntityOfPage":{"@id":"https:\/\/www.notibras.com\/site\/lula-diz-a-senadores-que-tem-as-maos-consciencia-e-bolso-limpos\/"},"wordCount":809,"commentCount":0,"publisher":{"@id":"https:\/\/www.notibras.com\/site\/#organization"},"image":{"@id":"https:\/\/www.notibras.com\/site\/lula-diz-a-senadores-que-tem-as-maos-consciencia-e-bolso-limpos\/#primaryimage"},"thumbnailUrl":"https:\/\/www.notibras.com\/site\/wp-content\/uploads\/2016\/02\/17944607.jpg","articleSection":["Brasil"],"inLanguage":"pt-BR","potentialAction":[{"@type":"CommentAction","name":"Comment","target":["https:\/\/www.notibras.com\/site\/lula-diz-a-senadores-que-tem-as-maos-consciencia-e-bolso-limpos\/#respond"]}]},{"@type":"WebPage","@id":"https:\/\/www.notibras.com\/site\/lula-diz-a-senadores-que-tem-as-maos-consciencia-e-bolso-limpos\/","url":"https:\/\/www.notibras.com\/site\/lula-diz-a-senadores-que-tem-as-maos-consciencia-e-bolso-limpos\/","name":"Lula diz a senadores do PT que tem as m\u00e3os, a consci\u00eancia e os bolsos limpos - Notibras","isPartOf":{"@id":"https:\/\/www.notibras.com\/site\/#website"},"primaryImageOfPage":{"@id":"https:\/\/www.notibras.com\/site\/lula-diz-a-senadores-que-tem-as-maos-consciencia-e-bolso-limpos\/#primaryimage"},"image":{"@id":"https:\/\/www.notibras.com\/site\/lula-diz-a-senadores-que-tem-as-maos-consciencia-e-bolso-limpos\/#primaryimage"},"thumbnailUrl":"https:\/\/www.notibras.com\/site\/wp-content\/uploads\/2016\/02\/17944607.jpg","datePublished":"2016-02-19T01:09:48+00:00","dateModified":"2016-02-19T23:58:21+00:00","breadcrumb":{"@id":"https:\/\/www.notibras.com\/site\/lula-diz-a-senadores-que-tem-as-maos-consciencia-e-bolso-limpos\/#breadcrumb"},"inLanguage":"pt-BR","potentialAction":[{"@type":"ReadAction","target":["https:\/\/www.notibras.com\/site\/lula-diz-a-senadores-que-tem-as-maos-consciencia-e-bolso-limpos\/"]}]},{"@type":"ImageObject","inLanguage":"pt-BR","@id":"https:\/\/www.notibras.com\/site\/lula-diz-a-senadores-que-tem-as-maos-consciencia-e-bolso-limpos\/#primaryimage","url":"https:\/\/www.notibras.com\/site\/wp-content\/uploads\/2016\/02\/17944607.jpg","contentUrl":"https:\/\/www.notibras.com\/site\/wp-content\/uploads\/2016\/02\/17944607.jpg","width":640,"height":426},{"@type":"BreadcrumbList","@id":"https:\/\/www.notibras.com\/site\/lula-diz-a-senadores-que-tem-as-maos-consciencia-e-bolso-limpos\/#breadcrumb","itemListElement":[{"@type":"ListItem","position":1,"name":"In\u00edcio","item":"https:\/\/www.notibras.com\/site\/"},{"@type":"ListItem","position":2,"name":"Lula diz a senadores do PT que tem as m\u00e3os, a consci\u00eancia e os bolsos limpos"}]},{"@type":"WebSite","@id":"https:\/\/www.notibras.com\/site\/#website","url":"https:\/\/www.notibras.com\/site\/","name":"Notibras","description":"Not\u00edcias de Bras\u00edlia, do Brasil e do Mundo","publisher":{"@id":"https:\/\/www.notibras.com\/site\/#organization"},"potentialAction":[{"@type":"SearchAction","target":{"@type":"EntryPoint","urlTemplate":"https:\/\/www.notibras.com\/site\/?s={search_term_string}"},"query-input":{"@type":"PropertyValueSpecification","valueRequired":true,"valueName":"search_term_string"}}],"inLanguage":"pt-BR"},{"@type":"Organization","@id":"https:\/\/www.notibras.com\/site\/#organization","name":"Grupo Notibras de Comunica\u00e7\u00e3o","url":"https:\/\/www.notibras.com\/site\/","logo":{"@type":"ImageObject","inLanguage":"pt-BR","@id":"https:\/\/www.notibras.com\/site\/#\/schema\/logo\/image\/","url":"https:\/\/www.notibras.com\/site\/wp-content\/uploads\/2023\/01\/notibras23.png","contentUrl":"https:\/\/www.notibras.com\/site\/wp-content\/uploads\/2023\/01\/notibras23.png","width":350,"height":87,"caption":"Grupo Notibras de Comunica\u00e7\u00e3o"},"image":{"@id":"https:\/\/www.notibras.com\/site\/#\/schema\/logo\/image\/"},"sameAs":["https:\/\/www.facebook.com\/notibras\/","https:\/\/x.com\/Notibras","https:\/\/www.instagram.com\/notibras\/"]},{"@type":"Person","@id":"https:\/\/www.notibras.com\/site\/#\/schema\/person\/36ab0979449956132d3e5b517ea76ac8","name":"Reda\u00e7\u00e3o","image":{"@type":"ImageObject","inLanguage":"pt-BR","@id":"https:\/\/secure.gravatar.com\/avatar\/e0a867bdedb85fd243eadf09663511f96fc81e0720a4a42581f334ad4303aa6b?s=96&d=mm&r=g","url":"https:\/\/secure.gravatar.com\/avatar\/e0a867bdedb85fd243eadf09663511f96fc81e0720a4a42581f334ad4303aa6b?s=96&d=mm&r=g","contentUrl":"https:\/\/secure.gravatar.com\/avatar\/e0a867bdedb85fd243eadf09663511f96fc81e0720a4a42581f334ad4303aa6b?s=96&d=mm&r=g","caption":"Reda\u00e7\u00e3o"}}]}},"amp_enabled":true,"_links":{"self":[{"href":"https:\/\/www.notibras.com\/site\/wp-json\/wp\/v2\/posts\/89899","targetHints":{"allow":["GET"]}}],"collection":[{"href":"https:\/\/www.notibras.com\/site\/wp-json\/wp\/v2\/posts"}],"about":[{"href":"https:\/\/www.notibras.com\/site\/wp-json\/wp\/v2\/types\/post"}],"author":[{"embeddable":true,"href":"https:\/\/www.notibras.com\/site\/wp-json\/wp\/v2\/users\/2"}],"replies":[{"embeddable":true,"href":"https:\/\/www.notibras.com\/site\/wp-json\/wp\/v2\/comments?post=89899"}],"version-history":[{"count":2,"href":"https:\/\/www.notibras.com\/site\/wp-json\/wp\/v2\/posts\/89899\/revisions"}],"predecessor-version":[{"id":90041,"href":"https:\/\/www.notibras.com\/site\/wp-json\/wp\/v2\/posts\/89899\/revisions\/90041"}],"wp:featuredmedia":[{"embeddable":true,"href":"https:\/\/www.notibras.com\/site\/wp-json\/wp\/v2\/media\/89900"}],"wp:attachment":[{"href":"https:\/\/www.notibras.com\/site\/wp-json\/wp\/v2\/media?parent=89899"}],"wp:term":[{"taxonomy":"category","embeddable":true,"href":"https:\/\/www.notibras.com\/site\/wp-json\/wp\/v2\/categories?post=89899"},{"taxonomy":"post_tag","embeddable":true,"href":"https:\/\/www.notibras.com\/site\/wp-json\/wp\/v2\/tags?post=89899"}],"curies":[{"name":"wp","href":"https:\/\/api.w.org\/{rel}","templated":true}]}}