{"id":8991,"date":"2014-05-10T16:06:30","date_gmt":"2014-05-10T19:06:30","guid":{"rendered":"http:\/\/www.notibras.com\/site\/?p=8991"},"modified":"2014-05-10T16:06:30","modified_gmt":"2014-05-10T19:06:30","slug":"embargo-de-declaracao-um-avanco-na-jurisprudencia-do-stj","status":"publish","type":"post","link":"https:\/\/www.notibras.com\/site\/embargo-de-declaracao-um-avanco-na-jurisprudencia-do-stj\/","title":{"rendered":"Embargo de declara\u00e7\u00e3o, um avan\u00e7o na jurisprud\u00eancia do STJ"},"content":{"rendered":"<p>Aqueles que labutam na advocacia j\u00e1 se acostumaram \u00e0s reiteradas decis\u00f5es de negativa de seguimento a recurso especial ou extraordin\u00e1rio proferidas pelas presid\u00eancias (ou vice-presid\u00eancias) dos tribunais de justi\u00e7a dos estados ou tribunais regionais federais. Usualmente, s\u00e3o decis\u00f5es padr\u00e3o, bem no estilo copia e cola (Ctrl C + Ctrl V), e que por sua total generalidade servem a qualquer caso.<\/p>\n<p>Tais decis\u00f5es de negativa de seguimento s\u00e3o absolutamente lac\u00f4nicas e ancoram-se, normalmente, em uma das seguintes fundamenta\u00e7\u00f5es: (i) o recurso excepcional pretenderia rediscutir mat\u00e9ria de fato &#8211; todavia, n\u00e3o se aponta expressamente no decisum qual a quest\u00e3o f\u00e1tica a que se refere; (ii) o recurso n\u00e3o teria impugnado todos os fundamentos da decis\u00e3o recorrida &#8211; n\u00e3o se indica, por\u00e9m, qual fundamento teria sido deixado de lado pelo recorrente; (iii) a quest\u00e3o federal ou constitucional n\u00e3o estaria devidamente prequestionada &#8211; entretanto, n\u00e3o \u00e9 mencionada qual a quest\u00e3o jur\u00eddica que, versada no recurso especial ou extraordin\u00e1rio, n\u00e3o teria sido objeto de an\u00e1lise pelo ac\u00f3rd\u00e3o recorrido.<\/p>\n<p>Nesse cen\u00e1rio, resta aos advogados a ingl\u00f3ria tarefa de interpor o recurso de agravo do artigo 544 do CPC, sem saber exatamente o motivo da inadmiss\u00e3o do apelo extremo, numa temer\u00e1ria atividade, a um s\u00f3 tempo, um tanto processual e um tanto medi\u00fanica.<\/p>\n<p>Ante decis\u00f5es de tal jaez, que de t\u00e3o gen\u00e9ricas podem ser consideradas n\u00e3o fundamentadas, o rem\u00e9dio adequado seria o recurso de embargos de declara\u00e7\u00e3o, a fim de sanar a grave omiss\u00e3o de que padecem. Entretanto, a jurisprud\u00eancia do Superior Tribunal de Justi\u00e7a orientava-se no sentido de n\u00e3o reconhecer a tais aclarat\u00f3rios o efeito interruptivo previsto no artigo 538 do CPC, o que for\u00e7ava a interposi\u00e7\u00e3o, ainda que \u00e0s cegas, do agravo do artigo 544 do diploma processual civil. L\u00f3gico que com esse entendimento o Superior Tribunal de Justi\u00e7a, ainda que indiretamente, referendava as decis\u00f5es padr\u00e3o dos tribunais inferiores e chancelava a ilegalidade reinante.<\/p>\n<p>\u00c0 partir do paradigm\u00e1tico julgamento, pela Corte Especial do STJ, dos Embargos de Diverg\u00eancia em Agravo em Recurso Especial n\u00b0 275.615-SP, essa lament\u00e1vel situa\u00e7\u00e3o parece que come\u00e7a a ser remediada. Nesse precedente, de relatoria do Ministro ARI PARGENDLER, o STJ, reformulando entendimento anterior, reconheceu que a oposi\u00e7\u00e3o de embargos de declara\u00e7\u00e3o contra decis\u00e3o que nega seguimento a recurso especial tem o cond\u00e3o de interromper o prazo para o recurso de agravo do artigo 544 do CPC. Ao assim decidir, a Corte Especial assegura, a um s\u00f3 tempo, tanto o cabimento\/adequa\u00e7\u00e3o dos aclarat\u00f3rios contra decis\u00e3o que nega seguimento a recurso excepcional, quanto o efeito interruptivo do prazo que seu manejo acarreta.<\/p>\n<p>Al\u00e9m disso, o precedente assume importante fun\u00e7\u00e3o pedag\u00f3gica, pois que n\u00e3o deixa de servir como alerta, \u00e0s cortes estaduais e regionais federais, para a necessidade de maior zelo na an\u00e1lise da admissibilidade dos recursos excepcionais, notadamente quanto \u00e0 fundamenta\u00e7\u00e3o das decis\u00f5es que neguem tr\u00e2nsito a tais irresigna\u00e7\u00f5es.<\/p>\n<p>\u00c9 bem verdade que esse novo entendimento pode causar um efeito preocupante: a prolifera\u00e7\u00e3o de embargos de declara\u00e7\u00e3o contra decis\u00f5es de inadmiss\u00e3o de recurso especial e extraordin\u00e1rio, muitos dos quais opostos com o objetivo de protelar o tr\u00e2nsito em julgado da decis\u00e3o final. Caber\u00e1 \u00e0s cortes de origem, em casos tais, aplicar com cuidado, mas severamente, a pena do par\u00e1grafo \u00fanico do artigo 538 do CPC. Todavia, mesmo essa consequ\u00eancia indesejada ainda parece melhor do que a manuten\u00e7\u00e3o do cen\u00e1rio atual.<\/p>\n<p>Vem, pois, em boa hora a decis\u00e3o da Corte Especial do STJ, no julgamento dos Embargos de Diverg\u00eancia em Agravo em Recurso Especial n\u00b0 275.615-SP<\/p>\n<p><strong>L\u00facio Fl\u00e1vio Siqueira de Paiva, GMPR &#8211; Gon\u00e7alves, Macedo, Paiva &amp; Rassi Advogados<\/strong><\/p>\n","protected":false},"excerpt":{"rendered":"<p>Aqueles que labutam na advocacia j\u00e1 se acostumaram \u00e0s reiteradas decis\u00f5es de negativa de seguimento a recurso especial ou extraordin\u00e1rio proferidas pelas presid\u00eancias (ou vice-presid\u00eancias) dos tribunais de justi\u00e7a dos estados ou tribunais regionais federais. Usualmente, s\u00e3o decis\u00f5es padr\u00e3o, bem no estilo copia e cola (Ctrl C + Ctrl V), e que por sua total [&hellip;]<\/p>\n","protected":false},"author":2,"featured_media":8992,"comment_status":"open","ping_status":"closed","sticky":false,"template":"","format":"standard","meta":{"_acf_changed":false,"footnotes":""},"categories":[25],"tags":[],"class_list":["post-8991","post","type-post","status-publish","format-standard","has-post-thumbnail","hentry","category-opina-ai"],"acf":[],"yoast_head":"<!-- This site is optimized with the Yoast SEO plugin v27.5 - https:\/\/yoast.com\/product\/yoast-seo-wordpress\/ -->\n<title>Embargo de declara\u00e7\u00e3o, um avan\u00e7o na jurisprud\u00eancia do STJ - Notibras<\/title>\n<meta name=\"robots\" content=\"index, follow, max-snippet:-1, max-image-preview:large, max-video-preview:-1\" \/>\n<link rel=\"canonical\" href=\"https:\/\/www.notibras.com\/site\/embargo-de-declaracao-um-avanco-na-jurisprudencia-do-stj\/\" \/>\n<meta property=\"og:locale\" content=\"pt_BR\" \/>\n<meta property=\"og:type\" content=\"article\" \/>\n<meta property=\"og:title\" content=\"Embargo de declara\u00e7\u00e3o, um avan\u00e7o na jurisprud\u00eancia do STJ - Notibras\" \/>\n<meta property=\"og:description\" content=\"Aqueles que labutam na advocacia j\u00e1 se acostumaram \u00e0s reiteradas decis\u00f5es de negativa de seguimento a recurso especial ou extraordin\u00e1rio proferidas pelas presid\u00eancias (ou vice-presid\u00eancias) dos tribunais de justi\u00e7a dos estados ou tribunais regionais federais. Usualmente, s\u00e3o decis\u00f5es padr\u00e3o, bem no estilo copia e cola (Ctrl C + Ctrl V), e que por sua total [&hellip;]\" \/>\n<meta property=\"og:url\" content=\"https:\/\/www.notibras.com\/site\/embargo-de-declaracao-um-avanco-na-jurisprudencia-do-stj\/\" \/>\n<meta property=\"og:site_name\" content=\"Notibras\" \/>\n<meta property=\"article:publisher\" content=\"https:\/\/www.facebook.com\/notibras\/\" \/>\n<meta property=\"article:published_time\" content=\"2014-05-10T19:06:30+00:00\" \/>\n<meta property=\"og:image\" content=\"https:\/\/www.notibras.com\/site\/wp-content\/uploads\/2014\/05\/recurso-alexkobayashi-wordpress-com.jpg\" \/>\n\t<meta property=\"og:image:width\" content=\"512\" \/>\n\t<meta property=\"og:image:height\" content=\"341\" \/>\n\t<meta property=\"og:image:type\" content=\"image\/jpeg\" \/>\n<meta name=\"author\" content=\"Reda\u00e7\u00e3o\" \/>\n<meta name=\"twitter:card\" content=\"summary_large_image\" \/>\n<meta name=\"twitter:creator\" content=\"@Notibras\" \/>\n<meta name=\"twitter:site\" content=\"@Notibras\" \/>\n<meta name=\"twitter:label1\" content=\"Escrito por\" \/>\n\t<meta name=\"twitter:data1\" content=\"Reda\u00e7\u00e3o\" \/>\n\t<meta name=\"twitter:label2\" content=\"Est. tempo de leitura\" \/>\n\t<meta name=\"twitter:data2\" content=\"3 minutos\" \/>\n<script type=\"application\/ld+json\" class=\"yoast-schema-graph\">{\"@context\":\"https:\\\/\\\/schema.org\",\"@graph\":[{\"@type\":\"Article\",\"@id\":\"https:\\\/\\\/www.notibras.com\\\/site\\\/embargo-de-declaracao-um-avanco-na-jurisprudencia-do-stj\\\/#article\",\"isPartOf\":{\"@id\":\"https:\\\/\\\/www.notibras.com\\\/site\\\/embargo-de-declaracao-um-avanco-na-jurisprudencia-do-stj\\\/\"},\"author\":{\"name\":\"Reda\u00e7\u00e3o\",\"@id\":\"https:\\\/\\\/www.notibras.com\\\/site\\\/#\\\/schema\\\/person\\\/36ab0979449956132d3e5b517ea76ac8\"},\"headline\":\"Embargo de declara\u00e7\u00e3o, um avan\u00e7o na jurisprud\u00eancia do STJ\",\"datePublished\":\"2014-05-10T19:06:30+00:00\",\"mainEntityOfPage\":{\"@id\":\"https:\\\/\\\/www.notibras.com\\\/site\\\/embargo-de-declaracao-um-avanco-na-jurisprudencia-do-stj\\\/\"},\"wordCount\":677,\"commentCount\":0,\"publisher\":{\"@id\":\"https:\\\/\\\/www.notibras.com\\\/site\\\/#organization\"},\"image\":{\"@id\":\"https:\\\/\\\/www.notibras.com\\\/site\\\/embargo-de-declaracao-um-avanco-na-jurisprudencia-do-stj\\\/#primaryimage\"},\"thumbnailUrl\":\"https:\\\/\\\/www.notibras.com\\\/site\\\/wp-content\\\/uploads\\\/2014\\\/05\\\/recurso-alexkobayashi-wordpress-com.jpg\",\"articleSection\":[\"Opina a\u00ed\"],\"inLanguage\":\"pt-BR\",\"potentialAction\":[{\"@type\":\"CommentAction\",\"name\":\"Comment\",\"target\":[\"https:\\\/\\\/www.notibras.com\\\/site\\\/embargo-de-declaracao-um-avanco-na-jurisprudencia-do-stj\\\/#respond\"]}]},{\"@type\":\"WebPage\",\"@id\":\"https:\\\/\\\/www.notibras.com\\\/site\\\/embargo-de-declaracao-um-avanco-na-jurisprudencia-do-stj\\\/\",\"url\":\"https:\\\/\\\/www.notibras.com\\\/site\\\/embargo-de-declaracao-um-avanco-na-jurisprudencia-do-stj\\\/\",\"name\":\"Embargo de declara\u00e7\u00e3o, um avan\u00e7o na jurisprud\u00eancia do STJ - Notibras\",\"isPartOf\":{\"@id\":\"https:\\\/\\\/www.notibras.com\\\/site\\\/#website\"},\"primaryImageOfPage\":{\"@id\":\"https:\\\/\\\/www.notibras.com\\\/site\\\/embargo-de-declaracao-um-avanco-na-jurisprudencia-do-stj\\\/#primaryimage\"},\"image\":{\"@id\":\"https:\\\/\\\/www.notibras.com\\\/site\\\/embargo-de-declaracao-um-avanco-na-jurisprudencia-do-stj\\\/#primaryimage\"},\"thumbnailUrl\":\"https:\\\/\\\/www.notibras.com\\\/site\\\/wp-content\\\/uploads\\\/2014\\\/05\\\/recurso-alexkobayashi-wordpress-com.jpg\",\"datePublished\":\"2014-05-10T19:06:30+00:00\",\"breadcrumb\":{\"@id\":\"https:\\\/\\\/www.notibras.com\\\/site\\\/embargo-de-declaracao-um-avanco-na-jurisprudencia-do-stj\\\/#breadcrumb\"},\"inLanguage\":\"pt-BR\",\"potentialAction\":[{\"@type\":\"ReadAction\",\"target\":[\"https:\\\/\\\/www.notibras.com\\\/site\\\/embargo-de-declaracao-um-avanco-na-jurisprudencia-do-stj\\\/\"]}]},{\"@type\":\"ImageObject\",\"inLanguage\":\"pt-BR\",\"@id\":\"https:\\\/\\\/www.notibras.com\\\/site\\\/embargo-de-declaracao-um-avanco-na-jurisprudencia-do-stj\\\/#primaryimage\",\"url\":\"https:\\\/\\\/www.notibras.com\\\/site\\\/wp-content\\\/uploads\\\/2014\\\/05\\\/recurso-alexkobayashi-wordpress-com.jpg\",\"contentUrl\":\"https:\\\/\\\/www.notibras.com\\\/site\\\/wp-content\\\/uploads\\\/2014\\\/05\\\/recurso-alexkobayashi-wordpress-com.jpg\",\"width\":512,\"height\":341},{\"@type\":\"BreadcrumbList\",\"@id\":\"https:\\\/\\\/www.notibras.com\\\/site\\\/embargo-de-declaracao-um-avanco-na-jurisprudencia-do-stj\\\/#breadcrumb\",\"itemListElement\":[{\"@type\":\"ListItem\",\"position\":1,\"name\":\"In\u00edcio\",\"item\":\"https:\\\/\\\/www.notibras.com\\\/site\\\/\"},{\"@type\":\"ListItem\",\"position\":2,\"name\":\"Embargo de declara\u00e7\u00e3o, um avan\u00e7o na jurisprud\u00eancia do STJ\"}]},{\"@type\":\"WebSite\",\"@id\":\"https:\\\/\\\/www.notibras.com\\\/site\\\/#website\",\"url\":\"https:\\\/\\\/www.notibras.com\\\/site\\\/\",\"name\":\"Notibras\",\"description\":\"Not\u00edcias de Bras\u00edlia, do Brasil e do Mundo\",\"publisher\":{\"@id\":\"https:\\\/\\\/www.notibras.com\\\/site\\\/#organization\"},\"potentialAction\":[{\"@type\":\"SearchAction\",\"target\":{\"@type\":\"EntryPoint\",\"urlTemplate\":\"https:\\\/\\\/www.notibras.com\\\/site\\\/?s={search_term_string}\"},\"query-input\":{\"@type\":\"PropertyValueSpecification\",\"valueRequired\":true,\"valueName\":\"search_term_string\"}}],\"inLanguage\":\"pt-BR\"},{\"@type\":\"Organization\",\"@id\":\"https:\\\/\\\/www.notibras.com\\\/site\\\/#organization\",\"name\":\"Grupo Notibras de Comunica\u00e7\u00e3o\",\"url\":\"https:\\\/\\\/www.notibras.com\\\/site\\\/\",\"logo\":{\"@type\":\"ImageObject\",\"inLanguage\":\"pt-BR\",\"@id\":\"https:\\\/\\\/www.notibras.com\\\/site\\\/#\\\/schema\\\/logo\\\/image\\\/\",\"url\":\"https:\\\/\\\/www.notibras.com\\\/site\\\/wp-content\\\/uploads\\\/2023\\\/01\\\/notibras23.png\",\"contentUrl\":\"https:\\\/\\\/www.notibras.com\\\/site\\\/wp-content\\\/uploads\\\/2023\\\/01\\\/notibras23.png\",\"width\":350,\"height\":87,\"caption\":\"Grupo Notibras de Comunica\u00e7\u00e3o\"},\"image\":{\"@id\":\"https:\\\/\\\/www.notibras.com\\\/site\\\/#\\\/schema\\\/logo\\\/image\\\/\"},\"sameAs\":[\"https:\\\/\\\/www.facebook.com\\\/notibras\\\/\",\"https:\\\/\\\/x.com\\\/Notibras\",\"https:\\\/\\\/www.instagram.com\\\/notibras\\\/\"]},{\"@type\":\"Person\",\"@id\":\"https:\\\/\\\/www.notibras.com\\\/site\\\/#\\\/schema\\\/person\\\/36ab0979449956132d3e5b517ea76ac8\",\"name\":\"Reda\u00e7\u00e3o\",\"image\":{\"@type\":\"ImageObject\",\"inLanguage\":\"pt-BR\",\"@id\":\"https:\\\/\\\/secure.gravatar.com\\\/avatar\\\/e0a867bdedb85fd243eadf09663511f96fc81e0720a4a42581f334ad4303aa6b?s=96&d=mm&r=g\",\"url\":\"https:\\\/\\\/secure.gravatar.com\\\/avatar\\\/e0a867bdedb85fd243eadf09663511f96fc81e0720a4a42581f334ad4303aa6b?s=96&d=mm&r=g\",\"contentUrl\":\"https:\\\/\\\/secure.gravatar.com\\\/avatar\\\/e0a867bdedb85fd243eadf09663511f96fc81e0720a4a42581f334ad4303aa6b?s=96&d=mm&r=g\",\"caption\":\"Reda\u00e7\u00e3o\"}}]}<\/script>\n<!-- \/ Yoast SEO plugin. -->","yoast_head_json":{"title":"Embargo de declara\u00e7\u00e3o, um avan\u00e7o na jurisprud\u00eancia do STJ - Notibras","robots":{"index":"index","follow":"follow","max-snippet":"max-snippet:-1","max-image-preview":"max-image-preview:large","max-video-preview":"max-video-preview:-1"},"canonical":"https:\/\/www.notibras.com\/site\/embargo-de-declaracao-um-avanco-na-jurisprudencia-do-stj\/","og_locale":"pt_BR","og_type":"article","og_title":"Embargo de declara\u00e7\u00e3o, um avan\u00e7o na jurisprud\u00eancia do STJ - Notibras","og_description":"Aqueles que labutam na advocacia j\u00e1 se acostumaram \u00e0s reiteradas decis\u00f5es de negativa de seguimento a recurso especial ou extraordin\u00e1rio proferidas pelas presid\u00eancias (ou vice-presid\u00eancias) dos tribunais de justi\u00e7a dos estados ou tribunais regionais federais. Usualmente, s\u00e3o decis\u00f5es padr\u00e3o, bem no estilo copia e cola (Ctrl C + Ctrl V), e que por sua total [&hellip;]","og_url":"https:\/\/www.notibras.com\/site\/embargo-de-declaracao-um-avanco-na-jurisprudencia-do-stj\/","og_site_name":"Notibras","article_publisher":"https:\/\/www.facebook.com\/notibras\/","article_published_time":"2014-05-10T19:06:30+00:00","og_image":[{"width":512,"height":341,"url":"https:\/\/www.notibras.com\/site\/wp-content\/uploads\/2014\/05\/recurso-alexkobayashi-wordpress-com.jpg","type":"image\/jpeg"}],"author":"Reda\u00e7\u00e3o","twitter_card":"summary_large_image","twitter_creator":"@Notibras","twitter_site":"@Notibras","twitter_misc":{"Escrito por":"Reda\u00e7\u00e3o","Est. tempo de leitura":"3 minutos"},"schema":{"@context":"https:\/\/schema.org","@graph":[{"@type":"Article","@id":"https:\/\/www.notibras.com\/site\/embargo-de-declaracao-um-avanco-na-jurisprudencia-do-stj\/#article","isPartOf":{"@id":"https:\/\/www.notibras.com\/site\/embargo-de-declaracao-um-avanco-na-jurisprudencia-do-stj\/"},"author":{"name":"Reda\u00e7\u00e3o","@id":"https:\/\/www.notibras.com\/site\/#\/schema\/person\/36ab0979449956132d3e5b517ea76ac8"},"headline":"Embargo de declara\u00e7\u00e3o, um avan\u00e7o na jurisprud\u00eancia do STJ","datePublished":"2014-05-10T19:06:30+00:00","mainEntityOfPage":{"@id":"https:\/\/www.notibras.com\/site\/embargo-de-declaracao-um-avanco-na-jurisprudencia-do-stj\/"},"wordCount":677,"commentCount":0,"publisher":{"@id":"https:\/\/www.notibras.com\/site\/#organization"},"image":{"@id":"https:\/\/www.notibras.com\/site\/embargo-de-declaracao-um-avanco-na-jurisprudencia-do-stj\/#primaryimage"},"thumbnailUrl":"https:\/\/www.notibras.com\/site\/wp-content\/uploads\/2014\/05\/recurso-alexkobayashi-wordpress-com.jpg","articleSection":["Opina a\u00ed"],"inLanguage":"pt-BR","potentialAction":[{"@type":"CommentAction","name":"Comment","target":["https:\/\/www.notibras.com\/site\/embargo-de-declaracao-um-avanco-na-jurisprudencia-do-stj\/#respond"]}]},{"@type":"WebPage","@id":"https:\/\/www.notibras.com\/site\/embargo-de-declaracao-um-avanco-na-jurisprudencia-do-stj\/","url":"https:\/\/www.notibras.com\/site\/embargo-de-declaracao-um-avanco-na-jurisprudencia-do-stj\/","name":"Embargo de declara\u00e7\u00e3o, um avan\u00e7o na jurisprud\u00eancia do STJ - Notibras","isPartOf":{"@id":"https:\/\/www.notibras.com\/site\/#website"},"primaryImageOfPage":{"@id":"https:\/\/www.notibras.com\/site\/embargo-de-declaracao-um-avanco-na-jurisprudencia-do-stj\/#primaryimage"},"image":{"@id":"https:\/\/www.notibras.com\/site\/embargo-de-declaracao-um-avanco-na-jurisprudencia-do-stj\/#primaryimage"},"thumbnailUrl":"https:\/\/www.notibras.com\/site\/wp-content\/uploads\/2014\/05\/recurso-alexkobayashi-wordpress-com.jpg","datePublished":"2014-05-10T19:06:30+00:00","breadcrumb":{"@id":"https:\/\/www.notibras.com\/site\/embargo-de-declaracao-um-avanco-na-jurisprudencia-do-stj\/#breadcrumb"},"inLanguage":"pt-BR","potentialAction":[{"@type":"ReadAction","target":["https:\/\/www.notibras.com\/site\/embargo-de-declaracao-um-avanco-na-jurisprudencia-do-stj\/"]}]},{"@type":"ImageObject","inLanguage":"pt-BR","@id":"https:\/\/www.notibras.com\/site\/embargo-de-declaracao-um-avanco-na-jurisprudencia-do-stj\/#primaryimage","url":"https:\/\/www.notibras.com\/site\/wp-content\/uploads\/2014\/05\/recurso-alexkobayashi-wordpress-com.jpg","contentUrl":"https:\/\/www.notibras.com\/site\/wp-content\/uploads\/2014\/05\/recurso-alexkobayashi-wordpress-com.jpg","width":512,"height":341},{"@type":"BreadcrumbList","@id":"https:\/\/www.notibras.com\/site\/embargo-de-declaracao-um-avanco-na-jurisprudencia-do-stj\/#breadcrumb","itemListElement":[{"@type":"ListItem","position":1,"name":"In\u00edcio","item":"https:\/\/www.notibras.com\/site\/"},{"@type":"ListItem","position":2,"name":"Embargo de declara\u00e7\u00e3o, um avan\u00e7o na jurisprud\u00eancia do STJ"}]},{"@type":"WebSite","@id":"https:\/\/www.notibras.com\/site\/#website","url":"https:\/\/www.notibras.com\/site\/","name":"Notibras","description":"Not\u00edcias de Bras\u00edlia, do Brasil e do Mundo","publisher":{"@id":"https:\/\/www.notibras.com\/site\/#organization"},"potentialAction":[{"@type":"SearchAction","target":{"@type":"EntryPoint","urlTemplate":"https:\/\/www.notibras.com\/site\/?s={search_term_string}"},"query-input":{"@type":"PropertyValueSpecification","valueRequired":true,"valueName":"search_term_string"}}],"inLanguage":"pt-BR"},{"@type":"Organization","@id":"https:\/\/www.notibras.com\/site\/#organization","name":"Grupo Notibras de Comunica\u00e7\u00e3o","url":"https:\/\/www.notibras.com\/site\/","logo":{"@type":"ImageObject","inLanguage":"pt-BR","@id":"https:\/\/www.notibras.com\/site\/#\/schema\/logo\/image\/","url":"https:\/\/www.notibras.com\/site\/wp-content\/uploads\/2023\/01\/notibras23.png","contentUrl":"https:\/\/www.notibras.com\/site\/wp-content\/uploads\/2023\/01\/notibras23.png","width":350,"height":87,"caption":"Grupo Notibras de Comunica\u00e7\u00e3o"},"image":{"@id":"https:\/\/www.notibras.com\/site\/#\/schema\/logo\/image\/"},"sameAs":["https:\/\/www.facebook.com\/notibras\/","https:\/\/x.com\/Notibras","https:\/\/www.instagram.com\/notibras\/"]},{"@type":"Person","@id":"https:\/\/www.notibras.com\/site\/#\/schema\/person\/36ab0979449956132d3e5b517ea76ac8","name":"Reda\u00e7\u00e3o","image":{"@type":"ImageObject","inLanguage":"pt-BR","@id":"https:\/\/secure.gravatar.com\/avatar\/e0a867bdedb85fd243eadf09663511f96fc81e0720a4a42581f334ad4303aa6b?s=96&d=mm&r=g","url":"https:\/\/secure.gravatar.com\/avatar\/e0a867bdedb85fd243eadf09663511f96fc81e0720a4a42581f334ad4303aa6b?s=96&d=mm&r=g","contentUrl":"https:\/\/secure.gravatar.com\/avatar\/e0a867bdedb85fd243eadf09663511f96fc81e0720a4a42581f334ad4303aa6b?s=96&d=mm&r=g","caption":"Reda\u00e7\u00e3o"}}]}},"amp_enabled":true,"_links":{"self":[{"href":"https:\/\/www.notibras.com\/site\/wp-json\/wp\/v2\/posts\/8991","targetHints":{"allow":["GET"]}}],"collection":[{"href":"https:\/\/www.notibras.com\/site\/wp-json\/wp\/v2\/posts"}],"about":[{"href":"https:\/\/www.notibras.com\/site\/wp-json\/wp\/v2\/types\/post"}],"author":[{"embeddable":true,"href":"https:\/\/www.notibras.com\/site\/wp-json\/wp\/v2\/users\/2"}],"replies":[{"embeddable":true,"href":"https:\/\/www.notibras.com\/site\/wp-json\/wp\/v2\/comments?post=8991"}],"version-history":[{"count":0,"href":"https:\/\/www.notibras.com\/site\/wp-json\/wp\/v2\/posts\/8991\/revisions"}],"wp:featuredmedia":[{"embeddable":true,"href":"https:\/\/www.notibras.com\/site\/wp-json\/wp\/v2\/media\/8992"}],"wp:attachment":[{"href":"https:\/\/www.notibras.com\/site\/wp-json\/wp\/v2\/media?parent=8991"}],"wp:term":[{"taxonomy":"category","embeddable":true,"href":"https:\/\/www.notibras.com\/site\/wp-json\/wp\/v2\/categories?post=8991"},{"taxonomy":"post_tag","embeddable":true,"href":"https:\/\/www.notibras.com\/site\/wp-json\/wp\/v2\/tags?post=8991"}],"curies":[{"name":"wp","href":"https:\/\/api.w.org\/{rel}","templated":true}]}}