{"id":8994,"date":"2014-05-10T16:15:25","date_gmt":"2014-05-10T19:15:25","guid":{"rendered":"http:\/\/www.notibras.com\/site\/?p=8994"},"modified":"2014-05-12T08:43:36","modified_gmt":"2014-05-12T11:43:36","slug":"volta-do-ebola-na-africa-aumenta-a-vigilancia-nos-aeroportos-para-a-copa","status":"publish","type":"post","link":"https:\/\/www.notibras.com\/site\/volta-do-ebola-na-africa-aumenta-a-vigilancia-nos-aeroportos-para-a-copa\/","title":{"rendered":"Volta do Ebola na \u00c1frica aumenta a vigil\u00e2ncia nos aeroportos"},"content":{"rendered":"<p>Mais um motivo de preocupa\u00e7\u00e3o do governo brasileiro com a proximidade da Copa do Mundo de Futebol da Fifa: o v\u00edrus Ebola d\u00e1 sinais de recrudescimento na \u00c1frica e volta a assustar o mundo. Por conta disso, a Ag\u00eancia Nacional de Vigil\u00e2ncia Sanit\u00e1ria redobrou a aten\u00e7\u00e3o em todos os aeroportos.<\/p>\n<p class=\"pg-color10\">A volta do Ebola, informa Leandro Mazzini, da Coluna Esplanada, se d\u00e1 vinte anos depois. Coincid\u00eancia ou n\u00e3o, ele surgiu durante o per\u00edodo de disputa de uma Copa.<\/p>\n<p>A ONG M\u00e9dicos Sem Fronteiras enviou mais 60 profissionais para a regi\u00e3o. O v\u00edrus j\u00e1 matou 135 v\u00edtimas nos \u00faltimos meses na Guin\u00e9 e Lib\u00e9ria. H\u00e1 uma preocupa\u00e7\u00e3o de entrada do v\u00edrus no Brasil com a chega das sele\u00e7\u00f5es e de turistas vindos do Continente.<\/p>\n<p>As sele\u00e7\u00f5es da \u00c1frica classificadas para a Copa s\u00e3o Camar\u00f5es, Nig\u00e9ria, Gana, Costa do Marfim e Arg\u00e9lia \u2013 os tr\u00eas primeiros da regi\u00e3o ocidental e vizinhos da Guin\u00e9 e Lib\u00e9ria.<\/p>\n<p>At\u00e9 abril, a Guin\u00e9 registrou 197 casos suspeitos e 122 mortes \u2013 outros 27 casos na Lib\u00e9ria, com 13 mortes. A PF e a Anvisa estar\u00e3o atentos na imigra\u00e7\u00e3o dos aeroportos.<\/p>\n<p>Enquanto a vigil\u00e2ncia aumenta nos aeroportos, uma preocupa\u00e7\u00e3o j\u00e1 ronda as autoridades de sa\u00fade e policiais em S\u00e3o Paulo. Fontes indicam que h\u00e1 suspeita de dois casos de Ebola em estrangeiros que migraram do Acre para o Sudeste.\u00a0Procurada, a assessoria da Secretaria Municipal de Sa\u00fade de SP nega casos registrados do v\u00edrus, mas n\u00e3o comenta sobre as suspeitas.<\/p>\n<p>O Acre tornou-se entrada de estrangeiros ilegais, n\u00e3o somente de haitianos \u2013 a maioria \u2013 mas tamb\u00e9m senegaleses e angolanos, que podem chegar ao Brasil infectados com o v\u00edrus.<\/p>\n<p>Em nota enviada, a Anvisa \u201creafirma que as Coordena\u00e7\u00f5es de Portos e Aeroportos nos Estados est\u00e3o atentas e capacitadas para qualquer determina\u00e7\u00e3o de controle&#8221;. A ag\u00eancia tamb\u00e9m informa que \u201cos planos de contingencia est\u00e3o prontos para serem acionados para qualquer evento de sa\u00fade publica. A Ag\u00eancia j\u00e1 tem o trabalho de rotina e vai acompanhar todos os desembarques internacionais durante a Copa&#8221;.<\/p>\n<p>O Ebola foi descoberto em pesquisas de laborat\u00f3rios em 1976. \u00c9 um v\u00edrus que causa uma febre hemorr\u00e1gica forte e r\u00e1pida, e que mata at\u00e9 85% das v\u00edtimas afetadas.<\/p>\n","protected":false},"excerpt":{"rendered":"<p>Mais um motivo de preocupa\u00e7\u00e3o do governo brasileiro com a proximidade da Copa do Mundo de Futebol da Fifa: o v\u00edrus Ebola d\u00e1 sinais de recrudescimento na \u00c1frica e volta a assustar o mundo. Por conta disso, a Ag\u00eancia Nacional de Vigil\u00e2ncia Sanit\u00e1ria redobrou a aten\u00e7\u00e3o em todos os aeroportos. A volta do Ebola, informa [&hellip;]<\/p>\n","protected":false},"author":2,"featured_media":8995,"comment_status":"open","ping_status":"closed","sticky":false,"template":"","format":"standard","meta":{"_acf_changed":false,"footnotes":""},"categories":[19],"tags":[],"class_list":["post-8994","post","type-post","status-publish","format-standard","has-post-thumbnail","hentry","category-esportes"],"acf":[],"_links":{"self":[{"href":"https:\/\/www.notibras.com\/site\/wp-json\/wp\/v2\/posts\/8994","targetHints":{"allow":["GET"]}}],"collection":[{"href":"https:\/\/www.notibras.com\/site\/wp-json\/wp\/v2\/posts"}],"about":[{"href":"https:\/\/www.notibras.com\/site\/wp-json\/wp\/v2\/types\/post"}],"author":[{"embeddable":true,"href":"https:\/\/www.notibras.com\/site\/wp-json\/wp\/v2\/users\/2"}],"replies":[{"embeddable":true,"href":"https:\/\/www.notibras.com\/site\/wp-json\/wp\/v2\/comments?post=8994"}],"version-history":[{"count":0,"href":"https:\/\/www.notibras.com\/site\/wp-json\/wp\/v2\/posts\/8994\/revisions"}],"wp:featuredmedia":[{"embeddable":true,"href":"https:\/\/www.notibras.com\/site\/wp-json\/wp\/v2\/media\/8995"}],"wp:attachment":[{"href":"https:\/\/www.notibras.com\/site\/wp-json\/wp\/v2\/media?parent=8994"}],"wp:term":[{"taxonomy":"category","embeddable":true,"href":"https:\/\/www.notibras.com\/site\/wp-json\/wp\/v2\/categories?post=8994"},{"taxonomy":"post_tag","embeddable":true,"href":"https:\/\/www.notibras.com\/site\/wp-json\/wp\/v2\/tags?post=8994"}],"curies":[{"name":"wp","href":"https:\/\/api.w.org\/{rel}","templated":true}]}}