{"id":9005,"date":"2014-05-10T16:43:26","date_gmt":"2014-05-10T19:43:26","guid":{"rendered":"http:\/\/www.notibras.com\/site\/?p=9005"},"modified":"2014-05-10T16:43:26","modified_gmt":"2014-05-10T19:43:26","slug":"vettel-troca-cambio-e-perde-cinco-posicoes-no-gride-de-largada","status":"publish","type":"post","link":"https:\/\/www.notibras.com\/site\/vettel-troca-cambio-e-perde-cinco-posicoes-no-gride-de-largada\/","title":{"rendered":"Vettel troca c\u00e2mbio e perde cinco posi\u00e7\u00f5es no gride de largada"},"content":{"rendered":"<p>Sebastian Vettel dificilmente conseguir\u00e1 sorrir no Grande Pr\u00eamio da Espanha de F\u00f3rmula 1, neste domingo, em Barcelona. Ap\u00f3s alcan\u00e7ar o Q3, mas sofrer com problemas no c\u00e2mbio, o tetracampe\u00e3o mundial n\u00e3o conseguiu completar uma volta r\u00e1pida e largaria da 10\u00aa coloca\u00e7\u00e3o. Largaria. A equipe Red Bull confirmou que teve de trocar a caixa de c\u00e2mbio do piloto alem\u00e3o, que, assim, perder\u00e1 cinco posi\u00e7\u00f5es e ocupar\u00e1 a apenas a 15\u00aa posi\u00e7\u00e3o do grid.<\/p>\n<p class=\"text\">Com a Red Bull apresentando um bom desempenho durante todo o fim de semana na Espanha, Vettel iniciou o s\u00e1bado como um poss\u00edvel candidato a surpreender as Mercedes no treino classificat\u00f3rio. Ele chegou ao Q3 \u2013 \u00faltima parte do evento \u2013 com o quinto melhor tempo, mas, logo ao sair\u00a0do pit-lane, continuou lento e parou o seu carro na curva 3. Houve um problema na segunda marcha.<\/p>\n<p class=\"text\">\u201cTentei seguir mesmo sem a segunda marcha, mas na curva 1 o carro travou em quinta marcha, o carro perdeu pot\u00eancia e tive de diminuir\u201d, explicou Sebatian Vettel, que, depois, foi informado do dano \u00e0\u00a0caixa de c\u00e2mbio. Ela teve que ser trocada e, assim, o alem\u00e3o perdeu cinco posi\u00e7\u00f5es no grid. Tudo isto, porque o regulamento diz que uma mesma caixa\u00a0deve ser utilizada por seis eventos consecutivos. Como esta \u00e9 apenas a quinta corrida do ano, Vettel foi punido.<\/p>\n<p class=\"text\">Agora, ele largar\u00e1 atr\u00e1s de Kevin Magnussen, da McLaren, na 15\u00aa coloca\u00e7\u00e3o. Felipe Massa, que fez o 9\u00ba melhor tempo e partiria uma posi\u00e7\u00e3o \u00e0 frente do tetracampe\u00e3o, ter\u00e1 como companheiro de quinta fila outro alem\u00e3o: Nico Hulkenberg, da Force India. Sergio Perez pulou para o 12\u00ba posto, e Daniil Kvyat, para o 13\u00ba. O pole position foi o brit\u00e2nico Lewis Hamilton, seguido por seu parceiro de Mercedes, Nico Rosberg, em segundo, e pelo companheiro de Vettel, Daniel Ricciardo, em terceiro.<\/p>\n<p class=\"text\">\n","protected":false},"excerpt":{"rendered":"<p>Sebastian Vettel dificilmente conseguir\u00e1 sorrir no Grande Pr\u00eamio da Espanha de F\u00f3rmula 1, neste domingo, em Barcelona. Ap\u00f3s alcan\u00e7ar o Q3, mas sofrer com problemas no c\u00e2mbio, o tetracampe\u00e3o mundial n\u00e3o conseguiu completar uma volta r\u00e1pida e largaria da 10\u00aa coloca\u00e7\u00e3o. Largaria. A equipe Red Bull confirmou que teve de trocar a caixa de c\u00e2mbio [&hellip;]<\/p>\n","protected":false},"author":2,"featured_media":9006,"comment_status":"open","ping_status":"closed","sticky":false,"template":"","format":"standard","meta":{"_acf_changed":false,"footnotes":""},"categories":[27,19],"tags":[],"class_list":["post-9005","post","type-post","status-publish","format-standard","has-post-thumbnail","hentry","category-automobilismo","category-esportes"],"acf":[],"_links":{"self":[{"href":"https:\/\/www.notibras.com\/site\/wp-json\/wp\/v2\/posts\/9005","targetHints":{"allow":["GET"]}}],"collection":[{"href":"https:\/\/www.notibras.com\/site\/wp-json\/wp\/v2\/posts"}],"about":[{"href":"https:\/\/www.notibras.com\/site\/wp-json\/wp\/v2\/types\/post"}],"author":[{"embeddable":true,"href":"https:\/\/www.notibras.com\/site\/wp-json\/wp\/v2\/users\/2"}],"replies":[{"embeddable":true,"href":"https:\/\/www.notibras.com\/site\/wp-json\/wp\/v2\/comments?post=9005"}],"version-history":[{"count":0,"href":"https:\/\/www.notibras.com\/site\/wp-json\/wp\/v2\/posts\/9005\/revisions"}],"wp:featuredmedia":[{"embeddable":true,"href":"https:\/\/www.notibras.com\/site\/wp-json\/wp\/v2\/media\/9006"}],"wp:attachment":[{"href":"https:\/\/www.notibras.com\/site\/wp-json\/wp\/v2\/media?parent=9005"}],"wp:term":[{"taxonomy":"category","embeddable":true,"href":"https:\/\/www.notibras.com\/site\/wp-json\/wp\/v2\/categories?post=9005"},{"taxonomy":"post_tag","embeddable":true,"href":"https:\/\/www.notibras.com\/site\/wp-json\/wp\/v2\/tags?post=9005"}],"curies":[{"name":"wp","href":"https:\/\/api.w.org\/{rel}","templated":true}]}}