{"id":90412,"date":"2016-02-22T23:29:55","date_gmt":"2016-02-23T02:29:55","guid":{"rendered":"http:\/\/www.notibras.com\/site\/?p=90412"},"modified":"2016-02-22T23:31:39","modified_gmt":"2016-02-23T02:31:39","slug":"minas-nao-ha-mais-antecipou-notibras-e-fernando-pimentel-mostra-o-buraco","status":"publish","type":"post","link":"https:\/\/www.notibras.com\/site\/minas-nao-ha-mais-antecipou-notibras-e-fernando-pimentel-mostra-o-buraco\/","title":{"rendered":"Minas n\u00e3o h\u00e1 mais, antecipou Notibras; Fernando Pimentel mostra o tamanho do buraco"},"content":{"rendered":"<h6 class=\"Assina\"><strong>Leonardo Augusto<\/strong><\/h6>\n<p>O governador de Minas Gerais, Fernando Pimentel (PT), anunciou nesta segunda-feira, 22, corte de R$ 2 bilh\u00f5es do or\u00e7amento de 2016 como primeiro passo de uma s\u00e9rie de medidas que pretende tomar a fim de reduzir gastos devido ao cen\u00e1rio de queda de arrecada\u00e7\u00e3o. &#8220;\u00c9 preciso fazer com que o Estado caiba dentro do or\u00e7amento. Hoje, n\u00e3o cabe&#8221;, afirmou o petista.<\/p>\n<p>De acordo com o governador, outras medidas v\u00e3o atingir os poderes Judici\u00e1rio e Legislativo e devem ser anunciadas na pr\u00f3xima semana. Pimentel descreveu os cortes nos demais poderes como um &#8220;pacto pela efici\u00eancia&#8221;. As mudan\u00e7as, explicou ele, ser\u00e3o feitas por meio de projetos de lei a serem enviados \u00e0 Assembleia Legislativa de Minas Gerais.<\/p>\n<p>Pimentel alegou que parte da crise financeira deve-se ao fato de que herdou um Estado &#8220;absolutamente desequilibrado do ponto de vista fiscal&#8221;. &#8220;Um Estado que mal consegue pagar a folha&#8221;, afirmou. &#8220;Estamos fazendo um esfor\u00e7o muito grande para ajustar as contas. \u00c9 um momento dif\u00edcil, que exige decis\u00f5es corajosas, mas que n\u00f3s vamos enfrentar&#8221;.<\/p>\n<p><b>Contingenciamento &#8211;\u00a0<\/b>O or\u00e7amento do Estado para 2016 prev\u00ea receita de R$ 83 bilh\u00f5es e despesa de 92 bilh\u00f5es. O contingenciamento no setor da sa\u00fade foi de R$ 198 milh\u00f5es. A verba com transporte foi reduzida em R$ 157 milh\u00f5es. A \u00e1rea de Planejamento e Gest\u00e3o teve redu\u00e7\u00e3o de R$ 69 milh\u00f5es.<\/p>\n<p>&#8220;O Estado tem que ser enxugado. A m\u00e1quina p\u00fablica de Minas Gerais \u00e9 uma das mais inchadas, mais pesadas dos Estados brasileiros&#8221;, disse Pimentel. Dos recursos previstos para 2016, cerca de 90% est\u00e3o comprometidos com folha de pagamento, precat\u00f3rios e cumprimento constitucional em sa\u00fade e educa\u00e7\u00e3o. Para o governador, a crise financeira de Minas Gerais \u00e9 a pior dos \u00faltimos 30 anos.<\/p>\n<p>De acordo com o secret\u00e1rio estadual de Planejamento, Helv\u00e9cio Magalh\u00e3es, entre as \u00e1reas que ter\u00e3o menos recursos est\u00e3o aluguel de ve\u00edculos e gastos com combust\u00edvel, al\u00e9m de aluguel de im\u00f3veis &#8220;\u00c9 muito comum vermos um im\u00f3vel alugado para um \u00f3rg\u00e3o do Estado e um outro im\u00f3vel do pr\u00f3prio Estado ao lado&#8221;.<\/p>\n<p>Em nota, o PSDB afirmou ser &#8220;lament\u00e1vel e inacredit\u00e1vel que o atual governo depois de um ano e dois meses ainda tente creditar o insucesso de sua gest\u00e3o em ataques inver\u00eddicos \u00e0s gest\u00f5es anteriores&#8221;. Os tr\u00eas \u00faltimos governadores mineiros foram A\u00e9cio Neves (PSDB), Antonio Augusto Anastasia (PSDB) e Alberto Pinto Coelho (PP).<\/p>\n<p>De acordo com os tucanos, Pimentel assumiu o cargo com super\u00e1vit &#8220;Ao falar que &#8216;herdou um Estado quebrado&#8217;, o petista \u00e9 desmentido pelos pr\u00f3prios dados do Banco Central que apontou que, em 2014, \u00faltimo ano dos Governos do PSDB e PP em Minas, o Estado foi entregue com um super\u00e1vit de mais de R$ 3 bilh\u00f5es&#8221;, diz a nota.<\/p>\n<p>&#8220;O super\u00e1vit prim\u00e1rio dos governos do Estado, da capital e dos principais munic\u00edpios de Minas Gerais atingiu R$ 3,1 bilh\u00f5es em 2014 (R$ 267 milh\u00f5es em 2013), refletindo, em sua quase totalidade, a expans\u00e3o do super\u00e1vit na esfera do governo estadual, que passou de R$ 182 milh\u00f5es em 2013 para R$ 3,1 bilh\u00f5es no \u00faltimo ano&#8221;, diz o texto.<\/p>\n<p><b>Artif\u00edcio &#8211;\u00a0<\/b>No ano passado, gra\u00e7as a um artif\u00edcio cont\u00e1bil, Minas Gerais n\u00e3o entrou na lista dos Estados que descumprem os tetos de gastos com funcionalismo estabelecidos pela Lei de Responsabilidade Fiscal (LRF). O governo mineiro enquadrou, em 2015, como &#8220;receita corrente l\u00edquida&#8221; recursos sacados de dep\u00f3sitos judiciais administrados pelo Tribunal de Justi\u00e7a. Dessa forma, a receita que serve como base para calcular os limites de gastos foi inflada em pouco mais de R$ 5 bilh\u00f5es.<\/p>\n<p>Gra\u00e7as a esse crit\u00e9rio cont\u00e1bil, o Estado registrou ter gasto com servidores 47,91% de sua receita corrente l\u00edquida &#8211; menos do que o teto legal de 49%. Se n\u00e3o fossem os R$ 5 bilh\u00f5es, por\u00e9m, a parcela comprometida com a folha de pagamento teria chegado a mais de 53%.<\/p>\n<p><img loading=\"lazy\" decoding=\"async\" class=\"alignnone size-full wp-image-70065\" src=\"http:\/\/www.notibras.com\/site\/wp-content\/uploads\/2015\/10\/estadao.png\" alt=\"estadao\" width=\"99\" height=\"16\" \/><\/p>\n","protected":false},"excerpt":{"rendered":"<p>Leonardo Augusto O governador de Minas Gerais, Fernando Pimentel (PT), anunciou nesta segunda-feira, 22, corte de R$ 2 bilh\u00f5es do or\u00e7amento de 2016 como primeiro passo de uma s\u00e9rie de medidas que pretende tomar a fim de reduzir gastos devido ao cen\u00e1rio de queda de arrecada\u00e7\u00e3o. &#8220;\u00c9 preciso fazer com que o Estado caiba dentro [&hellip;]<\/p>\n","protected":false},"author":2,"featured_media":90413,"comment_status":"open","ping_status":"closed","sticky":false,"template":"","format":"standard","meta":{"_acf_changed":false,"footnotes":""},"categories":[16],"tags":[],"class_list":["post-90412","post","type-post","status-publish","format-standard","has-post-thumbnail","hentry","category-brasil"],"acf":[],"yoast_head":"<!-- This site is optimized with the Yoast SEO plugin v27.5 - https:\/\/yoast.com\/product\/yoast-seo-wordpress\/ -->\n<title>Minas n\u00e3o h\u00e1 mais, antecipou Notibras; Fernando Pimentel mostra o tamanho do buraco - Notibras<\/title>\n<meta name=\"robots\" content=\"index, follow, max-snippet:-1, max-image-preview:large, max-video-preview:-1\" \/>\n<link rel=\"canonical\" href=\"https:\/\/www.notibras.com\/site\/minas-nao-ha-mais-antecipou-notibras-e-fernando-pimentel-mostra-o-buraco\/\" \/>\n<meta property=\"og:locale\" content=\"pt_BR\" \/>\n<meta property=\"og:type\" content=\"article\" \/>\n<meta property=\"og:title\" content=\"Minas n\u00e3o h\u00e1 mais, antecipou Notibras; Fernando Pimentel mostra o tamanho do buraco - Notibras\" \/>\n<meta property=\"og:description\" content=\"Leonardo Augusto O governador de Minas Gerais, Fernando Pimentel (PT), anunciou nesta segunda-feira, 22, corte de R$ 2 bilh\u00f5es do or\u00e7amento de 2016 como primeiro passo de uma s\u00e9rie de medidas que pretende tomar a fim de reduzir gastos devido ao cen\u00e1rio de queda de arrecada\u00e7\u00e3o. &#8220;\u00c9 preciso fazer com que o Estado caiba dentro [&hellip;]\" \/>\n<meta property=\"og:url\" content=\"https:\/\/www.notibras.com\/site\/minas-nao-ha-mais-antecipou-notibras-e-fernando-pimentel-mostra-o-buraco\/\" \/>\n<meta property=\"og:site_name\" content=\"Notibras\" \/>\n<meta property=\"article:publisher\" content=\"https:\/\/www.facebook.com\/notibras\/\" \/>\n<meta property=\"article:published_time\" content=\"2016-02-23T02:29:55+00:00\" \/>\n<meta property=\"article:modified_time\" content=\"2016-02-23T02:31:39+00:00\" \/>\n<meta property=\"og:image\" content=\"https:\/\/www.notibras.com\/site\/wp-content\/uploads\/2016\/02\/pimentel_deficit_1700.jpg\" \/>\n\t<meta property=\"og:image:width\" content=\"620\" \/>\n\t<meta property=\"og:image:height\" content=\"465\" \/>\n\t<meta property=\"og:image:type\" content=\"image\/jpeg\" \/>\n<meta name=\"author\" content=\"Reda\u00e7\u00e3o\" \/>\n<meta name=\"twitter:card\" content=\"summary_large_image\" \/>\n<meta name=\"twitter:creator\" content=\"@Notibras\" \/>\n<meta name=\"twitter:site\" content=\"@Notibras\" \/>\n<meta name=\"twitter:label1\" content=\"Escrito por\" \/>\n\t<meta name=\"twitter:data1\" content=\"Reda\u00e7\u00e3o\" \/>\n\t<meta name=\"twitter:label2\" content=\"Est. tempo de leitura\" \/>\n\t<meta name=\"twitter:data2\" content=\"3 minutos\" \/>\n<script type=\"application\/ld+json\" class=\"yoast-schema-graph\">{\"@context\":\"https:\\\/\\\/schema.org\",\"@graph\":[{\"@type\":\"Article\",\"@id\":\"https:\\\/\\\/www.notibras.com\\\/site\\\/minas-nao-ha-mais-antecipou-notibras-e-fernando-pimentel-mostra-o-buraco\\\/#article\",\"isPartOf\":{\"@id\":\"https:\\\/\\\/www.notibras.com\\\/site\\\/minas-nao-ha-mais-antecipou-notibras-e-fernando-pimentel-mostra-o-buraco\\\/\"},\"author\":{\"name\":\"Reda\u00e7\u00e3o\",\"@id\":\"https:\\\/\\\/www.notibras.com\\\/site\\\/#\\\/schema\\\/person\\\/36ab0979449956132d3e5b517ea76ac8\"},\"headline\":\"Minas n\u00e3o h\u00e1 mais, antecipou Notibras; Fernando Pimentel mostra o tamanho do buraco\",\"datePublished\":\"2016-02-23T02:29:55+00:00\",\"dateModified\":\"2016-02-23T02:31:39+00:00\",\"mainEntityOfPage\":{\"@id\":\"https:\\\/\\\/www.notibras.com\\\/site\\\/minas-nao-ha-mais-antecipou-notibras-e-fernando-pimentel-mostra-o-buraco\\\/\"},\"wordCount\":692,\"commentCount\":0,\"publisher\":{\"@id\":\"https:\\\/\\\/www.notibras.com\\\/site\\\/#organization\"},\"image\":{\"@id\":\"https:\\\/\\\/www.notibras.com\\\/site\\\/minas-nao-ha-mais-antecipou-notibras-e-fernando-pimentel-mostra-o-buraco\\\/#primaryimage\"},\"thumbnailUrl\":\"https:\\\/\\\/www.notibras.com\\\/site\\\/wp-content\\\/uploads\\\/2016\\\/02\\\/pimentel_deficit_1700.jpg\",\"articleSection\":[\"Brasil\"],\"inLanguage\":\"pt-BR\",\"potentialAction\":[{\"@type\":\"CommentAction\",\"name\":\"Comment\",\"target\":[\"https:\\\/\\\/www.notibras.com\\\/site\\\/minas-nao-ha-mais-antecipou-notibras-e-fernando-pimentel-mostra-o-buraco\\\/#respond\"]}]},{\"@type\":\"WebPage\",\"@id\":\"https:\\\/\\\/www.notibras.com\\\/site\\\/minas-nao-ha-mais-antecipou-notibras-e-fernando-pimentel-mostra-o-buraco\\\/\",\"url\":\"https:\\\/\\\/www.notibras.com\\\/site\\\/minas-nao-ha-mais-antecipou-notibras-e-fernando-pimentel-mostra-o-buraco\\\/\",\"name\":\"Minas n\u00e3o h\u00e1 mais, antecipou Notibras; Fernando Pimentel mostra o tamanho do buraco - Notibras\",\"isPartOf\":{\"@id\":\"https:\\\/\\\/www.notibras.com\\\/site\\\/#website\"},\"primaryImageOfPage\":{\"@id\":\"https:\\\/\\\/www.notibras.com\\\/site\\\/minas-nao-ha-mais-antecipou-notibras-e-fernando-pimentel-mostra-o-buraco\\\/#primaryimage\"},\"image\":{\"@id\":\"https:\\\/\\\/www.notibras.com\\\/site\\\/minas-nao-ha-mais-antecipou-notibras-e-fernando-pimentel-mostra-o-buraco\\\/#primaryimage\"},\"thumbnailUrl\":\"https:\\\/\\\/www.notibras.com\\\/site\\\/wp-content\\\/uploads\\\/2016\\\/02\\\/pimentel_deficit_1700.jpg\",\"datePublished\":\"2016-02-23T02:29:55+00:00\",\"dateModified\":\"2016-02-23T02:31:39+00:00\",\"breadcrumb\":{\"@id\":\"https:\\\/\\\/www.notibras.com\\\/site\\\/minas-nao-ha-mais-antecipou-notibras-e-fernando-pimentel-mostra-o-buraco\\\/#breadcrumb\"},\"inLanguage\":\"pt-BR\",\"potentialAction\":[{\"@type\":\"ReadAction\",\"target\":[\"https:\\\/\\\/www.notibras.com\\\/site\\\/minas-nao-ha-mais-antecipou-notibras-e-fernando-pimentel-mostra-o-buraco\\\/\"]}]},{\"@type\":\"ImageObject\",\"inLanguage\":\"pt-BR\",\"@id\":\"https:\\\/\\\/www.notibras.com\\\/site\\\/minas-nao-ha-mais-antecipou-notibras-e-fernando-pimentel-mostra-o-buraco\\\/#primaryimage\",\"url\":\"https:\\\/\\\/www.notibras.com\\\/site\\\/wp-content\\\/uploads\\\/2016\\\/02\\\/pimentel_deficit_1700.jpg\",\"contentUrl\":\"https:\\\/\\\/www.notibras.com\\\/site\\\/wp-content\\\/uploads\\\/2016\\\/02\\\/pimentel_deficit_1700.jpg\",\"width\":620,\"height\":465},{\"@type\":\"BreadcrumbList\",\"@id\":\"https:\\\/\\\/www.notibras.com\\\/site\\\/minas-nao-ha-mais-antecipou-notibras-e-fernando-pimentel-mostra-o-buraco\\\/#breadcrumb\",\"itemListElement\":[{\"@type\":\"ListItem\",\"position\":1,\"name\":\"In\u00edcio\",\"item\":\"https:\\\/\\\/www.notibras.com\\\/site\\\/\"},{\"@type\":\"ListItem\",\"position\":2,\"name\":\"Minas n\u00e3o h\u00e1 mais, antecipou Notibras; Fernando Pimentel mostra o tamanho do buraco\"}]},{\"@type\":\"WebSite\",\"@id\":\"https:\\\/\\\/www.notibras.com\\\/site\\\/#website\",\"url\":\"https:\\\/\\\/www.notibras.com\\\/site\\\/\",\"name\":\"Notibras\",\"description\":\"Not\u00edcias de Bras\u00edlia, do Brasil e do Mundo\",\"publisher\":{\"@id\":\"https:\\\/\\\/www.notibras.com\\\/site\\\/#organization\"},\"potentialAction\":[{\"@type\":\"SearchAction\",\"target\":{\"@type\":\"EntryPoint\",\"urlTemplate\":\"https:\\\/\\\/www.notibras.com\\\/site\\\/?s={search_term_string}\"},\"query-input\":{\"@type\":\"PropertyValueSpecification\",\"valueRequired\":true,\"valueName\":\"search_term_string\"}}],\"inLanguage\":\"pt-BR\"},{\"@type\":\"Organization\",\"@id\":\"https:\\\/\\\/www.notibras.com\\\/site\\\/#organization\",\"name\":\"Grupo Notibras de Comunica\u00e7\u00e3o\",\"url\":\"https:\\\/\\\/www.notibras.com\\\/site\\\/\",\"logo\":{\"@type\":\"ImageObject\",\"inLanguage\":\"pt-BR\",\"@id\":\"https:\\\/\\\/www.notibras.com\\\/site\\\/#\\\/schema\\\/logo\\\/image\\\/\",\"url\":\"https:\\\/\\\/www.notibras.com\\\/site\\\/wp-content\\\/uploads\\\/2023\\\/01\\\/notibras23.png\",\"contentUrl\":\"https:\\\/\\\/www.notibras.com\\\/site\\\/wp-content\\\/uploads\\\/2023\\\/01\\\/notibras23.png\",\"width\":350,\"height\":87,\"caption\":\"Grupo Notibras de Comunica\u00e7\u00e3o\"},\"image\":{\"@id\":\"https:\\\/\\\/www.notibras.com\\\/site\\\/#\\\/schema\\\/logo\\\/image\\\/\"},\"sameAs\":[\"https:\\\/\\\/www.facebook.com\\\/notibras\\\/\",\"https:\\\/\\\/x.com\\\/Notibras\",\"https:\\\/\\\/www.instagram.com\\\/notibras\\\/\"]},{\"@type\":\"Person\",\"@id\":\"https:\\\/\\\/www.notibras.com\\\/site\\\/#\\\/schema\\\/person\\\/36ab0979449956132d3e5b517ea76ac8\",\"name\":\"Reda\u00e7\u00e3o\",\"image\":{\"@type\":\"ImageObject\",\"inLanguage\":\"pt-BR\",\"@id\":\"https:\\\/\\\/secure.gravatar.com\\\/avatar\\\/e0a867bdedb85fd243eadf09663511f96fc81e0720a4a42581f334ad4303aa6b?s=96&d=mm&r=g\",\"url\":\"https:\\\/\\\/secure.gravatar.com\\\/avatar\\\/e0a867bdedb85fd243eadf09663511f96fc81e0720a4a42581f334ad4303aa6b?s=96&d=mm&r=g\",\"contentUrl\":\"https:\\\/\\\/secure.gravatar.com\\\/avatar\\\/e0a867bdedb85fd243eadf09663511f96fc81e0720a4a42581f334ad4303aa6b?s=96&d=mm&r=g\",\"caption\":\"Reda\u00e7\u00e3o\"}}]}<\/script>\n<!-- \/ Yoast SEO plugin. -->","yoast_head_json":{"title":"Minas n\u00e3o h\u00e1 mais, antecipou Notibras; Fernando Pimentel mostra o tamanho do buraco - Notibras","robots":{"index":"index","follow":"follow","max-snippet":"max-snippet:-1","max-image-preview":"max-image-preview:large","max-video-preview":"max-video-preview:-1"},"canonical":"https:\/\/www.notibras.com\/site\/minas-nao-ha-mais-antecipou-notibras-e-fernando-pimentel-mostra-o-buraco\/","og_locale":"pt_BR","og_type":"article","og_title":"Minas n\u00e3o h\u00e1 mais, antecipou Notibras; Fernando Pimentel mostra o tamanho do buraco - Notibras","og_description":"Leonardo Augusto O governador de Minas Gerais, Fernando Pimentel (PT), anunciou nesta segunda-feira, 22, corte de R$ 2 bilh\u00f5es do or\u00e7amento de 2016 como primeiro passo de uma s\u00e9rie de medidas que pretende tomar a fim de reduzir gastos devido ao cen\u00e1rio de queda de arrecada\u00e7\u00e3o. &#8220;\u00c9 preciso fazer com que o Estado caiba dentro [&hellip;]","og_url":"https:\/\/www.notibras.com\/site\/minas-nao-ha-mais-antecipou-notibras-e-fernando-pimentel-mostra-o-buraco\/","og_site_name":"Notibras","article_publisher":"https:\/\/www.facebook.com\/notibras\/","article_published_time":"2016-02-23T02:29:55+00:00","article_modified_time":"2016-02-23T02:31:39+00:00","og_image":[{"width":620,"height":465,"url":"https:\/\/www.notibras.com\/site\/wp-content\/uploads\/2016\/02\/pimentel_deficit_1700.jpg","type":"image\/jpeg"}],"author":"Reda\u00e7\u00e3o","twitter_card":"summary_large_image","twitter_creator":"@Notibras","twitter_site":"@Notibras","twitter_misc":{"Escrito por":"Reda\u00e7\u00e3o","Est. tempo de leitura":"3 minutos"},"schema":{"@context":"https:\/\/schema.org","@graph":[{"@type":"Article","@id":"https:\/\/www.notibras.com\/site\/minas-nao-ha-mais-antecipou-notibras-e-fernando-pimentel-mostra-o-buraco\/#article","isPartOf":{"@id":"https:\/\/www.notibras.com\/site\/minas-nao-ha-mais-antecipou-notibras-e-fernando-pimentel-mostra-o-buraco\/"},"author":{"name":"Reda\u00e7\u00e3o","@id":"https:\/\/www.notibras.com\/site\/#\/schema\/person\/36ab0979449956132d3e5b517ea76ac8"},"headline":"Minas n\u00e3o h\u00e1 mais, antecipou Notibras; Fernando Pimentel mostra o tamanho do buraco","datePublished":"2016-02-23T02:29:55+00:00","dateModified":"2016-02-23T02:31:39+00:00","mainEntityOfPage":{"@id":"https:\/\/www.notibras.com\/site\/minas-nao-ha-mais-antecipou-notibras-e-fernando-pimentel-mostra-o-buraco\/"},"wordCount":692,"commentCount":0,"publisher":{"@id":"https:\/\/www.notibras.com\/site\/#organization"},"image":{"@id":"https:\/\/www.notibras.com\/site\/minas-nao-ha-mais-antecipou-notibras-e-fernando-pimentel-mostra-o-buraco\/#primaryimage"},"thumbnailUrl":"https:\/\/www.notibras.com\/site\/wp-content\/uploads\/2016\/02\/pimentel_deficit_1700.jpg","articleSection":["Brasil"],"inLanguage":"pt-BR","potentialAction":[{"@type":"CommentAction","name":"Comment","target":["https:\/\/www.notibras.com\/site\/minas-nao-ha-mais-antecipou-notibras-e-fernando-pimentel-mostra-o-buraco\/#respond"]}]},{"@type":"WebPage","@id":"https:\/\/www.notibras.com\/site\/minas-nao-ha-mais-antecipou-notibras-e-fernando-pimentel-mostra-o-buraco\/","url":"https:\/\/www.notibras.com\/site\/minas-nao-ha-mais-antecipou-notibras-e-fernando-pimentel-mostra-o-buraco\/","name":"Minas n\u00e3o h\u00e1 mais, antecipou Notibras; Fernando Pimentel mostra o tamanho do buraco - Notibras","isPartOf":{"@id":"https:\/\/www.notibras.com\/site\/#website"},"primaryImageOfPage":{"@id":"https:\/\/www.notibras.com\/site\/minas-nao-ha-mais-antecipou-notibras-e-fernando-pimentel-mostra-o-buraco\/#primaryimage"},"image":{"@id":"https:\/\/www.notibras.com\/site\/minas-nao-ha-mais-antecipou-notibras-e-fernando-pimentel-mostra-o-buraco\/#primaryimage"},"thumbnailUrl":"https:\/\/www.notibras.com\/site\/wp-content\/uploads\/2016\/02\/pimentel_deficit_1700.jpg","datePublished":"2016-02-23T02:29:55+00:00","dateModified":"2016-02-23T02:31:39+00:00","breadcrumb":{"@id":"https:\/\/www.notibras.com\/site\/minas-nao-ha-mais-antecipou-notibras-e-fernando-pimentel-mostra-o-buraco\/#breadcrumb"},"inLanguage":"pt-BR","potentialAction":[{"@type":"ReadAction","target":["https:\/\/www.notibras.com\/site\/minas-nao-ha-mais-antecipou-notibras-e-fernando-pimentel-mostra-o-buraco\/"]}]},{"@type":"ImageObject","inLanguage":"pt-BR","@id":"https:\/\/www.notibras.com\/site\/minas-nao-ha-mais-antecipou-notibras-e-fernando-pimentel-mostra-o-buraco\/#primaryimage","url":"https:\/\/www.notibras.com\/site\/wp-content\/uploads\/2016\/02\/pimentel_deficit_1700.jpg","contentUrl":"https:\/\/www.notibras.com\/site\/wp-content\/uploads\/2016\/02\/pimentel_deficit_1700.jpg","width":620,"height":465},{"@type":"BreadcrumbList","@id":"https:\/\/www.notibras.com\/site\/minas-nao-ha-mais-antecipou-notibras-e-fernando-pimentel-mostra-o-buraco\/#breadcrumb","itemListElement":[{"@type":"ListItem","position":1,"name":"In\u00edcio","item":"https:\/\/www.notibras.com\/site\/"},{"@type":"ListItem","position":2,"name":"Minas n\u00e3o h\u00e1 mais, antecipou Notibras; Fernando Pimentel mostra o tamanho do buraco"}]},{"@type":"WebSite","@id":"https:\/\/www.notibras.com\/site\/#website","url":"https:\/\/www.notibras.com\/site\/","name":"Notibras","description":"Not\u00edcias de Bras\u00edlia, do Brasil e do Mundo","publisher":{"@id":"https:\/\/www.notibras.com\/site\/#organization"},"potentialAction":[{"@type":"SearchAction","target":{"@type":"EntryPoint","urlTemplate":"https:\/\/www.notibras.com\/site\/?s={search_term_string}"},"query-input":{"@type":"PropertyValueSpecification","valueRequired":true,"valueName":"search_term_string"}}],"inLanguage":"pt-BR"},{"@type":"Organization","@id":"https:\/\/www.notibras.com\/site\/#organization","name":"Grupo Notibras de Comunica\u00e7\u00e3o","url":"https:\/\/www.notibras.com\/site\/","logo":{"@type":"ImageObject","inLanguage":"pt-BR","@id":"https:\/\/www.notibras.com\/site\/#\/schema\/logo\/image\/","url":"https:\/\/www.notibras.com\/site\/wp-content\/uploads\/2023\/01\/notibras23.png","contentUrl":"https:\/\/www.notibras.com\/site\/wp-content\/uploads\/2023\/01\/notibras23.png","width":350,"height":87,"caption":"Grupo Notibras de Comunica\u00e7\u00e3o"},"image":{"@id":"https:\/\/www.notibras.com\/site\/#\/schema\/logo\/image\/"},"sameAs":["https:\/\/www.facebook.com\/notibras\/","https:\/\/x.com\/Notibras","https:\/\/www.instagram.com\/notibras\/"]},{"@type":"Person","@id":"https:\/\/www.notibras.com\/site\/#\/schema\/person\/36ab0979449956132d3e5b517ea76ac8","name":"Reda\u00e7\u00e3o","image":{"@type":"ImageObject","inLanguage":"pt-BR","@id":"https:\/\/secure.gravatar.com\/avatar\/e0a867bdedb85fd243eadf09663511f96fc81e0720a4a42581f334ad4303aa6b?s=96&d=mm&r=g","url":"https:\/\/secure.gravatar.com\/avatar\/e0a867bdedb85fd243eadf09663511f96fc81e0720a4a42581f334ad4303aa6b?s=96&d=mm&r=g","contentUrl":"https:\/\/secure.gravatar.com\/avatar\/e0a867bdedb85fd243eadf09663511f96fc81e0720a4a42581f334ad4303aa6b?s=96&d=mm&r=g","caption":"Reda\u00e7\u00e3o"}}]}},"amp_enabled":true,"_links":{"self":[{"href":"https:\/\/www.notibras.com\/site\/wp-json\/wp\/v2\/posts\/90412","targetHints":{"allow":["GET"]}}],"collection":[{"href":"https:\/\/www.notibras.com\/site\/wp-json\/wp\/v2\/posts"}],"about":[{"href":"https:\/\/www.notibras.com\/site\/wp-json\/wp\/v2\/types\/post"}],"author":[{"embeddable":true,"href":"https:\/\/www.notibras.com\/site\/wp-json\/wp\/v2\/users\/2"}],"replies":[{"embeddable":true,"href":"https:\/\/www.notibras.com\/site\/wp-json\/wp\/v2\/comments?post=90412"}],"version-history":[{"count":4,"href":"https:\/\/www.notibras.com\/site\/wp-json\/wp\/v2\/posts\/90412\/revisions"}],"predecessor-version":[{"id":90417,"href":"https:\/\/www.notibras.com\/site\/wp-json\/wp\/v2\/posts\/90412\/revisions\/90417"}],"wp:featuredmedia":[{"embeddable":true,"href":"https:\/\/www.notibras.com\/site\/wp-json\/wp\/v2\/media\/90413"}],"wp:attachment":[{"href":"https:\/\/www.notibras.com\/site\/wp-json\/wp\/v2\/media?parent=90412"}],"wp:term":[{"taxonomy":"category","embeddable":true,"href":"https:\/\/www.notibras.com\/site\/wp-json\/wp\/v2\/categories?post=90412"},{"taxonomy":"post_tag","embeddable":true,"href":"https:\/\/www.notibras.com\/site\/wp-json\/wp\/v2\/tags?post=90412"}],"curies":[{"name":"wp","href":"https:\/\/api.w.org\/{rel}","templated":true}]}}