{"id":90545,"date":"2016-02-23T08:34:29","date_gmt":"2016-02-23T11:34:29","guid":{"rendered":"http:\/\/www.notibras.com\/site\/?p=90545"},"modified":"2016-02-23T11:37:45","modified_gmt":"2016-02-23T14:37:45","slug":"moro-reage-a-ataques-de-desafetos-e-diz-que-propina-compromete-nossa-democracia","status":"publish","type":"post","link":"https:\/\/www.notibras.com\/site\/moro-reage-a-ataques-de-desafetos-e-diz-que-propina-compromete-nossa-democracia\/","title":{"rendered":"Moro reage a ataques de desafetos e diz que propina compromete nossa democracia"},"content":{"rendered":"<h6 class=\"Assina\"><strong>Ricardo Brandt, Andreza Matais e Fausto Macedo<\/strong><\/h6>\n<h6 class=\"Assina\">O juiz federal S\u00e9rgio Moro rebateu com veem\u00eancia as cr\u00edticas que a Opera\u00e7\u00e3o Lava Jato tem recebido de advogados e juristas, inclusive defensores de investigados e r\u00e9us em a\u00e7\u00f5es penais sobre o esquema de propinas e corrup\u00e7\u00e3o instalado na Petrobras entre 2004 e 2014.<\/p>\n<p>&#8220;Excepcional n\u00e3o \u00e9 a pris\u00e3o cautelar, mas o grau de deteriora\u00e7\u00e3o da coisa p\u00fablica revelada pelos processos na Opera\u00e7\u00e3o Lava Jato, com preju\u00edzos j\u00e1 assumidos de cerca de seis bilh\u00f5es de reais somente pela Petrobras e a possibilidade, segundo investiga\u00e7\u00f5es em curso no Supremo Tribunal Federal, de que os desvios tenham sido utilizados para pagamento de propina a dezenas de parlamentares, comprometendo a pr\u00f3pria qualidade de nossa democracia&#8221;, escreveu Moro no despacho em que mandou prender o publicit\u00e1rio Jo\u00e3o Santana, marqueteiro do ex-presidente Lula e da presidente Dilma.<\/p>\n<p>Moro autorizou nesta segunda-feira, 22, a deflagra\u00e7\u00e3o da Opera\u00e7\u00e3o Acaraj\u00e9, 23\u00aa fase da Lava Jato, que mira em Santana. O marqueteiro estava trabalhando na campanha de reelei\u00e7\u00e3o presidencial na Rep\u00fablica Dominicana. Jo\u00e3o Santana desembarcou no aeroporto de Guarulhos, em S\u00e3o Paulo, por volta das 9h25 do voo vindo de Punta Cana.<\/p>\n<p>Em sua decis\u00e3o, Moro assinalou que &#8220;a Opera\u00e7\u00e3o Lava Jato identificou elementos probat\u00f3rios que apontam para um quadro de corrup\u00e7\u00e3o sist\u00eamica, nos quais ajustes fraudulentos para obten\u00e7\u00e3o de contratos p\u00fablicos e o pagamento de propinas a agentes p\u00fablicos, a agentes pol\u00edticos e a partidos pol\u00edticos, bem como o recebimento delas por estes, passaram a ser pagas como rotina e encaradas pelos participantes como a regra do jogo, algo natural e n\u00e3o anormal&#8221;.<\/p>\n<p>O juiz apontou para os cr\u00edticos da Lava Jato que t\u00eam condenado publicamente o que chamam de &#8220;excesso de pris\u00f5es&#8221;.<\/p>\n<p>&#8220;Embora as pris\u00f5es cautelares decretadas recebam pontualmente cr\u00edticas, o fato \u00e9 que, se a corrup\u00e7\u00e3o \u00e9 sist\u00eamica e profunda, imp\u00f5e-se a pris\u00e3o preventiva para debel\u00e1-la, sob pena de agravamento progressivo do quadro criminoso. Se os custos do enfrentamento hoje s\u00e3o grandes, certamente ser\u00e3o maiores no futuro. O Pa\u00eds j\u00e1 paga, atualmente, um pre\u00e7o elevado, com v\u00e1rias autoridades p\u00fablicas denunciadas ou investigadas em esquemas de corrup\u00e7\u00e3o, minando a confian\u00e7a na regra da lei e na democracia. Impor a pris\u00e3o preventiva em um quadro de fraudes, corrup\u00e7\u00e3o, lavagem e evas\u00e3o fraudulenta sist\u00eamica \u00e9 aplica\u00e7\u00e3o ortodoxa da lei processual penal.&#8221;<\/h6>\n<p><img loading=\"lazy\" decoding=\"async\" class=\"alignnone size-full wp-image-70065\" src=\"http:\/\/www.notibras.com\/site\/wp-content\/uploads\/2015\/10\/estadao.png\" alt=\"estadao\" width=\"99\" height=\"16\" \/><\/p>\n","protected":false},"excerpt":{"rendered":"<p>Ricardo Brandt, Andreza Matais e Fausto Macedo O juiz federal S\u00e9rgio Moro rebateu com veem\u00eancia as cr\u00edticas que a Opera\u00e7\u00e3o Lava Jato tem recebido de advogados e juristas, inclusive defensores de investigados e r\u00e9us em a\u00e7\u00f5es penais sobre o esquema de propinas e corrup\u00e7\u00e3o instalado na Petrobras entre 2004 e 2014. &#8220;Excepcional n\u00e3o \u00e9 a [&hellip;]<\/p>\n","protected":false},"author":2,"featured_media":90546,"comment_status":"open","ping_status":"closed","sticky":false,"template":"","format":"standard","meta":{"_acf_changed":false,"footnotes":""},"categories":[16],"tags":[],"class_list":["post-90545","post","type-post","status-publish","format-standard","has-post-thumbnail","hentry","category-brasil"],"acf":[],"yoast_head":"<!-- This site is optimized with the Yoast SEO plugin v27.5 - https:\/\/yoast.com\/product\/yoast-seo-wordpress\/ -->\n<title>Moro reage a ataques de desafetos e diz que propina compromete nossa democracia - Notibras<\/title>\n<meta name=\"robots\" content=\"index, follow, max-snippet:-1, max-image-preview:large, max-video-preview:-1\" \/>\n<link rel=\"canonical\" href=\"https:\/\/www.notibras.com\/site\/moro-reage-a-ataques-de-desafetos-e-diz-que-propina-compromete-nossa-democracia\/\" \/>\n<meta property=\"og:locale\" content=\"pt_BR\" \/>\n<meta property=\"og:type\" content=\"article\" \/>\n<meta property=\"og:title\" content=\"Moro reage a ataques de desafetos e diz que propina compromete nossa democracia - Notibras\" \/>\n<meta property=\"og:description\" content=\"Ricardo Brandt, Andreza Matais e Fausto Macedo O juiz federal S\u00e9rgio Moro rebateu com veem\u00eancia as cr\u00edticas que a Opera\u00e7\u00e3o Lava Jato tem recebido de advogados e juristas, inclusive defensores de investigados e r\u00e9us em a\u00e7\u00f5es penais sobre o esquema de propinas e corrup\u00e7\u00e3o instalado na Petrobras entre 2004 e 2014. &#8220;Excepcional n\u00e3o \u00e9 a [&hellip;]\" \/>\n<meta property=\"og:url\" content=\"https:\/\/www.notibras.com\/site\/moro-reage-a-ataques-de-desafetos-e-diz-que-propina-compromete-nossa-democracia\/\" \/>\n<meta property=\"og:site_name\" content=\"Notibras\" \/>\n<meta property=\"article:publisher\" content=\"https:\/\/www.facebook.com\/notibras\/\" \/>\n<meta property=\"article:published_time\" content=\"2016-02-23T11:34:29+00:00\" \/>\n<meta property=\"article:modified_time\" content=\"2016-02-23T14:37:45+00:00\" \/>\n<meta property=\"og:image\" content=\"https:\/\/www.notibras.com\/site\/wp-content\/uploads\/2016\/02\/o_juiz_federal_sergio_moro.jpg\" \/>\n\t<meta property=\"og:image:width\" content=\"645\" \/>\n\t<meta property=\"og:image:height\" content=\"388\" \/>\n\t<meta property=\"og:image:type\" content=\"image\/jpeg\" \/>\n<meta name=\"author\" content=\"Reda\u00e7\u00e3o\" \/>\n<meta name=\"twitter:card\" content=\"summary_large_image\" \/>\n<meta name=\"twitter:creator\" content=\"@Notibras\" \/>\n<meta name=\"twitter:site\" content=\"@Notibras\" \/>\n<meta name=\"twitter:label1\" content=\"Escrito por\" \/>\n\t<meta name=\"twitter:data1\" content=\"Reda\u00e7\u00e3o\" \/>\n\t<meta name=\"twitter:label2\" content=\"Est. tempo de leitura\" \/>\n\t<meta name=\"twitter:data2\" content=\"2 minutos\" \/>\n<script type=\"application\/ld+json\" class=\"yoast-schema-graph\">{\"@context\":\"https:\\\/\\\/schema.org\",\"@graph\":[{\"@type\":\"Article\",\"@id\":\"https:\\\/\\\/www.notibras.com\\\/site\\\/moro-reage-a-ataques-de-desafetos-e-diz-que-propina-compromete-nossa-democracia\\\/#article\",\"isPartOf\":{\"@id\":\"https:\\\/\\\/www.notibras.com\\\/site\\\/moro-reage-a-ataques-de-desafetos-e-diz-que-propina-compromete-nossa-democracia\\\/\"},\"author\":{\"name\":\"Reda\u00e7\u00e3o\",\"@id\":\"https:\\\/\\\/www.notibras.com\\\/site\\\/#\\\/schema\\\/person\\\/36ab0979449956132d3e5b517ea76ac8\"},\"headline\":\"Moro reage a ataques de desafetos e diz que propina compromete nossa democracia\",\"datePublished\":\"2016-02-23T11:34:29+00:00\",\"dateModified\":\"2016-02-23T14:37:45+00:00\",\"mainEntityOfPage\":{\"@id\":\"https:\\\/\\\/www.notibras.com\\\/site\\\/moro-reage-a-ataques-de-desafetos-e-diz-que-propina-compromete-nossa-democracia\\\/\"},\"wordCount\":442,\"commentCount\":0,\"publisher\":{\"@id\":\"https:\\\/\\\/www.notibras.com\\\/site\\\/#organization\"},\"image\":{\"@id\":\"https:\\\/\\\/www.notibras.com\\\/site\\\/moro-reage-a-ataques-de-desafetos-e-diz-que-propina-compromete-nossa-democracia\\\/#primaryimage\"},\"thumbnailUrl\":\"https:\\\/\\\/www.notibras.com\\\/site\\\/wp-content\\\/uploads\\\/2016\\\/02\\\/o_juiz_federal_sergio_moro.jpg\",\"articleSection\":[\"Brasil\"],\"inLanguage\":\"pt-BR\",\"potentialAction\":[{\"@type\":\"CommentAction\",\"name\":\"Comment\",\"target\":[\"https:\\\/\\\/www.notibras.com\\\/site\\\/moro-reage-a-ataques-de-desafetos-e-diz-que-propina-compromete-nossa-democracia\\\/#respond\"]}]},{\"@type\":\"WebPage\",\"@id\":\"https:\\\/\\\/www.notibras.com\\\/site\\\/moro-reage-a-ataques-de-desafetos-e-diz-que-propina-compromete-nossa-democracia\\\/\",\"url\":\"https:\\\/\\\/www.notibras.com\\\/site\\\/moro-reage-a-ataques-de-desafetos-e-diz-que-propina-compromete-nossa-democracia\\\/\",\"name\":\"Moro reage a ataques de desafetos e diz que propina compromete nossa democracia - Notibras\",\"isPartOf\":{\"@id\":\"https:\\\/\\\/www.notibras.com\\\/site\\\/#website\"},\"primaryImageOfPage\":{\"@id\":\"https:\\\/\\\/www.notibras.com\\\/site\\\/moro-reage-a-ataques-de-desafetos-e-diz-que-propina-compromete-nossa-democracia\\\/#primaryimage\"},\"image\":{\"@id\":\"https:\\\/\\\/www.notibras.com\\\/site\\\/moro-reage-a-ataques-de-desafetos-e-diz-que-propina-compromete-nossa-democracia\\\/#primaryimage\"},\"thumbnailUrl\":\"https:\\\/\\\/www.notibras.com\\\/site\\\/wp-content\\\/uploads\\\/2016\\\/02\\\/o_juiz_federal_sergio_moro.jpg\",\"datePublished\":\"2016-02-23T11:34:29+00:00\",\"dateModified\":\"2016-02-23T14:37:45+00:00\",\"breadcrumb\":{\"@id\":\"https:\\\/\\\/www.notibras.com\\\/site\\\/moro-reage-a-ataques-de-desafetos-e-diz-que-propina-compromete-nossa-democracia\\\/#breadcrumb\"},\"inLanguage\":\"pt-BR\",\"potentialAction\":[{\"@type\":\"ReadAction\",\"target\":[\"https:\\\/\\\/www.notibras.com\\\/site\\\/moro-reage-a-ataques-de-desafetos-e-diz-que-propina-compromete-nossa-democracia\\\/\"]}]},{\"@type\":\"ImageObject\",\"inLanguage\":\"pt-BR\",\"@id\":\"https:\\\/\\\/www.notibras.com\\\/site\\\/moro-reage-a-ataques-de-desafetos-e-diz-que-propina-compromete-nossa-democracia\\\/#primaryimage\",\"url\":\"https:\\\/\\\/www.notibras.com\\\/site\\\/wp-content\\\/uploads\\\/2016\\\/02\\\/o_juiz_federal_sergio_moro.jpg\",\"contentUrl\":\"https:\\\/\\\/www.notibras.com\\\/site\\\/wp-content\\\/uploads\\\/2016\\\/02\\\/o_juiz_federal_sergio_moro.jpg\",\"width\":645,\"height\":388},{\"@type\":\"BreadcrumbList\",\"@id\":\"https:\\\/\\\/www.notibras.com\\\/site\\\/moro-reage-a-ataques-de-desafetos-e-diz-que-propina-compromete-nossa-democracia\\\/#breadcrumb\",\"itemListElement\":[{\"@type\":\"ListItem\",\"position\":1,\"name\":\"In\u00edcio\",\"item\":\"https:\\\/\\\/www.notibras.com\\\/site\\\/\"},{\"@type\":\"ListItem\",\"position\":2,\"name\":\"Moro reage a ataques de desafetos e diz que propina compromete nossa democracia\"}]},{\"@type\":\"WebSite\",\"@id\":\"https:\\\/\\\/www.notibras.com\\\/site\\\/#website\",\"url\":\"https:\\\/\\\/www.notibras.com\\\/site\\\/\",\"name\":\"Notibras\",\"description\":\"Not\u00edcias de Bras\u00edlia, do Brasil e do Mundo\",\"publisher\":{\"@id\":\"https:\\\/\\\/www.notibras.com\\\/site\\\/#organization\"},\"potentialAction\":[{\"@type\":\"SearchAction\",\"target\":{\"@type\":\"EntryPoint\",\"urlTemplate\":\"https:\\\/\\\/www.notibras.com\\\/site\\\/?s={search_term_string}\"},\"query-input\":{\"@type\":\"PropertyValueSpecification\",\"valueRequired\":true,\"valueName\":\"search_term_string\"}}],\"inLanguage\":\"pt-BR\"},{\"@type\":\"Organization\",\"@id\":\"https:\\\/\\\/www.notibras.com\\\/site\\\/#organization\",\"name\":\"Grupo Notibras de Comunica\u00e7\u00e3o\",\"url\":\"https:\\\/\\\/www.notibras.com\\\/site\\\/\",\"logo\":{\"@type\":\"ImageObject\",\"inLanguage\":\"pt-BR\",\"@id\":\"https:\\\/\\\/www.notibras.com\\\/site\\\/#\\\/schema\\\/logo\\\/image\\\/\",\"url\":\"https:\\\/\\\/www.notibras.com\\\/site\\\/wp-content\\\/uploads\\\/2023\\\/01\\\/notibras23.png\",\"contentUrl\":\"https:\\\/\\\/www.notibras.com\\\/site\\\/wp-content\\\/uploads\\\/2023\\\/01\\\/notibras23.png\",\"width\":350,\"height\":87,\"caption\":\"Grupo Notibras de Comunica\u00e7\u00e3o\"},\"image\":{\"@id\":\"https:\\\/\\\/www.notibras.com\\\/site\\\/#\\\/schema\\\/logo\\\/image\\\/\"},\"sameAs\":[\"https:\\\/\\\/www.facebook.com\\\/notibras\\\/\",\"https:\\\/\\\/x.com\\\/Notibras\",\"https:\\\/\\\/www.instagram.com\\\/notibras\\\/\"]},{\"@type\":\"Person\",\"@id\":\"https:\\\/\\\/www.notibras.com\\\/site\\\/#\\\/schema\\\/person\\\/36ab0979449956132d3e5b517ea76ac8\",\"name\":\"Reda\u00e7\u00e3o\",\"image\":{\"@type\":\"ImageObject\",\"inLanguage\":\"pt-BR\",\"@id\":\"https:\\\/\\\/secure.gravatar.com\\\/avatar\\\/e0a867bdedb85fd243eadf09663511f96fc81e0720a4a42581f334ad4303aa6b?s=96&d=mm&r=g\",\"url\":\"https:\\\/\\\/secure.gravatar.com\\\/avatar\\\/e0a867bdedb85fd243eadf09663511f96fc81e0720a4a42581f334ad4303aa6b?s=96&d=mm&r=g\",\"contentUrl\":\"https:\\\/\\\/secure.gravatar.com\\\/avatar\\\/e0a867bdedb85fd243eadf09663511f96fc81e0720a4a42581f334ad4303aa6b?s=96&d=mm&r=g\",\"caption\":\"Reda\u00e7\u00e3o\"}}]}<\/script>\n<!-- \/ Yoast SEO plugin. -->","yoast_head_json":{"title":"Moro reage a ataques de desafetos e diz que propina compromete nossa democracia - Notibras","robots":{"index":"index","follow":"follow","max-snippet":"max-snippet:-1","max-image-preview":"max-image-preview:large","max-video-preview":"max-video-preview:-1"},"canonical":"https:\/\/www.notibras.com\/site\/moro-reage-a-ataques-de-desafetos-e-diz-que-propina-compromete-nossa-democracia\/","og_locale":"pt_BR","og_type":"article","og_title":"Moro reage a ataques de desafetos e diz que propina compromete nossa democracia - Notibras","og_description":"Ricardo Brandt, Andreza Matais e Fausto Macedo O juiz federal S\u00e9rgio Moro rebateu com veem\u00eancia as cr\u00edticas que a Opera\u00e7\u00e3o Lava Jato tem recebido de advogados e juristas, inclusive defensores de investigados e r\u00e9us em a\u00e7\u00f5es penais sobre o esquema de propinas e corrup\u00e7\u00e3o instalado na Petrobras entre 2004 e 2014. &#8220;Excepcional n\u00e3o \u00e9 a [&hellip;]","og_url":"https:\/\/www.notibras.com\/site\/moro-reage-a-ataques-de-desafetos-e-diz-que-propina-compromete-nossa-democracia\/","og_site_name":"Notibras","article_publisher":"https:\/\/www.facebook.com\/notibras\/","article_published_time":"2016-02-23T11:34:29+00:00","article_modified_time":"2016-02-23T14:37:45+00:00","og_image":[{"width":645,"height":388,"url":"https:\/\/www.notibras.com\/site\/wp-content\/uploads\/2016\/02\/o_juiz_federal_sergio_moro.jpg","type":"image\/jpeg"}],"author":"Reda\u00e7\u00e3o","twitter_card":"summary_large_image","twitter_creator":"@Notibras","twitter_site":"@Notibras","twitter_misc":{"Escrito por":"Reda\u00e7\u00e3o","Est. tempo de leitura":"2 minutos"},"schema":{"@context":"https:\/\/schema.org","@graph":[{"@type":"Article","@id":"https:\/\/www.notibras.com\/site\/moro-reage-a-ataques-de-desafetos-e-diz-que-propina-compromete-nossa-democracia\/#article","isPartOf":{"@id":"https:\/\/www.notibras.com\/site\/moro-reage-a-ataques-de-desafetos-e-diz-que-propina-compromete-nossa-democracia\/"},"author":{"name":"Reda\u00e7\u00e3o","@id":"https:\/\/www.notibras.com\/site\/#\/schema\/person\/36ab0979449956132d3e5b517ea76ac8"},"headline":"Moro reage a ataques de desafetos e diz que propina compromete nossa democracia","datePublished":"2016-02-23T11:34:29+00:00","dateModified":"2016-02-23T14:37:45+00:00","mainEntityOfPage":{"@id":"https:\/\/www.notibras.com\/site\/moro-reage-a-ataques-de-desafetos-e-diz-que-propina-compromete-nossa-democracia\/"},"wordCount":442,"commentCount":0,"publisher":{"@id":"https:\/\/www.notibras.com\/site\/#organization"},"image":{"@id":"https:\/\/www.notibras.com\/site\/moro-reage-a-ataques-de-desafetos-e-diz-que-propina-compromete-nossa-democracia\/#primaryimage"},"thumbnailUrl":"https:\/\/www.notibras.com\/site\/wp-content\/uploads\/2016\/02\/o_juiz_federal_sergio_moro.jpg","articleSection":["Brasil"],"inLanguage":"pt-BR","potentialAction":[{"@type":"CommentAction","name":"Comment","target":["https:\/\/www.notibras.com\/site\/moro-reage-a-ataques-de-desafetos-e-diz-que-propina-compromete-nossa-democracia\/#respond"]}]},{"@type":"WebPage","@id":"https:\/\/www.notibras.com\/site\/moro-reage-a-ataques-de-desafetos-e-diz-que-propina-compromete-nossa-democracia\/","url":"https:\/\/www.notibras.com\/site\/moro-reage-a-ataques-de-desafetos-e-diz-que-propina-compromete-nossa-democracia\/","name":"Moro reage a ataques de desafetos e diz que propina compromete nossa democracia - Notibras","isPartOf":{"@id":"https:\/\/www.notibras.com\/site\/#website"},"primaryImageOfPage":{"@id":"https:\/\/www.notibras.com\/site\/moro-reage-a-ataques-de-desafetos-e-diz-que-propina-compromete-nossa-democracia\/#primaryimage"},"image":{"@id":"https:\/\/www.notibras.com\/site\/moro-reage-a-ataques-de-desafetos-e-diz-que-propina-compromete-nossa-democracia\/#primaryimage"},"thumbnailUrl":"https:\/\/www.notibras.com\/site\/wp-content\/uploads\/2016\/02\/o_juiz_federal_sergio_moro.jpg","datePublished":"2016-02-23T11:34:29+00:00","dateModified":"2016-02-23T14:37:45+00:00","breadcrumb":{"@id":"https:\/\/www.notibras.com\/site\/moro-reage-a-ataques-de-desafetos-e-diz-que-propina-compromete-nossa-democracia\/#breadcrumb"},"inLanguage":"pt-BR","potentialAction":[{"@type":"ReadAction","target":["https:\/\/www.notibras.com\/site\/moro-reage-a-ataques-de-desafetos-e-diz-que-propina-compromete-nossa-democracia\/"]}]},{"@type":"ImageObject","inLanguage":"pt-BR","@id":"https:\/\/www.notibras.com\/site\/moro-reage-a-ataques-de-desafetos-e-diz-que-propina-compromete-nossa-democracia\/#primaryimage","url":"https:\/\/www.notibras.com\/site\/wp-content\/uploads\/2016\/02\/o_juiz_federal_sergio_moro.jpg","contentUrl":"https:\/\/www.notibras.com\/site\/wp-content\/uploads\/2016\/02\/o_juiz_federal_sergio_moro.jpg","width":645,"height":388},{"@type":"BreadcrumbList","@id":"https:\/\/www.notibras.com\/site\/moro-reage-a-ataques-de-desafetos-e-diz-que-propina-compromete-nossa-democracia\/#breadcrumb","itemListElement":[{"@type":"ListItem","position":1,"name":"In\u00edcio","item":"https:\/\/www.notibras.com\/site\/"},{"@type":"ListItem","position":2,"name":"Moro reage a ataques de desafetos e diz que propina compromete nossa democracia"}]},{"@type":"WebSite","@id":"https:\/\/www.notibras.com\/site\/#website","url":"https:\/\/www.notibras.com\/site\/","name":"Notibras","description":"Not\u00edcias de Bras\u00edlia, do Brasil e do Mundo","publisher":{"@id":"https:\/\/www.notibras.com\/site\/#organization"},"potentialAction":[{"@type":"SearchAction","target":{"@type":"EntryPoint","urlTemplate":"https:\/\/www.notibras.com\/site\/?s={search_term_string}"},"query-input":{"@type":"PropertyValueSpecification","valueRequired":true,"valueName":"search_term_string"}}],"inLanguage":"pt-BR"},{"@type":"Organization","@id":"https:\/\/www.notibras.com\/site\/#organization","name":"Grupo Notibras de Comunica\u00e7\u00e3o","url":"https:\/\/www.notibras.com\/site\/","logo":{"@type":"ImageObject","inLanguage":"pt-BR","@id":"https:\/\/www.notibras.com\/site\/#\/schema\/logo\/image\/","url":"https:\/\/www.notibras.com\/site\/wp-content\/uploads\/2023\/01\/notibras23.png","contentUrl":"https:\/\/www.notibras.com\/site\/wp-content\/uploads\/2023\/01\/notibras23.png","width":350,"height":87,"caption":"Grupo Notibras de Comunica\u00e7\u00e3o"},"image":{"@id":"https:\/\/www.notibras.com\/site\/#\/schema\/logo\/image\/"},"sameAs":["https:\/\/www.facebook.com\/notibras\/","https:\/\/x.com\/Notibras","https:\/\/www.instagram.com\/notibras\/"]},{"@type":"Person","@id":"https:\/\/www.notibras.com\/site\/#\/schema\/person\/36ab0979449956132d3e5b517ea76ac8","name":"Reda\u00e7\u00e3o","image":{"@type":"ImageObject","inLanguage":"pt-BR","@id":"https:\/\/secure.gravatar.com\/avatar\/e0a867bdedb85fd243eadf09663511f96fc81e0720a4a42581f334ad4303aa6b?s=96&d=mm&r=g","url":"https:\/\/secure.gravatar.com\/avatar\/e0a867bdedb85fd243eadf09663511f96fc81e0720a4a42581f334ad4303aa6b?s=96&d=mm&r=g","contentUrl":"https:\/\/secure.gravatar.com\/avatar\/e0a867bdedb85fd243eadf09663511f96fc81e0720a4a42581f334ad4303aa6b?s=96&d=mm&r=g","caption":"Reda\u00e7\u00e3o"}}]}},"amp_enabled":true,"_links":{"self":[{"href":"https:\/\/www.notibras.com\/site\/wp-json\/wp\/v2\/posts\/90545","targetHints":{"allow":["GET"]}}],"collection":[{"href":"https:\/\/www.notibras.com\/site\/wp-json\/wp\/v2\/posts"}],"about":[{"href":"https:\/\/www.notibras.com\/site\/wp-json\/wp\/v2\/types\/post"}],"author":[{"embeddable":true,"href":"https:\/\/www.notibras.com\/site\/wp-json\/wp\/v2\/users\/2"}],"replies":[{"embeddable":true,"href":"https:\/\/www.notibras.com\/site\/wp-json\/wp\/v2\/comments?post=90545"}],"version-history":[{"count":1,"href":"https:\/\/www.notibras.com\/site\/wp-json\/wp\/v2\/posts\/90545\/revisions"}],"predecessor-version":[{"id":90547,"href":"https:\/\/www.notibras.com\/site\/wp-json\/wp\/v2\/posts\/90545\/revisions\/90547"}],"wp:featuredmedia":[{"embeddable":true,"href":"https:\/\/www.notibras.com\/site\/wp-json\/wp\/v2\/media\/90546"}],"wp:attachment":[{"href":"https:\/\/www.notibras.com\/site\/wp-json\/wp\/v2\/media?parent=90545"}],"wp:term":[{"taxonomy":"category","embeddable":true,"href":"https:\/\/www.notibras.com\/site\/wp-json\/wp\/v2\/categories?post=90545"},{"taxonomy":"post_tag","embeddable":true,"href":"https:\/\/www.notibras.com\/site\/wp-json\/wp\/v2\/tags?post=90545"}],"curies":[{"name":"wp","href":"https:\/\/api.w.org\/{rel}","templated":true}]}}