{"id":9076,"date":"2014-05-10T21:49:34","date_gmt":"2014-05-11T00:49:34","guid":{"rendered":"http:\/\/www.notibras.com\/site\/?p=9076"},"modified":"2014-05-10T21:49:34","modified_gmt":"2014-05-11T00:49:34","slug":"inter-passa-pelo-furacao-com-beira-rio-cheio-em-clima-de-copa","status":"publish","type":"post","link":"https:\/\/www.notibras.com\/site\/inter-passa-pelo-furacao-com-beira-rio-cheio-em-clima-de-copa\/","title":{"rendered":"Inter passa pelo Furac\u00e3o com Beira-Rio cheio em clima de Copa"},"content":{"rendered":"<p>No maior e \u00faltimo evento-teste para a Copa do Mundo de 2014 no Est\u00e1dio Beira-Rio, em Porto Alegre, o Internacional levou a melhor e derrotou o Atl\u00e9tico-PR de virada. Com parte dos protocolos da Fifa em andamento e em clima de Mundial, o time comandado por Abel Braga venceu por 2 a 1 para se manter na lideran\u00e7a do Campeonato Brasileiro.<\/p>\n<p class=\"text\">Com isso, o time ga\u00facho chega aos dez pontos e pode se isolar na ponta da classifica\u00e7\u00e3o. Isso porque a lideran\u00e7a era dividida com o Goi\u00e1s, que perdeu para o Palmeiras neste s\u00e1bado, com o\u00a0Corinthians, que entra em campo no domingo contra o S\u00e3o Paulo, e Cruzeiro, que tamb\u00e9m faz cl\u00e1ssico regional contra o Atl\u00e9tico-PR. J\u00e1 o Atl\u00e9tico-PR soma 4 pontos e ocupa a 13\u00aa coloca\u00e7\u00e3o.<\/p>\n<p class=\"text\">O Internacional fez, neste s\u00e1bado, seu \u00faltimo jogo no Beira-Rio antes da Copa do Mundo. O confronto com o Atl\u00e9tico-PR serviu de evento-teste principal para o evento e contou com parte dos protocolos da Fifa que ser\u00e3o utilizados no Mundial. At\u00e9 a pausa no Campeonato Brasileiro, o clube deve mandar suas partidas em Caxias do Sul.<\/p>\n<p class=\"text\">Na pr\u00f3xima rodada, o Internacional joga fora de casa: pega o Crici\u00fama no Est\u00e1dio Heriberto Hulse, \u00e0s 18h30 (de Bras\u00edlia) do domingo. Um dia antes, no s\u00e1bado, o Atl\u00e9tico-PR pega a Chapecoense \u00e0s 21h. Essa partida ser\u00e1 realizada no Est\u00e1dio Willie Davids, em Maring\u00e1, porque a Arena da Baixada tamb\u00e9m foi entregue \u00e0 Fifa e vai sediar a Copa do Mundo.<\/p>\n<p class=\"text\">O primeiro tempo no Beira-Rio foi do Internacional, que tentou pressionar os atleticanos, apesar de esbarrar em falhas no sistema ofensivo. Chamou a aten\u00e7\u00e3o o n\u00famero elevado de lances de impedimento: seis em apenas 45 minutos, minando as tentativas de enfiada de bola. O Atl\u00e9tico-PR n\u00e3o conseguiu chutar ao gol, enquanto o Inter teve seis finaliza\u00e7\u00f5es, mas nenhuma chance clara.<\/p>\n<p class=\"text\">Ap\u00f3s o intervalo, o anfitri\u00e3o acabou surpreendido aos 6min, quando Marcelo tentou toque dentro da \u00e1rea e o zagueiro Ernando se esticou para fazer o corte. A bola acabou tocada fraca demais e sobrou para Marcos Guilherme avan\u00e7ar e tocar no canto do goleiro Dida, inaugurando o marcador a favor do Atl\u00e9tico-PR. O Internacional, no entanto, n\u00e3o deixou barato e levou apenas tr\u00eas minutos para empatar.<\/p>\n<p class=\"text\">Aos 9min, Alan Patrick rolou para D\u2019Alessandro bater cruzado da entrada da \u00e1rea e acertar o canto direito de Wewerton, igualando o placar. O Inter ent\u00e3o apostou nos chutes de m\u00e9dia e longa dist\u00e2ncia, e isso deu resultado. Aos 21min, Alex quase marcou, mas Wewerton defendeu. Aos 22min, Alan Patrick tabelou com Rafael Moura na entrada da \u00e1rea e acertou o \u00e2ngulo, virando o marcador.<\/p>\n<p class=\"text\">O Inter ainda levou perigo em chutes de Rafael Moura, aos 24min, e Alan Patrick, aos 29min, ambos bem defendidos pelo goleiro atleticano. A equipe esteve constantemente \u00e0 merc\u00ea do Atl\u00e9tico-PR, que, no entanto, n\u00e3o teve for\u00e7a ofensiva, principalmente depois da sa\u00edda do atacante Marcelo, no in\u00edcio da etapa final, por les\u00e3o. Os minutos finais foram de emo\u00e7\u00e3o, com idas constantes do goleiro Wewerton para tentar cabeceio na \u00e1rea do Inter, mas n\u00e3o evitaram a derrota atleticana.<\/p>\n<p class=\"text\">\n","protected":false},"excerpt":{"rendered":"<p>No maior e \u00faltimo evento-teste para a Copa do Mundo de 2014 no Est\u00e1dio Beira-Rio, em Porto Alegre, o Internacional levou a melhor e derrotou o Atl\u00e9tico-PR de virada. Com parte dos protocolos da Fifa em andamento e em clima de Mundial, o time comandado por Abel Braga venceu por 2 a 1 para se [&hellip;]<\/p>\n","protected":false},"author":2,"featured_media":9077,"comment_status":"open","ping_status":"closed","sticky":false,"template":"","format":"standard","meta":{"_acf_changed":false,"footnotes":""},"categories":[19,29],"tags":[],"class_list":["post-9076","post","type-post","status-publish","format-standard","has-post-thumbnail","hentry","category-esportes","category-futebol"],"acf":[],"yoast_head":"<!-- This site is optimized with the Yoast SEO plugin v27.2 - https:\/\/yoast.com\/product\/yoast-seo-wordpress\/ -->\n<title>Inter passa pelo Furac\u00e3o com Beira-Rio cheio em clima de Copa - Notibras<\/title>\n<meta name=\"robots\" content=\"index, follow, max-snippet:-1, max-image-preview:large, max-video-preview:-1\" \/>\n<link rel=\"canonical\" href=\"https:\/\/www.notibras.com\/site\/inter-passa-pelo-furacao-com-beira-rio-cheio-em-clima-de-copa\/\" \/>\n<meta property=\"og:locale\" content=\"pt_BR\" \/>\n<meta property=\"og:type\" content=\"article\" \/>\n<meta property=\"og:title\" content=\"Inter passa pelo Furac\u00e3o com Beira-Rio cheio em clima de Copa - Notibras\" \/>\n<meta property=\"og:description\" content=\"No maior e \u00faltimo evento-teste para a Copa do Mundo de 2014 no Est\u00e1dio Beira-Rio, em Porto Alegre, o Internacional levou a melhor e derrotou o Atl\u00e9tico-PR de virada. Com parte dos protocolos da Fifa em andamento e em clima de Mundial, o time comandado por Abel Braga venceu por 2 a 1 para se [&hellip;]\" \/>\n<meta property=\"og:url\" content=\"https:\/\/www.notibras.com\/site\/inter-passa-pelo-furacao-com-beira-rio-cheio-em-clima-de-copa\/\" \/>\n<meta property=\"og:site_name\" content=\"Notibras\" \/>\n<meta property=\"article:publisher\" content=\"https:\/\/www.facebook.com\/notibras\/\" \/>\n<meta property=\"article:published_time\" content=\"2014-05-11T00:49:34+00:00\" \/>\n<meta property=\"og:image\" content=\"https:\/\/www.notibras.com\/site\/wp-content\/uploads\/2014\/05\/esp41.jpg\" \/>\n\t<meta property=\"og:image:width\" content=\"460\" \/>\n\t<meta property=\"og:image:height\" content=\"340\" \/>\n\t<meta property=\"og:image:type\" content=\"image\/jpeg\" \/>\n<meta name=\"author\" content=\"Reda\u00e7\u00e3o\" \/>\n<meta name=\"twitter:card\" content=\"summary_large_image\" \/>\n<meta name=\"twitter:creator\" content=\"@Notibras\" \/>\n<meta name=\"twitter:site\" content=\"@Notibras\" \/>\n<meta name=\"twitter:label1\" content=\"Escrito por\" \/>\n\t<meta name=\"twitter:data1\" content=\"Reda\u00e7\u00e3o\" \/>\n\t<meta name=\"twitter:label2\" content=\"Est. tempo de leitura\" \/>\n\t<meta name=\"twitter:data2\" content=\"3 minutos\" \/>\n<script type=\"application\/ld+json\" class=\"yoast-schema-graph\">{\"@context\":\"https:\/\/schema.org\",\"@graph\":[{\"@type\":\"Article\",\"@id\":\"https:\/\/www.notibras.com\/site\/inter-passa-pelo-furacao-com-beira-rio-cheio-em-clima-de-copa\/#article\",\"isPartOf\":{\"@id\":\"https:\/\/www.notibras.com\/site\/inter-passa-pelo-furacao-com-beira-rio-cheio-em-clima-de-copa\/\"},\"author\":{\"name\":\"Reda\u00e7\u00e3o\",\"@id\":\"https:\/\/www.notibras.com\/site\/#\/schema\/person\/36ab0979449956132d3e5b517ea76ac8\"},\"headline\":\"Inter passa pelo Furac\u00e3o com Beira-Rio cheio em clima de Copa\",\"datePublished\":\"2014-05-11T00:49:34+00:00\",\"mainEntityOfPage\":{\"@id\":\"https:\/\/www.notibras.com\/site\/inter-passa-pelo-furacao-com-beira-rio-cheio-em-clima-de-copa\/\"},\"wordCount\":565,\"commentCount\":0,\"publisher\":{\"@id\":\"https:\/\/www.notibras.com\/site\/#organization\"},\"image\":{\"@id\":\"https:\/\/www.notibras.com\/site\/inter-passa-pelo-furacao-com-beira-rio-cheio-em-clima-de-copa\/#primaryimage\"},\"thumbnailUrl\":\"https:\/\/www.notibras.com\/site\/wp-content\/uploads\/2014\/05\/esp41.jpg\",\"articleSection\":[\"Esportes\",\"Futebol\"],\"inLanguage\":\"pt-BR\",\"potentialAction\":[{\"@type\":\"CommentAction\",\"name\":\"Comment\",\"target\":[\"https:\/\/www.notibras.com\/site\/inter-passa-pelo-furacao-com-beira-rio-cheio-em-clima-de-copa\/#respond\"]}]},{\"@type\":\"WebPage\",\"@id\":\"https:\/\/www.notibras.com\/site\/inter-passa-pelo-furacao-com-beira-rio-cheio-em-clima-de-copa\/\",\"url\":\"https:\/\/www.notibras.com\/site\/inter-passa-pelo-furacao-com-beira-rio-cheio-em-clima-de-copa\/\",\"name\":\"Inter passa pelo Furac\u00e3o com Beira-Rio cheio em clima de Copa - Notibras\",\"isPartOf\":{\"@id\":\"https:\/\/www.notibras.com\/site\/#website\"},\"primaryImageOfPage\":{\"@id\":\"https:\/\/www.notibras.com\/site\/inter-passa-pelo-furacao-com-beira-rio-cheio-em-clima-de-copa\/#primaryimage\"},\"image\":{\"@id\":\"https:\/\/www.notibras.com\/site\/inter-passa-pelo-furacao-com-beira-rio-cheio-em-clima-de-copa\/#primaryimage\"},\"thumbnailUrl\":\"https:\/\/www.notibras.com\/site\/wp-content\/uploads\/2014\/05\/esp41.jpg\",\"datePublished\":\"2014-05-11T00:49:34+00:00\",\"breadcrumb\":{\"@id\":\"https:\/\/www.notibras.com\/site\/inter-passa-pelo-furacao-com-beira-rio-cheio-em-clima-de-copa\/#breadcrumb\"},\"inLanguage\":\"pt-BR\",\"potentialAction\":[{\"@type\":\"ReadAction\",\"target\":[\"https:\/\/www.notibras.com\/site\/inter-passa-pelo-furacao-com-beira-rio-cheio-em-clima-de-copa\/\"]}]},{\"@type\":\"ImageObject\",\"inLanguage\":\"pt-BR\",\"@id\":\"https:\/\/www.notibras.com\/site\/inter-passa-pelo-furacao-com-beira-rio-cheio-em-clima-de-copa\/#primaryimage\",\"url\":\"https:\/\/www.notibras.com\/site\/wp-content\/uploads\/2014\/05\/esp41.jpg\",\"contentUrl\":\"https:\/\/www.notibras.com\/site\/wp-content\/uploads\/2014\/05\/esp41.jpg\",\"width\":460,\"height\":340},{\"@type\":\"BreadcrumbList\",\"@id\":\"https:\/\/www.notibras.com\/site\/inter-passa-pelo-furacao-com-beira-rio-cheio-em-clima-de-copa\/#breadcrumb\",\"itemListElement\":[{\"@type\":\"ListItem\",\"position\":1,\"name\":\"In\u00edcio\",\"item\":\"https:\/\/www.notibras.com\/site\/\"},{\"@type\":\"ListItem\",\"position\":2,\"name\":\"Inter passa pelo Furac\u00e3o com Beira-Rio cheio em clima de Copa\"}]},{\"@type\":\"WebSite\",\"@id\":\"https:\/\/www.notibras.com\/site\/#website\",\"url\":\"https:\/\/www.notibras.com\/site\/\",\"name\":\"Notibras\",\"description\":\"Not\u00edcias de Bras\u00edlia, do Brasil e do Mundo\",\"publisher\":{\"@id\":\"https:\/\/www.notibras.com\/site\/#organization\"},\"potentialAction\":[{\"@type\":\"SearchAction\",\"target\":{\"@type\":\"EntryPoint\",\"urlTemplate\":\"https:\/\/www.notibras.com\/site\/?s={search_term_string}\"},\"query-input\":{\"@type\":\"PropertyValueSpecification\",\"valueRequired\":true,\"valueName\":\"search_term_string\"}}],\"inLanguage\":\"pt-BR\"},{\"@type\":\"Organization\",\"@id\":\"https:\/\/www.notibras.com\/site\/#organization\",\"name\":\"Grupo Notibras de Comunica\u00e7\u00e3o\",\"url\":\"https:\/\/www.notibras.com\/site\/\",\"logo\":{\"@type\":\"ImageObject\",\"inLanguage\":\"pt-BR\",\"@id\":\"https:\/\/www.notibras.com\/site\/#\/schema\/logo\/image\/\",\"url\":\"https:\/\/www.notibras.com\/site\/wp-content\/uploads\/2023\/01\/notibras23.png\",\"contentUrl\":\"https:\/\/www.notibras.com\/site\/wp-content\/uploads\/2023\/01\/notibras23.png\",\"width\":350,\"height\":87,\"caption\":\"Grupo Notibras de Comunica\u00e7\u00e3o\"},\"image\":{\"@id\":\"https:\/\/www.notibras.com\/site\/#\/schema\/logo\/image\/\"},\"sameAs\":[\"https:\/\/www.facebook.com\/notibras\/\",\"https:\/\/x.com\/Notibras\",\"https:\/\/www.instagram.com\/notibras\/\"]},{\"@type\":\"Person\",\"@id\":\"https:\/\/www.notibras.com\/site\/#\/schema\/person\/36ab0979449956132d3e5b517ea76ac8\",\"name\":\"Reda\u00e7\u00e3o\",\"image\":{\"@type\":\"ImageObject\",\"inLanguage\":\"pt-BR\",\"@id\":\"https:\/\/secure.gravatar.com\/avatar\/e0a867bdedb85fd243eadf09663511f96fc81e0720a4a42581f334ad4303aa6b?s=96&d=mm&r=g\",\"url\":\"https:\/\/secure.gravatar.com\/avatar\/e0a867bdedb85fd243eadf09663511f96fc81e0720a4a42581f334ad4303aa6b?s=96&d=mm&r=g\",\"contentUrl\":\"https:\/\/secure.gravatar.com\/avatar\/e0a867bdedb85fd243eadf09663511f96fc81e0720a4a42581f334ad4303aa6b?s=96&d=mm&r=g\",\"caption\":\"Reda\u00e7\u00e3o\"}}]}<\/script>\n<!-- \/ Yoast SEO plugin. -->","yoast_head_json":{"title":"Inter passa pelo Furac\u00e3o com Beira-Rio cheio em clima de Copa - Notibras","robots":{"index":"index","follow":"follow","max-snippet":"max-snippet:-1","max-image-preview":"max-image-preview:large","max-video-preview":"max-video-preview:-1"},"canonical":"https:\/\/www.notibras.com\/site\/inter-passa-pelo-furacao-com-beira-rio-cheio-em-clima-de-copa\/","og_locale":"pt_BR","og_type":"article","og_title":"Inter passa pelo Furac\u00e3o com Beira-Rio cheio em clima de Copa - Notibras","og_description":"No maior e \u00faltimo evento-teste para a Copa do Mundo de 2014 no Est\u00e1dio Beira-Rio, em Porto Alegre, o Internacional levou a melhor e derrotou o Atl\u00e9tico-PR de virada. Com parte dos protocolos da Fifa em andamento e em clima de Mundial, o time comandado por Abel Braga venceu por 2 a 1 para se [&hellip;]","og_url":"https:\/\/www.notibras.com\/site\/inter-passa-pelo-furacao-com-beira-rio-cheio-em-clima-de-copa\/","og_site_name":"Notibras","article_publisher":"https:\/\/www.facebook.com\/notibras\/","article_published_time":"2014-05-11T00:49:34+00:00","og_image":[{"width":460,"height":340,"url":"https:\/\/www.notibras.com\/site\/wp-content\/uploads\/2014\/05\/esp41.jpg","type":"image\/jpeg"}],"author":"Reda\u00e7\u00e3o","twitter_card":"summary_large_image","twitter_creator":"@Notibras","twitter_site":"@Notibras","twitter_misc":{"Escrito por":"Reda\u00e7\u00e3o","Est. tempo de leitura":"3 minutos"},"schema":{"@context":"https:\/\/schema.org","@graph":[{"@type":"Article","@id":"https:\/\/www.notibras.com\/site\/inter-passa-pelo-furacao-com-beira-rio-cheio-em-clima-de-copa\/#article","isPartOf":{"@id":"https:\/\/www.notibras.com\/site\/inter-passa-pelo-furacao-com-beira-rio-cheio-em-clima-de-copa\/"},"author":{"name":"Reda\u00e7\u00e3o","@id":"https:\/\/www.notibras.com\/site\/#\/schema\/person\/36ab0979449956132d3e5b517ea76ac8"},"headline":"Inter passa pelo Furac\u00e3o com Beira-Rio cheio em clima de Copa","datePublished":"2014-05-11T00:49:34+00:00","mainEntityOfPage":{"@id":"https:\/\/www.notibras.com\/site\/inter-passa-pelo-furacao-com-beira-rio-cheio-em-clima-de-copa\/"},"wordCount":565,"commentCount":0,"publisher":{"@id":"https:\/\/www.notibras.com\/site\/#organization"},"image":{"@id":"https:\/\/www.notibras.com\/site\/inter-passa-pelo-furacao-com-beira-rio-cheio-em-clima-de-copa\/#primaryimage"},"thumbnailUrl":"https:\/\/www.notibras.com\/site\/wp-content\/uploads\/2014\/05\/esp41.jpg","articleSection":["Esportes","Futebol"],"inLanguage":"pt-BR","potentialAction":[{"@type":"CommentAction","name":"Comment","target":["https:\/\/www.notibras.com\/site\/inter-passa-pelo-furacao-com-beira-rio-cheio-em-clima-de-copa\/#respond"]}]},{"@type":"WebPage","@id":"https:\/\/www.notibras.com\/site\/inter-passa-pelo-furacao-com-beira-rio-cheio-em-clima-de-copa\/","url":"https:\/\/www.notibras.com\/site\/inter-passa-pelo-furacao-com-beira-rio-cheio-em-clima-de-copa\/","name":"Inter passa pelo Furac\u00e3o com Beira-Rio cheio em clima de Copa - Notibras","isPartOf":{"@id":"https:\/\/www.notibras.com\/site\/#website"},"primaryImageOfPage":{"@id":"https:\/\/www.notibras.com\/site\/inter-passa-pelo-furacao-com-beira-rio-cheio-em-clima-de-copa\/#primaryimage"},"image":{"@id":"https:\/\/www.notibras.com\/site\/inter-passa-pelo-furacao-com-beira-rio-cheio-em-clima-de-copa\/#primaryimage"},"thumbnailUrl":"https:\/\/www.notibras.com\/site\/wp-content\/uploads\/2014\/05\/esp41.jpg","datePublished":"2014-05-11T00:49:34+00:00","breadcrumb":{"@id":"https:\/\/www.notibras.com\/site\/inter-passa-pelo-furacao-com-beira-rio-cheio-em-clima-de-copa\/#breadcrumb"},"inLanguage":"pt-BR","potentialAction":[{"@type":"ReadAction","target":["https:\/\/www.notibras.com\/site\/inter-passa-pelo-furacao-com-beira-rio-cheio-em-clima-de-copa\/"]}]},{"@type":"ImageObject","inLanguage":"pt-BR","@id":"https:\/\/www.notibras.com\/site\/inter-passa-pelo-furacao-com-beira-rio-cheio-em-clima-de-copa\/#primaryimage","url":"https:\/\/www.notibras.com\/site\/wp-content\/uploads\/2014\/05\/esp41.jpg","contentUrl":"https:\/\/www.notibras.com\/site\/wp-content\/uploads\/2014\/05\/esp41.jpg","width":460,"height":340},{"@type":"BreadcrumbList","@id":"https:\/\/www.notibras.com\/site\/inter-passa-pelo-furacao-com-beira-rio-cheio-em-clima-de-copa\/#breadcrumb","itemListElement":[{"@type":"ListItem","position":1,"name":"In\u00edcio","item":"https:\/\/www.notibras.com\/site\/"},{"@type":"ListItem","position":2,"name":"Inter passa pelo Furac\u00e3o com Beira-Rio cheio em clima de Copa"}]},{"@type":"WebSite","@id":"https:\/\/www.notibras.com\/site\/#website","url":"https:\/\/www.notibras.com\/site\/","name":"Notibras","description":"Not\u00edcias de Bras\u00edlia, do Brasil e do Mundo","publisher":{"@id":"https:\/\/www.notibras.com\/site\/#organization"},"potentialAction":[{"@type":"SearchAction","target":{"@type":"EntryPoint","urlTemplate":"https:\/\/www.notibras.com\/site\/?s={search_term_string}"},"query-input":{"@type":"PropertyValueSpecification","valueRequired":true,"valueName":"search_term_string"}}],"inLanguage":"pt-BR"},{"@type":"Organization","@id":"https:\/\/www.notibras.com\/site\/#organization","name":"Grupo Notibras de Comunica\u00e7\u00e3o","url":"https:\/\/www.notibras.com\/site\/","logo":{"@type":"ImageObject","inLanguage":"pt-BR","@id":"https:\/\/www.notibras.com\/site\/#\/schema\/logo\/image\/","url":"https:\/\/www.notibras.com\/site\/wp-content\/uploads\/2023\/01\/notibras23.png","contentUrl":"https:\/\/www.notibras.com\/site\/wp-content\/uploads\/2023\/01\/notibras23.png","width":350,"height":87,"caption":"Grupo Notibras de Comunica\u00e7\u00e3o"},"image":{"@id":"https:\/\/www.notibras.com\/site\/#\/schema\/logo\/image\/"},"sameAs":["https:\/\/www.facebook.com\/notibras\/","https:\/\/x.com\/Notibras","https:\/\/www.instagram.com\/notibras\/"]},{"@type":"Person","@id":"https:\/\/www.notibras.com\/site\/#\/schema\/person\/36ab0979449956132d3e5b517ea76ac8","name":"Reda\u00e7\u00e3o","image":{"@type":"ImageObject","inLanguage":"pt-BR","@id":"https:\/\/secure.gravatar.com\/avatar\/e0a867bdedb85fd243eadf09663511f96fc81e0720a4a42581f334ad4303aa6b?s=96&d=mm&r=g","url":"https:\/\/secure.gravatar.com\/avatar\/e0a867bdedb85fd243eadf09663511f96fc81e0720a4a42581f334ad4303aa6b?s=96&d=mm&r=g","contentUrl":"https:\/\/secure.gravatar.com\/avatar\/e0a867bdedb85fd243eadf09663511f96fc81e0720a4a42581f334ad4303aa6b?s=96&d=mm&r=g","caption":"Reda\u00e7\u00e3o"}}]}},"amp_enabled":true,"_links":{"self":[{"href":"https:\/\/www.notibras.com\/site\/wp-json\/wp\/v2\/posts\/9076","targetHints":{"allow":["GET"]}}],"collection":[{"href":"https:\/\/www.notibras.com\/site\/wp-json\/wp\/v2\/posts"}],"about":[{"href":"https:\/\/www.notibras.com\/site\/wp-json\/wp\/v2\/types\/post"}],"author":[{"embeddable":true,"href":"https:\/\/www.notibras.com\/site\/wp-json\/wp\/v2\/users\/2"}],"replies":[{"embeddable":true,"href":"https:\/\/www.notibras.com\/site\/wp-json\/wp\/v2\/comments?post=9076"}],"version-history":[{"count":0,"href":"https:\/\/www.notibras.com\/site\/wp-json\/wp\/v2\/posts\/9076\/revisions"}],"wp:featuredmedia":[{"embeddable":true,"href":"https:\/\/www.notibras.com\/site\/wp-json\/wp\/v2\/media\/9077"}],"wp:attachment":[{"href":"https:\/\/www.notibras.com\/site\/wp-json\/wp\/v2\/media?parent=9076"}],"wp:term":[{"taxonomy":"category","embeddable":true,"href":"https:\/\/www.notibras.com\/site\/wp-json\/wp\/v2\/categories?post=9076"},{"taxonomy":"post_tag","embeddable":true,"href":"https:\/\/www.notibras.com\/site\/wp-json\/wp\/v2\/tags?post=9076"}],"curies":[{"name":"wp","href":"https:\/\/api.w.org\/{rel}","templated":true}]}}