{"id":910,"date":"2014-02-09T20:07:59","date_gmt":"2014-02-09T23:07:59","guid":{"rendered":"http:\/\/www.notibras.com\/site\/?p=910"},"modified":"2014-02-09T22:11:08","modified_gmt":"2014-02-10T01:11:08","slug":"pesquisadores-da-usp-usam-corrente-eletrica-para-tratar-depressao","status":"publish","type":"post","link":"https:\/\/www.notibras.com\/site\/pesquisadores-da-usp-usam-corrente-eletrica-para-tratar-depressao\/","title":{"rendered":"Pesquisadores da USP usam energia el\u00e9trica para combater a depress\u00e3o"},"content":{"rendered":"<p>Cientistas da Universidade de S\u00e3o Paulo (USP) desenvolveram uma nova t\u00e9cnica para o tratamento da depress\u00e3o. Uma estimula\u00e7\u00e3o el\u00e9trica indolor feita com a ajuda de dois eletrodos, colocados na cabe\u00e7a do paciente, poder\u00e1 servir como alternativa para quem sofre da doen\u00e7a, mas n\u00e3o toma os medicamentos antidepressivos devido aos fortes efeitos colaterais.<\/p>\n<p>De acordo com o coordenador da pesquisa, o m\u00e9dico psiquiatra Andre Russowsky Brunoni, pessoas jovens, as mais acometidas pela depress\u00e3o, evitam rem\u00e9dios para a doen\u00e7a porque muitas vezes eles v\u00eam acompanhados de ganho de peso e disfun\u00e7\u00e3o sexual. Mulheres gr\u00e1vidas ou que est\u00e3o amamentando tamb\u00e9m s\u00e3o impedidas de ingerir essa medica\u00e7\u00e3o.<\/p>\n<p>Segundo o cientista, os eletrodos transmitem uma corrente el\u00e9trica cont\u00ednua de baixa intensidade para a \u00e1rea do c\u00e9rebro que envolve a depress\u00e3o, o c\u00f3rtex dorso lateral pr\u00e9-frontal. A corrente corrige o baixo funcionamento dessa regi\u00e3o cerebral, caracter\u00edstica de quem sofre de depress\u00e3o. \u201cA estimula\u00e7\u00e3o el\u00e9trica aumenta a atividade dessa \u00e1rea do c\u00e9rebro. Com isso, a gente tenta melhorar os sintomas depressivos\u201d, explicou.<\/p>\n<p>O procedimento dura 30 minutos e \u00e9 repetido por 15 dias consecutivos. \u201cAlgumas pessoas sentem um leve formigamento na cabe\u00e7a, mas outras n\u00e3o sentem absolutamente nada\u201d, conta.<\/p>\n<p>Outra vantagem da nova t\u00e9cnica em rela\u00e7\u00e3o aos antidepressivos \u00e9 a forma de atua\u00e7\u00e3o no organismo. Enquanto o rem\u00e9dio age em neurotransmissores que atuam no c\u00e9rebro inteiro, ocasionando reflexos negativos em outras partes do corpo, a estimula\u00e7\u00e3o el\u00e9trica atua diretamente no c\u00f3rtex pr\u00e9-frontal.<\/p>\n<p>Al\u00e9m disso, embora o resultado de ambos os tipos de tratamentos (rem\u00e9dio e estimula\u00e7\u00e3o el\u00e9trica) seja o mesmo, o medicamento acaba passando por outras \u00e1reas subcorticais para s\u00f3 depois chegar ao c\u00f3rtex pr\u00e9-frontal.<\/p>\n<p>Esta n\u00e3o \u00e9 a primeira vez que a eletricidade \u00e9 usada no tratamento de transtornos mentais. Russowsky cita a tradicional t\u00e9cnica do eletrochoque, usada h\u00e1 75 anos por psiquiatras. De acordo com ele, esse \u00e9 um tratamento bem mais radical do que a estimula\u00e7\u00e3o que est\u00e1 sendo desenvolvida pela USP, destinado a pacientes com quadros muito graves. \u201c\u00c9 uma carga el\u00e9trica mil vezes maior do que a gente usa\u201d, disse.<\/p>\n<p>O tratamento por eletrochoque tem como objetivo provocar uma crise convulsiva em pacientes que apresentam casos graves de transtornos mentais, o que estimula a regula\u00e7\u00e3o de horm\u00f4nios e de alguns neurotransmissores. \u201cA \u00fanica semelhan\u00e7a entre as duas t\u00e9cnicas \u00e9 que elas usam a eletricidade, mas de forma bem diferente. O eletrochoque \u00e9 um pulso el\u00e9trico para fazer uma crise convulsiva, a gente usa uma corrente el\u00e9trica de baixa intensidade para aumentar a atividade no c\u00e9rebro\u201d, define.<\/p>\n<p>A estimula\u00e7\u00e3o criada pelo grupo de Russowsky j\u00e1 foi testada, h\u00e1 tr\u00eas anos, em 120 pacientes. \u201cO resultado principal foi que a combina\u00e7\u00e3o da estimula\u00e7\u00e3o com o antidepressivo dava efeitos mais potentes que cada tratamento separado\u201d, disse o m\u00e9dico.<\/p>\n<p>O pr\u00f3ximo passo da pesquisa ser\u00e1 testar a estimula\u00e7\u00e3o sozinha. Ser\u00e3o recrutados 240 volunt\u00e1rios, entre 18 e 75 anos, com diagn\u00f3stico de depress\u00e3o, no m\u00ednimo, moderada e que apresentem sintomas da doen\u00e7a.<\/p>\n<p>Em um teste cego, metade dos pacientes vai receber o antidepressivo Escitalopram, e a outra metade recebe a estimula\u00e7\u00e3o el\u00e9trica. \u201cNem o paciente, nem o pesquisador saber\u00e3o o que est\u00e3o recebendo, sen\u00e3o favorece inconscientemente um dos grupos\u201d, esclarece.<\/p>\n<p>Ao final da pesquisa, aqueles volunt\u00e1rios que foram testados com o antidepressivo, e que n\u00e3o tiveram melhora do seu quadro, poder\u00e3o receber o tratamento com a estimula\u00e7\u00e3o el\u00e9trica.<\/p>\n<p>Nos pr\u00f3ximos tr\u00eas anos, as equipes de Russowsky v\u00e3o aceitar volunt\u00e1rios interessados em participar da pesquisa. Basta enviar <em>e-mail<\/em> para pesquisa.depressao@gmail.com. Mais informa\u00e7\u00f5es est\u00e3o dispon\u00edveis no <em>site<\/em> http:\/\/cinausp.org\/pesquisa<\/p>\n","protected":false},"excerpt":{"rendered":"<p>Cientistas da Universidade de S\u00e3o Paulo (USP) desenvolveram uma nova t\u00e9cnica para o tratamento da depress\u00e3o. Uma estimula\u00e7\u00e3o el\u00e9trica indolor feita com a ajuda de dois eletrodos, colocados na cabe\u00e7a do paciente, poder\u00e1 servir como alternativa para quem sofre da doen\u00e7a, mas n\u00e3o toma os medicamentos antidepressivos devido aos fortes efeitos colaterais. De acordo com [&hellip;]<\/p>\n","protected":false},"author":2,"featured_media":911,"comment_status":"open","ping_status":"closed","sticky":false,"template":"","format":"standard","meta":{"_acf_changed":false,"footnotes":""},"categories":[16],"tags":[],"class_list":["post-910","post","type-post","status-publish","format-standard","has-post-thumbnail","hentry","category-brasil"],"acf":[],"yoast_head":"<!-- This site is optimized with the Yoast SEO plugin v27.2 - https:\/\/yoast.com\/product\/yoast-seo-wordpress\/ -->\n<title>Pesquisadores da USP usam energia el\u00e9trica para combater a depress\u00e3o - Notibras<\/title>\n<meta name=\"robots\" content=\"index, follow, max-snippet:-1, max-image-preview:large, max-video-preview:-1\" \/>\n<link rel=\"canonical\" href=\"https:\/\/www.notibras.com\/site\/pesquisadores-da-usp-usam-corrente-eletrica-para-tratar-depressao\/\" \/>\n<meta property=\"og:locale\" content=\"pt_BR\" \/>\n<meta property=\"og:type\" content=\"article\" \/>\n<meta property=\"og:title\" content=\"Pesquisadores da USP usam energia el\u00e9trica para combater a depress\u00e3o - Notibras\" \/>\n<meta property=\"og:description\" content=\"Cientistas da Universidade de S\u00e3o Paulo (USP) desenvolveram uma nova t\u00e9cnica para o tratamento da depress\u00e3o. Uma estimula\u00e7\u00e3o el\u00e9trica indolor feita com a ajuda de dois eletrodos, colocados na cabe\u00e7a do paciente, poder\u00e1 servir como alternativa para quem sofre da doen\u00e7a, mas n\u00e3o toma os medicamentos antidepressivos devido aos fortes efeitos colaterais. De acordo com [&hellip;]\" \/>\n<meta property=\"og:url\" content=\"https:\/\/www.notibras.com\/site\/pesquisadores-da-usp-usam-corrente-eletrica-para-tratar-depressao\/\" \/>\n<meta property=\"og:site_name\" content=\"Notibras\" \/>\n<meta property=\"article:publisher\" content=\"https:\/\/www.facebook.com\/notibras\/\" \/>\n<meta property=\"article:published_time\" content=\"2014-02-09T23:07:59+00:00\" \/>\n<meta property=\"article:modified_time\" content=\"2014-02-10T01:11:08+00:00\" \/>\n<meta property=\"og:image\" content=\"https:\/\/www.notibras.com\/site\/wp-content\/uploads\/2014\/02\/depressao.jpg\" \/>\n\t<meta property=\"og:image:width\" content=\"528\" \/>\n\t<meta property=\"og:image:height\" content=\"307\" \/>\n\t<meta property=\"og:image:type\" content=\"image\/jpeg\" \/>\n<meta name=\"author\" content=\"Reda\u00e7\u00e3o\" \/>\n<meta name=\"twitter:card\" content=\"summary_large_image\" \/>\n<meta name=\"twitter:creator\" content=\"@Notibras\" \/>\n<meta name=\"twitter:site\" content=\"@Notibras\" \/>\n<meta name=\"twitter:label1\" content=\"Escrito por\" \/>\n\t<meta name=\"twitter:data1\" content=\"Reda\u00e7\u00e3o\" \/>\n\t<meta name=\"twitter:label2\" content=\"Est. tempo de leitura\" \/>\n\t<meta name=\"twitter:data2\" content=\"3 minutos\" \/>\n<script type=\"application\/ld+json\" class=\"yoast-schema-graph\">{\"@context\":\"https:\/\/schema.org\",\"@graph\":[{\"@type\":\"Article\",\"@id\":\"https:\/\/www.notibras.com\/site\/pesquisadores-da-usp-usam-corrente-eletrica-para-tratar-depressao\/#article\",\"isPartOf\":{\"@id\":\"https:\/\/www.notibras.com\/site\/pesquisadores-da-usp-usam-corrente-eletrica-para-tratar-depressao\/\"},\"author\":{\"name\":\"Reda\u00e7\u00e3o\",\"@id\":\"https:\/\/www.notibras.com\/site\/#\/schema\/person\/36ab0979449956132d3e5b517ea76ac8\"},\"headline\":\"Pesquisadores da USP usam energia el\u00e9trica para combater a depress\u00e3o\",\"datePublished\":\"2014-02-09T23:07:59+00:00\",\"dateModified\":\"2014-02-10T01:11:08+00:00\",\"mainEntityOfPage\":{\"@id\":\"https:\/\/www.notibras.com\/site\/pesquisadores-da-usp-usam-corrente-eletrica-para-tratar-depressao\/\"},\"wordCount\":671,\"commentCount\":0,\"publisher\":{\"@id\":\"https:\/\/www.notibras.com\/site\/#organization\"},\"image\":{\"@id\":\"https:\/\/www.notibras.com\/site\/pesquisadores-da-usp-usam-corrente-eletrica-para-tratar-depressao\/#primaryimage\"},\"thumbnailUrl\":\"https:\/\/www.notibras.com\/site\/wp-content\/uploads\/2014\/02\/depressao.jpg\",\"articleSection\":[\"Brasil\"],\"inLanguage\":\"pt-BR\",\"potentialAction\":[{\"@type\":\"CommentAction\",\"name\":\"Comment\",\"target\":[\"https:\/\/www.notibras.com\/site\/pesquisadores-da-usp-usam-corrente-eletrica-para-tratar-depressao\/#respond\"]}]},{\"@type\":\"WebPage\",\"@id\":\"https:\/\/www.notibras.com\/site\/pesquisadores-da-usp-usam-corrente-eletrica-para-tratar-depressao\/\",\"url\":\"https:\/\/www.notibras.com\/site\/pesquisadores-da-usp-usam-corrente-eletrica-para-tratar-depressao\/\",\"name\":\"Pesquisadores da USP usam energia el\u00e9trica para combater a depress\u00e3o - Notibras\",\"isPartOf\":{\"@id\":\"https:\/\/www.notibras.com\/site\/#website\"},\"primaryImageOfPage\":{\"@id\":\"https:\/\/www.notibras.com\/site\/pesquisadores-da-usp-usam-corrente-eletrica-para-tratar-depressao\/#primaryimage\"},\"image\":{\"@id\":\"https:\/\/www.notibras.com\/site\/pesquisadores-da-usp-usam-corrente-eletrica-para-tratar-depressao\/#primaryimage\"},\"thumbnailUrl\":\"https:\/\/www.notibras.com\/site\/wp-content\/uploads\/2014\/02\/depressao.jpg\",\"datePublished\":\"2014-02-09T23:07:59+00:00\",\"dateModified\":\"2014-02-10T01:11:08+00:00\",\"breadcrumb\":{\"@id\":\"https:\/\/www.notibras.com\/site\/pesquisadores-da-usp-usam-corrente-eletrica-para-tratar-depressao\/#breadcrumb\"},\"inLanguage\":\"pt-BR\",\"potentialAction\":[{\"@type\":\"ReadAction\",\"target\":[\"https:\/\/www.notibras.com\/site\/pesquisadores-da-usp-usam-corrente-eletrica-para-tratar-depressao\/\"]}]},{\"@type\":\"ImageObject\",\"inLanguage\":\"pt-BR\",\"@id\":\"https:\/\/www.notibras.com\/site\/pesquisadores-da-usp-usam-corrente-eletrica-para-tratar-depressao\/#primaryimage\",\"url\":\"https:\/\/www.notibras.com\/site\/wp-content\/uploads\/2014\/02\/depressao.jpg\",\"contentUrl\":\"https:\/\/www.notibras.com\/site\/wp-content\/uploads\/2014\/02\/depressao.jpg\",\"width\":528,\"height\":307},{\"@type\":\"BreadcrumbList\",\"@id\":\"https:\/\/www.notibras.com\/site\/pesquisadores-da-usp-usam-corrente-eletrica-para-tratar-depressao\/#breadcrumb\",\"itemListElement\":[{\"@type\":\"ListItem\",\"position\":1,\"name\":\"In\u00edcio\",\"item\":\"https:\/\/www.notibras.com\/site\/\"},{\"@type\":\"ListItem\",\"position\":2,\"name\":\"Pesquisadores da USP usam energia el\u00e9trica para combater a depress\u00e3o\"}]},{\"@type\":\"WebSite\",\"@id\":\"https:\/\/www.notibras.com\/site\/#website\",\"url\":\"https:\/\/www.notibras.com\/site\/\",\"name\":\"Notibras\",\"description\":\"Not\u00edcias de Bras\u00edlia, do Brasil e do Mundo\",\"publisher\":{\"@id\":\"https:\/\/www.notibras.com\/site\/#organization\"},\"potentialAction\":[{\"@type\":\"SearchAction\",\"target\":{\"@type\":\"EntryPoint\",\"urlTemplate\":\"https:\/\/www.notibras.com\/site\/?s={search_term_string}\"},\"query-input\":{\"@type\":\"PropertyValueSpecification\",\"valueRequired\":true,\"valueName\":\"search_term_string\"}}],\"inLanguage\":\"pt-BR\"},{\"@type\":\"Organization\",\"@id\":\"https:\/\/www.notibras.com\/site\/#organization\",\"name\":\"Grupo Notibras de Comunica\u00e7\u00e3o\",\"url\":\"https:\/\/www.notibras.com\/site\/\",\"logo\":{\"@type\":\"ImageObject\",\"inLanguage\":\"pt-BR\",\"@id\":\"https:\/\/www.notibras.com\/site\/#\/schema\/logo\/image\/\",\"url\":\"https:\/\/www.notibras.com\/site\/wp-content\/uploads\/2023\/01\/notibras23.png\",\"contentUrl\":\"https:\/\/www.notibras.com\/site\/wp-content\/uploads\/2023\/01\/notibras23.png\",\"width\":350,\"height\":87,\"caption\":\"Grupo Notibras de Comunica\u00e7\u00e3o\"},\"image\":{\"@id\":\"https:\/\/www.notibras.com\/site\/#\/schema\/logo\/image\/\"},\"sameAs\":[\"https:\/\/www.facebook.com\/notibras\/\",\"https:\/\/x.com\/Notibras\",\"https:\/\/www.instagram.com\/notibras\/\"]},{\"@type\":\"Person\",\"@id\":\"https:\/\/www.notibras.com\/site\/#\/schema\/person\/36ab0979449956132d3e5b517ea76ac8\",\"name\":\"Reda\u00e7\u00e3o\",\"image\":{\"@type\":\"ImageObject\",\"inLanguage\":\"pt-BR\",\"@id\":\"https:\/\/secure.gravatar.com\/avatar\/e0a867bdedb85fd243eadf09663511f96fc81e0720a4a42581f334ad4303aa6b?s=96&d=mm&r=g\",\"url\":\"https:\/\/secure.gravatar.com\/avatar\/e0a867bdedb85fd243eadf09663511f96fc81e0720a4a42581f334ad4303aa6b?s=96&d=mm&r=g\",\"contentUrl\":\"https:\/\/secure.gravatar.com\/avatar\/e0a867bdedb85fd243eadf09663511f96fc81e0720a4a42581f334ad4303aa6b?s=96&d=mm&r=g\",\"caption\":\"Reda\u00e7\u00e3o\"}}]}<\/script>\n<!-- \/ Yoast SEO plugin. -->","yoast_head_json":{"title":"Pesquisadores da USP usam energia el\u00e9trica para combater a depress\u00e3o - Notibras","robots":{"index":"index","follow":"follow","max-snippet":"max-snippet:-1","max-image-preview":"max-image-preview:large","max-video-preview":"max-video-preview:-1"},"canonical":"https:\/\/www.notibras.com\/site\/pesquisadores-da-usp-usam-corrente-eletrica-para-tratar-depressao\/","og_locale":"pt_BR","og_type":"article","og_title":"Pesquisadores da USP usam energia el\u00e9trica para combater a depress\u00e3o - Notibras","og_description":"Cientistas da Universidade de S\u00e3o Paulo (USP) desenvolveram uma nova t\u00e9cnica para o tratamento da depress\u00e3o. Uma estimula\u00e7\u00e3o el\u00e9trica indolor feita com a ajuda de dois eletrodos, colocados na cabe\u00e7a do paciente, poder\u00e1 servir como alternativa para quem sofre da doen\u00e7a, mas n\u00e3o toma os medicamentos antidepressivos devido aos fortes efeitos colaterais. De acordo com [&hellip;]","og_url":"https:\/\/www.notibras.com\/site\/pesquisadores-da-usp-usam-corrente-eletrica-para-tratar-depressao\/","og_site_name":"Notibras","article_publisher":"https:\/\/www.facebook.com\/notibras\/","article_published_time":"2014-02-09T23:07:59+00:00","article_modified_time":"2014-02-10T01:11:08+00:00","og_image":[{"width":528,"height":307,"url":"https:\/\/www.notibras.com\/site\/wp-content\/uploads\/2014\/02\/depressao.jpg","type":"image\/jpeg"}],"author":"Reda\u00e7\u00e3o","twitter_card":"summary_large_image","twitter_creator":"@Notibras","twitter_site":"@Notibras","twitter_misc":{"Escrito por":"Reda\u00e7\u00e3o","Est. tempo de leitura":"3 minutos"},"schema":{"@context":"https:\/\/schema.org","@graph":[{"@type":"Article","@id":"https:\/\/www.notibras.com\/site\/pesquisadores-da-usp-usam-corrente-eletrica-para-tratar-depressao\/#article","isPartOf":{"@id":"https:\/\/www.notibras.com\/site\/pesquisadores-da-usp-usam-corrente-eletrica-para-tratar-depressao\/"},"author":{"name":"Reda\u00e7\u00e3o","@id":"https:\/\/www.notibras.com\/site\/#\/schema\/person\/36ab0979449956132d3e5b517ea76ac8"},"headline":"Pesquisadores da USP usam energia el\u00e9trica para combater a depress\u00e3o","datePublished":"2014-02-09T23:07:59+00:00","dateModified":"2014-02-10T01:11:08+00:00","mainEntityOfPage":{"@id":"https:\/\/www.notibras.com\/site\/pesquisadores-da-usp-usam-corrente-eletrica-para-tratar-depressao\/"},"wordCount":671,"commentCount":0,"publisher":{"@id":"https:\/\/www.notibras.com\/site\/#organization"},"image":{"@id":"https:\/\/www.notibras.com\/site\/pesquisadores-da-usp-usam-corrente-eletrica-para-tratar-depressao\/#primaryimage"},"thumbnailUrl":"https:\/\/www.notibras.com\/site\/wp-content\/uploads\/2014\/02\/depressao.jpg","articleSection":["Brasil"],"inLanguage":"pt-BR","potentialAction":[{"@type":"CommentAction","name":"Comment","target":["https:\/\/www.notibras.com\/site\/pesquisadores-da-usp-usam-corrente-eletrica-para-tratar-depressao\/#respond"]}]},{"@type":"WebPage","@id":"https:\/\/www.notibras.com\/site\/pesquisadores-da-usp-usam-corrente-eletrica-para-tratar-depressao\/","url":"https:\/\/www.notibras.com\/site\/pesquisadores-da-usp-usam-corrente-eletrica-para-tratar-depressao\/","name":"Pesquisadores da USP usam energia el\u00e9trica para combater a depress\u00e3o - Notibras","isPartOf":{"@id":"https:\/\/www.notibras.com\/site\/#website"},"primaryImageOfPage":{"@id":"https:\/\/www.notibras.com\/site\/pesquisadores-da-usp-usam-corrente-eletrica-para-tratar-depressao\/#primaryimage"},"image":{"@id":"https:\/\/www.notibras.com\/site\/pesquisadores-da-usp-usam-corrente-eletrica-para-tratar-depressao\/#primaryimage"},"thumbnailUrl":"https:\/\/www.notibras.com\/site\/wp-content\/uploads\/2014\/02\/depressao.jpg","datePublished":"2014-02-09T23:07:59+00:00","dateModified":"2014-02-10T01:11:08+00:00","breadcrumb":{"@id":"https:\/\/www.notibras.com\/site\/pesquisadores-da-usp-usam-corrente-eletrica-para-tratar-depressao\/#breadcrumb"},"inLanguage":"pt-BR","potentialAction":[{"@type":"ReadAction","target":["https:\/\/www.notibras.com\/site\/pesquisadores-da-usp-usam-corrente-eletrica-para-tratar-depressao\/"]}]},{"@type":"ImageObject","inLanguage":"pt-BR","@id":"https:\/\/www.notibras.com\/site\/pesquisadores-da-usp-usam-corrente-eletrica-para-tratar-depressao\/#primaryimage","url":"https:\/\/www.notibras.com\/site\/wp-content\/uploads\/2014\/02\/depressao.jpg","contentUrl":"https:\/\/www.notibras.com\/site\/wp-content\/uploads\/2014\/02\/depressao.jpg","width":528,"height":307},{"@type":"BreadcrumbList","@id":"https:\/\/www.notibras.com\/site\/pesquisadores-da-usp-usam-corrente-eletrica-para-tratar-depressao\/#breadcrumb","itemListElement":[{"@type":"ListItem","position":1,"name":"In\u00edcio","item":"https:\/\/www.notibras.com\/site\/"},{"@type":"ListItem","position":2,"name":"Pesquisadores da USP usam energia el\u00e9trica para combater a depress\u00e3o"}]},{"@type":"WebSite","@id":"https:\/\/www.notibras.com\/site\/#website","url":"https:\/\/www.notibras.com\/site\/","name":"Notibras","description":"Not\u00edcias de Bras\u00edlia, do Brasil e do Mundo","publisher":{"@id":"https:\/\/www.notibras.com\/site\/#organization"},"potentialAction":[{"@type":"SearchAction","target":{"@type":"EntryPoint","urlTemplate":"https:\/\/www.notibras.com\/site\/?s={search_term_string}"},"query-input":{"@type":"PropertyValueSpecification","valueRequired":true,"valueName":"search_term_string"}}],"inLanguage":"pt-BR"},{"@type":"Organization","@id":"https:\/\/www.notibras.com\/site\/#organization","name":"Grupo Notibras de Comunica\u00e7\u00e3o","url":"https:\/\/www.notibras.com\/site\/","logo":{"@type":"ImageObject","inLanguage":"pt-BR","@id":"https:\/\/www.notibras.com\/site\/#\/schema\/logo\/image\/","url":"https:\/\/www.notibras.com\/site\/wp-content\/uploads\/2023\/01\/notibras23.png","contentUrl":"https:\/\/www.notibras.com\/site\/wp-content\/uploads\/2023\/01\/notibras23.png","width":350,"height":87,"caption":"Grupo Notibras de Comunica\u00e7\u00e3o"},"image":{"@id":"https:\/\/www.notibras.com\/site\/#\/schema\/logo\/image\/"},"sameAs":["https:\/\/www.facebook.com\/notibras\/","https:\/\/x.com\/Notibras","https:\/\/www.instagram.com\/notibras\/"]},{"@type":"Person","@id":"https:\/\/www.notibras.com\/site\/#\/schema\/person\/36ab0979449956132d3e5b517ea76ac8","name":"Reda\u00e7\u00e3o","image":{"@type":"ImageObject","inLanguage":"pt-BR","@id":"https:\/\/secure.gravatar.com\/avatar\/e0a867bdedb85fd243eadf09663511f96fc81e0720a4a42581f334ad4303aa6b?s=96&d=mm&r=g","url":"https:\/\/secure.gravatar.com\/avatar\/e0a867bdedb85fd243eadf09663511f96fc81e0720a4a42581f334ad4303aa6b?s=96&d=mm&r=g","contentUrl":"https:\/\/secure.gravatar.com\/avatar\/e0a867bdedb85fd243eadf09663511f96fc81e0720a4a42581f334ad4303aa6b?s=96&d=mm&r=g","caption":"Reda\u00e7\u00e3o"}}]}},"amp_enabled":true,"_links":{"self":[{"href":"https:\/\/www.notibras.com\/site\/wp-json\/wp\/v2\/posts\/910","targetHints":{"allow":["GET"]}}],"collection":[{"href":"https:\/\/www.notibras.com\/site\/wp-json\/wp\/v2\/posts"}],"about":[{"href":"https:\/\/www.notibras.com\/site\/wp-json\/wp\/v2\/types\/post"}],"author":[{"embeddable":true,"href":"https:\/\/www.notibras.com\/site\/wp-json\/wp\/v2\/users\/2"}],"replies":[{"embeddable":true,"href":"https:\/\/www.notibras.com\/site\/wp-json\/wp\/v2\/comments?post=910"}],"version-history":[{"count":0,"href":"https:\/\/www.notibras.com\/site\/wp-json\/wp\/v2\/posts\/910\/revisions"}],"wp:featuredmedia":[{"embeddable":true,"href":"https:\/\/www.notibras.com\/site\/wp-json\/wp\/v2\/media\/911"}],"wp:attachment":[{"href":"https:\/\/www.notibras.com\/site\/wp-json\/wp\/v2\/media?parent=910"}],"wp:term":[{"taxonomy":"category","embeddable":true,"href":"https:\/\/www.notibras.com\/site\/wp-json\/wp\/v2\/categories?post=910"},{"taxonomy":"post_tag","embeddable":true,"href":"https:\/\/www.notibras.com\/site\/wp-json\/wp\/v2\/tags?post=910"}],"curies":[{"name":"wp","href":"https:\/\/api.w.org\/{rel}","templated":true}]}}