{"id":91005,"date":"2016-02-25T22:24:33","date_gmt":"2016-02-26T01:24:33","guid":{"rendered":"http:\/\/www.notibras.com\/site\/?p=91005"},"modified":"2016-07-30T16:51:26","modified_gmt":"2016-07-30T19:51:26","slug":"vai-de-loira-gelada-tenha-cuidado-pois-pode-haver-risco-de-cancer","status":"publish","type":"post","link":"https:\/\/www.notibras.com\/site\/vai-de-loira-gelada-tenha-cuidado-pois-pode-haver-risco-de-cancer\/","title":{"rendered":"Vai beber uma loira gelada? Cuidado, pois pode haver subst\u00e2ncia que d\u00e1 c\u00e2ncer"},"content":{"rendered":"<p>Diversas marcas de cerveja alem\u00e3s foram detectadas com herbicida glifosato, informou nesta quinta-feira (25) um instituto de an\u00e1lise de Munique. O teste envolveu 14 marcas, entre elas as mais conhecidas da Alemanha, como Beck&#8217;s, Paulaner, Warsteiner, Krombacher, Oettinger, Bitburger, Veltins, Hasseroeder, Radeberger, Augustiner, Franziskaner, Konig Pilsener e Jever.<\/p>\n<p>Foi encontrado um \u00edndice entre 0,46 e 29,74 microgramas por litro nas bebidas, sendo que os casos mais cr\u00edticos apresentavam uma concentra\u00e7\u00e3o 300 vezes superior ao 0,1 micrograma permitido por lei para \u00e1gua pot\u00e1vel. O laborat\u00f3rio de M\u00f4naco disse que n\u00e3o h\u00e1 um limite legalizado para a subst\u00e2ncia na cerveja, mas alertou sobre os riscos do glifosato no corpo humano. Alguns organismos internacionais, como a International Agency for Research on Cancer (IARC) classificou o herbicida glifosato como &#8220;provavelmente cancer\u00edgeno&#8221; para o homem em mar\u00e7o de 2015.<\/p>\n<p>No entanto, o Instituto Federal de Avalia\u00e7\u00e3o de Risco (BFR) disse que os res\u00edduos de glisofato na cerveja s\u00e3o &#8220;plaus\u00edveis&#8221; do ponto de vista cient\u00edfico, j\u00e1 que o uso do herbicida \u00e9 autorizado contra ervas daninhas. A associa\u00e7\u00e3o de produtores de cerveja da Alemanha tamb\u00e9m criticou a an\u00e1lise, dizendo que o estudo &#8220;n\u00e3o \u00e9 confi\u00e1vel&#8221;. &#8220;A acusa\u00e7\u00e3o de que os produtos n\u00e3o controlam suas mat\u00e9rias-primas \u00e9 absurda e completamente infundada&#8221;, disseram.<\/p>\n<p>J\u00e1 a Uni\u00e3o dos Cultivadores Alem\u00e3es (DBV) admitiu que o herbicida pode ser usado no cultivo do malte. &#8220;Na Alemanha, temos a mais rigorosa regulamenta\u00e7\u00e3o para as plantas&#8221;, disse um porta-voz da entidade, em Berlim.<\/p>\n<p>A cerveja \u00e9 considerada a bebida mais famosa da Alemanha e est\u00e1 ligada \u00e0 tradi\u00e7\u00e3o do pa\u00eds. Ela geralmente \u00e9 fabricada com l\u00fapulo, malte, fermento e \u00e1gua. Por sua vez, o herbicida glifosato \u00e9 um dos mais difundidos no Brasil e no mundo, usado principalmente em lavouras de soja.<\/p>\n","protected":false},"excerpt":{"rendered":"<p>Diversas marcas de cerveja alem\u00e3s foram detectadas com herbicida glifosato, informou nesta quinta-feira (25) um instituto de an\u00e1lise de Munique. O teste envolveu 14 marcas, entre elas as mais conhecidas da Alemanha, como Beck&#8217;s, Paulaner, Warsteiner, Krombacher, Oettinger, Bitburger, Veltins, Hasseroeder, Radeberger, Augustiner, Franziskaner, Konig Pilsener e Jever. Foi encontrado um \u00edndice entre 0,46 e [&hellip;]<\/p>\n","protected":false},"author":2,"featured_media":91006,"comment_status":"open","ping_status":"closed","sticky":false,"template":"","format":"standard","meta":{"_acf_changed":false,"footnotes":""},"categories":[71],"tags":[],"class_list":["post-91005","post","type-post","status-publish","format-standard","has-post-thumbnail","hentry","category-curiosidades"],"acf":[],"yoast_head":"<!-- This site is optimized with the Yoast SEO plugin v27.5 - https:\/\/yoast.com\/product\/yoast-seo-wordpress\/ -->\n<title>Vai beber uma loira gelada? Cuidado, pois pode haver subst\u00e2ncia que d\u00e1 c\u00e2ncer - Notibras<\/title>\n<meta name=\"robots\" content=\"index, follow, max-snippet:-1, max-image-preview:large, max-video-preview:-1\" \/>\n<link rel=\"canonical\" href=\"https:\/\/www.notibras.com\/site\/vai-de-loira-gelada-tenha-cuidado-pois-pode-haver-risco-de-cancer\/\" \/>\n<meta property=\"og:locale\" content=\"pt_BR\" \/>\n<meta property=\"og:type\" content=\"article\" \/>\n<meta property=\"og:title\" content=\"Vai beber uma loira gelada? Cuidado, pois pode haver subst\u00e2ncia que d\u00e1 c\u00e2ncer - Notibras\" \/>\n<meta property=\"og:description\" content=\"Diversas marcas de cerveja alem\u00e3s foram detectadas com herbicida glifosato, informou nesta quinta-feira (25) um instituto de an\u00e1lise de Munique. O teste envolveu 14 marcas, entre elas as mais conhecidas da Alemanha, como Beck&#8217;s, Paulaner, Warsteiner, Krombacher, Oettinger, Bitburger, Veltins, Hasseroeder, Radeberger, Augustiner, Franziskaner, Konig Pilsener e Jever. Foi encontrado um \u00edndice entre 0,46 e [&hellip;]\" \/>\n<meta property=\"og:url\" content=\"https:\/\/www.notibras.com\/site\/vai-de-loira-gelada-tenha-cuidado-pois-pode-haver-risco-de-cancer\/\" \/>\n<meta property=\"og:site_name\" content=\"Notibras\" \/>\n<meta property=\"article:publisher\" content=\"https:\/\/www.facebook.com\/notibras\/\" \/>\n<meta property=\"article:published_time\" content=\"2016-02-26T01:24:33+00:00\" \/>\n<meta property=\"article:modified_time\" content=\"2016-07-30T19:51:26+00:00\" \/>\n<meta property=\"og:image\" content=\"https:\/\/www.notibras.com\/site\/wp-content\/uploads\/2016\/02\/cervejapaulanergetty.jpg\" \/>\n\t<meta property=\"og:image:width\" content=\"940\" \/>\n\t<meta property=\"og:image:height\" content=\"655\" \/>\n\t<meta property=\"og:image:type\" content=\"image\/jpeg\" \/>\n<meta name=\"author\" content=\"Reda\u00e7\u00e3o\" \/>\n<meta name=\"twitter:card\" content=\"summary_large_image\" \/>\n<meta name=\"twitter:creator\" content=\"@Notibras\" \/>\n<meta name=\"twitter:site\" content=\"@Notibras\" \/>\n<meta name=\"twitter:label1\" content=\"Escrito por\" \/>\n\t<meta name=\"twitter:data1\" content=\"Reda\u00e7\u00e3o\" \/>\n\t<meta name=\"twitter:label2\" content=\"Est. tempo de leitura\" \/>\n\t<meta name=\"twitter:data2\" content=\"2 minutos\" \/>\n<script type=\"application\/ld+json\" class=\"yoast-schema-graph\">{\"@context\":\"https:\\\/\\\/schema.org\",\"@graph\":[{\"@type\":\"Article\",\"@id\":\"https:\\\/\\\/www.notibras.com\\\/site\\\/vai-de-loira-gelada-tenha-cuidado-pois-pode-haver-risco-de-cancer\\\/#article\",\"isPartOf\":{\"@id\":\"https:\\\/\\\/www.notibras.com\\\/site\\\/vai-de-loira-gelada-tenha-cuidado-pois-pode-haver-risco-de-cancer\\\/\"},\"author\":{\"name\":\"Reda\u00e7\u00e3o\",\"@id\":\"https:\\\/\\\/www.notibras.com\\\/site\\\/#\\\/schema\\\/person\\\/36ab0979449956132d3e5b517ea76ac8\"},\"headline\":\"Vai beber uma loira gelada? Cuidado, pois pode haver subst\u00e2ncia que d\u00e1 c\u00e2ncer\",\"datePublished\":\"2016-02-26T01:24:33+00:00\",\"dateModified\":\"2016-07-30T19:51:26+00:00\",\"mainEntityOfPage\":{\"@id\":\"https:\\\/\\\/www.notibras.com\\\/site\\\/vai-de-loira-gelada-tenha-cuidado-pois-pode-haver-risco-de-cancer\\\/\"},\"wordCount\":320,\"commentCount\":0,\"publisher\":{\"@id\":\"https:\\\/\\\/www.notibras.com\\\/site\\\/#organization\"},\"image\":{\"@id\":\"https:\\\/\\\/www.notibras.com\\\/site\\\/vai-de-loira-gelada-tenha-cuidado-pois-pode-haver-risco-de-cancer\\\/#primaryimage\"},\"thumbnailUrl\":\"https:\\\/\\\/www.notibras.com\\\/site\\\/wp-content\\\/uploads\\\/2016\\\/02\\\/cervejapaulanergetty.jpg\",\"articleSection\":[\"Curiosidades\"],\"inLanguage\":\"pt-BR\",\"potentialAction\":[{\"@type\":\"CommentAction\",\"name\":\"Comment\",\"target\":[\"https:\\\/\\\/www.notibras.com\\\/site\\\/vai-de-loira-gelada-tenha-cuidado-pois-pode-haver-risco-de-cancer\\\/#respond\"]}]},{\"@type\":\"WebPage\",\"@id\":\"https:\\\/\\\/www.notibras.com\\\/site\\\/vai-de-loira-gelada-tenha-cuidado-pois-pode-haver-risco-de-cancer\\\/\",\"url\":\"https:\\\/\\\/www.notibras.com\\\/site\\\/vai-de-loira-gelada-tenha-cuidado-pois-pode-haver-risco-de-cancer\\\/\",\"name\":\"Vai beber uma loira gelada? Cuidado, pois pode haver subst\u00e2ncia que d\u00e1 c\u00e2ncer - Notibras\",\"isPartOf\":{\"@id\":\"https:\\\/\\\/www.notibras.com\\\/site\\\/#website\"},\"primaryImageOfPage\":{\"@id\":\"https:\\\/\\\/www.notibras.com\\\/site\\\/vai-de-loira-gelada-tenha-cuidado-pois-pode-haver-risco-de-cancer\\\/#primaryimage\"},\"image\":{\"@id\":\"https:\\\/\\\/www.notibras.com\\\/site\\\/vai-de-loira-gelada-tenha-cuidado-pois-pode-haver-risco-de-cancer\\\/#primaryimage\"},\"thumbnailUrl\":\"https:\\\/\\\/www.notibras.com\\\/site\\\/wp-content\\\/uploads\\\/2016\\\/02\\\/cervejapaulanergetty.jpg\",\"datePublished\":\"2016-02-26T01:24:33+00:00\",\"dateModified\":\"2016-07-30T19:51:26+00:00\",\"breadcrumb\":{\"@id\":\"https:\\\/\\\/www.notibras.com\\\/site\\\/vai-de-loira-gelada-tenha-cuidado-pois-pode-haver-risco-de-cancer\\\/#breadcrumb\"},\"inLanguage\":\"pt-BR\",\"potentialAction\":[{\"@type\":\"ReadAction\",\"target\":[\"https:\\\/\\\/www.notibras.com\\\/site\\\/vai-de-loira-gelada-tenha-cuidado-pois-pode-haver-risco-de-cancer\\\/\"]}]},{\"@type\":\"ImageObject\",\"inLanguage\":\"pt-BR\",\"@id\":\"https:\\\/\\\/www.notibras.com\\\/site\\\/vai-de-loira-gelada-tenha-cuidado-pois-pode-haver-risco-de-cancer\\\/#primaryimage\",\"url\":\"https:\\\/\\\/www.notibras.com\\\/site\\\/wp-content\\\/uploads\\\/2016\\\/02\\\/cervejapaulanergetty.jpg\",\"contentUrl\":\"https:\\\/\\\/www.notibras.com\\\/site\\\/wp-content\\\/uploads\\\/2016\\\/02\\\/cervejapaulanergetty.jpg\",\"width\":940,\"height\":655},{\"@type\":\"BreadcrumbList\",\"@id\":\"https:\\\/\\\/www.notibras.com\\\/site\\\/vai-de-loira-gelada-tenha-cuidado-pois-pode-haver-risco-de-cancer\\\/#breadcrumb\",\"itemListElement\":[{\"@type\":\"ListItem\",\"position\":1,\"name\":\"In\u00edcio\",\"item\":\"https:\\\/\\\/www.notibras.com\\\/site\\\/\"},{\"@type\":\"ListItem\",\"position\":2,\"name\":\"Vai beber uma loira gelada? Cuidado, pois pode haver subst\u00e2ncia que d\u00e1 c\u00e2ncer\"}]},{\"@type\":\"WebSite\",\"@id\":\"https:\\\/\\\/www.notibras.com\\\/site\\\/#website\",\"url\":\"https:\\\/\\\/www.notibras.com\\\/site\\\/\",\"name\":\"Notibras\",\"description\":\"Not\u00edcias de Bras\u00edlia, do Brasil e do Mundo\",\"publisher\":{\"@id\":\"https:\\\/\\\/www.notibras.com\\\/site\\\/#organization\"},\"potentialAction\":[{\"@type\":\"SearchAction\",\"target\":{\"@type\":\"EntryPoint\",\"urlTemplate\":\"https:\\\/\\\/www.notibras.com\\\/site\\\/?s={search_term_string}\"},\"query-input\":{\"@type\":\"PropertyValueSpecification\",\"valueRequired\":true,\"valueName\":\"search_term_string\"}}],\"inLanguage\":\"pt-BR\"},{\"@type\":\"Organization\",\"@id\":\"https:\\\/\\\/www.notibras.com\\\/site\\\/#organization\",\"name\":\"Grupo Notibras de Comunica\u00e7\u00e3o\",\"url\":\"https:\\\/\\\/www.notibras.com\\\/site\\\/\",\"logo\":{\"@type\":\"ImageObject\",\"inLanguage\":\"pt-BR\",\"@id\":\"https:\\\/\\\/www.notibras.com\\\/site\\\/#\\\/schema\\\/logo\\\/image\\\/\",\"url\":\"https:\\\/\\\/www.notibras.com\\\/site\\\/wp-content\\\/uploads\\\/2023\\\/01\\\/notibras23.png\",\"contentUrl\":\"https:\\\/\\\/www.notibras.com\\\/site\\\/wp-content\\\/uploads\\\/2023\\\/01\\\/notibras23.png\",\"width\":350,\"height\":87,\"caption\":\"Grupo Notibras de Comunica\u00e7\u00e3o\"},\"image\":{\"@id\":\"https:\\\/\\\/www.notibras.com\\\/site\\\/#\\\/schema\\\/logo\\\/image\\\/\"},\"sameAs\":[\"https:\\\/\\\/www.facebook.com\\\/notibras\\\/\",\"https:\\\/\\\/x.com\\\/Notibras\",\"https:\\\/\\\/www.instagram.com\\\/notibras\\\/\"]},{\"@type\":\"Person\",\"@id\":\"https:\\\/\\\/www.notibras.com\\\/site\\\/#\\\/schema\\\/person\\\/36ab0979449956132d3e5b517ea76ac8\",\"name\":\"Reda\u00e7\u00e3o\",\"image\":{\"@type\":\"ImageObject\",\"inLanguage\":\"pt-BR\",\"@id\":\"https:\\\/\\\/secure.gravatar.com\\\/avatar\\\/e0a867bdedb85fd243eadf09663511f96fc81e0720a4a42581f334ad4303aa6b?s=96&d=mm&r=g\",\"url\":\"https:\\\/\\\/secure.gravatar.com\\\/avatar\\\/e0a867bdedb85fd243eadf09663511f96fc81e0720a4a42581f334ad4303aa6b?s=96&d=mm&r=g\",\"contentUrl\":\"https:\\\/\\\/secure.gravatar.com\\\/avatar\\\/e0a867bdedb85fd243eadf09663511f96fc81e0720a4a42581f334ad4303aa6b?s=96&d=mm&r=g\",\"caption\":\"Reda\u00e7\u00e3o\"}}]}<\/script>\n<!-- \/ Yoast SEO plugin. -->","yoast_head_json":{"title":"Vai beber uma loira gelada? Cuidado, pois pode haver subst\u00e2ncia que d\u00e1 c\u00e2ncer - Notibras","robots":{"index":"index","follow":"follow","max-snippet":"max-snippet:-1","max-image-preview":"max-image-preview:large","max-video-preview":"max-video-preview:-1"},"canonical":"https:\/\/www.notibras.com\/site\/vai-de-loira-gelada-tenha-cuidado-pois-pode-haver-risco-de-cancer\/","og_locale":"pt_BR","og_type":"article","og_title":"Vai beber uma loira gelada? Cuidado, pois pode haver subst\u00e2ncia que d\u00e1 c\u00e2ncer - Notibras","og_description":"Diversas marcas de cerveja alem\u00e3s foram detectadas com herbicida glifosato, informou nesta quinta-feira (25) um instituto de an\u00e1lise de Munique. O teste envolveu 14 marcas, entre elas as mais conhecidas da Alemanha, como Beck&#8217;s, Paulaner, Warsteiner, Krombacher, Oettinger, Bitburger, Veltins, Hasseroeder, Radeberger, Augustiner, Franziskaner, Konig Pilsener e Jever. Foi encontrado um \u00edndice entre 0,46 e [&hellip;]","og_url":"https:\/\/www.notibras.com\/site\/vai-de-loira-gelada-tenha-cuidado-pois-pode-haver-risco-de-cancer\/","og_site_name":"Notibras","article_publisher":"https:\/\/www.facebook.com\/notibras\/","article_published_time":"2016-02-26T01:24:33+00:00","article_modified_time":"2016-07-30T19:51:26+00:00","og_image":[{"width":940,"height":655,"url":"https:\/\/www.notibras.com\/site\/wp-content\/uploads\/2016\/02\/cervejapaulanergetty.jpg","type":"image\/jpeg"}],"author":"Reda\u00e7\u00e3o","twitter_card":"summary_large_image","twitter_creator":"@Notibras","twitter_site":"@Notibras","twitter_misc":{"Escrito por":"Reda\u00e7\u00e3o","Est. tempo de leitura":"2 minutos"},"schema":{"@context":"https:\/\/schema.org","@graph":[{"@type":"Article","@id":"https:\/\/www.notibras.com\/site\/vai-de-loira-gelada-tenha-cuidado-pois-pode-haver-risco-de-cancer\/#article","isPartOf":{"@id":"https:\/\/www.notibras.com\/site\/vai-de-loira-gelada-tenha-cuidado-pois-pode-haver-risco-de-cancer\/"},"author":{"name":"Reda\u00e7\u00e3o","@id":"https:\/\/www.notibras.com\/site\/#\/schema\/person\/36ab0979449956132d3e5b517ea76ac8"},"headline":"Vai beber uma loira gelada? Cuidado, pois pode haver subst\u00e2ncia que d\u00e1 c\u00e2ncer","datePublished":"2016-02-26T01:24:33+00:00","dateModified":"2016-07-30T19:51:26+00:00","mainEntityOfPage":{"@id":"https:\/\/www.notibras.com\/site\/vai-de-loira-gelada-tenha-cuidado-pois-pode-haver-risco-de-cancer\/"},"wordCount":320,"commentCount":0,"publisher":{"@id":"https:\/\/www.notibras.com\/site\/#organization"},"image":{"@id":"https:\/\/www.notibras.com\/site\/vai-de-loira-gelada-tenha-cuidado-pois-pode-haver-risco-de-cancer\/#primaryimage"},"thumbnailUrl":"https:\/\/www.notibras.com\/site\/wp-content\/uploads\/2016\/02\/cervejapaulanergetty.jpg","articleSection":["Curiosidades"],"inLanguage":"pt-BR","potentialAction":[{"@type":"CommentAction","name":"Comment","target":["https:\/\/www.notibras.com\/site\/vai-de-loira-gelada-tenha-cuidado-pois-pode-haver-risco-de-cancer\/#respond"]}]},{"@type":"WebPage","@id":"https:\/\/www.notibras.com\/site\/vai-de-loira-gelada-tenha-cuidado-pois-pode-haver-risco-de-cancer\/","url":"https:\/\/www.notibras.com\/site\/vai-de-loira-gelada-tenha-cuidado-pois-pode-haver-risco-de-cancer\/","name":"Vai beber uma loira gelada? Cuidado, pois pode haver subst\u00e2ncia que d\u00e1 c\u00e2ncer - Notibras","isPartOf":{"@id":"https:\/\/www.notibras.com\/site\/#website"},"primaryImageOfPage":{"@id":"https:\/\/www.notibras.com\/site\/vai-de-loira-gelada-tenha-cuidado-pois-pode-haver-risco-de-cancer\/#primaryimage"},"image":{"@id":"https:\/\/www.notibras.com\/site\/vai-de-loira-gelada-tenha-cuidado-pois-pode-haver-risco-de-cancer\/#primaryimage"},"thumbnailUrl":"https:\/\/www.notibras.com\/site\/wp-content\/uploads\/2016\/02\/cervejapaulanergetty.jpg","datePublished":"2016-02-26T01:24:33+00:00","dateModified":"2016-07-30T19:51:26+00:00","breadcrumb":{"@id":"https:\/\/www.notibras.com\/site\/vai-de-loira-gelada-tenha-cuidado-pois-pode-haver-risco-de-cancer\/#breadcrumb"},"inLanguage":"pt-BR","potentialAction":[{"@type":"ReadAction","target":["https:\/\/www.notibras.com\/site\/vai-de-loira-gelada-tenha-cuidado-pois-pode-haver-risco-de-cancer\/"]}]},{"@type":"ImageObject","inLanguage":"pt-BR","@id":"https:\/\/www.notibras.com\/site\/vai-de-loira-gelada-tenha-cuidado-pois-pode-haver-risco-de-cancer\/#primaryimage","url":"https:\/\/www.notibras.com\/site\/wp-content\/uploads\/2016\/02\/cervejapaulanergetty.jpg","contentUrl":"https:\/\/www.notibras.com\/site\/wp-content\/uploads\/2016\/02\/cervejapaulanergetty.jpg","width":940,"height":655},{"@type":"BreadcrumbList","@id":"https:\/\/www.notibras.com\/site\/vai-de-loira-gelada-tenha-cuidado-pois-pode-haver-risco-de-cancer\/#breadcrumb","itemListElement":[{"@type":"ListItem","position":1,"name":"In\u00edcio","item":"https:\/\/www.notibras.com\/site\/"},{"@type":"ListItem","position":2,"name":"Vai beber uma loira gelada? Cuidado, pois pode haver subst\u00e2ncia que d\u00e1 c\u00e2ncer"}]},{"@type":"WebSite","@id":"https:\/\/www.notibras.com\/site\/#website","url":"https:\/\/www.notibras.com\/site\/","name":"Notibras","description":"Not\u00edcias de Bras\u00edlia, do Brasil e do Mundo","publisher":{"@id":"https:\/\/www.notibras.com\/site\/#organization"},"potentialAction":[{"@type":"SearchAction","target":{"@type":"EntryPoint","urlTemplate":"https:\/\/www.notibras.com\/site\/?s={search_term_string}"},"query-input":{"@type":"PropertyValueSpecification","valueRequired":true,"valueName":"search_term_string"}}],"inLanguage":"pt-BR"},{"@type":"Organization","@id":"https:\/\/www.notibras.com\/site\/#organization","name":"Grupo Notibras de Comunica\u00e7\u00e3o","url":"https:\/\/www.notibras.com\/site\/","logo":{"@type":"ImageObject","inLanguage":"pt-BR","@id":"https:\/\/www.notibras.com\/site\/#\/schema\/logo\/image\/","url":"https:\/\/www.notibras.com\/site\/wp-content\/uploads\/2023\/01\/notibras23.png","contentUrl":"https:\/\/www.notibras.com\/site\/wp-content\/uploads\/2023\/01\/notibras23.png","width":350,"height":87,"caption":"Grupo Notibras de Comunica\u00e7\u00e3o"},"image":{"@id":"https:\/\/www.notibras.com\/site\/#\/schema\/logo\/image\/"},"sameAs":["https:\/\/www.facebook.com\/notibras\/","https:\/\/x.com\/Notibras","https:\/\/www.instagram.com\/notibras\/"]},{"@type":"Person","@id":"https:\/\/www.notibras.com\/site\/#\/schema\/person\/36ab0979449956132d3e5b517ea76ac8","name":"Reda\u00e7\u00e3o","image":{"@type":"ImageObject","inLanguage":"pt-BR","@id":"https:\/\/secure.gravatar.com\/avatar\/e0a867bdedb85fd243eadf09663511f96fc81e0720a4a42581f334ad4303aa6b?s=96&d=mm&r=g","url":"https:\/\/secure.gravatar.com\/avatar\/e0a867bdedb85fd243eadf09663511f96fc81e0720a4a42581f334ad4303aa6b?s=96&d=mm&r=g","contentUrl":"https:\/\/secure.gravatar.com\/avatar\/e0a867bdedb85fd243eadf09663511f96fc81e0720a4a42581f334ad4303aa6b?s=96&d=mm&r=g","caption":"Reda\u00e7\u00e3o"}}]}},"amp_enabled":true,"_links":{"self":[{"href":"https:\/\/www.notibras.com\/site\/wp-json\/wp\/v2\/posts\/91005","targetHints":{"allow":["GET"]}}],"collection":[{"href":"https:\/\/www.notibras.com\/site\/wp-json\/wp\/v2\/posts"}],"about":[{"href":"https:\/\/www.notibras.com\/site\/wp-json\/wp\/v2\/types\/post"}],"author":[{"embeddable":true,"href":"https:\/\/www.notibras.com\/site\/wp-json\/wp\/v2\/users\/2"}],"replies":[{"embeddable":true,"href":"https:\/\/www.notibras.com\/site\/wp-json\/wp\/v2\/comments?post=91005"}],"version-history":[{"count":7,"href":"https:\/\/www.notibras.com\/site\/wp-json\/wp\/v2\/posts\/91005\/revisions"}],"predecessor-version":[{"id":91255,"href":"https:\/\/www.notibras.com\/site\/wp-json\/wp\/v2\/posts\/91005\/revisions\/91255"}],"wp:featuredmedia":[{"embeddable":true,"href":"https:\/\/www.notibras.com\/site\/wp-json\/wp\/v2\/media\/91006"}],"wp:attachment":[{"href":"https:\/\/www.notibras.com\/site\/wp-json\/wp\/v2\/media?parent=91005"}],"wp:term":[{"taxonomy":"category","embeddable":true,"href":"https:\/\/www.notibras.com\/site\/wp-json\/wp\/v2\/categories?post=91005"},{"taxonomy":"post_tag","embeddable":true,"href":"https:\/\/www.notibras.com\/site\/wp-json\/wp\/v2\/tags?post=91005"}],"curies":[{"name":"wp","href":"https:\/\/api.w.org\/{rel}","templated":true}]}}