{"id":91297,"date":"2016-02-28T10:12:11","date_gmt":"2016-02-28T13:12:11","guid":{"rendered":"http:\/\/www.notibras.com\/site\/?p=91297"},"modified":"2016-02-28T10:12:11","modified_gmt":"2016-02-28T13:12:11","slug":"jeep-habilitacao-a-surpresa-e-a-presteza-de-walmores-primeiro-diretor-do-detran","status":"publish","type":"post","link":"https:\/\/www.notibras.com\/site\/jeep-habilitacao-a-surpresa-e-a-presteza-de-walmores-primeiro-diretor-do-detran\/","title":{"rendered":"Jeep, habilita\u00e7\u00e3o, a surpresa e a presteza de Walmores, primeiro diretor do Detran"},"content":{"rendered":"<p><strong>Jos\u00e9 Escarlate<\/strong><\/p>\n<p>Um dia, durante o caf\u00e9 da manh\u00e3 na \u201crep\u00fablica\u201d da Ag\u00eancia Nacional, na 411 Sul, Maur\u00edcio Vaitsman, que comandava o n\u00facleo daqui, me chamou e perguntou se eu possu\u00eda carteira de motorista. Como eu andava o dia inteiro montado na bol\u00e9ia de um jeep, Maur\u00edcio quis checar a coisa, antes de dar galho. A resposta foi negativa ent\u00e3o ele determinou que eu me apresentasse no servi\u00e7o de tr\u00e2nsito, no Setor Policial Sul, no mesmo local onde fica hoje a Academia de Pol\u00edcia Militar.<\/p>\n<p>Chegando l\u00e1, preocupado em ter que pagar alguma coisa, procurei pelo inspetor Walmores Barbosa sendo informado por ele de que tudo j\u00e1 fora acertado. A Ag\u00eancia Nacional pagara a taxa de inscri\u00e7\u00e3o e o exame de motorista seria feito no dia seguinte, com o pr\u00f3prio inspetor Walmores, no mesmo local, \u00e0s 8 horas da manh\u00e3.<\/p>\n<p>No dia seguinte, numa camioneta Chevrolet negra de chapa branca da Ag\u00eancia, do tipo que nos anos 60 era usada pela R\u00e1dio-Patrulha, no Rio, l\u00e1 estava eu fazendo meu exame de motorista com o inspetor Walmores Vitorino Barbosa. Era o dia 21 de julho de 1960.<\/p>\n<p>Compenetrado, obedecia religiosamente suas indica\u00e7\u00f5es. Subia, dava marcha a r\u00e9, parava o carro em declive, e fazia os sinais regulamentares com as m\u00e3os e o bra\u00e7o virado para cima, que indicava virar \u00e0 direita, o que hoje n\u00e3o existe mais. As setas dos carros modernos mudaram at\u00e9 o exame de motorista. S\u00f3 que, depois, ainda tinha uma prova oral, que derrubava muita gente, e as famosas balizas. Passei com louvor e tr\u00eas dias depois fui buscar o que os paulistas chamam de minha carta de motorista. A carteira, enorme, tinha como data de emiss\u00e3o 21\/07\/1960, com o n\u00famero 220-A.<\/p>\n<p>Quando olhei mais abaixo, no final do documento, quase ca\u00ed para tr\u00e1s. Na assinatura constava o nome de Walmores Vitorino Barbosa, e o cargo: Diretor-Geral do Departamento de Tr\u00e2nsito do Distrito Federal. Eu nem desconfiava, mas o doutor Walmores foi o primeiro diretor-geral do Detran DF. Anos mais tarde, aposentou-se como delegado da Pol\u00edcia Federal e diretor da Polinter. Foi outro bom amigo que fiz em Bras\u00edlia. A minha carteira de motorista prova o meu pioneirismo.<\/p>\n<p><img loading=\"lazy\" decoding=\"async\" class=\"alignnone size-full wp-image-83053\" src=\"http:\/\/www.notibras.com\/site\/wp-content\/uploads\/2016\/01\/PV.png\" alt=\"PV\" width=\"122\" height=\"26\" \/><\/p>\n","protected":false},"excerpt":{"rendered":"<p>Jos\u00e9 Escarlate Um dia, durante o caf\u00e9 da manh\u00e3 na \u201crep\u00fablica\u201d da Ag\u00eancia Nacional, na 411 Sul, Maur\u00edcio Vaitsman, que comandava o n\u00facleo daqui, me chamou e perguntou se eu possu\u00eda carteira de motorista. Como eu andava o dia inteiro montado na bol\u00e9ia de um jeep, Maur\u00edcio quis checar a coisa, antes de dar galho. [&hellip;]<\/p>\n","protected":false},"author":2,"featured_media":91301,"comment_status":"open","ping_status":"closed","sticky":false,"template":"","format":"standard","meta":{"_acf_changed":false,"footnotes":""},"categories":[63],"tags":[],"class_list":["post-91297","post","type-post","status-publish","format-standard","has-post-thumbnail","hentry","category-paginas-viradas"],"acf":[],"yoast_head":"<!-- This site is optimized with the Yoast SEO plugin v27.5 - https:\/\/yoast.com\/product\/yoast-seo-wordpress\/ -->\n<title>Jeep, habilita\u00e7\u00e3o, a surpresa e a presteza de Walmores, primeiro diretor do Detran - Notibras<\/title>\n<meta name=\"robots\" content=\"index, follow, max-snippet:-1, max-image-preview:large, max-video-preview:-1\" \/>\n<link rel=\"canonical\" href=\"https:\/\/www.notibras.com\/site\/jeep-habilitacao-a-surpresa-e-a-presteza-de-walmores-primeiro-diretor-do-detran\/\" \/>\n<meta property=\"og:locale\" content=\"pt_BR\" \/>\n<meta property=\"og:type\" content=\"article\" \/>\n<meta property=\"og:title\" content=\"Jeep, habilita\u00e7\u00e3o, a surpresa e a presteza de Walmores, primeiro diretor do Detran - Notibras\" \/>\n<meta property=\"og:description\" content=\"Jos\u00e9 Escarlate Um dia, durante o caf\u00e9 da manh\u00e3 na \u201crep\u00fablica\u201d da Ag\u00eancia Nacional, na 411 Sul, Maur\u00edcio Vaitsman, que comandava o n\u00facleo daqui, me chamou e perguntou se eu possu\u00eda carteira de motorista. Como eu andava o dia inteiro montado na bol\u00e9ia de um jeep, Maur\u00edcio quis checar a coisa, antes de dar galho. [&hellip;]\" \/>\n<meta property=\"og:url\" content=\"https:\/\/www.notibras.com\/site\/jeep-habilitacao-a-surpresa-e-a-presteza-de-walmores-primeiro-diretor-do-detran\/\" \/>\n<meta property=\"og:site_name\" content=\"Notibras\" \/>\n<meta property=\"article:publisher\" content=\"https:\/\/www.facebook.com\/notibras\/\" \/>\n<meta property=\"article:published_time\" content=\"2016-02-28T13:12:11+00:00\" \/>\n<meta property=\"og:image\" content=\"https:\/\/www.notibras.com\/site\/wp-content\/uploads\/2016\/02\/Wiki_Jeep_5.jpg\" \/>\n\t<meta property=\"og:image:width\" content=\"802\" \/>\n\t<meta property=\"og:image:height\" content=\"806\" \/>\n\t<meta property=\"og:image:type\" content=\"image\/jpeg\" \/>\n<meta name=\"author\" content=\"Reda\u00e7\u00e3o\" \/>\n<meta name=\"twitter:card\" content=\"summary_large_image\" \/>\n<meta name=\"twitter:creator\" content=\"@Notibras\" \/>\n<meta name=\"twitter:site\" content=\"@Notibras\" \/>\n<meta name=\"twitter:label1\" content=\"Escrito por\" \/>\n\t<meta name=\"twitter:data1\" content=\"Reda\u00e7\u00e3o\" \/>\n\t<meta name=\"twitter:label2\" content=\"Est. tempo de leitura\" \/>\n\t<meta name=\"twitter:data2\" content=\"2 minutos\" \/>\n<script type=\"application\/ld+json\" class=\"yoast-schema-graph\">{\"@context\":\"https:\\\/\\\/schema.org\",\"@graph\":[{\"@type\":\"Article\",\"@id\":\"https:\\\/\\\/www.notibras.com\\\/site\\\/jeep-habilitacao-a-surpresa-e-a-presteza-de-walmores-primeiro-diretor-do-detran\\\/#article\",\"isPartOf\":{\"@id\":\"https:\\\/\\\/www.notibras.com\\\/site\\\/jeep-habilitacao-a-surpresa-e-a-presteza-de-walmores-primeiro-diretor-do-detran\\\/\"},\"author\":{\"name\":\"Reda\u00e7\u00e3o\",\"@id\":\"https:\\\/\\\/www.notibras.com\\\/site\\\/#\\\/schema\\\/person\\\/36ab0979449956132d3e5b517ea76ac8\"},\"headline\":\"Jeep, habilita\u00e7\u00e3o, a surpresa e a presteza de Walmores, primeiro diretor do Detran\",\"datePublished\":\"2016-02-28T13:12:11+00:00\",\"mainEntityOfPage\":{\"@id\":\"https:\\\/\\\/www.notibras.com\\\/site\\\/jeep-habilitacao-a-surpresa-e-a-presteza-de-walmores-primeiro-diretor-do-detran\\\/\"},\"wordCount\":395,\"commentCount\":0,\"publisher\":{\"@id\":\"https:\\\/\\\/www.notibras.com\\\/site\\\/#organization\"},\"image\":{\"@id\":\"https:\\\/\\\/www.notibras.com\\\/site\\\/jeep-habilitacao-a-surpresa-e-a-presteza-de-walmores-primeiro-diretor-do-detran\\\/#primaryimage\"},\"thumbnailUrl\":\"https:\\\/\\\/www.notibras.com\\\/site\\\/wp-content\\\/uploads\\\/2016\\\/02\\\/Wiki_Jeep_5.jpg\",\"articleSection\":[\"P\u00e1ginas Viradas\"],\"inLanguage\":\"pt-BR\",\"potentialAction\":[{\"@type\":\"CommentAction\",\"name\":\"Comment\",\"target\":[\"https:\\\/\\\/www.notibras.com\\\/site\\\/jeep-habilitacao-a-surpresa-e-a-presteza-de-walmores-primeiro-diretor-do-detran\\\/#respond\"]}]},{\"@type\":\"WebPage\",\"@id\":\"https:\\\/\\\/www.notibras.com\\\/site\\\/jeep-habilitacao-a-surpresa-e-a-presteza-de-walmores-primeiro-diretor-do-detran\\\/\",\"url\":\"https:\\\/\\\/www.notibras.com\\\/site\\\/jeep-habilitacao-a-surpresa-e-a-presteza-de-walmores-primeiro-diretor-do-detran\\\/\",\"name\":\"Jeep, habilita\u00e7\u00e3o, a surpresa e a presteza de Walmores, primeiro diretor do Detran - Notibras\",\"isPartOf\":{\"@id\":\"https:\\\/\\\/www.notibras.com\\\/site\\\/#website\"},\"primaryImageOfPage\":{\"@id\":\"https:\\\/\\\/www.notibras.com\\\/site\\\/jeep-habilitacao-a-surpresa-e-a-presteza-de-walmores-primeiro-diretor-do-detran\\\/#primaryimage\"},\"image\":{\"@id\":\"https:\\\/\\\/www.notibras.com\\\/site\\\/jeep-habilitacao-a-surpresa-e-a-presteza-de-walmores-primeiro-diretor-do-detran\\\/#primaryimage\"},\"thumbnailUrl\":\"https:\\\/\\\/www.notibras.com\\\/site\\\/wp-content\\\/uploads\\\/2016\\\/02\\\/Wiki_Jeep_5.jpg\",\"datePublished\":\"2016-02-28T13:12:11+00:00\",\"breadcrumb\":{\"@id\":\"https:\\\/\\\/www.notibras.com\\\/site\\\/jeep-habilitacao-a-surpresa-e-a-presteza-de-walmores-primeiro-diretor-do-detran\\\/#breadcrumb\"},\"inLanguage\":\"pt-BR\",\"potentialAction\":[{\"@type\":\"ReadAction\",\"target\":[\"https:\\\/\\\/www.notibras.com\\\/site\\\/jeep-habilitacao-a-surpresa-e-a-presteza-de-walmores-primeiro-diretor-do-detran\\\/\"]}]},{\"@type\":\"ImageObject\",\"inLanguage\":\"pt-BR\",\"@id\":\"https:\\\/\\\/www.notibras.com\\\/site\\\/jeep-habilitacao-a-surpresa-e-a-presteza-de-walmores-primeiro-diretor-do-detran\\\/#primaryimage\",\"url\":\"https:\\\/\\\/www.notibras.com\\\/site\\\/wp-content\\\/uploads\\\/2016\\\/02\\\/Wiki_Jeep_5.jpg\",\"contentUrl\":\"https:\\\/\\\/www.notibras.com\\\/site\\\/wp-content\\\/uploads\\\/2016\\\/02\\\/Wiki_Jeep_5.jpg\",\"width\":802,\"height\":806},{\"@type\":\"BreadcrumbList\",\"@id\":\"https:\\\/\\\/www.notibras.com\\\/site\\\/jeep-habilitacao-a-surpresa-e-a-presteza-de-walmores-primeiro-diretor-do-detran\\\/#breadcrumb\",\"itemListElement\":[{\"@type\":\"ListItem\",\"position\":1,\"name\":\"In\u00edcio\",\"item\":\"https:\\\/\\\/www.notibras.com\\\/site\\\/\"},{\"@type\":\"ListItem\",\"position\":2,\"name\":\"Jeep, habilita\u00e7\u00e3o, a surpresa e a presteza de Walmores, primeiro diretor do Detran\"}]},{\"@type\":\"WebSite\",\"@id\":\"https:\\\/\\\/www.notibras.com\\\/site\\\/#website\",\"url\":\"https:\\\/\\\/www.notibras.com\\\/site\\\/\",\"name\":\"Notibras\",\"description\":\"Not\u00edcias de Bras\u00edlia, do Brasil e do Mundo\",\"publisher\":{\"@id\":\"https:\\\/\\\/www.notibras.com\\\/site\\\/#organization\"},\"potentialAction\":[{\"@type\":\"SearchAction\",\"target\":{\"@type\":\"EntryPoint\",\"urlTemplate\":\"https:\\\/\\\/www.notibras.com\\\/site\\\/?s={search_term_string}\"},\"query-input\":{\"@type\":\"PropertyValueSpecification\",\"valueRequired\":true,\"valueName\":\"search_term_string\"}}],\"inLanguage\":\"pt-BR\"},{\"@type\":\"Organization\",\"@id\":\"https:\\\/\\\/www.notibras.com\\\/site\\\/#organization\",\"name\":\"Grupo Notibras de Comunica\u00e7\u00e3o\",\"url\":\"https:\\\/\\\/www.notibras.com\\\/site\\\/\",\"logo\":{\"@type\":\"ImageObject\",\"inLanguage\":\"pt-BR\",\"@id\":\"https:\\\/\\\/www.notibras.com\\\/site\\\/#\\\/schema\\\/logo\\\/image\\\/\",\"url\":\"https:\\\/\\\/www.notibras.com\\\/site\\\/wp-content\\\/uploads\\\/2023\\\/01\\\/notibras23.png\",\"contentUrl\":\"https:\\\/\\\/www.notibras.com\\\/site\\\/wp-content\\\/uploads\\\/2023\\\/01\\\/notibras23.png\",\"width\":350,\"height\":87,\"caption\":\"Grupo Notibras de Comunica\u00e7\u00e3o\"},\"image\":{\"@id\":\"https:\\\/\\\/www.notibras.com\\\/site\\\/#\\\/schema\\\/logo\\\/image\\\/\"},\"sameAs\":[\"https:\\\/\\\/www.facebook.com\\\/notibras\\\/\",\"https:\\\/\\\/x.com\\\/Notibras\",\"https:\\\/\\\/www.instagram.com\\\/notibras\\\/\"]},{\"@type\":\"Person\",\"@id\":\"https:\\\/\\\/www.notibras.com\\\/site\\\/#\\\/schema\\\/person\\\/36ab0979449956132d3e5b517ea76ac8\",\"name\":\"Reda\u00e7\u00e3o\",\"image\":{\"@type\":\"ImageObject\",\"inLanguage\":\"pt-BR\",\"@id\":\"https:\\\/\\\/secure.gravatar.com\\\/avatar\\\/e0a867bdedb85fd243eadf09663511f96fc81e0720a4a42581f334ad4303aa6b?s=96&d=mm&r=g\",\"url\":\"https:\\\/\\\/secure.gravatar.com\\\/avatar\\\/e0a867bdedb85fd243eadf09663511f96fc81e0720a4a42581f334ad4303aa6b?s=96&d=mm&r=g\",\"contentUrl\":\"https:\\\/\\\/secure.gravatar.com\\\/avatar\\\/e0a867bdedb85fd243eadf09663511f96fc81e0720a4a42581f334ad4303aa6b?s=96&d=mm&r=g\",\"caption\":\"Reda\u00e7\u00e3o\"}}]}<\/script>\n<!-- \/ Yoast SEO plugin. -->","yoast_head_json":{"title":"Jeep, habilita\u00e7\u00e3o, a surpresa e a presteza de Walmores, primeiro diretor do Detran - Notibras","robots":{"index":"index","follow":"follow","max-snippet":"max-snippet:-1","max-image-preview":"max-image-preview:large","max-video-preview":"max-video-preview:-1"},"canonical":"https:\/\/www.notibras.com\/site\/jeep-habilitacao-a-surpresa-e-a-presteza-de-walmores-primeiro-diretor-do-detran\/","og_locale":"pt_BR","og_type":"article","og_title":"Jeep, habilita\u00e7\u00e3o, a surpresa e a presteza de Walmores, primeiro diretor do Detran - Notibras","og_description":"Jos\u00e9 Escarlate Um dia, durante o caf\u00e9 da manh\u00e3 na \u201crep\u00fablica\u201d da Ag\u00eancia Nacional, na 411 Sul, Maur\u00edcio Vaitsman, que comandava o n\u00facleo daqui, me chamou e perguntou se eu possu\u00eda carteira de motorista. Como eu andava o dia inteiro montado na bol\u00e9ia de um jeep, Maur\u00edcio quis checar a coisa, antes de dar galho. [&hellip;]","og_url":"https:\/\/www.notibras.com\/site\/jeep-habilitacao-a-surpresa-e-a-presteza-de-walmores-primeiro-diretor-do-detran\/","og_site_name":"Notibras","article_publisher":"https:\/\/www.facebook.com\/notibras\/","article_published_time":"2016-02-28T13:12:11+00:00","og_image":[{"width":802,"height":806,"url":"https:\/\/www.notibras.com\/site\/wp-content\/uploads\/2016\/02\/Wiki_Jeep_5.jpg","type":"image\/jpeg"}],"author":"Reda\u00e7\u00e3o","twitter_card":"summary_large_image","twitter_creator":"@Notibras","twitter_site":"@Notibras","twitter_misc":{"Escrito por":"Reda\u00e7\u00e3o","Est. tempo de leitura":"2 minutos"},"schema":{"@context":"https:\/\/schema.org","@graph":[{"@type":"Article","@id":"https:\/\/www.notibras.com\/site\/jeep-habilitacao-a-surpresa-e-a-presteza-de-walmores-primeiro-diretor-do-detran\/#article","isPartOf":{"@id":"https:\/\/www.notibras.com\/site\/jeep-habilitacao-a-surpresa-e-a-presteza-de-walmores-primeiro-diretor-do-detran\/"},"author":{"name":"Reda\u00e7\u00e3o","@id":"https:\/\/www.notibras.com\/site\/#\/schema\/person\/36ab0979449956132d3e5b517ea76ac8"},"headline":"Jeep, habilita\u00e7\u00e3o, a surpresa e a presteza de Walmores, primeiro diretor do Detran","datePublished":"2016-02-28T13:12:11+00:00","mainEntityOfPage":{"@id":"https:\/\/www.notibras.com\/site\/jeep-habilitacao-a-surpresa-e-a-presteza-de-walmores-primeiro-diretor-do-detran\/"},"wordCount":395,"commentCount":0,"publisher":{"@id":"https:\/\/www.notibras.com\/site\/#organization"},"image":{"@id":"https:\/\/www.notibras.com\/site\/jeep-habilitacao-a-surpresa-e-a-presteza-de-walmores-primeiro-diretor-do-detran\/#primaryimage"},"thumbnailUrl":"https:\/\/www.notibras.com\/site\/wp-content\/uploads\/2016\/02\/Wiki_Jeep_5.jpg","articleSection":["P\u00e1ginas Viradas"],"inLanguage":"pt-BR","potentialAction":[{"@type":"CommentAction","name":"Comment","target":["https:\/\/www.notibras.com\/site\/jeep-habilitacao-a-surpresa-e-a-presteza-de-walmores-primeiro-diretor-do-detran\/#respond"]}]},{"@type":"WebPage","@id":"https:\/\/www.notibras.com\/site\/jeep-habilitacao-a-surpresa-e-a-presteza-de-walmores-primeiro-diretor-do-detran\/","url":"https:\/\/www.notibras.com\/site\/jeep-habilitacao-a-surpresa-e-a-presteza-de-walmores-primeiro-diretor-do-detran\/","name":"Jeep, habilita\u00e7\u00e3o, a surpresa e a presteza de Walmores, primeiro diretor do Detran - Notibras","isPartOf":{"@id":"https:\/\/www.notibras.com\/site\/#website"},"primaryImageOfPage":{"@id":"https:\/\/www.notibras.com\/site\/jeep-habilitacao-a-surpresa-e-a-presteza-de-walmores-primeiro-diretor-do-detran\/#primaryimage"},"image":{"@id":"https:\/\/www.notibras.com\/site\/jeep-habilitacao-a-surpresa-e-a-presteza-de-walmores-primeiro-diretor-do-detran\/#primaryimage"},"thumbnailUrl":"https:\/\/www.notibras.com\/site\/wp-content\/uploads\/2016\/02\/Wiki_Jeep_5.jpg","datePublished":"2016-02-28T13:12:11+00:00","breadcrumb":{"@id":"https:\/\/www.notibras.com\/site\/jeep-habilitacao-a-surpresa-e-a-presteza-de-walmores-primeiro-diretor-do-detran\/#breadcrumb"},"inLanguage":"pt-BR","potentialAction":[{"@type":"ReadAction","target":["https:\/\/www.notibras.com\/site\/jeep-habilitacao-a-surpresa-e-a-presteza-de-walmores-primeiro-diretor-do-detran\/"]}]},{"@type":"ImageObject","inLanguage":"pt-BR","@id":"https:\/\/www.notibras.com\/site\/jeep-habilitacao-a-surpresa-e-a-presteza-de-walmores-primeiro-diretor-do-detran\/#primaryimage","url":"https:\/\/www.notibras.com\/site\/wp-content\/uploads\/2016\/02\/Wiki_Jeep_5.jpg","contentUrl":"https:\/\/www.notibras.com\/site\/wp-content\/uploads\/2016\/02\/Wiki_Jeep_5.jpg","width":802,"height":806},{"@type":"BreadcrumbList","@id":"https:\/\/www.notibras.com\/site\/jeep-habilitacao-a-surpresa-e-a-presteza-de-walmores-primeiro-diretor-do-detran\/#breadcrumb","itemListElement":[{"@type":"ListItem","position":1,"name":"In\u00edcio","item":"https:\/\/www.notibras.com\/site\/"},{"@type":"ListItem","position":2,"name":"Jeep, habilita\u00e7\u00e3o, a surpresa e a presteza de Walmores, primeiro diretor do Detran"}]},{"@type":"WebSite","@id":"https:\/\/www.notibras.com\/site\/#website","url":"https:\/\/www.notibras.com\/site\/","name":"Notibras","description":"Not\u00edcias de Bras\u00edlia, do Brasil e do Mundo","publisher":{"@id":"https:\/\/www.notibras.com\/site\/#organization"},"potentialAction":[{"@type":"SearchAction","target":{"@type":"EntryPoint","urlTemplate":"https:\/\/www.notibras.com\/site\/?s={search_term_string}"},"query-input":{"@type":"PropertyValueSpecification","valueRequired":true,"valueName":"search_term_string"}}],"inLanguage":"pt-BR"},{"@type":"Organization","@id":"https:\/\/www.notibras.com\/site\/#organization","name":"Grupo Notibras de Comunica\u00e7\u00e3o","url":"https:\/\/www.notibras.com\/site\/","logo":{"@type":"ImageObject","inLanguage":"pt-BR","@id":"https:\/\/www.notibras.com\/site\/#\/schema\/logo\/image\/","url":"https:\/\/www.notibras.com\/site\/wp-content\/uploads\/2023\/01\/notibras23.png","contentUrl":"https:\/\/www.notibras.com\/site\/wp-content\/uploads\/2023\/01\/notibras23.png","width":350,"height":87,"caption":"Grupo Notibras de Comunica\u00e7\u00e3o"},"image":{"@id":"https:\/\/www.notibras.com\/site\/#\/schema\/logo\/image\/"},"sameAs":["https:\/\/www.facebook.com\/notibras\/","https:\/\/x.com\/Notibras","https:\/\/www.instagram.com\/notibras\/"]},{"@type":"Person","@id":"https:\/\/www.notibras.com\/site\/#\/schema\/person\/36ab0979449956132d3e5b517ea76ac8","name":"Reda\u00e7\u00e3o","image":{"@type":"ImageObject","inLanguage":"pt-BR","@id":"https:\/\/secure.gravatar.com\/avatar\/e0a867bdedb85fd243eadf09663511f96fc81e0720a4a42581f334ad4303aa6b?s=96&d=mm&r=g","url":"https:\/\/secure.gravatar.com\/avatar\/e0a867bdedb85fd243eadf09663511f96fc81e0720a4a42581f334ad4303aa6b?s=96&d=mm&r=g","contentUrl":"https:\/\/secure.gravatar.com\/avatar\/e0a867bdedb85fd243eadf09663511f96fc81e0720a4a42581f334ad4303aa6b?s=96&d=mm&r=g","caption":"Reda\u00e7\u00e3o"}}]}},"amp_enabled":true,"_links":{"self":[{"href":"https:\/\/www.notibras.com\/site\/wp-json\/wp\/v2\/posts\/91297","targetHints":{"allow":["GET"]}}],"collection":[{"href":"https:\/\/www.notibras.com\/site\/wp-json\/wp\/v2\/posts"}],"about":[{"href":"https:\/\/www.notibras.com\/site\/wp-json\/wp\/v2\/types\/post"}],"author":[{"embeddable":true,"href":"https:\/\/www.notibras.com\/site\/wp-json\/wp\/v2\/users\/2"}],"replies":[{"embeddable":true,"href":"https:\/\/www.notibras.com\/site\/wp-json\/wp\/v2\/comments?post=91297"}],"version-history":[{"count":1,"href":"https:\/\/www.notibras.com\/site\/wp-json\/wp\/v2\/posts\/91297\/revisions"}],"predecessor-version":[{"id":91302,"href":"https:\/\/www.notibras.com\/site\/wp-json\/wp\/v2\/posts\/91297\/revisions\/91302"}],"wp:featuredmedia":[{"embeddable":true,"href":"https:\/\/www.notibras.com\/site\/wp-json\/wp\/v2\/media\/91301"}],"wp:attachment":[{"href":"https:\/\/www.notibras.com\/site\/wp-json\/wp\/v2\/media?parent=91297"}],"wp:term":[{"taxonomy":"category","embeddable":true,"href":"https:\/\/www.notibras.com\/site\/wp-json\/wp\/v2\/categories?post=91297"},{"taxonomy":"post_tag","embeddable":true,"href":"https:\/\/www.notibras.com\/site\/wp-json\/wp\/v2\/tags?post=91297"}],"curies":[{"name":"wp","href":"https:\/\/api.w.org\/{rel}","templated":true}]}}