{"id":913,"date":"2014-02-09T20:10:59","date_gmt":"2014-02-09T23:10:59","guid":{"rendered":"http:\/\/www.notibras.com\/site\/?p=913"},"modified":"2014-02-09T22:13:57","modified_gmt":"2014-02-10T01:13:57","slug":"estados-correm-para-imunizar-adolescentes-contra-hpv","status":"publish","type":"post","link":"https:\/\/www.notibras.com\/site\/estados-correm-para-imunizar-adolescentes-contra-hpv\/","title":{"rendered":"Estados correm para imunizar adolescentes contra v\u00edrus do HPV a partir de mar\u00e7o"},"content":{"rendered":"<p>Com exce\u00e7\u00e3o do Tocantins, na Regi\u00e3o Norte, e de Pernambuco, na Regi\u00e3o Nordeste, todos os demais estados j\u00e1 est\u00e3o desenvolvendo atividades preparat\u00f3rias \u00e0 implanta\u00e7\u00e3o da Campanha\u00a0 de Imuniza\u00e7\u00e3o contra o HPV, cujo in\u00edcio foi programado pelo Minist\u00e9rio da Sa\u00fade para o pr\u00f3ximo dia 10 de mar\u00e7o.<\/p>\n<p>A campanha de vacina\u00e7\u00e3o contra o v\u00edrus do papiloma humano (VPH ou HPV, do ingl\u00eas <em>human papiloma virus<\/em>) foi lan\u00e7ada no \u00faltimo dia 29 de janeiro pelo ent\u00e3o ministro da Sa\u00fade, Alexandre Padilha, em cadeia nacional de r\u00e1dio e televis\u00e3o.<\/p>\n<p>O HPV \u00e9 um v\u00edrus transmitido pelo contato com a pele ou mucosas infectadas por meio de rela\u00e7\u00e3o sexual. \u00c9 atualmente um dos principais respons\u00e1veis pelo c\u00e2ncer de colo de \u00fatero, o\u00a0 terceiro mais frequente entre as mulheres. A Organiza\u00e7\u00e3o Mundial da Sa\u00fade (OMS) estima que cerca de 290 milh\u00f5es de mulheres em todo o mundo t\u00eam HPV.<\/p>\n<p>A imuniza\u00e7\u00e3o tem como\u00a0 p\u00fablico-alvo, nessa\u00a0 primeira etapa, meninas de 11 a 13 anos de idade. O\u00a0 objetivo \u00e9 a\u00a0 preven\u00e7\u00e3o do c\u00e2ncer de colo de \u00fatero. A assessoria de imprensa do Minist\u00e9rio da Sa\u00fade informou que a ideia \u00e9 sensibilizar estados e munic\u00edpios para que se integrem \u00e0 campanha, condi\u00e7\u00e3o para que a vacina\u00e7\u00e3o obtenha sucesso.<\/p>\n<p>A campanha de imuniza\u00e7\u00e3o\u00a0 prev\u00ea mais duas fases. A\u00a0 segunda dose ser\u00e1\u00a0 aplicada seis meses depois, ou seja, em setembro, nas unidades de sa\u00fade, e a terceira, cinco anos ap\u00f3s a primeira dose.\u00a0 Os pais que n\u00e3o quiserem que suas filhas sejam vacinadas ter\u00e3o que assinar um termo de recusa.<\/p>\n<p>A vacina a ser utilizada ser\u00e1 a quadrivalente, que d\u00e1\u00a0 prote\u00e7\u00e3o contra quatro subtipos (6, 11, 16 e 18) de HPV.\u00a0 De acordo com o Minist\u00e9rio da Sa\u00fade, a\u00a0 vacina tem efic\u00e1cia comprovada para proteger mulheres que ainda n\u00e3o iniciaram a vida sexual e, por essa raz\u00e3o, n\u00e3o tiveram nenhum contato com o v\u00edrus.<\/p>\n<p>O \u00f3rg\u00e3o adverte, por\u00e9m, que a vacina n\u00e3o substitui o exame preventivo ( Papanicolau) a cada ano, nem o uso do preservativo nas rela\u00e7\u00f5es sexuais.<\/p>\n<p><strong>Alana Gandra, ABr<\/strong><\/p>\n","protected":false},"excerpt":{"rendered":"<p>Com exce\u00e7\u00e3o do Tocantins, na Regi\u00e3o Norte, e de Pernambuco, na Regi\u00e3o Nordeste, todos os demais estados j\u00e1 est\u00e3o desenvolvendo atividades preparat\u00f3rias \u00e0 implanta\u00e7\u00e3o da Campanha\u00a0 de Imuniza\u00e7\u00e3o contra o HPV, cujo in\u00edcio foi programado pelo Minist\u00e9rio da Sa\u00fade para o pr\u00f3ximo dia 10 de mar\u00e7o. A campanha de vacina\u00e7\u00e3o contra o v\u00edrus do papiloma [&hellip;]<\/p>\n","protected":false},"author":2,"featured_media":914,"comment_status":"open","ping_status":"closed","sticky":false,"template":"","format":"standard","meta":{"_acf_changed":false,"footnotes":""},"categories":[16],"tags":[],"class_list":["post-913","post","type-post","status-publish","format-standard","has-post-thumbnail","hentry","category-brasil"],"acf":[],"yoast_head":"<!-- This site is optimized with the Yoast SEO plugin v27.2 - https:\/\/yoast.com\/product\/yoast-seo-wordpress\/ -->\n<title>Estados correm para imunizar adolescentes contra v\u00edrus do HPV a partir de mar\u00e7o - Notibras<\/title>\n<meta name=\"robots\" content=\"index, follow, max-snippet:-1, max-image-preview:large, max-video-preview:-1\" \/>\n<link rel=\"canonical\" href=\"https:\/\/www.notibras.com\/site\/estados-correm-para-imunizar-adolescentes-contra-hpv\/\" \/>\n<meta property=\"og:locale\" content=\"pt_BR\" \/>\n<meta property=\"og:type\" content=\"article\" \/>\n<meta property=\"og:title\" content=\"Estados correm para imunizar adolescentes contra v\u00edrus do HPV a partir de mar\u00e7o - Notibras\" \/>\n<meta property=\"og:description\" content=\"Com exce\u00e7\u00e3o do Tocantins, na Regi\u00e3o Norte, e de Pernambuco, na Regi\u00e3o Nordeste, todos os demais estados j\u00e1 est\u00e3o desenvolvendo atividades preparat\u00f3rias \u00e0 implanta\u00e7\u00e3o da Campanha\u00a0 de Imuniza\u00e7\u00e3o contra o HPV, cujo in\u00edcio foi programado pelo Minist\u00e9rio da Sa\u00fade para o pr\u00f3ximo dia 10 de mar\u00e7o. A campanha de vacina\u00e7\u00e3o contra o v\u00edrus do papiloma [&hellip;]\" \/>\n<meta property=\"og:url\" content=\"https:\/\/www.notibras.com\/site\/estados-correm-para-imunizar-adolescentes-contra-hpv\/\" \/>\n<meta property=\"og:site_name\" content=\"Notibras\" \/>\n<meta property=\"article:publisher\" content=\"https:\/\/www.facebook.com\/notibras\/\" \/>\n<meta property=\"article:published_time\" content=\"2014-02-09T23:10:59+00:00\" \/>\n<meta property=\"article:modified_time\" content=\"2014-02-10T01:13:57+00:00\" \/>\n<meta property=\"og:image\" content=\"https:\/\/www.notibras.com\/site\/wp-content\/uploads\/2014\/02\/PL-passarao-HPV-Unico-Saude_ACRIMA20111217_0037_15.jpg\" \/>\n\t<meta property=\"og:image:width\" content=\"473\" \/>\n\t<meta property=\"og:image:height\" content=\"402\" \/>\n\t<meta property=\"og:image:type\" content=\"image\/jpeg\" \/>\n<meta name=\"author\" content=\"Reda\u00e7\u00e3o\" \/>\n<meta name=\"twitter:card\" content=\"summary_large_image\" \/>\n<meta name=\"twitter:creator\" content=\"@Notibras\" \/>\n<meta name=\"twitter:site\" content=\"@Notibras\" \/>\n<meta name=\"twitter:label1\" content=\"Escrito por\" \/>\n\t<meta name=\"twitter:data1\" content=\"Reda\u00e7\u00e3o\" \/>\n\t<meta name=\"twitter:label2\" content=\"Est. tempo de leitura\" \/>\n\t<meta name=\"twitter:data2\" content=\"2 minutos\" \/>\n<script type=\"application\/ld+json\" class=\"yoast-schema-graph\">{\"@context\":\"https:\/\/schema.org\",\"@graph\":[{\"@type\":\"Article\",\"@id\":\"https:\/\/www.notibras.com\/site\/estados-correm-para-imunizar-adolescentes-contra-hpv\/#article\",\"isPartOf\":{\"@id\":\"https:\/\/www.notibras.com\/site\/estados-correm-para-imunizar-adolescentes-contra-hpv\/\"},\"author\":{\"name\":\"Reda\u00e7\u00e3o\",\"@id\":\"https:\/\/www.notibras.com\/site\/#\/schema\/person\/36ab0979449956132d3e5b517ea76ac8\"},\"headline\":\"Estados correm para imunizar adolescentes contra v\u00edrus do HPV a partir de mar\u00e7o\",\"datePublished\":\"2014-02-09T23:10:59+00:00\",\"dateModified\":\"2014-02-10T01:13:57+00:00\",\"mainEntityOfPage\":{\"@id\":\"https:\/\/www.notibras.com\/site\/estados-correm-para-imunizar-adolescentes-contra-hpv\/\"},\"wordCount\":386,\"commentCount\":0,\"publisher\":{\"@id\":\"https:\/\/www.notibras.com\/site\/#organization\"},\"image\":{\"@id\":\"https:\/\/www.notibras.com\/site\/estados-correm-para-imunizar-adolescentes-contra-hpv\/#primaryimage\"},\"thumbnailUrl\":\"https:\/\/www.notibras.com\/site\/wp-content\/uploads\/2014\/02\/PL-passarao-HPV-Unico-Saude_ACRIMA20111217_0037_15.jpg\",\"articleSection\":[\"Brasil\"],\"inLanguage\":\"pt-BR\",\"potentialAction\":[{\"@type\":\"CommentAction\",\"name\":\"Comment\",\"target\":[\"https:\/\/www.notibras.com\/site\/estados-correm-para-imunizar-adolescentes-contra-hpv\/#respond\"]}]},{\"@type\":\"WebPage\",\"@id\":\"https:\/\/www.notibras.com\/site\/estados-correm-para-imunizar-adolescentes-contra-hpv\/\",\"url\":\"https:\/\/www.notibras.com\/site\/estados-correm-para-imunizar-adolescentes-contra-hpv\/\",\"name\":\"Estados correm para imunizar adolescentes contra v\u00edrus do HPV a partir de mar\u00e7o - Notibras\",\"isPartOf\":{\"@id\":\"https:\/\/www.notibras.com\/site\/#website\"},\"primaryImageOfPage\":{\"@id\":\"https:\/\/www.notibras.com\/site\/estados-correm-para-imunizar-adolescentes-contra-hpv\/#primaryimage\"},\"image\":{\"@id\":\"https:\/\/www.notibras.com\/site\/estados-correm-para-imunizar-adolescentes-contra-hpv\/#primaryimage\"},\"thumbnailUrl\":\"https:\/\/www.notibras.com\/site\/wp-content\/uploads\/2014\/02\/PL-passarao-HPV-Unico-Saude_ACRIMA20111217_0037_15.jpg\",\"datePublished\":\"2014-02-09T23:10:59+00:00\",\"dateModified\":\"2014-02-10T01:13:57+00:00\",\"breadcrumb\":{\"@id\":\"https:\/\/www.notibras.com\/site\/estados-correm-para-imunizar-adolescentes-contra-hpv\/#breadcrumb\"},\"inLanguage\":\"pt-BR\",\"potentialAction\":[{\"@type\":\"ReadAction\",\"target\":[\"https:\/\/www.notibras.com\/site\/estados-correm-para-imunizar-adolescentes-contra-hpv\/\"]}]},{\"@type\":\"ImageObject\",\"inLanguage\":\"pt-BR\",\"@id\":\"https:\/\/www.notibras.com\/site\/estados-correm-para-imunizar-adolescentes-contra-hpv\/#primaryimage\",\"url\":\"https:\/\/www.notibras.com\/site\/wp-content\/uploads\/2014\/02\/PL-passarao-HPV-Unico-Saude_ACRIMA20111217_0037_15.jpg\",\"contentUrl\":\"https:\/\/www.notibras.com\/site\/wp-content\/uploads\/2014\/02\/PL-passarao-HPV-Unico-Saude_ACRIMA20111217_0037_15.jpg\",\"width\":473,\"height\":402},{\"@type\":\"BreadcrumbList\",\"@id\":\"https:\/\/www.notibras.com\/site\/estados-correm-para-imunizar-adolescentes-contra-hpv\/#breadcrumb\",\"itemListElement\":[{\"@type\":\"ListItem\",\"position\":1,\"name\":\"In\u00edcio\",\"item\":\"https:\/\/www.notibras.com\/site\/\"},{\"@type\":\"ListItem\",\"position\":2,\"name\":\"Estados correm para imunizar adolescentes contra v\u00edrus do HPV a partir de mar\u00e7o\"}]},{\"@type\":\"WebSite\",\"@id\":\"https:\/\/www.notibras.com\/site\/#website\",\"url\":\"https:\/\/www.notibras.com\/site\/\",\"name\":\"Notibras\",\"description\":\"Not\u00edcias de Bras\u00edlia, do Brasil e do Mundo\",\"publisher\":{\"@id\":\"https:\/\/www.notibras.com\/site\/#organization\"},\"potentialAction\":[{\"@type\":\"SearchAction\",\"target\":{\"@type\":\"EntryPoint\",\"urlTemplate\":\"https:\/\/www.notibras.com\/site\/?s={search_term_string}\"},\"query-input\":{\"@type\":\"PropertyValueSpecification\",\"valueRequired\":true,\"valueName\":\"search_term_string\"}}],\"inLanguage\":\"pt-BR\"},{\"@type\":\"Organization\",\"@id\":\"https:\/\/www.notibras.com\/site\/#organization\",\"name\":\"Grupo Notibras de Comunica\u00e7\u00e3o\",\"url\":\"https:\/\/www.notibras.com\/site\/\",\"logo\":{\"@type\":\"ImageObject\",\"inLanguage\":\"pt-BR\",\"@id\":\"https:\/\/www.notibras.com\/site\/#\/schema\/logo\/image\/\",\"url\":\"https:\/\/www.notibras.com\/site\/wp-content\/uploads\/2023\/01\/notibras23.png\",\"contentUrl\":\"https:\/\/www.notibras.com\/site\/wp-content\/uploads\/2023\/01\/notibras23.png\",\"width\":350,\"height\":87,\"caption\":\"Grupo Notibras de Comunica\u00e7\u00e3o\"},\"image\":{\"@id\":\"https:\/\/www.notibras.com\/site\/#\/schema\/logo\/image\/\"},\"sameAs\":[\"https:\/\/www.facebook.com\/notibras\/\",\"https:\/\/x.com\/Notibras\",\"https:\/\/www.instagram.com\/notibras\/\"]},{\"@type\":\"Person\",\"@id\":\"https:\/\/www.notibras.com\/site\/#\/schema\/person\/36ab0979449956132d3e5b517ea76ac8\",\"name\":\"Reda\u00e7\u00e3o\",\"image\":{\"@type\":\"ImageObject\",\"inLanguage\":\"pt-BR\",\"@id\":\"https:\/\/secure.gravatar.com\/avatar\/e0a867bdedb85fd243eadf09663511f96fc81e0720a4a42581f334ad4303aa6b?s=96&d=mm&r=g\",\"url\":\"https:\/\/secure.gravatar.com\/avatar\/e0a867bdedb85fd243eadf09663511f96fc81e0720a4a42581f334ad4303aa6b?s=96&d=mm&r=g\",\"contentUrl\":\"https:\/\/secure.gravatar.com\/avatar\/e0a867bdedb85fd243eadf09663511f96fc81e0720a4a42581f334ad4303aa6b?s=96&d=mm&r=g\",\"caption\":\"Reda\u00e7\u00e3o\"}}]}<\/script>\n<!-- \/ Yoast SEO plugin. -->","yoast_head_json":{"title":"Estados correm para imunizar adolescentes contra v\u00edrus do HPV a partir de mar\u00e7o - Notibras","robots":{"index":"index","follow":"follow","max-snippet":"max-snippet:-1","max-image-preview":"max-image-preview:large","max-video-preview":"max-video-preview:-1"},"canonical":"https:\/\/www.notibras.com\/site\/estados-correm-para-imunizar-adolescentes-contra-hpv\/","og_locale":"pt_BR","og_type":"article","og_title":"Estados correm para imunizar adolescentes contra v\u00edrus do HPV a partir de mar\u00e7o - Notibras","og_description":"Com exce\u00e7\u00e3o do Tocantins, na Regi\u00e3o Norte, e de Pernambuco, na Regi\u00e3o Nordeste, todos os demais estados j\u00e1 est\u00e3o desenvolvendo atividades preparat\u00f3rias \u00e0 implanta\u00e7\u00e3o da Campanha\u00a0 de Imuniza\u00e7\u00e3o contra o HPV, cujo in\u00edcio foi programado pelo Minist\u00e9rio da Sa\u00fade para o pr\u00f3ximo dia 10 de mar\u00e7o. A campanha de vacina\u00e7\u00e3o contra o v\u00edrus do papiloma [&hellip;]","og_url":"https:\/\/www.notibras.com\/site\/estados-correm-para-imunizar-adolescentes-contra-hpv\/","og_site_name":"Notibras","article_publisher":"https:\/\/www.facebook.com\/notibras\/","article_published_time":"2014-02-09T23:10:59+00:00","article_modified_time":"2014-02-10T01:13:57+00:00","og_image":[{"width":473,"height":402,"url":"https:\/\/www.notibras.com\/site\/wp-content\/uploads\/2014\/02\/PL-passarao-HPV-Unico-Saude_ACRIMA20111217_0037_15.jpg","type":"image\/jpeg"}],"author":"Reda\u00e7\u00e3o","twitter_card":"summary_large_image","twitter_creator":"@Notibras","twitter_site":"@Notibras","twitter_misc":{"Escrito por":"Reda\u00e7\u00e3o","Est. tempo de leitura":"2 minutos"},"schema":{"@context":"https:\/\/schema.org","@graph":[{"@type":"Article","@id":"https:\/\/www.notibras.com\/site\/estados-correm-para-imunizar-adolescentes-contra-hpv\/#article","isPartOf":{"@id":"https:\/\/www.notibras.com\/site\/estados-correm-para-imunizar-adolescentes-contra-hpv\/"},"author":{"name":"Reda\u00e7\u00e3o","@id":"https:\/\/www.notibras.com\/site\/#\/schema\/person\/36ab0979449956132d3e5b517ea76ac8"},"headline":"Estados correm para imunizar adolescentes contra v\u00edrus do HPV a partir de mar\u00e7o","datePublished":"2014-02-09T23:10:59+00:00","dateModified":"2014-02-10T01:13:57+00:00","mainEntityOfPage":{"@id":"https:\/\/www.notibras.com\/site\/estados-correm-para-imunizar-adolescentes-contra-hpv\/"},"wordCount":386,"commentCount":0,"publisher":{"@id":"https:\/\/www.notibras.com\/site\/#organization"},"image":{"@id":"https:\/\/www.notibras.com\/site\/estados-correm-para-imunizar-adolescentes-contra-hpv\/#primaryimage"},"thumbnailUrl":"https:\/\/www.notibras.com\/site\/wp-content\/uploads\/2014\/02\/PL-passarao-HPV-Unico-Saude_ACRIMA20111217_0037_15.jpg","articleSection":["Brasil"],"inLanguage":"pt-BR","potentialAction":[{"@type":"CommentAction","name":"Comment","target":["https:\/\/www.notibras.com\/site\/estados-correm-para-imunizar-adolescentes-contra-hpv\/#respond"]}]},{"@type":"WebPage","@id":"https:\/\/www.notibras.com\/site\/estados-correm-para-imunizar-adolescentes-contra-hpv\/","url":"https:\/\/www.notibras.com\/site\/estados-correm-para-imunizar-adolescentes-contra-hpv\/","name":"Estados correm para imunizar adolescentes contra v\u00edrus do HPV a partir de mar\u00e7o - Notibras","isPartOf":{"@id":"https:\/\/www.notibras.com\/site\/#website"},"primaryImageOfPage":{"@id":"https:\/\/www.notibras.com\/site\/estados-correm-para-imunizar-adolescentes-contra-hpv\/#primaryimage"},"image":{"@id":"https:\/\/www.notibras.com\/site\/estados-correm-para-imunizar-adolescentes-contra-hpv\/#primaryimage"},"thumbnailUrl":"https:\/\/www.notibras.com\/site\/wp-content\/uploads\/2014\/02\/PL-passarao-HPV-Unico-Saude_ACRIMA20111217_0037_15.jpg","datePublished":"2014-02-09T23:10:59+00:00","dateModified":"2014-02-10T01:13:57+00:00","breadcrumb":{"@id":"https:\/\/www.notibras.com\/site\/estados-correm-para-imunizar-adolescentes-contra-hpv\/#breadcrumb"},"inLanguage":"pt-BR","potentialAction":[{"@type":"ReadAction","target":["https:\/\/www.notibras.com\/site\/estados-correm-para-imunizar-adolescentes-contra-hpv\/"]}]},{"@type":"ImageObject","inLanguage":"pt-BR","@id":"https:\/\/www.notibras.com\/site\/estados-correm-para-imunizar-adolescentes-contra-hpv\/#primaryimage","url":"https:\/\/www.notibras.com\/site\/wp-content\/uploads\/2014\/02\/PL-passarao-HPV-Unico-Saude_ACRIMA20111217_0037_15.jpg","contentUrl":"https:\/\/www.notibras.com\/site\/wp-content\/uploads\/2014\/02\/PL-passarao-HPV-Unico-Saude_ACRIMA20111217_0037_15.jpg","width":473,"height":402},{"@type":"BreadcrumbList","@id":"https:\/\/www.notibras.com\/site\/estados-correm-para-imunizar-adolescentes-contra-hpv\/#breadcrumb","itemListElement":[{"@type":"ListItem","position":1,"name":"In\u00edcio","item":"https:\/\/www.notibras.com\/site\/"},{"@type":"ListItem","position":2,"name":"Estados correm para imunizar adolescentes contra v\u00edrus do HPV a partir de mar\u00e7o"}]},{"@type":"WebSite","@id":"https:\/\/www.notibras.com\/site\/#website","url":"https:\/\/www.notibras.com\/site\/","name":"Notibras","description":"Not\u00edcias de Bras\u00edlia, do Brasil e do Mundo","publisher":{"@id":"https:\/\/www.notibras.com\/site\/#organization"},"potentialAction":[{"@type":"SearchAction","target":{"@type":"EntryPoint","urlTemplate":"https:\/\/www.notibras.com\/site\/?s={search_term_string}"},"query-input":{"@type":"PropertyValueSpecification","valueRequired":true,"valueName":"search_term_string"}}],"inLanguage":"pt-BR"},{"@type":"Organization","@id":"https:\/\/www.notibras.com\/site\/#organization","name":"Grupo Notibras de Comunica\u00e7\u00e3o","url":"https:\/\/www.notibras.com\/site\/","logo":{"@type":"ImageObject","inLanguage":"pt-BR","@id":"https:\/\/www.notibras.com\/site\/#\/schema\/logo\/image\/","url":"https:\/\/www.notibras.com\/site\/wp-content\/uploads\/2023\/01\/notibras23.png","contentUrl":"https:\/\/www.notibras.com\/site\/wp-content\/uploads\/2023\/01\/notibras23.png","width":350,"height":87,"caption":"Grupo Notibras de Comunica\u00e7\u00e3o"},"image":{"@id":"https:\/\/www.notibras.com\/site\/#\/schema\/logo\/image\/"},"sameAs":["https:\/\/www.facebook.com\/notibras\/","https:\/\/x.com\/Notibras","https:\/\/www.instagram.com\/notibras\/"]},{"@type":"Person","@id":"https:\/\/www.notibras.com\/site\/#\/schema\/person\/36ab0979449956132d3e5b517ea76ac8","name":"Reda\u00e7\u00e3o","image":{"@type":"ImageObject","inLanguage":"pt-BR","@id":"https:\/\/secure.gravatar.com\/avatar\/e0a867bdedb85fd243eadf09663511f96fc81e0720a4a42581f334ad4303aa6b?s=96&d=mm&r=g","url":"https:\/\/secure.gravatar.com\/avatar\/e0a867bdedb85fd243eadf09663511f96fc81e0720a4a42581f334ad4303aa6b?s=96&d=mm&r=g","contentUrl":"https:\/\/secure.gravatar.com\/avatar\/e0a867bdedb85fd243eadf09663511f96fc81e0720a4a42581f334ad4303aa6b?s=96&d=mm&r=g","caption":"Reda\u00e7\u00e3o"}}]}},"amp_enabled":true,"_links":{"self":[{"href":"https:\/\/www.notibras.com\/site\/wp-json\/wp\/v2\/posts\/913","targetHints":{"allow":["GET"]}}],"collection":[{"href":"https:\/\/www.notibras.com\/site\/wp-json\/wp\/v2\/posts"}],"about":[{"href":"https:\/\/www.notibras.com\/site\/wp-json\/wp\/v2\/types\/post"}],"author":[{"embeddable":true,"href":"https:\/\/www.notibras.com\/site\/wp-json\/wp\/v2\/users\/2"}],"replies":[{"embeddable":true,"href":"https:\/\/www.notibras.com\/site\/wp-json\/wp\/v2\/comments?post=913"}],"version-history":[{"count":0,"href":"https:\/\/www.notibras.com\/site\/wp-json\/wp\/v2\/posts\/913\/revisions"}],"wp:featuredmedia":[{"embeddable":true,"href":"https:\/\/www.notibras.com\/site\/wp-json\/wp\/v2\/media\/914"}],"wp:attachment":[{"href":"https:\/\/www.notibras.com\/site\/wp-json\/wp\/v2\/media?parent=913"}],"wp:term":[{"taxonomy":"category","embeddable":true,"href":"https:\/\/www.notibras.com\/site\/wp-json\/wp\/v2\/categories?post=913"},{"taxonomy":"post_tag","embeddable":true,"href":"https:\/\/www.notibras.com\/site\/wp-json\/wp\/v2\/tags?post=913"}],"curies":[{"name":"wp","href":"https:\/\/api.w.org\/{rel}","templated":true}]}}