{"id":9140,"date":"2014-05-11T17:59:25","date_gmt":"2014-05-11T20:59:25","guid":{"rendered":"http:\/\/www.notibras.com\/site\/?p=9140"},"modified":"2014-05-11T20:46:23","modified_gmt":"2014-05-11T23:46:23","slug":"flu-vence-flamengo-em-classico-marcado-por-mensagem-contra-racismo","status":"publish","type":"post","link":"https:\/\/www.notibras.com\/site\/flu-vence-flamengo-em-classico-marcado-por-mensagem-contra-racismo\/","title":{"rendered":"Flu vence Fla em cl\u00e1ssico marcado por mensagem contra racismo"},"content":{"rendered":"<p>O Fluminense mostrou garra e categoria para passar pelo Flamengo por 2 a 0, neste domingo, no Maracan\u00e3, no cl\u00e1ssico carioca por mais uma rodada da S\u00e9rie A do Campeonato Brasileiro. Foi um jogo que marcou tamb\u00e9m a campanha contra o racismo no futebol. Os gols\u00a0 foram do atacante Fred logo no in\u00edcio do primeiro tempo e do meia-atacante Chiquinho no fim da segunda etapa.<\/p>\n<p>Uma t\u00f4nica diferente do jogo: o Flamengo decidiu aproveitar o primeiro Fla-Flu da hist\u00f3ria com dois t\u00e9cnicos negros (Jayme de Almeida e Crist\u00f3v\u00e3o Borges) para protestar contra o racismo e homenagear \u00eddolos como Claudio Ad\u00e3o, Le\u00f4nidas e Zizinho. Os nomes dos craques do passado foram estampados nos nomes dos jogadores e do treinador Jayme, que carregou o nome do pai durante o duelo com o Fluminense.<\/p>\n<p class=\"text\">Com nove pontos, o Fluminense sobe para a segunda coloca\u00e7\u00e3o e fica a apenas um do l\u00edder Internacional. J\u00e1 o Flamengo segue com campanha irregular no torneio: tem quatro pontos, apenas na 14\u00aa posi\u00e7\u00e3o.<\/p>\n<p class=\"text\">Ambas as equipes voltam a campo pelo Campeonato Brasileiro apenas no pr\u00f3ximo fim de semana. No domingo, o Flamengo recebe o S\u00e3o Paulo no Maracan\u00e3 \u00e0s 16h (de Bras\u00edlia). O Fluminense, por sua vez, joga no mesmo dia e hor\u00e1rio, mas no Rio Grande do Sul, contra o Gr\u00eamio.<\/p>\n<p class=\"text\">Os primeiros minutos do cl\u00e1ssico deste domingo foram agitados e n\u00e3o demorou para o zero sair do placar. Em cobran\u00e7a de escanteio de Conca aos 10min, Fred ficou na pequena \u00e1rea e ganhou no alto do goleiro Felipe para deixar o time tricolor na frente. O gol acalmou o clube das Laranjeiras, que passou a valorizar o resultado.<\/p>\n<p class=\"text\">No fim da etapa inicial, o Flamengo se soltou mais e tentou buscar o empate. A equipe do t\u00e9cnico Crist\u00f3v\u00e3o Borges recuou e passou a explorar o contra-ataque. A chance mais real antes do intervalo foi rubro-negra: aos 44min, Samir cobrou falta com viol\u00eancia e o goleiro Cavalieri fez grande defesa.<\/p>\n<p class=\"text\">Assim como nos primeiros 45 minutos, o segundo tempo come\u00e7ou com uma grande chance do Fluminense. Logo aos 2min, Jean chutou de fora e Felipe foi buscar no canto. A partida seguiu sem grandes lances de perigo e o time tricolor continuava melhor que o rival. O Flamengo tinha raras chegadas, mas aos 22min quase marcou com Cl\u00e1udio Ad\u00e3o, que recebeu na \u00e1rea e chutou para fora.<\/p>\n<p class=\"text\">O clube\u00a0do t\u00e9cnico Jayme de Almeida foi para cima e passou a criar mais. Na base da press\u00e3o, se jogou ao ataque para buscar o empate. Contudo, a equipe rubro-negra insistiu na bola levantada na \u00e1rea e acabou castigada com um novo gol: em contra-ataque, Conca lan\u00e7ou Chiquinho aos 42min e o meia-atacante chutou cruzado para fazer o segundo do Fluminense.<\/p>\n<p>&nbsp;<\/p>\n<p>&nbsp;<\/p>\n<p>&nbsp;<\/p>\n","protected":false},"excerpt":{"rendered":"<p>O Fluminense mostrou garra e categoria para passar pelo Flamengo por 2 a 0, neste domingo, no Maracan\u00e3, no cl\u00e1ssico carioca por mais uma rodada da S\u00e9rie A do Campeonato Brasileiro. Foi um jogo que marcou tamb\u00e9m a campanha contra o racismo no futebol. Os gols\u00a0 foram do atacante Fred logo no in\u00edcio do primeiro [&hellip;]<\/p>\n","protected":false},"author":2,"featured_media":9141,"comment_status":"open","ping_status":"closed","sticky":false,"template":"","format":"standard","meta":{"_acf_changed":false,"footnotes":""},"categories":[19,29],"tags":[],"class_list":["post-9140","post","type-post","status-publish","format-standard","has-post-thumbnail","hentry","category-esportes","category-futebol"],"acf":[],"yoast_head":"<!-- This site is optimized with the Yoast SEO plugin v27.2 - https:\/\/yoast.com\/product\/yoast-seo-wordpress\/ -->\n<title>Flu vence Fla em cl\u00e1ssico marcado por mensagem contra racismo - Notibras<\/title>\n<meta name=\"robots\" content=\"index, follow, max-snippet:-1, max-image-preview:large, max-video-preview:-1\" \/>\n<link rel=\"canonical\" href=\"https:\/\/www.notibras.com\/site\/flu-vence-flamengo-em-classico-marcado-por-mensagem-contra-racismo\/\" \/>\n<meta property=\"og:locale\" content=\"pt_BR\" \/>\n<meta property=\"og:type\" content=\"article\" \/>\n<meta property=\"og:title\" content=\"Flu vence Fla em cl\u00e1ssico marcado por mensagem contra racismo - Notibras\" \/>\n<meta property=\"og:description\" content=\"O Fluminense mostrou garra e categoria para passar pelo Flamengo por 2 a 0, neste domingo, no Maracan\u00e3, no cl\u00e1ssico carioca por mais uma rodada da S\u00e9rie A do Campeonato Brasileiro. Foi um jogo que marcou tamb\u00e9m a campanha contra o racismo no futebol. Os gols\u00a0 foram do atacante Fred logo no in\u00edcio do primeiro [&hellip;]\" \/>\n<meta property=\"og:url\" content=\"https:\/\/www.notibras.com\/site\/flu-vence-flamengo-em-classico-marcado-por-mensagem-contra-racismo\/\" \/>\n<meta property=\"og:site_name\" content=\"Notibras\" \/>\n<meta property=\"article:publisher\" content=\"https:\/\/www.facebook.com\/notibras\/\" \/>\n<meta property=\"article:published_time\" content=\"2014-05-11T20:59:25+00:00\" \/>\n<meta property=\"article:modified_time\" content=\"2014-05-11T23:46:23+00:00\" \/>\n<meta property=\"og:image\" content=\"https:\/\/www.notibras.com\/site\/wp-content\/uploads\/2014\/05\/caceresfluminensexflamengomauropimentel.jpg\" \/>\n\t<meta property=\"og:image:width\" content=\"768\" \/>\n\t<meta property=\"og:image:height\" content=\"500\" \/>\n\t<meta property=\"og:image:type\" content=\"image\/jpeg\" \/>\n<meta name=\"author\" content=\"Reda\u00e7\u00e3o\" \/>\n<meta name=\"twitter:card\" content=\"summary_large_image\" \/>\n<meta name=\"twitter:creator\" content=\"@Notibras\" \/>\n<meta name=\"twitter:site\" content=\"@Notibras\" \/>\n<meta name=\"twitter:label1\" content=\"Escrito por\" \/>\n\t<meta name=\"twitter:data1\" content=\"Reda\u00e7\u00e3o\" \/>\n\t<meta name=\"twitter:label2\" content=\"Est. tempo de leitura\" \/>\n\t<meta name=\"twitter:data2\" content=\"2 minutos\" \/>\n<script type=\"application\/ld+json\" class=\"yoast-schema-graph\">{\"@context\":\"https:\/\/schema.org\",\"@graph\":[{\"@type\":\"Article\",\"@id\":\"https:\/\/www.notibras.com\/site\/flu-vence-flamengo-em-classico-marcado-por-mensagem-contra-racismo\/#article\",\"isPartOf\":{\"@id\":\"https:\/\/www.notibras.com\/site\/flu-vence-flamengo-em-classico-marcado-por-mensagem-contra-racismo\/\"},\"author\":{\"name\":\"Reda\u00e7\u00e3o\",\"@id\":\"https:\/\/www.notibras.com\/site\/#\/schema\/person\/36ab0979449956132d3e5b517ea76ac8\"},\"headline\":\"Flu vence Fla em cl\u00e1ssico marcado por mensagem contra racismo\",\"datePublished\":\"2014-05-11T20:59:25+00:00\",\"dateModified\":\"2014-05-11T23:46:23+00:00\",\"mainEntityOfPage\":{\"@id\":\"https:\/\/www.notibras.com\/site\/flu-vence-flamengo-em-classico-marcado-por-mensagem-contra-racismo\/\"},\"wordCount\":494,\"commentCount\":0,\"publisher\":{\"@id\":\"https:\/\/www.notibras.com\/site\/#organization\"},\"image\":{\"@id\":\"https:\/\/www.notibras.com\/site\/flu-vence-flamengo-em-classico-marcado-por-mensagem-contra-racismo\/#primaryimage\"},\"thumbnailUrl\":\"https:\/\/www.notibras.com\/site\/wp-content\/uploads\/2014\/05\/caceresfluminensexflamengomauropimentel.jpg\",\"articleSection\":[\"Esportes\",\"Futebol\"],\"inLanguage\":\"pt-BR\",\"potentialAction\":[{\"@type\":\"CommentAction\",\"name\":\"Comment\",\"target\":[\"https:\/\/www.notibras.com\/site\/flu-vence-flamengo-em-classico-marcado-por-mensagem-contra-racismo\/#respond\"]}]},{\"@type\":\"WebPage\",\"@id\":\"https:\/\/www.notibras.com\/site\/flu-vence-flamengo-em-classico-marcado-por-mensagem-contra-racismo\/\",\"url\":\"https:\/\/www.notibras.com\/site\/flu-vence-flamengo-em-classico-marcado-por-mensagem-contra-racismo\/\",\"name\":\"Flu vence Fla em cl\u00e1ssico marcado por mensagem contra racismo - Notibras\",\"isPartOf\":{\"@id\":\"https:\/\/www.notibras.com\/site\/#website\"},\"primaryImageOfPage\":{\"@id\":\"https:\/\/www.notibras.com\/site\/flu-vence-flamengo-em-classico-marcado-por-mensagem-contra-racismo\/#primaryimage\"},\"image\":{\"@id\":\"https:\/\/www.notibras.com\/site\/flu-vence-flamengo-em-classico-marcado-por-mensagem-contra-racismo\/#primaryimage\"},\"thumbnailUrl\":\"https:\/\/www.notibras.com\/site\/wp-content\/uploads\/2014\/05\/caceresfluminensexflamengomauropimentel.jpg\",\"datePublished\":\"2014-05-11T20:59:25+00:00\",\"dateModified\":\"2014-05-11T23:46:23+00:00\",\"breadcrumb\":{\"@id\":\"https:\/\/www.notibras.com\/site\/flu-vence-flamengo-em-classico-marcado-por-mensagem-contra-racismo\/#breadcrumb\"},\"inLanguage\":\"pt-BR\",\"potentialAction\":[{\"@type\":\"ReadAction\",\"target\":[\"https:\/\/www.notibras.com\/site\/flu-vence-flamengo-em-classico-marcado-por-mensagem-contra-racismo\/\"]}]},{\"@type\":\"ImageObject\",\"inLanguage\":\"pt-BR\",\"@id\":\"https:\/\/www.notibras.com\/site\/flu-vence-flamengo-em-classico-marcado-por-mensagem-contra-racismo\/#primaryimage\",\"url\":\"https:\/\/www.notibras.com\/site\/wp-content\/uploads\/2014\/05\/caceresfluminensexflamengomauropimentel.jpg\",\"contentUrl\":\"https:\/\/www.notibras.com\/site\/wp-content\/uploads\/2014\/05\/caceresfluminensexflamengomauropimentel.jpg\",\"width\":768,\"height\":500},{\"@type\":\"BreadcrumbList\",\"@id\":\"https:\/\/www.notibras.com\/site\/flu-vence-flamengo-em-classico-marcado-por-mensagem-contra-racismo\/#breadcrumb\",\"itemListElement\":[{\"@type\":\"ListItem\",\"position\":1,\"name\":\"In\u00edcio\",\"item\":\"https:\/\/www.notibras.com\/site\/\"},{\"@type\":\"ListItem\",\"position\":2,\"name\":\"Flu vence Fla em cl\u00e1ssico marcado por mensagem contra racismo\"}]},{\"@type\":\"WebSite\",\"@id\":\"https:\/\/www.notibras.com\/site\/#website\",\"url\":\"https:\/\/www.notibras.com\/site\/\",\"name\":\"Notibras\",\"description\":\"Not\u00edcias de Bras\u00edlia, do Brasil e do Mundo\",\"publisher\":{\"@id\":\"https:\/\/www.notibras.com\/site\/#organization\"},\"potentialAction\":[{\"@type\":\"SearchAction\",\"target\":{\"@type\":\"EntryPoint\",\"urlTemplate\":\"https:\/\/www.notibras.com\/site\/?s={search_term_string}\"},\"query-input\":{\"@type\":\"PropertyValueSpecification\",\"valueRequired\":true,\"valueName\":\"search_term_string\"}}],\"inLanguage\":\"pt-BR\"},{\"@type\":\"Organization\",\"@id\":\"https:\/\/www.notibras.com\/site\/#organization\",\"name\":\"Grupo Notibras de Comunica\u00e7\u00e3o\",\"url\":\"https:\/\/www.notibras.com\/site\/\",\"logo\":{\"@type\":\"ImageObject\",\"inLanguage\":\"pt-BR\",\"@id\":\"https:\/\/www.notibras.com\/site\/#\/schema\/logo\/image\/\",\"url\":\"https:\/\/www.notibras.com\/site\/wp-content\/uploads\/2023\/01\/notibras23.png\",\"contentUrl\":\"https:\/\/www.notibras.com\/site\/wp-content\/uploads\/2023\/01\/notibras23.png\",\"width\":350,\"height\":87,\"caption\":\"Grupo Notibras de Comunica\u00e7\u00e3o\"},\"image\":{\"@id\":\"https:\/\/www.notibras.com\/site\/#\/schema\/logo\/image\/\"},\"sameAs\":[\"https:\/\/www.facebook.com\/notibras\/\",\"https:\/\/x.com\/Notibras\",\"https:\/\/www.instagram.com\/notibras\/\"]},{\"@type\":\"Person\",\"@id\":\"https:\/\/www.notibras.com\/site\/#\/schema\/person\/36ab0979449956132d3e5b517ea76ac8\",\"name\":\"Reda\u00e7\u00e3o\",\"image\":{\"@type\":\"ImageObject\",\"inLanguage\":\"pt-BR\",\"@id\":\"https:\/\/secure.gravatar.com\/avatar\/e0a867bdedb85fd243eadf09663511f96fc81e0720a4a42581f334ad4303aa6b?s=96&d=mm&r=g\",\"url\":\"https:\/\/secure.gravatar.com\/avatar\/e0a867bdedb85fd243eadf09663511f96fc81e0720a4a42581f334ad4303aa6b?s=96&d=mm&r=g\",\"contentUrl\":\"https:\/\/secure.gravatar.com\/avatar\/e0a867bdedb85fd243eadf09663511f96fc81e0720a4a42581f334ad4303aa6b?s=96&d=mm&r=g\",\"caption\":\"Reda\u00e7\u00e3o\"}}]}<\/script>\n<!-- \/ Yoast SEO plugin. -->","yoast_head_json":{"title":"Flu vence Fla em cl\u00e1ssico marcado por mensagem contra racismo - Notibras","robots":{"index":"index","follow":"follow","max-snippet":"max-snippet:-1","max-image-preview":"max-image-preview:large","max-video-preview":"max-video-preview:-1"},"canonical":"https:\/\/www.notibras.com\/site\/flu-vence-flamengo-em-classico-marcado-por-mensagem-contra-racismo\/","og_locale":"pt_BR","og_type":"article","og_title":"Flu vence Fla em cl\u00e1ssico marcado por mensagem contra racismo - Notibras","og_description":"O Fluminense mostrou garra e categoria para passar pelo Flamengo por 2 a 0, neste domingo, no Maracan\u00e3, no cl\u00e1ssico carioca por mais uma rodada da S\u00e9rie A do Campeonato Brasileiro. Foi um jogo que marcou tamb\u00e9m a campanha contra o racismo no futebol. Os gols\u00a0 foram do atacante Fred logo no in\u00edcio do primeiro [&hellip;]","og_url":"https:\/\/www.notibras.com\/site\/flu-vence-flamengo-em-classico-marcado-por-mensagem-contra-racismo\/","og_site_name":"Notibras","article_publisher":"https:\/\/www.facebook.com\/notibras\/","article_published_time":"2014-05-11T20:59:25+00:00","article_modified_time":"2014-05-11T23:46:23+00:00","og_image":[{"width":768,"height":500,"url":"https:\/\/www.notibras.com\/site\/wp-content\/uploads\/2014\/05\/caceresfluminensexflamengomauropimentel.jpg","type":"image\/jpeg"}],"author":"Reda\u00e7\u00e3o","twitter_card":"summary_large_image","twitter_creator":"@Notibras","twitter_site":"@Notibras","twitter_misc":{"Escrito por":"Reda\u00e7\u00e3o","Est. tempo de leitura":"2 minutos"},"schema":{"@context":"https:\/\/schema.org","@graph":[{"@type":"Article","@id":"https:\/\/www.notibras.com\/site\/flu-vence-flamengo-em-classico-marcado-por-mensagem-contra-racismo\/#article","isPartOf":{"@id":"https:\/\/www.notibras.com\/site\/flu-vence-flamengo-em-classico-marcado-por-mensagem-contra-racismo\/"},"author":{"name":"Reda\u00e7\u00e3o","@id":"https:\/\/www.notibras.com\/site\/#\/schema\/person\/36ab0979449956132d3e5b517ea76ac8"},"headline":"Flu vence Fla em cl\u00e1ssico marcado por mensagem contra racismo","datePublished":"2014-05-11T20:59:25+00:00","dateModified":"2014-05-11T23:46:23+00:00","mainEntityOfPage":{"@id":"https:\/\/www.notibras.com\/site\/flu-vence-flamengo-em-classico-marcado-por-mensagem-contra-racismo\/"},"wordCount":494,"commentCount":0,"publisher":{"@id":"https:\/\/www.notibras.com\/site\/#organization"},"image":{"@id":"https:\/\/www.notibras.com\/site\/flu-vence-flamengo-em-classico-marcado-por-mensagem-contra-racismo\/#primaryimage"},"thumbnailUrl":"https:\/\/www.notibras.com\/site\/wp-content\/uploads\/2014\/05\/caceresfluminensexflamengomauropimentel.jpg","articleSection":["Esportes","Futebol"],"inLanguage":"pt-BR","potentialAction":[{"@type":"CommentAction","name":"Comment","target":["https:\/\/www.notibras.com\/site\/flu-vence-flamengo-em-classico-marcado-por-mensagem-contra-racismo\/#respond"]}]},{"@type":"WebPage","@id":"https:\/\/www.notibras.com\/site\/flu-vence-flamengo-em-classico-marcado-por-mensagem-contra-racismo\/","url":"https:\/\/www.notibras.com\/site\/flu-vence-flamengo-em-classico-marcado-por-mensagem-contra-racismo\/","name":"Flu vence Fla em cl\u00e1ssico marcado por mensagem contra racismo - Notibras","isPartOf":{"@id":"https:\/\/www.notibras.com\/site\/#website"},"primaryImageOfPage":{"@id":"https:\/\/www.notibras.com\/site\/flu-vence-flamengo-em-classico-marcado-por-mensagem-contra-racismo\/#primaryimage"},"image":{"@id":"https:\/\/www.notibras.com\/site\/flu-vence-flamengo-em-classico-marcado-por-mensagem-contra-racismo\/#primaryimage"},"thumbnailUrl":"https:\/\/www.notibras.com\/site\/wp-content\/uploads\/2014\/05\/caceresfluminensexflamengomauropimentel.jpg","datePublished":"2014-05-11T20:59:25+00:00","dateModified":"2014-05-11T23:46:23+00:00","breadcrumb":{"@id":"https:\/\/www.notibras.com\/site\/flu-vence-flamengo-em-classico-marcado-por-mensagem-contra-racismo\/#breadcrumb"},"inLanguage":"pt-BR","potentialAction":[{"@type":"ReadAction","target":["https:\/\/www.notibras.com\/site\/flu-vence-flamengo-em-classico-marcado-por-mensagem-contra-racismo\/"]}]},{"@type":"ImageObject","inLanguage":"pt-BR","@id":"https:\/\/www.notibras.com\/site\/flu-vence-flamengo-em-classico-marcado-por-mensagem-contra-racismo\/#primaryimage","url":"https:\/\/www.notibras.com\/site\/wp-content\/uploads\/2014\/05\/caceresfluminensexflamengomauropimentel.jpg","contentUrl":"https:\/\/www.notibras.com\/site\/wp-content\/uploads\/2014\/05\/caceresfluminensexflamengomauropimentel.jpg","width":768,"height":500},{"@type":"BreadcrumbList","@id":"https:\/\/www.notibras.com\/site\/flu-vence-flamengo-em-classico-marcado-por-mensagem-contra-racismo\/#breadcrumb","itemListElement":[{"@type":"ListItem","position":1,"name":"In\u00edcio","item":"https:\/\/www.notibras.com\/site\/"},{"@type":"ListItem","position":2,"name":"Flu vence Fla em cl\u00e1ssico marcado por mensagem contra racismo"}]},{"@type":"WebSite","@id":"https:\/\/www.notibras.com\/site\/#website","url":"https:\/\/www.notibras.com\/site\/","name":"Notibras","description":"Not\u00edcias de Bras\u00edlia, do Brasil e do Mundo","publisher":{"@id":"https:\/\/www.notibras.com\/site\/#organization"},"potentialAction":[{"@type":"SearchAction","target":{"@type":"EntryPoint","urlTemplate":"https:\/\/www.notibras.com\/site\/?s={search_term_string}"},"query-input":{"@type":"PropertyValueSpecification","valueRequired":true,"valueName":"search_term_string"}}],"inLanguage":"pt-BR"},{"@type":"Organization","@id":"https:\/\/www.notibras.com\/site\/#organization","name":"Grupo Notibras de Comunica\u00e7\u00e3o","url":"https:\/\/www.notibras.com\/site\/","logo":{"@type":"ImageObject","inLanguage":"pt-BR","@id":"https:\/\/www.notibras.com\/site\/#\/schema\/logo\/image\/","url":"https:\/\/www.notibras.com\/site\/wp-content\/uploads\/2023\/01\/notibras23.png","contentUrl":"https:\/\/www.notibras.com\/site\/wp-content\/uploads\/2023\/01\/notibras23.png","width":350,"height":87,"caption":"Grupo Notibras de Comunica\u00e7\u00e3o"},"image":{"@id":"https:\/\/www.notibras.com\/site\/#\/schema\/logo\/image\/"},"sameAs":["https:\/\/www.facebook.com\/notibras\/","https:\/\/x.com\/Notibras","https:\/\/www.instagram.com\/notibras\/"]},{"@type":"Person","@id":"https:\/\/www.notibras.com\/site\/#\/schema\/person\/36ab0979449956132d3e5b517ea76ac8","name":"Reda\u00e7\u00e3o","image":{"@type":"ImageObject","inLanguage":"pt-BR","@id":"https:\/\/secure.gravatar.com\/avatar\/e0a867bdedb85fd243eadf09663511f96fc81e0720a4a42581f334ad4303aa6b?s=96&d=mm&r=g","url":"https:\/\/secure.gravatar.com\/avatar\/e0a867bdedb85fd243eadf09663511f96fc81e0720a4a42581f334ad4303aa6b?s=96&d=mm&r=g","contentUrl":"https:\/\/secure.gravatar.com\/avatar\/e0a867bdedb85fd243eadf09663511f96fc81e0720a4a42581f334ad4303aa6b?s=96&d=mm&r=g","caption":"Reda\u00e7\u00e3o"}}]}},"amp_enabled":true,"_links":{"self":[{"href":"https:\/\/www.notibras.com\/site\/wp-json\/wp\/v2\/posts\/9140","targetHints":{"allow":["GET"]}}],"collection":[{"href":"https:\/\/www.notibras.com\/site\/wp-json\/wp\/v2\/posts"}],"about":[{"href":"https:\/\/www.notibras.com\/site\/wp-json\/wp\/v2\/types\/post"}],"author":[{"embeddable":true,"href":"https:\/\/www.notibras.com\/site\/wp-json\/wp\/v2\/users\/2"}],"replies":[{"embeddable":true,"href":"https:\/\/www.notibras.com\/site\/wp-json\/wp\/v2\/comments?post=9140"}],"version-history":[{"count":0,"href":"https:\/\/www.notibras.com\/site\/wp-json\/wp\/v2\/posts\/9140\/revisions"}],"wp:featuredmedia":[{"embeddable":true,"href":"https:\/\/www.notibras.com\/site\/wp-json\/wp\/v2\/media\/9141"}],"wp:attachment":[{"href":"https:\/\/www.notibras.com\/site\/wp-json\/wp\/v2\/media?parent=9140"}],"wp:term":[{"taxonomy":"category","embeddable":true,"href":"https:\/\/www.notibras.com\/site\/wp-json\/wp\/v2\/categories?post=9140"},{"taxonomy":"post_tag","embeddable":true,"href":"https:\/\/www.notibras.com\/site\/wp-json\/wp\/v2\/tags?post=9140"}],"curies":[{"name":"wp","href":"https:\/\/api.w.org\/{rel}","templated":true}]}}