{"id":9166,"date":"2014-05-11T21:02:17","date_gmt":"2014-05-12T00:02:17","guid":{"rendered":"http:\/\/www.notibras.com\/site\/?p=9166"},"modified":"2014-05-11T21:02:17","modified_gmt":"2014-05-12T00:02:17","slug":"bahia-se-supera-e-arranca-empate-com-o-vitoria-nos-acrescimos","status":"publish","type":"post","link":"https:\/\/www.notibras.com\/site\/bahia-se-supera-e-arranca-empate-com-o-vitoria-nos-acrescimos\/","title":{"rendered":"Bahia se supera e arranca empate com o Vit\u00f3ria nos acr\u00e9scimos"},"content":{"rendered":"<p>Vit\u00f3ria esteve perto de embalar com estilo no Campeonato Brasileiro. Na noite deste domingo, a equipe do t\u00e9cnico Ney Franco visitou o rival Bahia na Fonte Nova pela quarta rodada da competi\u00e7\u00e3o nacional e saiu na frente com gol do atacante Souza na etapa inicial, mas quando j\u00e1 encaminhava o triunfo tomou o empate por 1 a 1 aos 46min do segundo tempo, resultado final do cl\u00e1ssico baiano.<\/p>\n<p class=\"text\">A igualdade no fim da partida deixa o Bahia dentro do G-4 do Brasileiro, com sete pontos em quarto lugar. O Vit\u00f3ria, que vinha de importante triunfo fora de casa sobre o Fluminense, fica com cinco pontos, em 12\u00ba lugar.<\/p>\n<p class=\"text\">Agora, o time tricolor encara o Sport fora de casa pelo Campeonato Brasileiro, no pr\u00f3ximo domingo, na Ilha do Retiro, \u00e0s 16h (de Bras\u00edlia). J\u00e1 o clube rubro-negro tem duelo em casa: encara o Palmeiras no Pitua\u00e7u \u00e0s 18h30 do domingo.<\/p>\n<p class=\"text\">O duelo na Bahia come\u00e7ou com muita velocidade e vontade de ambas as equipes, mas os times pecavam na parte t\u00e9cnica. A primeira chance foi do ex-Vit\u00f3ria Maxi Biancucchi, que quase aproveitou sobra de escanteio na \u00e1rea aos 8min. A partida continuou intensa, mas sem grandes lances de perigo at\u00e9 os 30min, quando Pittoni foi lan\u00e7ado e chutou forte, mas foi parado pelo arqueiro Wilson.<\/p>\n<p class=\"text\">Em uma das raras chegadas do clube rubro-negro, o Vit\u00f3ria saiu na frente. Aos 39min, Marquinhos cobrou escanteio e Souza aproveitou a queda do goleiro Marcelo Lomba para cabecear sozinho para o gol vazio. O Bahia reclamou de falta sobre o arqueiro, mas teve que ir para o intervalo atr\u00e1s no placar.<\/p>\n<p class=\"text\">Na volta para a etapa final, o Bahia foi atr\u00e1s do empate e amea\u00e7ou uma press\u00e3o nos primeiros minutos. Na oportunidade mais perigosa, Biancucchi saiu na cara do goleiro Wilson, mas chutou fraco e viu o advers\u00e1rio fazer a defesa.<\/p>\n<p class=\"text\">No fim da partida, o time mandante\u00a0se jogou mais ainda\u00a0ao ataque em busca do empate e, quando o rev\u00e9s j\u00e1 parecia certo, foi compensado:\u00a0o garoto Par\u00e1 apareceu aos 46min do segundo tempo para deixar tudo igual, com belo toque na sa\u00edda do goleiro Wilson ap\u00f3s se livrar de dois marcadores.<\/p>\n","protected":false},"excerpt":{"rendered":"<p>Vit\u00f3ria esteve perto de embalar com estilo no Campeonato Brasileiro. Na noite deste domingo, a equipe do t\u00e9cnico Ney Franco visitou o rival Bahia na Fonte Nova pela quarta rodada da competi\u00e7\u00e3o nacional e saiu na frente com gol do atacante Souza na etapa inicial, mas quando j\u00e1 encaminhava o triunfo tomou o empate por [&hellip;]<\/p>\n","protected":false},"author":2,"featured_media":9167,"comment_status":"open","ping_status":"closed","sticky":false,"template":"","format":"standard","meta":{"_acf_changed":false,"footnotes":""},"categories":[19,29],"tags":[],"class_list":["post-9166","post","type-post","status-publish","format-standard","has-post-thumbnail","hentry","category-esportes","category-futebol"],"acf":[],"yoast_head":"<!-- This site is optimized with the Yoast SEO plugin v27.2 - https:\/\/yoast.com\/product\/yoast-seo-wordpress\/ -->\n<title>Bahia se supera e arranca empate com o Vit\u00f3ria nos acr\u00e9scimos - Notibras<\/title>\n<meta name=\"robots\" content=\"index, follow, max-snippet:-1, max-image-preview:large, max-video-preview:-1\" \/>\n<link rel=\"canonical\" href=\"https:\/\/www.notibras.com\/site\/bahia-se-supera-e-arranca-empate-com-o-vitoria-nos-acrescimos\/\" \/>\n<meta property=\"og:locale\" content=\"pt_BR\" \/>\n<meta property=\"og:type\" content=\"article\" \/>\n<meta property=\"og:title\" content=\"Bahia se supera e arranca empate com o Vit\u00f3ria nos acr\u00e9scimos - Notibras\" \/>\n<meta property=\"og:description\" content=\"Vit\u00f3ria esteve perto de embalar com estilo no Campeonato Brasileiro. Na noite deste domingo, a equipe do t\u00e9cnico Ney Franco visitou o rival Bahia na Fonte Nova pela quarta rodada da competi\u00e7\u00e3o nacional e saiu na frente com gol do atacante Souza na etapa inicial, mas quando j\u00e1 encaminhava o triunfo tomou o empate por [&hellip;]\" \/>\n<meta property=\"og:url\" content=\"https:\/\/www.notibras.com\/site\/bahia-se-supera-e-arranca-empate-com-o-vitoria-nos-acrescimos\/\" \/>\n<meta property=\"og:site_name\" content=\"Notibras\" \/>\n<meta property=\"article:publisher\" content=\"https:\/\/www.facebook.com\/notibras\/\" \/>\n<meta property=\"article:published_time\" content=\"2014-05-12T00:02:17+00:00\" \/>\n<meta property=\"og:image\" content=\"https:\/\/www.notibras.com\/site\/wp-content\/uploads\/2014\/05\/ba.jpg\" \/>\n\t<meta property=\"og:image:width\" content=\"460\" \/>\n\t<meta property=\"og:image:height\" content=\"340\" \/>\n\t<meta property=\"og:image:type\" content=\"image\/jpeg\" \/>\n<meta name=\"author\" content=\"Reda\u00e7\u00e3o\" \/>\n<meta name=\"twitter:card\" content=\"summary_large_image\" \/>\n<meta name=\"twitter:creator\" content=\"@Notibras\" \/>\n<meta name=\"twitter:site\" content=\"@Notibras\" \/>\n<meta name=\"twitter:label1\" content=\"Escrito por\" \/>\n\t<meta name=\"twitter:data1\" content=\"Reda\u00e7\u00e3o\" \/>\n\t<meta name=\"twitter:label2\" content=\"Est. tempo de leitura\" \/>\n\t<meta name=\"twitter:data2\" content=\"2 minutos\" \/>\n<script type=\"application\/ld+json\" class=\"yoast-schema-graph\">{\"@context\":\"https:\/\/schema.org\",\"@graph\":[{\"@type\":\"Article\",\"@id\":\"https:\/\/www.notibras.com\/site\/bahia-se-supera-e-arranca-empate-com-o-vitoria-nos-acrescimos\/#article\",\"isPartOf\":{\"@id\":\"https:\/\/www.notibras.com\/site\/bahia-se-supera-e-arranca-empate-com-o-vitoria-nos-acrescimos\/\"},\"author\":{\"name\":\"Reda\u00e7\u00e3o\",\"@id\":\"https:\/\/www.notibras.com\/site\/#\/schema\/person\/36ab0979449956132d3e5b517ea76ac8\"},\"headline\":\"Bahia se supera e arranca empate com o Vit\u00f3ria nos acr\u00e9scimos\",\"datePublished\":\"2014-05-12T00:02:17+00:00\",\"mainEntityOfPage\":{\"@id\":\"https:\/\/www.notibras.com\/site\/bahia-se-supera-e-arranca-empate-com-o-vitoria-nos-acrescimos\/\"},\"wordCount\":390,\"commentCount\":0,\"publisher\":{\"@id\":\"https:\/\/www.notibras.com\/site\/#organization\"},\"image\":{\"@id\":\"https:\/\/www.notibras.com\/site\/bahia-se-supera-e-arranca-empate-com-o-vitoria-nos-acrescimos\/#primaryimage\"},\"thumbnailUrl\":\"https:\/\/www.notibras.com\/site\/wp-content\/uploads\/2014\/05\/ba.jpg\",\"articleSection\":[\"Esportes\",\"Futebol\"],\"inLanguage\":\"pt-BR\",\"potentialAction\":[{\"@type\":\"CommentAction\",\"name\":\"Comment\",\"target\":[\"https:\/\/www.notibras.com\/site\/bahia-se-supera-e-arranca-empate-com-o-vitoria-nos-acrescimos\/#respond\"]}]},{\"@type\":\"WebPage\",\"@id\":\"https:\/\/www.notibras.com\/site\/bahia-se-supera-e-arranca-empate-com-o-vitoria-nos-acrescimos\/\",\"url\":\"https:\/\/www.notibras.com\/site\/bahia-se-supera-e-arranca-empate-com-o-vitoria-nos-acrescimos\/\",\"name\":\"Bahia se supera e arranca empate com o Vit\u00f3ria nos acr\u00e9scimos - Notibras\",\"isPartOf\":{\"@id\":\"https:\/\/www.notibras.com\/site\/#website\"},\"primaryImageOfPage\":{\"@id\":\"https:\/\/www.notibras.com\/site\/bahia-se-supera-e-arranca-empate-com-o-vitoria-nos-acrescimos\/#primaryimage\"},\"image\":{\"@id\":\"https:\/\/www.notibras.com\/site\/bahia-se-supera-e-arranca-empate-com-o-vitoria-nos-acrescimos\/#primaryimage\"},\"thumbnailUrl\":\"https:\/\/www.notibras.com\/site\/wp-content\/uploads\/2014\/05\/ba.jpg\",\"datePublished\":\"2014-05-12T00:02:17+00:00\",\"breadcrumb\":{\"@id\":\"https:\/\/www.notibras.com\/site\/bahia-se-supera-e-arranca-empate-com-o-vitoria-nos-acrescimos\/#breadcrumb\"},\"inLanguage\":\"pt-BR\",\"potentialAction\":[{\"@type\":\"ReadAction\",\"target\":[\"https:\/\/www.notibras.com\/site\/bahia-se-supera-e-arranca-empate-com-o-vitoria-nos-acrescimos\/\"]}]},{\"@type\":\"ImageObject\",\"inLanguage\":\"pt-BR\",\"@id\":\"https:\/\/www.notibras.com\/site\/bahia-se-supera-e-arranca-empate-com-o-vitoria-nos-acrescimos\/#primaryimage\",\"url\":\"https:\/\/www.notibras.com\/site\/wp-content\/uploads\/2014\/05\/ba.jpg\",\"contentUrl\":\"https:\/\/www.notibras.com\/site\/wp-content\/uploads\/2014\/05\/ba.jpg\",\"width\":460,\"height\":340},{\"@type\":\"BreadcrumbList\",\"@id\":\"https:\/\/www.notibras.com\/site\/bahia-se-supera-e-arranca-empate-com-o-vitoria-nos-acrescimos\/#breadcrumb\",\"itemListElement\":[{\"@type\":\"ListItem\",\"position\":1,\"name\":\"In\u00edcio\",\"item\":\"https:\/\/www.notibras.com\/site\/\"},{\"@type\":\"ListItem\",\"position\":2,\"name\":\"Bahia se supera e arranca empate com o Vit\u00f3ria nos acr\u00e9scimos\"}]},{\"@type\":\"WebSite\",\"@id\":\"https:\/\/www.notibras.com\/site\/#website\",\"url\":\"https:\/\/www.notibras.com\/site\/\",\"name\":\"Notibras\",\"description\":\"Not\u00edcias de Bras\u00edlia, do Brasil e do Mundo\",\"publisher\":{\"@id\":\"https:\/\/www.notibras.com\/site\/#organization\"},\"potentialAction\":[{\"@type\":\"SearchAction\",\"target\":{\"@type\":\"EntryPoint\",\"urlTemplate\":\"https:\/\/www.notibras.com\/site\/?s={search_term_string}\"},\"query-input\":{\"@type\":\"PropertyValueSpecification\",\"valueRequired\":true,\"valueName\":\"search_term_string\"}}],\"inLanguage\":\"pt-BR\"},{\"@type\":\"Organization\",\"@id\":\"https:\/\/www.notibras.com\/site\/#organization\",\"name\":\"Grupo Notibras de Comunica\u00e7\u00e3o\",\"url\":\"https:\/\/www.notibras.com\/site\/\",\"logo\":{\"@type\":\"ImageObject\",\"inLanguage\":\"pt-BR\",\"@id\":\"https:\/\/www.notibras.com\/site\/#\/schema\/logo\/image\/\",\"url\":\"https:\/\/www.notibras.com\/site\/wp-content\/uploads\/2023\/01\/notibras23.png\",\"contentUrl\":\"https:\/\/www.notibras.com\/site\/wp-content\/uploads\/2023\/01\/notibras23.png\",\"width\":350,\"height\":87,\"caption\":\"Grupo Notibras de Comunica\u00e7\u00e3o\"},\"image\":{\"@id\":\"https:\/\/www.notibras.com\/site\/#\/schema\/logo\/image\/\"},\"sameAs\":[\"https:\/\/www.facebook.com\/notibras\/\",\"https:\/\/x.com\/Notibras\",\"https:\/\/www.instagram.com\/notibras\/\"]},{\"@type\":\"Person\",\"@id\":\"https:\/\/www.notibras.com\/site\/#\/schema\/person\/36ab0979449956132d3e5b517ea76ac8\",\"name\":\"Reda\u00e7\u00e3o\",\"image\":{\"@type\":\"ImageObject\",\"inLanguage\":\"pt-BR\",\"@id\":\"https:\/\/secure.gravatar.com\/avatar\/e0a867bdedb85fd243eadf09663511f96fc81e0720a4a42581f334ad4303aa6b?s=96&d=mm&r=g\",\"url\":\"https:\/\/secure.gravatar.com\/avatar\/e0a867bdedb85fd243eadf09663511f96fc81e0720a4a42581f334ad4303aa6b?s=96&d=mm&r=g\",\"contentUrl\":\"https:\/\/secure.gravatar.com\/avatar\/e0a867bdedb85fd243eadf09663511f96fc81e0720a4a42581f334ad4303aa6b?s=96&d=mm&r=g\",\"caption\":\"Reda\u00e7\u00e3o\"}}]}<\/script>\n<!-- \/ Yoast SEO plugin. -->","yoast_head_json":{"title":"Bahia se supera e arranca empate com o Vit\u00f3ria nos acr\u00e9scimos - Notibras","robots":{"index":"index","follow":"follow","max-snippet":"max-snippet:-1","max-image-preview":"max-image-preview:large","max-video-preview":"max-video-preview:-1"},"canonical":"https:\/\/www.notibras.com\/site\/bahia-se-supera-e-arranca-empate-com-o-vitoria-nos-acrescimos\/","og_locale":"pt_BR","og_type":"article","og_title":"Bahia se supera e arranca empate com o Vit\u00f3ria nos acr\u00e9scimos - Notibras","og_description":"Vit\u00f3ria esteve perto de embalar com estilo no Campeonato Brasileiro. Na noite deste domingo, a equipe do t\u00e9cnico Ney Franco visitou o rival Bahia na Fonte Nova pela quarta rodada da competi\u00e7\u00e3o nacional e saiu na frente com gol do atacante Souza na etapa inicial, mas quando j\u00e1 encaminhava o triunfo tomou o empate por [&hellip;]","og_url":"https:\/\/www.notibras.com\/site\/bahia-se-supera-e-arranca-empate-com-o-vitoria-nos-acrescimos\/","og_site_name":"Notibras","article_publisher":"https:\/\/www.facebook.com\/notibras\/","article_published_time":"2014-05-12T00:02:17+00:00","og_image":[{"width":460,"height":340,"url":"https:\/\/www.notibras.com\/site\/wp-content\/uploads\/2014\/05\/ba.jpg","type":"image\/jpeg"}],"author":"Reda\u00e7\u00e3o","twitter_card":"summary_large_image","twitter_creator":"@Notibras","twitter_site":"@Notibras","twitter_misc":{"Escrito por":"Reda\u00e7\u00e3o","Est. tempo de leitura":"2 minutos"},"schema":{"@context":"https:\/\/schema.org","@graph":[{"@type":"Article","@id":"https:\/\/www.notibras.com\/site\/bahia-se-supera-e-arranca-empate-com-o-vitoria-nos-acrescimos\/#article","isPartOf":{"@id":"https:\/\/www.notibras.com\/site\/bahia-se-supera-e-arranca-empate-com-o-vitoria-nos-acrescimos\/"},"author":{"name":"Reda\u00e7\u00e3o","@id":"https:\/\/www.notibras.com\/site\/#\/schema\/person\/36ab0979449956132d3e5b517ea76ac8"},"headline":"Bahia se supera e arranca empate com o Vit\u00f3ria nos acr\u00e9scimos","datePublished":"2014-05-12T00:02:17+00:00","mainEntityOfPage":{"@id":"https:\/\/www.notibras.com\/site\/bahia-se-supera-e-arranca-empate-com-o-vitoria-nos-acrescimos\/"},"wordCount":390,"commentCount":0,"publisher":{"@id":"https:\/\/www.notibras.com\/site\/#organization"},"image":{"@id":"https:\/\/www.notibras.com\/site\/bahia-se-supera-e-arranca-empate-com-o-vitoria-nos-acrescimos\/#primaryimage"},"thumbnailUrl":"https:\/\/www.notibras.com\/site\/wp-content\/uploads\/2014\/05\/ba.jpg","articleSection":["Esportes","Futebol"],"inLanguage":"pt-BR","potentialAction":[{"@type":"CommentAction","name":"Comment","target":["https:\/\/www.notibras.com\/site\/bahia-se-supera-e-arranca-empate-com-o-vitoria-nos-acrescimos\/#respond"]}]},{"@type":"WebPage","@id":"https:\/\/www.notibras.com\/site\/bahia-se-supera-e-arranca-empate-com-o-vitoria-nos-acrescimos\/","url":"https:\/\/www.notibras.com\/site\/bahia-se-supera-e-arranca-empate-com-o-vitoria-nos-acrescimos\/","name":"Bahia se supera e arranca empate com o Vit\u00f3ria nos acr\u00e9scimos - Notibras","isPartOf":{"@id":"https:\/\/www.notibras.com\/site\/#website"},"primaryImageOfPage":{"@id":"https:\/\/www.notibras.com\/site\/bahia-se-supera-e-arranca-empate-com-o-vitoria-nos-acrescimos\/#primaryimage"},"image":{"@id":"https:\/\/www.notibras.com\/site\/bahia-se-supera-e-arranca-empate-com-o-vitoria-nos-acrescimos\/#primaryimage"},"thumbnailUrl":"https:\/\/www.notibras.com\/site\/wp-content\/uploads\/2014\/05\/ba.jpg","datePublished":"2014-05-12T00:02:17+00:00","breadcrumb":{"@id":"https:\/\/www.notibras.com\/site\/bahia-se-supera-e-arranca-empate-com-o-vitoria-nos-acrescimos\/#breadcrumb"},"inLanguage":"pt-BR","potentialAction":[{"@type":"ReadAction","target":["https:\/\/www.notibras.com\/site\/bahia-se-supera-e-arranca-empate-com-o-vitoria-nos-acrescimos\/"]}]},{"@type":"ImageObject","inLanguage":"pt-BR","@id":"https:\/\/www.notibras.com\/site\/bahia-se-supera-e-arranca-empate-com-o-vitoria-nos-acrescimos\/#primaryimage","url":"https:\/\/www.notibras.com\/site\/wp-content\/uploads\/2014\/05\/ba.jpg","contentUrl":"https:\/\/www.notibras.com\/site\/wp-content\/uploads\/2014\/05\/ba.jpg","width":460,"height":340},{"@type":"BreadcrumbList","@id":"https:\/\/www.notibras.com\/site\/bahia-se-supera-e-arranca-empate-com-o-vitoria-nos-acrescimos\/#breadcrumb","itemListElement":[{"@type":"ListItem","position":1,"name":"In\u00edcio","item":"https:\/\/www.notibras.com\/site\/"},{"@type":"ListItem","position":2,"name":"Bahia se supera e arranca empate com o Vit\u00f3ria nos acr\u00e9scimos"}]},{"@type":"WebSite","@id":"https:\/\/www.notibras.com\/site\/#website","url":"https:\/\/www.notibras.com\/site\/","name":"Notibras","description":"Not\u00edcias de Bras\u00edlia, do Brasil e do Mundo","publisher":{"@id":"https:\/\/www.notibras.com\/site\/#organization"},"potentialAction":[{"@type":"SearchAction","target":{"@type":"EntryPoint","urlTemplate":"https:\/\/www.notibras.com\/site\/?s={search_term_string}"},"query-input":{"@type":"PropertyValueSpecification","valueRequired":true,"valueName":"search_term_string"}}],"inLanguage":"pt-BR"},{"@type":"Organization","@id":"https:\/\/www.notibras.com\/site\/#organization","name":"Grupo Notibras de Comunica\u00e7\u00e3o","url":"https:\/\/www.notibras.com\/site\/","logo":{"@type":"ImageObject","inLanguage":"pt-BR","@id":"https:\/\/www.notibras.com\/site\/#\/schema\/logo\/image\/","url":"https:\/\/www.notibras.com\/site\/wp-content\/uploads\/2023\/01\/notibras23.png","contentUrl":"https:\/\/www.notibras.com\/site\/wp-content\/uploads\/2023\/01\/notibras23.png","width":350,"height":87,"caption":"Grupo Notibras de Comunica\u00e7\u00e3o"},"image":{"@id":"https:\/\/www.notibras.com\/site\/#\/schema\/logo\/image\/"},"sameAs":["https:\/\/www.facebook.com\/notibras\/","https:\/\/x.com\/Notibras","https:\/\/www.instagram.com\/notibras\/"]},{"@type":"Person","@id":"https:\/\/www.notibras.com\/site\/#\/schema\/person\/36ab0979449956132d3e5b517ea76ac8","name":"Reda\u00e7\u00e3o","image":{"@type":"ImageObject","inLanguage":"pt-BR","@id":"https:\/\/secure.gravatar.com\/avatar\/e0a867bdedb85fd243eadf09663511f96fc81e0720a4a42581f334ad4303aa6b?s=96&d=mm&r=g","url":"https:\/\/secure.gravatar.com\/avatar\/e0a867bdedb85fd243eadf09663511f96fc81e0720a4a42581f334ad4303aa6b?s=96&d=mm&r=g","contentUrl":"https:\/\/secure.gravatar.com\/avatar\/e0a867bdedb85fd243eadf09663511f96fc81e0720a4a42581f334ad4303aa6b?s=96&d=mm&r=g","caption":"Reda\u00e7\u00e3o"}}]}},"amp_enabled":true,"_links":{"self":[{"href":"https:\/\/www.notibras.com\/site\/wp-json\/wp\/v2\/posts\/9166","targetHints":{"allow":["GET"]}}],"collection":[{"href":"https:\/\/www.notibras.com\/site\/wp-json\/wp\/v2\/posts"}],"about":[{"href":"https:\/\/www.notibras.com\/site\/wp-json\/wp\/v2\/types\/post"}],"author":[{"embeddable":true,"href":"https:\/\/www.notibras.com\/site\/wp-json\/wp\/v2\/users\/2"}],"replies":[{"embeddable":true,"href":"https:\/\/www.notibras.com\/site\/wp-json\/wp\/v2\/comments?post=9166"}],"version-history":[{"count":0,"href":"https:\/\/www.notibras.com\/site\/wp-json\/wp\/v2\/posts\/9166\/revisions"}],"wp:featuredmedia":[{"embeddable":true,"href":"https:\/\/www.notibras.com\/site\/wp-json\/wp\/v2\/media\/9167"}],"wp:attachment":[{"href":"https:\/\/www.notibras.com\/site\/wp-json\/wp\/v2\/media?parent=9166"}],"wp:term":[{"taxonomy":"category","embeddable":true,"href":"https:\/\/www.notibras.com\/site\/wp-json\/wp\/v2\/categories?post=9166"},{"taxonomy":"post_tag","embeddable":true,"href":"https:\/\/www.notibras.com\/site\/wp-json\/wp\/v2\/tags?post=9166"}],"curies":[{"name":"wp","href":"https:\/\/api.w.org\/{rel}","templated":true}]}}