{"id":9190,"date":"2014-05-12T08:40:24","date_gmt":"2014-05-12T11:40:24","guid":{"rendered":"http:\/\/www.notibras.com\/site\/?p=9190"},"modified":"2014-05-12T15:40:03","modified_gmt":"2014-05-12T18:40:03","slug":"pt-ve-arbitrariedade-de-joaquim-barbosa-no-episodio-ze-dirceu","status":"publish","type":"post","link":"https:\/\/www.notibras.com\/site\/pt-ve-arbitrariedade-de-joaquim-barbosa-no-episodio-ze-dirceu\/","title":{"rendered":"PT v\u00ea arbitrariedade de Joaquim no epis\u00f3dio Dirceu"},"content":{"rendered":"<p>O presidente nacional do <a href=\"http:\/\/noticias.terra.com.br\/brasil\/infograficos\/sopa-de-letrinhas-da-politica-brasileira\/?page=01-2.htm\" target=\"_blank\">PT<\/a>, Rui Falc\u00e3o, criticou neste domingo, em nota, o presidente do Supremo Tribunal Federal (STF), ministro Joaquim Barbosa, e classificou como \u201carbitrariedade\u201d a negativa do pedido feito pelo ex-ministro\u00a0Jos\u00e9 Dirceu &#8211; preso por sua participa\u00e7\u00e3o no processo do <a href=\"http:\/\/www.terra.com.br\/noticias\/infograficos\/o-mensalao\" target=\"_blank\">mensal\u00e3o<\/a> \u2013 para trabalhar fora do complexo penitenci\u00e1rio da Papuda.<\/p>\n<p class=\"text\">\u201cAo obstruir novamente, de forma irregular e monocr\u00e1tica, o direito de Jos\u00e9 Dirceu cumprir a pena em regime semiaberto, o ministro Joaquim Barbosa comete uma arbitrariedade, tal como j\u00e1 o fizera ao negar a Jos\u00e9 Geno\u00edno, portador de doen\u00e7a grave, o direito \u00e0 pris\u00e3o domiciliar. Mais ainda: apoiando-se em interpreta\u00e7\u00e3o obtusa, amea\u00e7a fazer regressar ao regime fechado aqueles que j\u00e1 cumprem pena em regime semiaberto, com trabalho certo e atendendo a todas as exig\u00eancias legais\u201d, diz a nota divulgada pelo partido.<\/p>\n<p class=\"text\">Na \u00faltima sexta-feira, Barbosa negou o pedido do ex-ministro para deixar o complexo penitenci\u00e1rio da Papuda para trabalhar durante o dia.<\/p>\n<p class=\"text\">Condenado a sete anos e 11 meses de pris\u00e3o em regime inicial semiaberto, Dirceu quer trabalhar durante o dia em um escrit\u00f3rio de advocacia em Bras\u00edlia.<\/p>\n<p class=\"text\">Na decis\u00e3o, Barbosa considerou que o condenado no <a href=\"http:\/\/www.terra.com.br\/noticias\/infograficos\/juri-popular\/\" target=\"_blank\">julgamento<\/a> do mensal\u00e3o precisa cumprir um sexto da pena antes de solicitar o trabalho externo. O mesmo argumento foi utilizado pelo ministro para revogar o trabalho externo de outros dois condenados: Romeu Queiroz e Rog\u00e9rio Tolentino.<\/p>\n<p class=\"text\">Na avalia\u00e7\u00e3o de Joaquim Barbosa, que \u00e9 relator do processo do mensal\u00e3o, detentos t\u00eam obtido autoriza\u00e7\u00e3o para trabalhar fora da cadeia com base em uma decis\u00e3o do Superior Tribunal de Justi\u00e7a (STJ). Segundo ele, as decis\u00f5es n\u00e3o observam a Lei de Execu\u00e7\u00f5es Penais.<\/p>\n<p class=\"text\">Dirceu pediu para trabalhar no escrit\u00f3rio de Jos\u00e9 Gerardo Grossi, onde receberia cerca de R$ 2,1 mil. A jornada seria das 8h \u00e0s 18h, com uma hora de almo\u00e7o, e o sal\u00e1rio, R$ 2,1 mil. A an\u00e1lise da solicita\u00e7\u00e3o foi, no entanto, suspensa diante da suspeita de que o ex-ministro teria utilizado um celular na cadeia.<\/p>\n<p class=\"text\">Na decis\u00e3o, o presidente do Supremo avaliou que a proposta de emprego em escrit\u00f3rio de advocacia inviabiliza a fiscaliza\u00e7\u00e3o do trabalho externo. \u201cO proponente do emprego, por ser advogado, n\u00e3o permanece no interior do escrit\u00f3rio durante todo o per\u00edodo de trabalho que dever\u00e1 ser executado pelo condenado, o que evidentemente inviabiliza a fiscaliza\u00e7\u00e3o do cumprimento das normas, que \u00e9 da ess\u00eancia do cumprimento de uma senten\u00e7a criminal.\u201d<\/p>\n<p class=\"text\">Segundo Barbosa, para cumprir medidas de reeduca\u00e7\u00e3o, Dirceu j\u00e1 trabalha no pres\u00eddio, em tarefas de limpeza do p\u00e1tio e como auxiliar da biblioteca. \u201cN\u00e3o h\u00e1, assim, motivo para autorizar a sa\u00edda de preso para executar servi\u00e7os de mesma natureza do que j\u00e1 vem executando atualmente, considerada a finalidade do trabalho do condenado. Em conclus\u00e3o, ausente o pressuposto objetivo para concess\u00e3o do benef\u00edcio (n\u00e3o cumprimento de um sexto da pena), indefiro o pedido.\u201d, decidiu o ministro.<\/p>\n<p class=\"text\">\u201cO PT protesta publicamente contra este retrocesso e espera que o plen\u00e1rio do STF ponha fim a este comportamento persecut\u00f3rio e fa\u00e7a valer a Justi\u00e7a\u201d, disse o partido.<\/p>\n","protected":false},"excerpt":{"rendered":"<p>O presidente nacional do PT, Rui Falc\u00e3o, criticou neste domingo, em nota, o presidente do Supremo Tribunal Federal (STF), ministro Joaquim Barbosa, e classificou como \u201carbitrariedade\u201d a negativa do pedido feito pelo ex-ministro\u00a0Jos\u00e9 Dirceu &#8211; preso por sua participa\u00e7\u00e3o no processo do mensal\u00e3o \u2013 para trabalhar fora do complexo penitenci\u00e1rio da Papuda. \u201cAo obstruir novamente, [&hellip;]<\/p>\n","protected":false},"author":2,"featured_media":9191,"comment_status":"open","ping_status":"closed","sticky":false,"template":"","format":"standard","meta":{"_acf_changed":false,"footnotes":""},"categories":[16],"tags":[],"class_list":["post-9190","post","type-post","status-publish","format-standard","has-post-thumbnail","hentry","category-brasil"],"acf":[],"yoast_head":"<!-- This site is optimized with the Yoast SEO plugin v27.2 - https:\/\/yoast.com\/product\/yoast-seo-wordpress\/ -->\n<title>PT v\u00ea arbitrariedade de Joaquim no epis\u00f3dio Dirceu - Notibras<\/title>\n<meta name=\"robots\" content=\"index, follow, max-snippet:-1, max-image-preview:large, max-video-preview:-1\" \/>\n<link rel=\"canonical\" href=\"https:\/\/www.notibras.com\/site\/pt-ve-arbitrariedade-de-joaquim-barbosa-no-episodio-ze-dirceu\/\" \/>\n<meta property=\"og:locale\" content=\"pt_BR\" \/>\n<meta property=\"og:type\" content=\"article\" \/>\n<meta property=\"og:title\" content=\"PT v\u00ea arbitrariedade de Joaquim no epis\u00f3dio Dirceu - Notibras\" \/>\n<meta property=\"og:description\" content=\"O presidente nacional do PT, Rui Falc\u00e3o, criticou neste domingo, em nota, o presidente do Supremo Tribunal Federal (STF), ministro Joaquim Barbosa, e classificou como \u201carbitrariedade\u201d a negativa do pedido feito pelo ex-ministro\u00a0Jos\u00e9 Dirceu &#8211; preso por sua participa\u00e7\u00e3o no processo do mensal\u00e3o \u2013 para trabalhar fora do complexo penitenci\u00e1rio da Papuda. \u201cAo obstruir novamente, [&hellip;]\" \/>\n<meta property=\"og:url\" content=\"https:\/\/www.notibras.com\/site\/pt-ve-arbitrariedade-de-joaquim-barbosa-no-episodio-ze-dirceu\/\" \/>\n<meta property=\"og:site_name\" content=\"Notibras\" \/>\n<meta property=\"article:publisher\" content=\"https:\/\/www.facebook.com\/notibras\/\" \/>\n<meta property=\"article:published_time\" content=\"2014-05-12T11:40:24+00:00\" \/>\n<meta property=\"article:modified_time\" content=\"2014-05-12T18:40:03+00:00\" \/>\n<meta property=\"og:image\" content=\"https:\/\/www.notibras.com\/site\/wp-content\/uploads\/2014\/05\/jose_dirceu_4.jpg\" \/>\n\t<meta property=\"og:image:width\" content=\"620\" \/>\n\t<meta property=\"og:image:height\" content=\"410\" \/>\n\t<meta property=\"og:image:type\" content=\"image\/jpeg\" \/>\n<meta name=\"author\" content=\"Reda\u00e7\u00e3o\" \/>\n<meta name=\"twitter:card\" content=\"summary_large_image\" \/>\n<meta name=\"twitter:creator\" content=\"@Notibras\" \/>\n<meta name=\"twitter:site\" content=\"@Notibras\" \/>\n<meta name=\"twitter:label1\" content=\"Escrito por\" \/>\n\t<meta name=\"twitter:data1\" content=\"Reda\u00e7\u00e3o\" \/>\n\t<meta name=\"twitter:label2\" content=\"Est. tempo de leitura\" \/>\n\t<meta name=\"twitter:data2\" content=\"3 minutos\" \/>\n<script type=\"application\/ld+json\" class=\"yoast-schema-graph\">{\"@context\":\"https:\/\/schema.org\",\"@graph\":[{\"@type\":\"Article\",\"@id\":\"https:\/\/www.notibras.com\/site\/pt-ve-arbitrariedade-de-joaquim-barbosa-no-episodio-ze-dirceu\/#article\",\"isPartOf\":{\"@id\":\"https:\/\/www.notibras.com\/site\/pt-ve-arbitrariedade-de-joaquim-barbosa-no-episodio-ze-dirceu\/\"},\"author\":{\"name\":\"Reda\u00e7\u00e3o\",\"@id\":\"https:\/\/www.notibras.com\/site\/#\/schema\/person\/36ab0979449956132d3e5b517ea76ac8\"},\"headline\":\"PT v\u00ea arbitrariedade de Joaquim no epis\u00f3dio Dirceu\",\"datePublished\":\"2014-05-12T11:40:24+00:00\",\"dateModified\":\"2014-05-12T18:40:03+00:00\",\"mainEntityOfPage\":{\"@id\":\"https:\/\/www.notibras.com\/site\/pt-ve-arbitrariedade-de-joaquim-barbosa-no-episodio-ze-dirceu\/\"},\"wordCount\":551,\"commentCount\":0,\"publisher\":{\"@id\":\"https:\/\/www.notibras.com\/site\/#organization\"},\"image\":{\"@id\":\"https:\/\/www.notibras.com\/site\/pt-ve-arbitrariedade-de-joaquim-barbosa-no-episodio-ze-dirceu\/#primaryimage\"},\"thumbnailUrl\":\"https:\/\/www.notibras.com\/site\/wp-content\/uploads\/2014\/05\/jose_dirceu_4.jpg\",\"articleSection\":[\"Brasil\"],\"inLanguage\":\"pt-BR\",\"potentialAction\":[{\"@type\":\"CommentAction\",\"name\":\"Comment\",\"target\":[\"https:\/\/www.notibras.com\/site\/pt-ve-arbitrariedade-de-joaquim-barbosa-no-episodio-ze-dirceu\/#respond\"]}]},{\"@type\":\"WebPage\",\"@id\":\"https:\/\/www.notibras.com\/site\/pt-ve-arbitrariedade-de-joaquim-barbosa-no-episodio-ze-dirceu\/\",\"url\":\"https:\/\/www.notibras.com\/site\/pt-ve-arbitrariedade-de-joaquim-barbosa-no-episodio-ze-dirceu\/\",\"name\":\"PT v\u00ea arbitrariedade de Joaquim no epis\u00f3dio Dirceu - Notibras\",\"isPartOf\":{\"@id\":\"https:\/\/www.notibras.com\/site\/#website\"},\"primaryImageOfPage\":{\"@id\":\"https:\/\/www.notibras.com\/site\/pt-ve-arbitrariedade-de-joaquim-barbosa-no-episodio-ze-dirceu\/#primaryimage\"},\"image\":{\"@id\":\"https:\/\/www.notibras.com\/site\/pt-ve-arbitrariedade-de-joaquim-barbosa-no-episodio-ze-dirceu\/#primaryimage\"},\"thumbnailUrl\":\"https:\/\/www.notibras.com\/site\/wp-content\/uploads\/2014\/05\/jose_dirceu_4.jpg\",\"datePublished\":\"2014-05-12T11:40:24+00:00\",\"dateModified\":\"2014-05-12T18:40:03+00:00\",\"breadcrumb\":{\"@id\":\"https:\/\/www.notibras.com\/site\/pt-ve-arbitrariedade-de-joaquim-barbosa-no-episodio-ze-dirceu\/#breadcrumb\"},\"inLanguage\":\"pt-BR\",\"potentialAction\":[{\"@type\":\"ReadAction\",\"target\":[\"https:\/\/www.notibras.com\/site\/pt-ve-arbitrariedade-de-joaquim-barbosa-no-episodio-ze-dirceu\/\"]}]},{\"@type\":\"ImageObject\",\"inLanguage\":\"pt-BR\",\"@id\":\"https:\/\/www.notibras.com\/site\/pt-ve-arbitrariedade-de-joaquim-barbosa-no-episodio-ze-dirceu\/#primaryimage\",\"url\":\"https:\/\/www.notibras.com\/site\/wp-content\/uploads\/2014\/05\/jose_dirceu_4.jpg\",\"contentUrl\":\"https:\/\/www.notibras.com\/site\/wp-content\/uploads\/2014\/05\/jose_dirceu_4.jpg\",\"width\":620,\"height\":410},{\"@type\":\"BreadcrumbList\",\"@id\":\"https:\/\/www.notibras.com\/site\/pt-ve-arbitrariedade-de-joaquim-barbosa-no-episodio-ze-dirceu\/#breadcrumb\",\"itemListElement\":[{\"@type\":\"ListItem\",\"position\":1,\"name\":\"In\u00edcio\",\"item\":\"https:\/\/www.notibras.com\/site\/\"},{\"@type\":\"ListItem\",\"position\":2,\"name\":\"PT v\u00ea arbitrariedade de Joaquim no epis\u00f3dio Dirceu\"}]},{\"@type\":\"WebSite\",\"@id\":\"https:\/\/www.notibras.com\/site\/#website\",\"url\":\"https:\/\/www.notibras.com\/site\/\",\"name\":\"Notibras\",\"description\":\"Not\u00edcias de Bras\u00edlia, do Brasil e do Mundo\",\"publisher\":{\"@id\":\"https:\/\/www.notibras.com\/site\/#organization\"},\"potentialAction\":[{\"@type\":\"SearchAction\",\"target\":{\"@type\":\"EntryPoint\",\"urlTemplate\":\"https:\/\/www.notibras.com\/site\/?s={search_term_string}\"},\"query-input\":{\"@type\":\"PropertyValueSpecification\",\"valueRequired\":true,\"valueName\":\"search_term_string\"}}],\"inLanguage\":\"pt-BR\"},{\"@type\":\"Organization\",\"@id\":\"https:\/\/www.notibras.com\/site\/#organization\",\"name\":\"Grupo Notibras de Comunica\u00e7\u00e3o\",\"url\":\"https:\/\/www.notibras.com\/site\/\",\"logo\":{\"@type\":\"ImageObject\",\"inLanguage\":\"pt-BR\",\"@id\":\"https:\/\/www.notibras.com\/site\/#\/schema\/logo\/image\/\",\"url\":\"https:\/\/www.notibras.com\/site\/wp-content\/uploads\/2023\/01\/notibras23.png\",\"contentUrl\":\"https:\/\/www.notibras.com\/site\/wp-content\/uploads\/2023\/01\/notibras23.png\",\"width\":350,\"height\":87,\"caption\":\"Grupo Notibras de Comunica\u00e7\u00e3o\"},\"image\":{\"@id\":\"https:\/\/www.notibras.com\/site\/#\/schema\/logo\/image\/\"},\"sameAs\":[\"https:\/\/www.facebook.com\/notibras\/\",\"https:\/\/x.com\/Notibras\",\"https:\/\/www.instagram.com\/notibras\/\"]},{\"@type\":\"Person\",\"@id\":\"https:\/\/www.notibras.com\/site\/#\/schema\/person\/36ab0979449956132d3e5b517ea76ac8\",\"name\":\"Reda\u00e7\u00e3o\",\"image\":{\"@type\":\"ImageObject\",\"inLanguage\":\"pt-BR\",\"@id\":\"https:\/\/secure.gravatar.com\/avatar\/e0a867bdedb85fd243eadf09663511f96fc81e0720a4a42581f334ad4303aa6b?s=96&d=mm&r=g\",\"url\":\"https:\/\/secure.gravatar.com\/avatar\/e0a867bdedb85fd243eadf09663511f96fc81e0720a4a42581f334ad4303aa6b?s=96&d=mm&r=g\",\"contentUrl\":\"https:\/\/secure.gravatar.com\/avatar\/e0a867bdedb85fd243eadf09663511f96fc81e0720a4a42581f334ad4303aa6b?s=96&d=mm&r=g\",\"caption\":\"Reda\u00e7\u00e3o\"}}]}<\/script>\n<!-- \/ Yoast SEO plugin. -->","yoast_head_json":{"title":"PT v\u00ea arbitrariedade de Joaquim no epis\u00f3dio Dirceu - Notibras","robots":{"index":"index","follow":"follow","max-snippet":"max-snippet:-1","max-image-preview":"max-image-preview:large","max-video-preview":"max-video-preview:-1"},"canonical":"https:\/\/www.notibras.com\/site\/pt-ve-arbitrariedade-de-joaquim-barbosa-no-episodio-ze-dirceu\/","og_locale":"pt_BR","og_type":"article","og_title":"PT v\u00ea arbitrariedade de Joaquim no epis\u00f3dio Dirceu - Notibras","og_description":"O presidente nacional do PT, Rui Falc\u00e3o, criticou neste domingo, em nota, o presidente do Supremo Tribunal Federal (STF), ministro Joaquim Barbosa, e classificou como \u201carbitrariedade\u201d a negativa do pedido feito pelo ex-ministro\u00a0Jos\u00e9 Dirceu &#8211; preso por sua participa\u00e7\u00e3o no processo do mensal\u00e3o \u2013 para trabalhar fora do complexo penitenci\u00e1rio da Papuda. \u201cAo obstruir novamente, [&hellip;]","og_url":"https:\/\/www.notibras.com\/site\/pt-ve-arbitrariedade-de-joaquim-barbosa-no-episodio-ze-dirceu\/","og_site_name":"Notibras","article_publisher":"https:\/\/www.facebook.com\/notibras\/","article_published_time":"2014-05-12T11:40:24+00:00","article_modified_time":"2014-05-12T18:40:03+00:00","og_image":[{"width":620,"height":410,"url":"https:\/\/www.notibras.com\/site\/wp-content\/uploads\/2014\/05\/jose_dirceu_4.jpg","type":"image\/jpeg"}],"author":"Reda\u00e7\u00e3o","twitter_card":"summary_large_image","twitter_creator":"@Notibras","twitter_site":"@Notibras","twitter_misc":{"Escrito por":"Reda\u00e7\u00e3o","Est. tempo de leitura":"3 minutos"},"schema":{"@context":"https:\/\/schema.org","@graph":[{"@type":"Article","@id":"https:\/\/www.notibras.com\/site\/pt-ve-arbitrariedade-de-joaquim-barbosa-no-episodio-ze-dirceu\/#article","isPartOf":{"@id":"https:\/\/www.notibras.com\/site\/pt-ve-arbitrariedade-de-joaquim-barbosa-no-episodio-ze-dirceu\/"},"author":{"name":"Reda\u00e7\u00e3o","@id":"https:\/\/www.notibras.com\/site\/#\/schema\/person\/36ab0979449956132d3e5b517ea76ac8"},"headline":"PT v\u00ea arbitrariedade de Joaquim no epis\u00f3dio Dirceu","datePublished":"2014-05-12T11:40:24+00:00","dateModified":"2014-05-12T18:40:03+00:00","mainEntityOfPage":{"@id":"https:\/\/www.notibras.com\/site\/pt-ve-arbitrariedade-de-joaquim-barbosa-no-episodio-ze-dirceu\/"},"wordCount":551,"commentCount":0,"publisher":{"@id":"https:\/\/www.notibras.com\/site\/#organization"},"image":{"@id":"https:\/\/www.notibras.com\/site\/pt-ve-arbitrariedade-de-joaquim-barbosa-no-episodio-ze-dirceu\/#primaryimage"},"thumbnailUrl":"https:\/\/www.notibras.com\/site\/wp-content\/uploads\/2014\/05\/jose_dirceu_4.jpg","articleSection":["Brasil"],"inLanguage":"pt-BR","potentialAction":[{"@type":"CommentAction","name":"Comment","target":["https:\/\/www.notibras.com\/site\/pt-ve-arbitrariedade-de-joaquim-barbosa-no-episodio-ze-dirceu\/#respond"]}]},{"@type":"WebPage","@id":"https:\/\/www.notibras.com\/site\/pt-ve-arbitrariedade-de-joaquim-barbosa-no-episodio-ze-dirceu\/","url":"https:\/\/www.notibras.com\/site\/pt-ve-arbitrariedade-de-joaquim-barbosa-no-episodio-ze-dirceu\/","name":"PT v\u00ea arbitrariedade de Joaquim no epis\u00f3dio Dirceu - Notibras","isPartOf":{"@id":"https:\/\/www.notibras.com\/site\/#website"},"primaryImageOfPage":{"@id":"https:\/\/www.notibras.com\/site\/pt-ve-arbitrariedade-de-joaquim-barbosa-no-episodio-ze-dirceu\/#primaryimage"},"image":{"@id":"https:\/\/www.notibras.com\/site\/pt-ve-arbitrariedade-de-joaquim-barbosa-no-episodio-ze-dirceu\/#primaryimage"},"thumbnailUrl":"https:\/\/www.notibras.com\/site\/wp-content\/uploads\/2014\/05\/jose_dirceu_4.jpg","datePublished":"2014-05-12T11:40:24+00:00","dateModified":"2014-05-12T18:40:03+00:00","breadcrumb":{"@id":"https:\/\/www.notibras.com\/site\/pt-ve-arbitrariedade-de-joaquim-barbosa-no-episodio-ze-dirceu\/#breadcrumb"},"inLanguage":"pt-BR","potentialAction":[{"@type":"ReadAction","target":["https:\/\/www.notibras.com\/site\/pt-ve-arbitrariedade-de-joaquim-barbosa-no-episodio-ze-dirceu\/"]}]},{"@type":"ImageObject","inLanguage":"pt-BR","@id":"https:\/\/www.notibras.com\/site\/pt-ve-arbitrariedade-de-joaquim-barbosa-no-episodio-ze-dirceu\/#primaryimage","url":"https:\/\/www.notibras.com\/site\/wp-content\/uploads\/2014\/05\/jose_dirceu_4.jpg","contentUrl":"https:\/\/www.notibras.com\/site\/wp-content\/uploads\/2014\/05\/jose_dirceu_4.jpg","width":620,"height":410},{"@type":"BreadcrumbList","@id":"https:\/\/www.notibras.com\/site\/pt-ve-arbitrariedade-de-joaquim-barbosa-no-episodio-ze-dirceu\/#breadcrumb","itemListElement":[{"@type":"ListItem","position":1,"name":"In\u00edcio","item":"https:\/\/www.notibras.com\/site\/"},{"@type":"ListItem","position":2,"name":"PT v\u00ea arbitrariedade de Joaquim no epis\u00f3dio Dirceu"}]},{"@type":"WebSite","@id":"https:\/\/www.notibras.com\/site\/#website","url":"https:\/\/www.notibras.com\/site\/","name":"Notibras","description":"Not\u00edcias de Bras\u00edlia, do Brasil e do Mundo","publisher":{"@id":"https:\/\/www.notibras.com\/site\/#organization"},"potentialAction":[{"@type":"SearchAction","target":{"@type":"EntryPoint","urlTemplate":"https:\/\/www.notibras.com\/site\/?s={search_term_string}"},"query-input":{"@type":"PropertyValueSpecification","valueRequired":true,"valueName":"search_term_string"}}],"inLanguage":"pt-BR"},{"@type":"Organization","@id":"https:\/\/www.notibras.com\/site\/#organization","name":"Grupo Notibras de Comunica\u00e7\u00e3o","url":"https:\/\/www.notibras.com\/site\/","logo":{"@type":"ImageObject","inLanguage":"pt-BR","@id":"https:\/\/www.notibras.com\/site\/#\/schema\/logo\/image\/","url":"https:\/\/www.notibras.com\/site\/wp-content\/uploads\/2023\/01\/notibras23.png","contentUrl":"https:\/\/www.notibras.com\/site\/wp-content\/uploads\/2023\/01\/notibras23.png","width":350,"height":87,"caption":"Grupo Notibras de Comunica\u00e7\u00e3o"},"image":{"@id":"https:\/\/www.notibras.com\/site\/#\/schema\/logo\/image\/"},"sameAs":["https:\/\/www.facebook.com\/notibras\/","https:\/\/x.com\/Notibras","https:\/\/www.instagram.com\/notibras\/"]},{"@type":"Person","@id":"https:\/\/www.notibras.com\/site\/#\/schema\/person\/36ab0979449956132d3e5b517ea76ac8","name":"Reda\u00e7\u00e3o","image":{"@type":"ImageObject","inLanguage":"pt-BR","@id":"https:\/\/secure.gravatar.com\/avatar\/e0a867bdedb85fd243eadf09663511f96fc81e0720a4a42581f334ad4303aa6b?s=96&d=mm&r=g","url":"https:\/\/secure.gravatar.com\/avatar\/e0a867bdedb85fd243eadf09663511f96fc81e0720a4a42581f334ad4303aa6b?s=96&d=mm&r=g","contentUrl":"https:\/\/secure.gravatar.com\/avatar\/e0a867bdedb85fd243eadf09663511f96fc81e0720a4a42581f334ad4303aa6b?s=96&d=mm&r=g","caption":"Reda\u00e7\u00e3o"}}]}},"amp_enabled":true,"_links":{"self":[{"href":"https:\/\/www.notibras.com\/site\/wp-json\/wp\/v2\/posts\/9190","targetHints":{"allow":["GET"]}}],"collection":[{"href":"https:\/\/www.notibras.com\/site\/wp-json\/wp\/v2\/posts"}],"about":[{"href":"https:\/\/www.notibras.com\/site\/wp-json\/wp\/v2\/types\/post"}],"author":[{"embeddable":true,"href":"https:\/\/www.notibras.com\/site\/wp-json\/wp\/v2\/users\/2"}],"replies":[{"embeddable":true,"href":"https:\/\/www.notibras.com\/site\/wp-json\/wp\/v2\/comments?post=9190"}],"version-history":[{"count":0,"href":"https:\/\/www.notibras.com\/site\/wp-json\/wp\/v2\/posts\/9190\/revisions"}],"wp:featuredmedia":[{"embeddable":true,"href":"https:\/\/www.notibras.com\/site\/wp-json\/wp\/v2\/media\/9191"}],"wp:attachment":[{"href":"https:\/\/www.notibras.com\/site\/wp-json\/wp\/v2\/media?parent=9190"}],"wp:term":[{"taxonomy":"category","embeddable":true,"href":"https:\/\/www.notibras.com\/site\/wp-json\/wp\/v2\/categories?post=9190"},{"taxonomy":"post_tag","embeddable":true,"href":"https:\/\/www.notibras.com\/site\/wp-json\/wp\/v2\/tags?post=9190"}],"curies":[{"name":"wp","href":"https:\/\/api.w.org\/{rel}","templated":true}]}}