{"id":9237,"date":"2014-05-12T15:21:57","date_gmt":"2014-05-12T18:21:57","guid":{"rendered":"http:\/\/www.notibras.com\/site\/?p=9237"},"modified":"2014-05-12T15:21:57","modified_gmt":"2014-05-12T18:21:57","slug":"um-selo-anunciado-mas-nem-tudo-o-que-se-le-e-o-que-parece","status":"publish","type":"post","link":"https:\/\/www.notibras.com\/site\/um-selo-anunciado-mas-nem-tudo-o-que-se-le-e-o-que-parece\/","title":{"rendered":"Um selo anunciado, mas nem tudo o que se l\u00ea \u00e9 o que parece"},"content":{"rendered":"<p>O Distrito Federal recebeu na \u00faltima semana do Minist\u00e9rio da Educa\u00e7\u00e3o (MEC) o selo de Territ\u00f3rio Livre de Analfabetismo. De acordo com n\u00fameros do GDF, 97,5% da popula\u00e7\u00e3o acima de 15 anos sabe ler e escrever. Os n\u00fameros animam, mas infelizmente as informa\u00e7\u00f5es sobre eles n\u00e3o refletem a realidade ou, no m\u00ednimo, omitem o que j\u00e1 se conquistou na \u00e1rea at\u00e9 este ano de 2014, que \u00e9 eleitoral.<\/p>\n<p>Em primeiro lugar, vale esclarecer que a UNESCO declara um territ\u00f3rio livre de analfabetismo quando 96% da popula\u00e7\u00e3o com mais de 15 anos sabe ler e escrever. O mesmo percentual \u00e9 utilizado no Decreto Presidencial 6.093\/2007, assinado pelo ex-presidente Lula, para conferir o selo do MEC. Essa meta foi alcan\u00e7ada pelo DF em 2006, com 96,2%. De l\u00e1 para c\u00e1, em nenhum momento ela foi inferior a 96%.<\/p>\n<p>Em segundo lugar, pelas pr\u00f3prias contas do governador em entrevista a uma TV online, o DF precisaria formar 15 mil pessoas em 2014 para atingir a meta que esta semana foi anunciada. N\u00fameros oficiais do governo mostram que o DF Alfabetizado formou, em 2012, 3.300 pessoas e, em 2013, 4.600. Estamos no in\u00edcio de maio, e seria interessante o governo esclarecer como formou 15 mil pessoas em apenas quatro meses.<\/p>\n<p>Outra informa\u00e7\u00e3o equivocada \u00e9 dizer que o DF \u00e9 a primeira unidade da Federa\u00e7\u00e3o a receber este selo. Importante lembrar, aqui, que a Rep\u00fablica Federativa do Brasil \u00e9 formada pelos Estados, Munic\u00edpios e o DF. Apenas em 2010, o mesmo MEC conferiu o selo de Territ\u00f3rio Livre do Analfabetismo aos munic\u00edpios de Marechal C\u00e2ndido Rondon e Pi\u00ean, ambos no Paran\u00e1. Outros munic\u00edpios tamb\u00e9m j\u00e1 receberam a honraria. A quem interessa omitir isto?<\/p>\n<p>N\u00e3o estou aqui desmerecendo esta marca importante para nossa cidade. A educa\u00e7\u00e3o deveria receber investimentos importantes em todos os seus n\u00edveis. Apenas com a educa\u00e7\u00e3o podemos ler e entender o que se apresenta nas entrelinhas. Em ano eleitoral, fica o alerta, nem tudo que se l\u00ea \u00e9 o que parece ser.<\/p>\n<p><strong>Eliana Pedrosa, deputada distrital, candidata ao Buriti pelo PPS<\/strong><\/p>\n","protected":false},"excerpt":{"rendered":"<p>O Distrito Federal recebeu na \u00faltima semana do Minist\u00e9rio da Educa\u00e7\u00e3o (MEC) o selo de Territ\u00f3rio Livre de Analfabetismo. De acordo com n\u00fameros do GDF, 97,5% da popula\u00e7\u00e3o acima de 15 anos sabe ler e escrever. Os n\u00fameros animam, mas infelizmente as informa\u00e7\u00f5es sobre eles n\u00e3o refletem a realidade ou, no m\u00ednimo, omitem o que [&hellip;]<\/p>\n","protected":false},"author":2,"featured_media":9238,"comment_status":"open","ping_status":"closed","sticky":false,"template":"","format":"standard","meta":{"_acf_changed":false,"footnotes":""},"categories":[25],"tags":[],"class_list":["post-9237","post","type-post","status-publish","format-standard","has-post-thumbnail","hentry","category-opina-ai"],"acf":[],"yoast_head":"<!-- This site is optimized with the Yoast SEO plugin v27.5 - https:\/\/yoast.com\/product\/yoast-seo-wordpress\/ -->\n<title>Um selo anunciado, mas nem tudo o que se l\u00ea \u00e9 o que parece - Notibras<\/title>\n<meta name=\"robots\" content=\"index, follow, max-snippet:-1, max-image-preview:large, max-video-preview:-1\" \/>\n<link rel=\"canonical\" href=\"https:\/\/www.notibras.com\/site\/um-selo-anunciado-mas-nem-tudo-o-que-se-le-e-o-que-parece\/\" \/>\n<meta property=\"og:locale\" content=\"pt_BR\" \/>\n<meta property=\"og:type\" content=\"article\" \/>\n<meta property=\"og:title\" content=\"Um selo anunciado, mas nem tudo o que se l\u00ea \u00e9 o que parece - Notibras\" \/>\n<meta property=\"og:description\" content=\"O Distrito Federal recebeu na \u00faltima semana do Minist\u00e9rio da Educa\u00e7\u00e3o (MEC) o selo de Territ\u00f3rio Livre de Analfabetismo. De acordo com n\u00fameros do GDF, 97,5% da popula\u00e7\u00e3o acima de 15 anos sabe ler e escrever. Os n\u00fameros animam, mas infelizmente as informa\u00e7\u00f5es sobre eles n\u00e3o refletem a realidade ou, no m\u00ednimo, omitem o que [&hellip;]\" \/>\n<meta property=\"og:url\" content=\"https:\/\/www.notibras.com\/site\/um-selo-anunciado-mas-nem-tudo-o-que-se-le-e-o-que-parece\/\" \/>\n<meta property=\"og:site_name\" content=\"Notibras\" \/>\n<meta property=\"article:publisher\" content=\"https:\/\/www.facebook.com\/notibras\/\" \/>\n<meta property=\"article:published_time\" content=\"2014-05-12T18:21:57+00:00\" \/>\n<meta property=\"og:image\" content=\"https:\/\/www.notibras.com\/site\/wp-content\/uploads\/2014\/05\/1384448524.jpg\" \/>\n\t<meta property=\"og:image:width\" content=\"710\" \/>\n\t<meta property=\"og:image:height\" content=\"440\" \/>\n\t<meta property=\"og:image:type\" content=\"image\/jpeg\" \/>\n<meta name=\"author\" content=\"Reda\u00e7\u00e3o\" \/>\n<meta name=\"twitter:card\" content=\"summary_large_image\" \/>\n<meta name=\"twitter:creator\" content=\"@Notibras\" \/>\n<meta name=\"twitter:site\" content=\"@Notibras\" \/>\n<meta name=\"twitter:label1\" content=\"Escrito por\" \/>\n\t<meta name=\"twitter:data1\" content=\"Reda\u00e7\u00e3o\" \/>\n\t<meta name=\"twitter:label2\" content=\"Est. tempo de leitura\" \/>\n\t<meta name=\"twitter:data2\" content=\"2 minutos\" \/>\n<script type=\"application\/ld+json\" class=\"yoast-schema-graph\">{\"@context\":\"https:\\\/\\\/schema.org\",\"@graph\":[{\"@type\":\"Article\",\"@id\":\"https:\\\/\\\/www.notibras.com\\\/site\\\/um-selo-anunciado-mas-nem-tudo-o-que-se-le-e-o-que-parece\\\/#article\",\"isPartOf\":{\"@id\":\"https:\\\/\\\/www.notibras.com\\\/site\\\/um-selo-anunciado-mas-nem-tudo-o-que-se-le-e-o-que-parece\\\/\"},\"author\":{\"name\":\"Reda\u00e7\u00e3o\",\"@id\":\"https:\\\/\\\/www.notibras.com\\\/site\\\/#\\\/schema\\\/person\\\/36ab0979449956132d3e5b517ea76ac8\"},\"headline\":\"Um selo anunciado, mas nem tudo o que se l\u00ea \u00e9 o que parece\",\"datePublished\":\"2014-05-12T18:21:57+00:00\",\"mainEntityOfPage\":{\"@id\":\"https:\\\/\\\/www.notibras.com\\\/site\\\/um-selo-anunciado-mas-nem-tudo-o-que-se-le-e-o-que-parece\\\/\"},\"wordCount\":357,\"commentCount\":0,\"publisher\":{\"@id\":\"https:\\\/\\\/www.notibras.com\\\/site\\\/#organization\"},\"image\":{\"@id\":\"https:\\\/\\\/www.notibras.com\\\/site\\\/um-selo-anunciado-mas-nem-tudo-o-que-se-le-e-o-que-parece\\\/#primaryimage\"},\"thumbnailUrl\":\"https:\\\/\\\/www.notibras.com\\\/site\\\/wp-content\\\/uploads\\\/2014\\\/05\\\/1384448524.jpg\",\"articleSection\":[\"Opina a\u00ed\"],\"inLanguage\":\"pt-BR\",\"potentialAction\":[{\"@type\":\"CommentAction\",\"name\":\"Comment\",\"target\":[\"https:\\\/\\\/www.notibras.com\\\/site\\\/um-selo-anunciado-mas-nem-tudo-o-que-se-le-e-o-que-parece\\\/#respond\"]}]},{\"@type\":\"WebPage\",\"@id\":\"https:\\\/\\\/www.notibras.com\\\/site\\\/um-selo-anunciado-mas-nem-tudo-o-que-se-le-e-o-que-parece\\\/\",\"url\":\"https:\\\/\\\/www.notibras.com\\\/site\\\/um-selo-anunciado-mas-nem-tudo-o-que-se-le-e-o-que-parece\\\/\",\"name\":\"Um selo anunciado, mas nem tudo o que se l\u00ea \u00e9 o que parece - Notibras\",\"isPartOf\":{\"@id\":\"https:\\\/\\\/www.notibras.com\\\/site\\\/#website\"},\"primaryImageOfPage\":{\"@id\":\"https:\\\/\\\/www.notibras.com\\\/site\\\/um-selo-anunciado-mas-nem-tudo-o-que-se-le-e-o-que-parece\\\/#primaryimage\"},\"image\":{\"@id\":\"https:\\\/\\\/www.notibras.com\\\/site\\\/um-selo-anunciado-mas-nem-tudo-o-que-se-le-e-o-que-parece\\\/#primaryimage\"},\"thumbnailUrl\":\"https:\\\/\\\/www.notibras.com\\\/site\\\/wp-content\\\/uploads\\\/2014\\\/05\\\/1384448524.jpg\",\"datePublished\":\"2014-05-12T18:21:57+00:00\",\"breadcrumb\":{\"@id\":\"https:\\\/\\\/www.notibras.com\\\/site\\\/um-selo-anunciado-mas-nem-tudo-o-que-se-le-e-o-que-parece\\\/#breadcrumb\"},\"inLanguage\":\"pt-BR\",\"potentialAction\":[{\"@type\":\"ReadAction\",\"target\":[\"https:\\\/\\\/www.notibras.com\\\/site\\\/um-selo-anunciado-mas-nem-tudo-o-que-se-le-e-o-que-parece\\\/\"]}]},{\"@type\":\"ImageObject\",\"inLanguage\":\"pt-BR\",\"@id\":\"https:\\\/\\\/www.notibras.com\\\/site\\\/um-selo-anunciado-mas-nem-tudo-o-que-se-le-e-o-que-parece\\\/#primaryimage\",\"url\":\"https:\\\/\\\/www.notibras.com\\\/site\\\/wp-content\\\/uploads\\\/2014\\\/05\\\/1384448524.jpg\",\"contentUrl\":\"https:\\\/\\\/www.notibras.com\\\/site\\\/wp-content\\\/uploads\\\/2014\\\/05\\\/1384448524.jpg\",\"width\":710,\"height\":440},{\"@type\":\"BreadcrumbList\",\"@id\":\"https:\\\/\\\/www.notibras.com\\\/site\\\/um-selo-anunciado-mas-nem-tudo-o-que-se-le-e-o-que-parece\\\/#breadcrumb\",\"itemListElement\":[{\"@type\":\"ListItem\",\"position\":1,\"name\":\"In\u00edcio\",\"item\":\"https:\\\/\\\/www.notibras.com\\\/site\\\/\"},{\"@type\":\"ListItem\",\"position\":2,\"name\":\"Um selo anunciado, mas nem tudo o que se l\u00ea \u00e9 o que parece\"}]},{\"@type\":\"WebSite\",\"@id\":\"https:\\\/\\\/www.notibras.com\\\/site\\\/#website\",\"url\":\"https:\\\/\\\/www.notibras.com\\\/site\\\/\",\"name\":\"Notibras\",\"description\":\"Not\u00edcias de Bras\u00edlia, do Brasil e do Mundo\",\"publisher\":{\"@id\":\"https:\\\/\\\/www.notibras.com\\\/site\\\/#organization\"},\"potentialAction\":[{\"@type\":\"SearchAction\",\"target\":{\"@type\":\"EntryPoint\",\"urlTemplate\":\"https:\\\/\\\/www.notibras.com\\\/site\\\/?s={search_term_string}\"},\"query-input\":{\"@type\":\"PropertyValueSpecification\",\"valueRequired\":true,\"valueName\":\"search_term_string\"}}],\"inLanguage\":\"pt-BR\"},{\"@type\":\"Organization\",\"@id\":\"https:\\\/\\\/www.notibras.com\\\/site\\\/#organization\",\"name\":\"Grupo Notibras de Comunica\u00e7\u00e3o\",\"url\":\"https:\\\/\\\/www.notibras.com\\\/site\\\/\",\"logo\":{\"@type\":\"ImageObject\",\"inLanguage\":\"pt-BR\",\"@id\":\"https:\\\/\\\/www.notibras.com\\\/site\\\/#\\\/schema\\\/logo\\\/image\\\/\",\"url\":\"https:\\\/\\\/www.notibras.com\\\/site\\\/wp-content\\\/uploads\\\/2023\\\/01\\\/notibras23.png\",\"contentUrl\":\"https:\\\/\\\/www.notibras.com\\\/site\\\/wp-content\\\/uploads\\\/2023\\\/01\\\/notibras23.png\",\"width\":350,\"height\":87,\"caption\":\"Grupo Notibras de Comunica\u00e7\u00e3o\"},\"image\":{\"@id\":\"https:\\\/\\\/www.notibras.com\\\/site\\\/#\\\/schema\\\/logo\\\/image\\\/\"},\"sameAs\":[\"https:\\\/\\\/www.facebook.com\\\/notibras\\\/\",\"https:\\\/\\\/x.com\\\/Notibras\",\"https:\\\/\\\/www.instagram.com\\\/notibras\\\/\"]},{\"@type\":\"Person\",\"@id\":\"https:\\\/\\\/www.notibras.com\\\/site\\\/#\\\/schema\\\/person\\\/36ab0979449956132d3e5b517ea76ac8\",\"name\":\"Reda\u00e7\u00e3o\",\"image\":{\"@type\":\"ImageObject\",\"inLanguage\":\"pt-BR\",\"@id\":\"https:\\\/\\\/secure.gravatar.com\\\/avatar\\\/e0a867bdedb85fd243eadf09663511f96fc81e0720a4a42581f334ad4303aa6b?s=96&d=mm&r=g\",\"url\":\"https:\\\/\\\/secure.gravatar.com\\\/avatar\\\/e0a867bdedb85fd243eadf09663511f96fc81e0720a4a42581f334ad4303aa6b?s=96&d=mm&r=g\",\"contentUrl\":\"https:\\\/\\\/secure.gravatar.com\\\/avatar\\\/e0a867bdedb85fd243eadf09663511f96fc81e0720a4a42581f334ad4303aa6b?s=96&d=mm&r=g\",\"caption\":\"Reda\u00e7\u00e3o\"}}]}<\/script>\n<!-- \/ Yoast SEO plugin. -->","yoast_head_json":{"title":"Um selo anunciado, mas nem tudo o que se l\u00ea \u00e9 o que parece - Notibras","robots":{"index":"index","follow":"follow","max-snippet":"max-snippet:-1","max-image-preview":"max-image-preview:large","max-video-preview":"max-video-preview:-1"},"canonical":"https:\/\/www.notibras.com\/site\/um-selo-anunciado-mas-nem-tudo-o-que-se-le-e-o-que-parece\/","og_locale":"pt_BR","og_type":"article","og_title":"Um selo anunciado, mas nem tudo o que se l\u00ea \u00e9 o que parece - Notibras","og_description":"O Distrito Federal recebeu na \u00faltima semana do Minist\u00e9rio da Educa\u00e7\u00e3o (MEC) o selo de Territ\u00f3rio Livre de Analfabetismo. De acordo com n\u00fameros do GDF, 97,5% da popula\u00e7\u00e3o acima de 15 anos sabe ler e escrever. Os n\u00fameros animam, mas infelizmente as informa\u00e7\u00f5es sobre eles n\u00e3o refletem a realidade ou, no m\u00ednimo, omitem o que [&hellip;]","og_url":"https:\/\/www.notibras.com\/site\/um-selo-anunciado-mas-nem-tudo-o-que-se-le-e-o-que-parece\/","og_site_name":"Notibras","article_publisher":"https:\/\/www.facebook.com\/notibras\/","article_published_time":"2014-05-12T18:21:57+00:00","og_image":[{"width":710,"height":440,"url":"https:\/\/www.notibras.com\/site\/wp-content\/uploads\/2014\/05\/1384448524.jpg","type":"image\/jpeg"}],"author":"Reda\u00e7\u00e3o","twitter_card":"summary_large_image","twitter_creator":"@Notibras","twitter_site":"@Notibras","twitter_misc":{"Escrito por":"Reda\u00e7\u00e3o","Est. tempo de leitura":"2 minutos"},"schema":{"@context":"https:\/\/schema.org","@graph":[{"@type":"Article","@id":"https:\/\/www.notibras.com\/site\/um-selo-anunciado-mas-nem-tudo-o-que-se-le-e-o-que-parece\/#article","isPartOf":{"@id":"https:\/\/www.notibras.com\/site\/um-selo-anunciado-mas-nem-tudo-o-que-se-le-e-o-que-parece\/"},"author":{"name":"Reda\u00e7\u00e3o","@id":"https:\/\/www.notibras.com\/site\/#\/schema\/person\/36ab0979449956132d3e5b517ea76ac8"},"headline":"Um selo anunciado, mas nem tudo o que se l\u00ea \u00e9 o que parece","datePublished":"2014-05-12T18:21:57+00:00","mainEntityOfPage":{"@id":"https:\/\/www.notibras.com\/site\/um-selo-anunciado-mas-nem-tudo-o-que-se-le-e-o-que-parece\/"},"wordCount":357,"commentCount":0,"publisher":{"@id":"https:\/\/www.notibras.com\/site\/#organization"},"image":{"@id":"https:\/\/www.notibras.com\/site\/um-selo-anunciado-mas-nem-tudo-o-que-se-le-e-o-que-parece\/#primaryimage"},"thumbnailUrl":"https:\/\/www.notibras.com\/site\/wp-content\/uploads\/2014\/05\/1384448524.jpg","articleSection":["Opina a\u00ed"],"inLanguage":"pt-BR","potentialAction":[{"@type":"CommentAction","name":"Comment","target":["https:\/\/www.notibras.com\/site\/um-selo-anunciado-mas-nem-tudo-o-que-se-le-e-o-que-parece\/#respond"]}]},{"@type":"WebPage","@id":"https:\/\/www.notibras.com\/site\/um-selo-anunciado-mas-nem-tudo-o-que-se-le-e-o-que-parece\/","url":"https:\/\/www.notibras.com\/site\/um-selo-anunciado-mas-nem-tudo-o-que-se-le-e-o-que-parece\/","name":"Um selo anunciado, mas nem tudo o que se l\u00ea \u00e9 o que parece - Notibras","isPartOf":{"@id":"https:\/\/www.notibras.com\/site\/#website"},"primaryImageOfPage":{"@id":"https:\/\/www.notibras.com\/site\/um-selo-anunciado-mas-nem-tudo-o-que-se-le-e-o-que-parece\/#primaryimage"},"image":{"@id":"https:\/\/www.notibras.com\/site\/um-selo-anunciado-mas-nem-tudo-o-que-se-le-e-o-que-parece\/#primaryimage"},"thumbnailUrl":"https:\/\/www.notibras.com\/site\/wp-content\/uploads\/2014\/05\/1384448524.jpg","datePublished":"2014-05-12T18:21:57+00:00","breadcrumb":{"@id":"https:\/\/www.notibras.com\/site\/um-selo-anunciado-mas-nem-tudo-o-que-se-le-e-o-que-parece\/#breadcrumb"},"inLanguage":"pt-BR","potentialAction":[{"@type":"ReadAction","target":["https:\/\/www.notibras.com\/site\/um-selo-anunciado-mas-nem-tudo-o-que-se-le-e-o-que-parece\/"]}]},{"@type":"ImageObject","inLanguage":"pt-BR","@id":"https:\/\/www.notibras.com\/site\/um-selo-anunciado-mas-nem-tudo-o-que-se-le-e-o-que-parece\/#primaryimage","url":"https:\/\/www.notibras.com\/site\/wp-content\/uploads\/2014\/05\/1384448524.jpg","contentUrl":"https:\/\/www.notibras.com\/site\/wp-content\/uploads\/2014\/05\/1384448524.jpg","width":710,"height":440},{"@type":"BreadcrumbList","@id":"https:\/\/www.notibras.com\/site\/um-selo-anunciado-mas-nem-tudo-o-que-se-le-e-o-que-parece\/#breadcrumb","itemListElement":[{"@type":"ListItem","position":1,"name":"In\u00edcio","item":"https:\/\/www.notibras.com\/site\/"},{"@type":"ListItem","position":2,"name":"Um selo anunciado, mas nem tudo o que se l\u00ea \u00e9 o que parece"}]},{"@type":"WebSite","@id":"https:\/\/www.notibras.com\/site\/#website","url":"https:\/\/www.notibras.com\/site\/","name":"Notibras","description":"Not\u00edcias de Bras\u00edlia, do Brasil e do Mundo","publisher":{"@id":"https:\/\/www.notibras.com\/site\/#organization"},"potentialAction":[{"@type":"SearchAction","target":{"@type":"EntryPoint","urlTemplate":"https:\/\/www.notibras.com\/site\/?s={search_term_string}"},"query-input":{"@type":"PropertyValueSpecification","valueRequired":true,"valueName":"search_term_string"}}],"inLanguage":"pt-BR"},{"@type":"Organization","@id":"https:\/\/www.notibras.com\/site\/#organization","name":"Grupo Notibras de Comunica\u00e7\u00e3o","url":"https:\/\/www.notibras.com\/site\/","logo":{"@type":"ImageObject","inLanguage":"pt-BR","@id":"https:\/\/www.notibras.com\/site\/#\/schema\/logo\/image\/","url":"https:\/\/www.notibras.com\/site\/wp-content\/uploads\/2023\/01\/notibras23.png","contentUrl":"https:\/\/www.notibras.com\/site\/wp-content\/uploads\/2023\/01\/notibras23.png","width":350,"height":87,"caption":"Grupo Notibras de Comunica\u00e7\u00e3o"},"image":{"@id":"https:\/\/www.notibras.com\/site\/#\/schema\/logo\/image\/"},"sameAs":["https:\/\/www.facebook.com\/notibras\/","https:\/\/x.com\/Notibras","https:\/\/www.instagram.com\/notibras\/"]},{"@type":"Person","@id":"https:\/\/www.notibras.com\/site\/#\/schema\/person\/36ab0979449956132d3e5b517ea76ac8","name":"Reda\u00e7\u00e3o","image":{"@type":"ImageObject","inLanguage":"pt-BR","@id":"https:\/\/secure.gravatar.com\/avatar\/e0a867bdedb85fd243eadf09663511f96fc81e0720a4a42581f334ad4303aa6b?s=96&d=mm&r=g","url":"https:\/\/secure.gravatar.com\/avatar\/e0a867bdedb85fd243eadf09663511f96fc81e0720a4a42581f334ad4303aa6b?s=96&d=mm&r=g","contentUrl":"https:\/\/secure.gravatar.com\/avatar\/e0a867bdedb85fd243eadf09663511f96fc81e0720a4a42581f334ad4303aa6b?s=96&d=mm&r=g","caption":"Reda\u00e7\u00e3o"}}]}},"amp_enabled":true,"_links":{"self":[{"href":"https:\/\/www.notibras.com\/site\/wp-json\/wp\/v2\/posts\/9237","targetHints":{"allow":["GET"]}}],"collection":[{"href":"https:\/\/www.notibras.com\/site\/wp-json\/wp\/v2\/posts"}],"about":[{"href":"https:\/\/www.notibras.com\/site\/wp-json\/wp\/v2\/types\/post"}],"author":[{"embeddable":true,"href":"https:\/\/www.notibras.com\/site\/wp-json\/wp\/v2\/users\/2"}],"replies":[{"embeddable":true,"href":"https:\/\/www.notibras.com\/site\/wp-json\/wp\/v2\/comments?post=9237"}],"version-history":[{"count":0,"href":"https:\/\/www.notibras.com\/site\/wp-json\/wp\/v2\/posts\/9237\/revisions"}],"wp:featuredmedia":[{"embeddable":true,"href":"https:\/\/www.notibras.com\/site\/wp-json\/wp\/v2\/media\/9238"}],"wp:attachment":[{"href":"https:\/\/www.notibras.com\/site\/wp-json\/wp\/v2\/media?parent=9237"}],"wp:term":[{"taxonomy":"category","embeddable":true,"href":"https:\/\/www.notibras.com\/site\/wp-json\/wp\/v2\/categories?post=9237"},{"taxonomy":"post_tag","embeddable":true,"href":"https:\/\/www.notibras.com\/site\/wp-json\/wp\/v2\/tags?post=9237"}],"curies":[{"name":"wp","href":"https:\/\/api.w.org\/{rel}","templated":true}]}}