{"id":9240,"date":"2014-05-12T15:37:32","date_gmt":"2014-05-12T18:37:32","guid":{"rendered":"http:\/\/www.notibras.com\/site\/?p=9240"},"modified":"2014-05-12T18:43:32","modified_gmt":"2014-05-12T21:43:32","slug":"graca-quer-aumentar-o-preco-da-gasolina-para-a-petrobras-investir-mais","status":"publish","type":"post","link":"https:\/\/www.notibras.com\/site\/graca-quer-aumentar-o-preco-da-gasolina-para-a-petrobras-investir-mais\/","title":{"rendered":"Gra\u00e7a quer aumentar gasolina para Petrobras investir mais"},"content":{"rendered":"<p>A presidente da Petrobras, Maria das Gra\u00e7as Foster, disse nesta segunda 12 que vai continuar a busca para reajustar os pre\u00e7os dos combust\u00edveis produzidos pela empresa. Apesar de ressaltar que \u00e9 preciso aten\u00e7\u00e3o ao mercado interno, ela destacou que os pre\u00e7os dos derivados (gasolina e diesel) precisam estar alinhados ao mercado externo para a empresa conseguir manter a capacidade de investimento.<\/p>\n<p>Gra\u00e7a reconhece a necessidade de modera\u00e7\u00e3o nos aumentos (dos pre\u00e7os dos derivados) e de n\u00e3o repassar para o consumidor interno a volatilidade do mercado externo, mas argumentou que a empresa n\u00e3o pode conviver com defasagens significativas.<\/p>\n<p>\u201cO fato de o real ter reduzido a deprecia\u00e7\u00e3o frente ao d\u00f3lar diminuiu a press\u00e3o, mas enquanto a paridade n\u00e3o for plena estaremos sempre defendendo o aumento [dos pre\u00e7os]. Estamos mantendo conversas sobre o assunto, de forma permanente, mas padronizada. Hoje, a orienta\u00e7\u00e3o \u00e9 n\u00e3o repassar a volatilidade para o mercado, mas n\u00e3o h\u00e1 paridade e n\u00f3s precisamos considerar a possibilidade do aumento para entramos 2015 em melhores condi\u00e7\u00f5es do que entramos este ano\u201d, disse, ao detalhar o resultado do primeiro trimestre do ano da estatal.<\/p>\n<p>A presidente da Petrobras disse que a empresa mant\u00e9m as proje\u00e7\u00f5es de investimentos para este ano, de aproximadamente US$ 40 milh\u00f5es. Segundo ela, n\u00e3o est\u00e1 prevista redu\u00e7\u00e3o dos investimentos em rela\u00e7\u00e3o ao Plano de Neg\u00f3cios e Gest\u00e3o 2014 \u2013 2018, divulgado pela companhia.<\/p>\n<div class=\"node-info\"><strong>Nielmar de Oliveira, ABr<\/strong><strong><br \/>\n<\/strong><\/div>\n","protected":false},"excerpt":{"rendered":"<p>A presidente da Petrobras, Maria das Gra\u00e7as Foster, disse nesta segunda 12 que vai continuar a busca para reajustar os pre\u00e7os dos combust\u00edveis produzidos pela empresa. Apesar de ressaltar que \u00e9 preciso aten\u00e7\u00e3o ao mercado interno, ela destacou que os pre\u00e7os dos derivados (gasolina e diesel) precisam estar alinhados ao mercado externo para a empresa [&hellip;]<\/p>\n","protected":false},"author":2,"featured_media":9244,"comment_status":"open","ping_status":"closed","sticky":false,"template":"","format":"standard","meta":{"_acf_changed":false,"footnotes":""},"categories":[16],"tags":[],"class_list":["post-9240","post","type-post","status-publish","format-standard","has-post-thumbnail","hentry","category-brasil"],"acf":[],"yoast_head":"<!-- This site is optimized with the Yoast SEO plugin v27.2 - https:\/\/yoast.com\/product\/yoast-seo-wordpress\/ -->\n<title>Gra\u00e7a quer aumentar gasolina para Petrobras investir mais - Notibras<\/title>\n<meta name=\"robots\" content=\"index, follow, max-snippet:-1, max-image-preview:large, max-video-preview:-1\" \/>\n<link rel=\"canonical\" href=\"https:\/\/www.notibras.com\/site\/graca-quer-aumentar-o-preco-da-gasolina-para-a-petrobras-investir-mais\/\" \/>\n<meta property=\"og:locale\" content=\"pt_BR\" \/>\n<meta property=\"og:type\" content=\"article\" \/>\n<meta property=\"og:title\" content=\"Gra\u00e7a quer aumentar gasolina para Petrobras investir mais - Notibras\" \/>\n<meta property=\"og:description\" content=\"A presidente da Petrobras, Maria das Gra\u00e7as Foster, disse nesta segunda 12 que vai continuar a busca para reajustar os pre\u00e7os dos combust\u00edveis produzidos pela empresa. Apesar de ressaltar que \u00e9 preciso aten\u00e7\u00e3o ao mercado interno, ela destacou que os pre\u00e7os dos derivados (gasolina e diesel) precisam estar alinhados ao mercado externo para a empresa [&hellip;]\" \/>\n<meta property=\"og:url\" content=\"https:\/\/www.notibras.com\/site\/graca-quer-aumentar-o-preco-da-gasolina-para-a-petrobras-investir-mais\/\" \/>\n<meta property=\"og:site_name\" content=\"Notibras\" \/>\n<meta property=\"article:publisher\" content=\"https:\/\/www.facebook.com\/notibras\/\" \/>\n<meta property=\"article:published_time\" content=\"2014-05-12T18:37:32+00:00\" \/>\n<meta property=\"article:modified_time\" content=\"2014-05-12T21:43:32+00:00\" \/>\n<meta property=\"og:image\" content=\"https:\/\/www.notibras.com\/site\/wp-content\/uploads\/2014\/05\/gasolina.jpg\" \/>\n\t<meta property=\"og:image:width\" content=\"419\" \/>\n\t<meta property=\"og:image:height\" content=\"319\" \/>\n\t<meta property=\"og:image:type\" content=\"image\/jpeg\" \/>\n<meta name=\"author\" content=\"Reda\u00e7\u00e3o\" \/>\n<meta name=\"twitter:card\" content=\"summary_large_image\" \/>\n<meta name=\"twitter:creator\" content=\"@Notibras\" \/>\n<meta name=\"twitter:site\" content=\"@Notibras\" \/>\n<meta name=\"twitter:label1\" content=\"Escrito por\" \/>\n\t<meta name=\"twitter:data1\" content=\"Reda\u00e7\u00e3o\" \/>\n\t<meta name=\"twitter:label2\" content=\"Est. tempo de leitura\" \/>\n\t<meta name=\"twitter:data2\" content=\"1 minuto\" \/>\n<script type=\"application\/ld+json\" class=\"yoast-schema-graph\">{\"@context\":\"https:\/\/schema.org\",\"@graph\":[{\"@type\":\"Article\",\"@id\":\"https:\/\/www.notibras.com\/site\/graca-quer-aumentar-o-preco-da-gasolina-para-a-petrobras-investir-mais\/#article\",\"isPartOf\":{\"@id\":\"https:\/\/www.notibras.com\/site\/graca-quer-aumentar-o-preco-da-gasolina-para-a-petrobras-investir-mais\/\"},\"author\":{\"name\":\"Reda\u00e7\u00e3o\",\"@id\":\"https:\/\/www.notibras.com\/site\/#\/schema\/person\/36ab0979449956132d3e5b517ea76ac8\"},\"headline\":\"Gra\u00e7a quer aumentar gasolina para Petrobras investir mais\",\"datePublished\":\"2014-05-12T18:37:32+00:00\",\"dateModified\":\"2014-05-12T21:43:32+00:00\",\"mainEntityOfPage\":{\"@id\":\"https:\/\/www.notibras.com\/site\/graca-quer-aumentar-o-preco-da-gasolina-para-a-petrobras-investir-mais\/\"},\"wordCount\":259,\"commentCount\":0,\"publisher\":{\"@id\":\"https:\/\/www.notibras.com\/site\/#organization\"},\"image\":{\"@id\":\"https:\/\/www.notibras.com\/site\/graca-quer-aumentar-o-preco-da-gasolina-para-a-petrobras-investir-mais\/#primaryimage\"},\"thumbnailUrl\":\"https:\/\/www.notibras.com\/site\/wp-content\/uploads\/2014\/05\/gasolina.jpg\",\"articleSection\":[\"Brasil\"],\"inLanguage\":\"pt-BR\",\"potentialAction\":[{\"@type\":\"CommentAction\",\"name\":\"Comment\",\"target\":[\"https:\/\/www.notibras.com\/site\/graca-quer-aumentar-o-preco-da-gasolina-para-a-petrobras-investir-mais\/#respond\"]}]},{\"@type\":\"WebPage\",\"@id\":\"https:\/\/www.notibras.com\/site\/graca-quer-aumentar-o-preco-da-gasolina-para-a-petrobras-investir-mais\/\",\"url\":\"https:\/\/www.notibras.com\/site\/graca-quer-aumentar-o-preco-da-gasolina-para-a-petrobras-investir-mais\/\",\"name\":\"Gra\u00e7a quer aumentar gasolina para Petrobras investir mais - Notibras\",\"isPartOf\":{\"@id\":\"https:\/\/www.notibras.com\/site\/#website\"},\"primaryImageOfPage\":{\"@id\":\"https:\/\/www.notibras.com\/site\/graca-quer-aumentar-o-preco-da-gasolina-para-a-petrobras-investir-mais\/#primaryimage\"},\"image\":{\"@id\":\"https:\/\/www.notibras.com\/site\/graca-quer-aumentar-o-preco-da-gasolina-para-a-petrobras-investir-mais\/#primaryimage\"},\"thumbnailUrl\":\"https:\/\/www.notibras.com\/site\/wp-content\/uploads\/2014\/05\/gasolina.jpg\",\"datePublished\":\"2014-05-12T18:37:32+00:00\",\"dateModified\":\"2014-05-12T21:43:32+00:00\",\"breadcrumb\":{\"@id\":\"https:\/\/www.notibras.com\/site\/graca-quer-aumentar-o-preco-da-gasolina-para-a-petrobras-investir-mais\/#breadcrumb\"},\"inLanguage\":\"pt-BR\",\"potentialAction\":[{\"@type\":\"ReadAction\",\"target\":[\"https:\/\/www.notibras.com\/site\/graca-quer-aumentar-o-preco-da-gasolina-para-a-petrobras-investir-mais\/\"]}]},{\"@type\":\"ImageObject\",\"inLanguage\":\"pt-BR\",\"@id\":\"https:\/\/www.notibras.com\/site\/graca-quer-aumentar-o-preco-da-gasolina-para-a-petrobras-investir-mais\/#primaryimage\",\"url\":\"https:\/\/www.notibras.com\/site\/wp-content\/uploads\/2014\/05\/gasolina.jpg\",\"contentUrl\":\"https:\/\/www.notibras.com\/site\/wp-content\/uploads\/2014\/05\/gasolina.jpg\",\"width\":419,\"height\":319},{\"@type\":\"BreadcrumbList\",\"@id\":\"https:\/\/www.notibras.com\/site\/graca-quer-aumentar-o-preco-da-gasolina-para-a-petrobras-investir-mais\/#breadcrumb\",\"itemListElement\":[{\"@type\":\"ListItem\",\"position\":1,\"name\":\"In\u00edcio\",\"item\":\"https:\/\/www.notibras.com\/site\/\"},{\"@type\":\"ListItem\",\"position\":2,\"name\":\"Gra\u00e7a quer aumentar gasolina para Petrobras investir mais\"}]},{\"@type\":\"WebSite\",\"@id\":\"https:\/\/www.notibras.com\/site\/#website\",\"url\":\"https:\/\/www.notibras.com\/site\/\",\"name\":\"Notibras\",\"description\":\"Not\u00edcias de Bras\u00edlia, do Brasil e do Mundo\",\"publisher\":{\"@id\":\"https:\/\/www.notibras.com\/site\/#organization\"},\"potentialAction\":[{\"@type\":\"SearchAction\",\"target\":{\"@type\":\"EntryPoint\",\"urlTemplate\":\"https:\/\/www.notibras.com\/site\/?s={search_term_string}\"},\"query-input\":{\"@type\":\"PropertyValueSpecification\",\"valueRequired\":true,\"valueName\":\"search_term_string\"}}],\"inLanguage\":\"pt-BR\"},{\"@type\":\"Organization\",\"@id\":\"https:\/\/www.notibras.com\/site\/#organization\",\"name\":\"Grupo Notibras de Comunica\u00e7\u00e3o\",\"url\":\"https:\/\/www.notibras.com\/site\/\",\"logo\":{\"@type\":\"ImageObject\",\"inLanguage\":\"pt-BR\",\"@id\":\"https:\/\/www.notibras.com\/site\/#\/schema\/logo\/image\/\",\"url\":\"https:\/\/www.notibras.com\/site\/wp-content\/uploads\/2023\/01\/notibras23.png\",\"contentUrl\":\"https:\/\/www.notibras.com\/site\/wp-content\/uploads\/2023\/01\/notibras23.png\",\"width\":350,\"height\":87,\"caption\":\"Grupo Notibras de Comunica\u00e7\u00e3o\"},\"image\":{\"@id\":\"https:\/\/www.notibras.com\/site\/#\/schema\/logo\/image\/\"},\"sameAs\":[\"https:\/\/www.facebook.com\/notibras\/\",\"https:\/\/x.com\/Notibras\",\"https:\/\/www.instagram.com\/notibras\/\"]},{\"@type\":\"Person\",\"@id\":\"https:\/\/www.notibras.com\/site\/#\/schema\/person\/36ab0979449956132d3e5b517ea76ac8\",\"name\":\"Reda\u00e7\u00e3o\",\"image\":{\"@type\":\"ImageObject\",\"inLanguage\":\"pt-BR\",\"@id\":\"https:\/\/secure.gravatar.com\/avatar\/e0a867bdedb85fd243eadf09663511f96fc81e0720a4a42581f334ad4303aa6b?s=96&d=mm&r=g\",\"url\":\"https:\/\/secure.gravatar.com\/avatar\/e0a867bdedb85fd243eadf09663511f96fc81e0720a4a42581f334ad4303aa6b?s=96&d=mm&r=g\",\"contentUrl\":\"https:\/\/secure.gravatar.com\/avatar\/e0a867bdedb85fd243eadf09663511f96fc81e0720a4a42581f334ad4303aa6b?s=96&d=mm&r=g\",\"caption\":\"Reda\u00e7\u00e3o\"}}]}<\/script>\n<!-- \/ Yoast SEO plugin. -->","yoast_head_json":{"title":"Gra\u00e7a quer aumentar gasolina para Petrobras investir mais - Notibras","robots":{"index":"index","follow":"follow","max-snippet":"max-snippet:-1","max-image-preview":"max-image-preview:large","max-video-preview":"max-video-preview:-1"},"canonical":"https:\/\/www.notibras.com\/site\/graca-quer-aumentar-o-preco-da-gasolina-para-a-petrobras-investir-mais\/","og_locale":"pt_BR","og_type":"article","og_title":"Gra\u00e7a quer aumentar gasolina para Petrobras investir mais - Notibras","og_description":"A presidente da Petrobras, Maria das Gra\u00e7as Foster, disse nesta segunda 12 que vai continuar a busca para reajustar os pre\u00e7os dos combust\u00edveis produzidos pela empresa. Apesar de ressaltar que \u00e9 preciso aten\u00e7\u00e3o ao mercado interno, ela destacou que os pre\u00e7os dos derivados (gasolina e diesel) precisam estar alinhados ao mercado externo para a empresa [&hellip;]","og_url":"https:\/\/www.notibras.com\/site\/graca-quer-aumentar-o-preco-da-gasolina-para-a-petrobras-investir-mais\/","og_site_name":"Notibras","article_publisher":"https:\/\/www.facebook.com\/notibras\/","article_published_time":"2014-05-12T18:37:32+00:00","article_modified_time":"2014-05-12T21:43:32+00:00","og_image":[{"width":419,"height":319,"url":"https:\/\/www.notibras.com\/site\/wp-content\/uploads\/2014\/05\/gasolina.jpg","type":"image\/jpeg"}],"author":"Reda\u00e7\u00e3o","twitter_card":"summary_large_image","twitter_creator":"@Notibras","twitter_site":"@Notibras","twitter_misc":{"Escrito por":"Reda\u00e7\u00e3o","Est. tempo de leitura":"1 minuto"},"schema":{"@context":"https:\/\/schema.org","@graph":[{"@type":"Article","@id":"https:\/\/www.notibras.com\/site\/graca-quer-aumentar-o-preco-da-gasolina-para-a-petrobras-investir-mais\/#article","isPartOf":{"@id":"https:\/\/www.notibras.com\/site\/graca-quer-aumentar-o-preco-da-gasolina-para-a-petrobras-investir-mais\/"},"author":{"name":"Reda\u00e7\u00e3o","@id":"https:\/\/www.notibras.com\/site\/#\/schema\/person\/36ab0979449956132d3e5b517ea76ac8"},"headline":"Gra\u00e7a quer aumentar gasolina para Petrobras investir mais","datePublished":"2014-05-12T18:37:32+00:00","dateModified":"2014-05-12T21:43:32+00:00","mainEntityOfPage":{"@id":"https:\/\/www.notibras.com\/site\/graca-quer-aumentar-o-preco-da-gasolina-para-a-petrobras-investir-mais\/"},"wordCount":259,"commentCount":0,"publisher":{"@id":"https:\/\/www.notibras.com\/site\/#organization"},"image":{"@id":"https:\/\/www.notibras.com\/site\/graca-quer-aumentar-o-preco-da-gasolina-para-a-petrobras-investir-mais\/#primaryimage"},"thumbnailUrl":"https:\/\/www.notibras.com\/site\/wp-content\/uploads\/2014\/05\/gasolina.jpg","articleSection":["Brasil"],"inLanguage":"pt-BR","potentialAction":[{"@type":"CommentAction","name":"Comment","target":["https:\/\/www.notibras.com\/site\/graca-quer-aumentar-o-preco-da-gasolina-para-a-petrobras-investir-mais\/#respond"]}]},{"@type":"WebPage","@id":"https:\/\/www.notibras.com\/site\/graca-quer-aumentar-o-preco-da-gasolina-para-a-petrobras-investir-mais\/","url":"https:\/\/www.notibras.com\/site\/graca-quer-aumentar-o-preco-da-gasolina-para-a-petrobras-investir-mais\/","name":"Gra\u00e7a quer aumentar gasolina para Petrobras investir mais - Notibras","isPartOf":{"@id":"https:\/\/www.notibras.com\/site\/#website"},"primaryImageOfPage":{"@id":"https:\/\/www.notibras.com\/site\/graca-quer-aumentar-o-preco-da-gasolina-para-a-petrobras-investir-mais\/#primaryimage"},"image":{"@id":"https:\/\/www.notibras.com\/site\/graca-quer-aumentar-o-preco-da-gasolina-para-a-petrobras-investir-mais\/#primaryimage"},"thumbnailUrl":"https:\/\/www.notibras.com\/site\/wp-content\/uploads\/2014\/05\/gasolina.jpg","datePublished":"2014-05-12T18:37:32+00:00","dateModified":"2014-05-12T21:43:32+00:00","breadcrumb":{"@id":"https:\/\/www.notibras.com\/site\/graca-quer-aumentar-o-preco-da-gasolina-para-a-petrobras-investir-mais\/#breadcrumb"},"inLanguage":"pt-BR","potentialAction":[{"@type":"ReadAction","target":["https:\/\/www.notibras.com\/site\/graca-quer-aumentar-o-preco-da-gasolina-para-a-petrobras-investir-mais\/"]}]},{"@type":"ImageObject","inLanguage":"pt-BR","@id":"https:\/\/www.notibras.com\/site\/graca-quer-aumentar-o-preco-da-gasolina-para-a-petrobras-investir-mais\/#primaryimage","url":"https:\/\/www.notibras.com\/site\/wp-content\/uploads\/2014\/05\/gasolina.jpg","contentUrl":"https:\/\/www.notibras.com\/site\/wp-content\/uploads\/2014\/05\/gasolina.jpg","width":419,"height":319},{"@type":"BreadcrumbList","@id":"https:\/\/www.notibras.com\/site\/graca-quer-aumentar-o-preco-da-gasolina-para-a-petrobras-investir-mais\/#breadcrumb","itemListElement":[{"@type":"ListItem","position":1,"name":"In\u00edcio","item":"https:\/\/www.notibras.com\/site\/"},{"@type":"ListItem","position":2,"name":"Gra\u00e7a quer aumentar gasolina para Petrobras investir mais"}]},{"@type":"WebSite","@id":"https:\/\/www.notibras.com\/site\/#website","url":"https:\/\/www.notibras.com\/site\/","name":"Notibras","description":"Not\u00edcias de Bras\u00edlia, do Brasil e do Mundo","publisher":{"@id":"https:\/\/www.notibras.com\/site\/#organization"},"potentialAction":[{"@type":"SearchAction","target":{"@type":"EntryPoint","urlTemplate":"https:\/\/www.notibras.com\/site\/?s={search_term_string}"},"query-input":{"@type":"PropertyValueSpecification","valueRequired":true,"valueName":"search_term_string"}}],"inLanguage":"pt-BR"},{"@type":"Organization","@id":"https:\/\/www.notibras.com\/site\/#organization","name":"Grupo Notibras de Comunica\u00e7\u00e3o","url":"https:\/\/www.notibras.com\/site\/","logo":{"@type":"ImageObject","inLanguage":"pt-BR","@id":"https:\/\/www.notibras.com\/site\/#\/schema\/logo\/image\/","url":"https:\/\/www.notibras.com\/site\/wp-content\/uploads\/2023\/01\/notibras23.png","contentUrl":"https:\/\/www.notibras.com\/site\/wp-content\/uploads\/2023\/01\/notibras23.png","width":350,"height":87,"caption":"Grupo Notibras de Comunica\u00e7\u00e3o"},"image":{"@id":"https:\/\/www.notibras.com\/site\/#\/schema\/logo\/image\/"},"sameAs":["https:\/\/www.facebook.com\/notibras\/","https:\/\/x.com\/Notibras","https:\/\/www.instagram.com\/notibras\/"]},{"@type":"Person","@id":"https:\/\/www.notibras.com\/site\/#\/schema\/person\/36ab0979449956132d3e5b517ea76ac8","name":"Reda\u00e7\u00e3o","image":{"@type":"ImageObject","inLanguage":"pt-BR","@id":"https:\/\/secure.gravatar.com\/avatar\/e0a867bdedb85fd243eadf09663511f96fc81e0720a4a42581f334ad4303aa6b?s=96&d=mm&r=g","url":"https:\/\/secure.gravatar.com\/avatar\/e0a867bdedb85fd243eadf09663511f96fc81e0720a4a42581f334ad4303aa6b?s=96&d=mm&r=g","contentUrl":"https:\/\/secure.gravatar.com\/avatar\/e0a867bdedb85fd243eadf09663511f96fc81e0720a4a42581f334ad4303aa6b?s=96&d=mm&r=g","caption":"Reda\u00e7\u00e3o"}}]}},"amp_enabled":true,"_links":{"self":[{"href":"https:\/\/www.notibras.com\/site\/wp-json\/wp\/v2\/posts\/9240","targetHints":{"allow":["GET"]}}],"collection":[{"href":"https:\/\/www.notibras.com\/site\/wp-json\/wp\/v2\/posts"}],"about":[{"href":"https:\/\/www.notibras.com\/site\/wp-json\/wp\/v2\/types\/post"}],"author":[{"embeddable":true,"href":"https:\/\/www.notibras.com\/site\/wp-json\/wp\/v2\/users\/2"}],"replies":[{"embeddable":true,"href":"https:\/\/www.notibras.com\/site\/wp-json\/wp\/v2\/comments?post=9240"}],"version-history":[{"count":0,"href":"https:\/\/www.notibras.com\/site\/wp-json\/wp\/v2\/posts\/9240\/revisions"}],"wp:featuredmedia":[{"embeddable":true,"href":"https:\/\/www.notibras.com\/site\/wp-json\/wp\/v2\/media\/9244"}],"wp:attachment":[{"href":"https:\/\/www.notibras.com\/site\/wp-json\/wp\/v2\/media?parent=9240"}],"wp:term":[{"taxonomy":"category","embeddable":true,"href":"https:\/\/www.notibras.com\/site\/wp-json\/wp\/v2\/categories?post=9240"},{"taxonomy":"post_tag","embeddable":true,"href":"https:\/\/www.notibras.com\/site\/wp-json\/wp\/v2\/tags?post=9240"}],"curies":[{"name":"wp","href":"https:\/\/api.w.org\/{rel}","templated":true}]}}