{"id":92476,"date":"2016-03-06T15:40:04","date_gmt":"2016-03-06T18:40:04","guid":{"rendered":"http:\/\/www.notibras.com\/site\/?p=92476"},"modified":"2016-03-24T09:25:09","modified_gmt":"2016-03-24T12:25:09","slug":"historia-milenar-da-humanidade-mostra-que-ninguem-e-feliz-no-meio-da-miseria","status":"publish","type":"post","link":"https:\/\/www.notibras.com\/site\/historia-milenar-da-humanidade-mostra-que-ninguem-e-feliz-no-meio-da-miseria\/","title":{"rendered":"Hist\u00f3ria milenar da humanidade mostra que ningu\u00e9m \u00e9 feliz na mis\u00e9ria"},"content":{"rendered":"<p><strong>Salvatore D&#8217; Onofrio<\/strong><\/p>\n<p>A hist\u00f3ria da antiga Roma nos deixou o ap\u00f3logo (li\u00e7\u00e3o moral) de Men\u00eanio Agripa, o senador que conseguiu apaziguar ricos e pobres. No ano de 494 a.C, os plebeus, revoltados contra os privil\u00e9gios da classe nobre, abandonaram a cidade, refugiando-se no monte Aventino. Sem a m\u00e3o de obra dos trabalhadores, o Estado romano entrou em crise.<\/p>\n<p>O senador Men\u00eanio, encarregado de dialogar com os revoltosos, foi explicando que o Estado \u00e9 um corpo \u00fanico, composto de v\u00e1rios membros insepar\u00e1veis. N\u00e3o porque a cabe\u00e7a est\u00e1 mais no alto e cont\u00e9m o c\u00e9rebro ela \u00e9 mais importante do que o f\u00edgado ou os p\u00e9s. Se um membro qualquer adoecer, sofrer\u00e1 o corpo todo.<\/p>\n<p>Infelizmente, esta verdade, t\u00e3o cristalina e de um ensinamento que resiste ao passar dos tempos, n\u00e3o sensibiliza os que governam estados, cidades, clubes. A hist\u00f3ria humana \u00e9 constelada de cont\u00ednuas lutas entre diferentes grupos ideol\u00f3gicos e pol\u00edticos, cada qual defendendo seus interesses, pouco se importando com o bem da coletividade. Karl Marx (1818-1883), ap\u00f3stolo das doutrinas socialistas, teve o grande m\u00e9rito de valorizar o trabalho humano, mas pecou por demonizar o Capital (com letra mai\u00fascula, pois \u00e9 o t\u00edtulo da sua obra mais famosa).<\/p>\n<p>A luta entre capitalistas e oper\u00e1rios se tornou a maior praga da modernidade no Ocidente, a partir da revolu\u00e7\u00e3o industrial. E isto porque n\u00e3o costumamos refletir sobre a estupidez deste dilema, visto que n\u00e3o pode existir trabalho coletivo sem investimento financeiro e vice-versa. A falta de equil\u00edbrio entre as for\u00e7as sociais provocou o sucessivo fracasso de governos da extrema direita ou da esquerda totalit\u00e1ria.<\/p>\n<p>Aqui e hoje, o pai (Lula) e a m\u00e3e (Dilma) da nossa Na\u00e7\u00e3o vivem insistindo na divis\u00e3o do pa\u00eds em duas grandes fac\u00e7\u00f5es: &#8220;N\u00f3s&#8221;, os petistas, caridosos e patriotas impolutos; e &#8220;Eles&#8221;, os pol\u00edticos de oposi\u00e7\u00e3o, apoiados pela m\u00eddia invejosa. O que mais ofende a intelig\u00eancia do nosso povo \u00e9 acreditar na mentira deslavada, na hipocrisia desavergonhada.<\/p>\n<p>A realidade nos mostra que, ironicamente, ao longo dos treze anos do governo petista, quem mais se enriqueceu \u00e0s custas do er\u00e1rio p\u00fablico foram os chef\u00f5es do Partido dos Trabalhadores, em conluio com empres\u00e1rios, banqueiros, lobistas, marqueteiros, pol\u00edticos de partidos de aluguel. E os mais castigados foram os que realmente trabalham e pagam pesados impostos, sem o correspondente retorno dos benef\u00edcios sociais (escolas eficientes, postos de sa\u00fade bem equipados, transporte p\u00fablico satisfat\u00f3rio).<\/p>\n<p>O que n\u00e3o podemos perdoar ao lulo-petismo \u00e9 o crime hediondo de n\u00e3o ter realizado um projeto de pa\u00eds, promovendo as necess\u00e1rias reformas estruturais (eleitoral, pol\u00edtica, tribut\u00e1ria, previdenci\u00e1ria). A preocupa\u00e7\u00e3o do PT foi apenas voltada para sua perman\u00eancia no poder, agradando os mais pobres para obter votos e os mais ricos para conseguir dinheiro para as campanhas eleitorais. \u00c9 incalcul\u00e1vel o dano que tal postura causou ao pa\u00eds!<\/p>\n<p>Faltou pensar o Estado como um todo, um corpo org\u00e2nico com unidade e estabilidade, que conseguisse harmonizar as diferentes demandas sociais. O ego\u00edsmo da classe pol\u00edtica provocou a grave crise \u00e9tica e econ\u00f4mica, em que vivemos, pela qual todos n\u00f3s sofremos, porque ningu\u00e9m pode ser feliz com corrup\u00e7\u00e3o, infla\u00e7\u00e3o, desemprego, viol\u00eancia, falta de planejamento familiar. Para sairmos desta enroscada precisar\u00edamos construir uma uni\u00e3o nacional que coloque o interesse p\u00fablico acima da gan\u00e2ncia particular. Mas como?<\/p>\n","protected":false},"excerpt":{"rendered":"<p>Salvatore D&#8217; Onofrio A hist\u00f3ria da antiga Roma nos deixou o ap\u00f3logo (li\u00e7\u00e3o moral) de Men\u00eanio Agripa, o senador que conseguiu apaziguar ricos e pobres. No ano de 494 a.C, os plebeus, revoltados contra os privil\u00e9gios da classe nobre, abandonaram a cidade, refugiando-se no monte Aventino. Sem a m\u00e3o de obra dos trabalhadores, o Estado [&hellip;]<\/p>\n","protected":false},"author":2,"featured_media":0,"comment_status":"open","ping_status":"closed","sticky":false,"template":"","format":"standard","meta":{"_acf_changed":false,"footnotes":""},"categories":[25],"tags":[],"class_list":["post-92476","post","type-post","status-publish","format-standard","hentry","category-opina-ai"],"acf":[],"yoast_head":"<!-- This site is optimized with the Yoast SEO plugin v27.5 - https:\/\/yoast.com\/product\/yoast-seo-wordpress\/ -->\n<title>Hist\u00f3ria milenar da humanidade mostra que ningu\u00e9m \u00e9 feliz na mis\u00e9ria - Notibras<\/title>\n<meta name=\"robots\" content=\"index, follow, max-snippet:-1, max-image-preview:large, max-video-preview:-1\" \/>\n<link rel=\"canonical\" href=\"https:\/\/www.notibras.com\/site\/historia-milenar-da-humanidade-mostra-que-ninguem-e-feliz-no-meio-da-miseria\/\" \/>\n<meta property=\"og:locale\" content=\"pt_BR\" \/>\n<meta property=\"og:type\" content=\"article\" \/>\n<meta property=\"og:title\" content=\"Hist\u00f3ria milenar da humanidade mostra que ningu\u00e9m \u00e9 feliz na mis\u00e9ria - Notibras\" \/>\n<meta property=\"og:description\" content=\"Salvatore D&#8217; Onofrio A hist\u00f3ria da antiga Roma nos deixou o ap\u00f3logo (li\u00e7\u00e3o moral) de Men\u00eanio Agripa, o senador que conseguiu apaziguar ricos e pobres. No ano de 494 a.C, os plebeus, revoltados contra os privil\u00e9gios da classe nobre, abandonaram a cidade, refugiando-se no monte Aventino. Sem a m\u00e3o de obra dos trabalhadores, o Estado [&hellip;]\" \/>\n<meta property=\"og:url\" content=\"https:\/\/www.notibras.com\/site\/historia-milenar-da-humanidade-mostra-que-ninguem-e-feliz-no-meio-da-miseria\/\" \/>\n<meta property=\"og:site_name\" content=\"Notibras\" \/>\n<meta property=\"article:publisher\" content=\"https:\/\/www.facebook.com\/notibras\/\" \/>\n<meta property=\"article:published_time\" content=\"2016-03-06T18:40:04+00:00\" \/>\n<meta property=\"article:modified_time\" content=\"2016-03-24T12:25:09+00:00\" \/>\n<meta name=\"author\" content=\"Reda\u00e7\u00e3o\" \/>\n<meta name=\"twitter:card\" content=\"summary_large_image\" \/>\n<meta name=\"twitter:creator\" content=\"@Notibras\" \/>\n<meta name=\"twitter:site\" content=\"@Notibras\" \/>\n<meta name=\"twitter:label1\" content=\"Escrito por\" \/>\n\t<meta name=\"twitter:data1\" content=\"Reda\u00e7\u00e3o\" \/>\n\t<meta name=\"twitter:label2\" content=\"Est. tempo de leitura\" \/>\n\t<meta name=\"twitter:data2\" content=\"3 minutos\" \/>\n<script type=\"application\/ld+json\" class=\"yoast-schema-graph\">{\"@context\":\"https:\\\/\\\/schema.org\",\"@graph\":[{\"@type\":\"Article\",\"@id\":\"https:\\\/\\\/www.notibras.com\\\/site\\\/historia-milenar-da-humanidade-mostra-que-ninguem-e-feliz-no-meio-da-miseria\\\/#article\",\"isPartOf\":{\"@id\":\"https:\\\/\\\/www.notibras.com\\\/site\\\/historia-milenar-da-humanidade-mostra-que-ninguem-e-feliz-no-meio-da-miseria\\\/\"},\"author\":{\"name\":\"Reda\u00e7\u00e3o\",\"@id\":\"https:\\\/\\\/www.notibras.com\\\/site\\\/#\\\/schema\\\/person\\\/36ab0979449956132d3e5b517ea76ac8\"},\"headline\":\"Hist\u00f3ria milenar da humanidade mostra que ningu\u00e9m \u00e9 feliz na mis\u00e9ria\",\"datePublished\":\"2016-03-06T18:40:04+00:00\",\"dateModified\":\"2016-03-24T12:25:09+00:00\",\"mainEntityOfPage\":{\"@id\":\"https:\\\/\\\/www.notibras.com\\\/site\\\/historia-milenar-da-humanidade-mostra-que-ninguem-e-feliz-no-meio-da-miseria\\\/\"},\"wordCount\":615,\"commentCount\":0,\"publisher\":{\"@id\":\"https:\\\/\\\/www.notibras.com\\\/site\\\/#organization\"},\"articleSection\":[\"Opina a\u00ed\"],\"inLanguage\":\"pt-BR\",\"potentialAction\":[{\"@type\":\"CommentAction\",\"name\":\"Comment\",\"target\":[\"https:\\\/\\\/www.notibras.com\\\/site\\\/historia-milenar-da-humanidade-mostra-que-ninguem-e-feliz-no-meio-da-miseria\\\/#respond\"]}]},{\"@type\":\"WebPage\",\"@id\":\"https:\\\/\\\/www.notibras.com\\\/site\\\/historia-milenar-da-humanidade-mostra-que-ninguem-e-feliz-no-meio-da-miseria\\\/\",\"url\":\"https:\\\/\\\/www.notibras.com\\\/site\\\/historia-milenar-da-humanidade-mostra-que-ninguem-e-feliz-no-meio-da-miseria\\\/\",\"name\":\"Hist\u00f3ria milenar da humanidade mostra que ningu\u00e9m \u00e9 feliz na mis\u00e9ria - Notibras\",\"isPartOf\":{\"@id\":\"https:\\\/\\\/www.notibras.com\\\/site\\\/#website\"},\"datePublished\":\"2016-03-06T18:40:04+00:00\",\"dateModified\":\"2016-03-24T12:25:09+00:00\",\"breadcrumb\":{\"@id\":\"https:\\\/\\\/www.notibras.com\\\/site\\\/historia-milenar-da-humanidade-mostra-que-ninguem-e-feliz-no-meio-da-miseria\\\/#breadcrumb\"},\"inLanguage\":\"pt-BR\",\"potentialAction\":[{\"@type\":\"ReadAction\",\"target\":[\"https:\\\/\\\/www.notibras.com\\\/site\\\/historia-milenar-da-humanidade-mostra-que-ninguem-e-feliz-no-meio-da-miseria\\\/\"]}]},{\"@type\":\"BreadcrumbList\",\"@id\":\"https:\\\/\\\/www.notibras.com\\\/site\\\/historia-milenar-da-humanidade-mostra-que-ninguem-e-feliz-no-meio-da-miseria\\\/#breadcrumb\",\"itemListElement\":[{\"@type\":\"ListItem\",\"position\":1,\"name\":\"In\u00edcio\",\"item\":\"https:\\\/\\\/www.notibras.com\\\/site\\\/\"},{\"@type\":\"ListItem\",\"position\":2,\"name\":\"Hist\u00f3ria milenar da humanidade mostra que ningu\u00e9m \u00e9 feliz na mis\u00e9ria\"}]},{\"@type\":\"WebSite\",\"@id\":\"https:\\\/\\\/www.notibras.com\\\/site\\\/#website\",\"url\":\"https:\\\/\\\/www.notibras.com\\\/site\\\/\",\"name\":\"Notibras\",\"description\":\"Not\u00edcias de Bras\u00edlia, do Brasil e do Mundo\",\"publisher\":{\"@id\":\"https:\\\/\\\/www.notibras.com\\\/site\\\/#organization\"},\"potentialAction\":[{\"@type\":\"SearchAction\",\"target\":{\"@type\":\"EntryPoint\",\"urlTemplate\":\"https:\\\/\\\/www.notibras.com\\\/site\\\/?s={search_term_string}\"},\"query-input\":{\"@type\":\"PropertyValueSpecification\",\"valueRequired\":true,\"valueName\":\"search_term_string\"}}],\"inLanguage\":\"pt-BR\"},{\"@type\":\"Organization\",\"@id\":\"https:\\\/\\\/www.notibras.com\\\/site\\\/#organization\",\"name\":\"Grupo Notibras de Comunica\u00e7\u00e3o\",\"url\":\"https:\\\/\\\/www.notibras.com\\\/site\\\/\",\"logo\":{\"@type\":\"ImageObject\",\"inLanguage\":\"pt-BR\",\"@id\":\"https:\\\/\\\/www.notibras.com\\\/site\\\/#\\\/schema\\\/logo\\\/image\\\/\",\"url\":\"https:\\\/\\\/www.notibras.com\\\/site\\\/wp-content\\\/uploads\\\/2023\\\/01\\\/notibras23.png\",\"contentUrl\":\"https:\\\/\\\/www.notibras.com\\\/site\\\/wp-content\\\/uploads\\\/2023\\\/01\\\/notibras23.png\",\"width\":350,\"height\":87,\"caption\":\"Grupo Notibras de Comunica\u00e7\u00e3o\"},\"image\":{\"@id\":\"https:\\\/\\\/www.notibras.com\\\/site\\\/#\\\/schema\\\/logo\\\/image\\\/\"},\"sameAs\":[\"https:\\\/\\\/www.facebook.com\\\/notibras\\\/\",\"https:\\\/\\\/x.com\\\/Notibras\",\"https:\\\/\\\/www.instagram.com\\\/notibras\\\/\"]},{\"@type\":\"Person\",\"@id\":\"https:\\\/\\\/www.notibras.com\\\/site\\\/#\\\/schema\\\/person\\\/36ab0979449956132d3e5b517ea76ac8\",\"name\":\"Reda\u00e7\u00e3o\",\"image\":{\"@type\":\"ImageObject\",\"inLanguage\":\"pt-BR\",\"@id\":\"https:\\\/\\\/secure.gravatar.com\\\/avatar\\\/e0a867bdedb85fd243eadf09663511f96fc81e0720a4a42581f334ad4303aa6b?s=96&d=mm&r=g\",\"url\":\"https:\\\/\\\/secure.gravatar.com\\\/avatar\\\/e0a867bdedb85fd243eadf09663511f96fc81e0720a4a42581f334ad4303aa6b?s=96&d=mm&r=g\",\"contentUrl\":\"https:\\\/\\\/secure.gravatar.com\\\/avatar\\\/e0a867bdedb85fd243eadf09663511f96fc81e0720a4a42581f334ad4303aa6b?s=96&d=mm&r=g\",\"caption\":\"Reda\u00e7\u00e3o\"}}]}<\/script>\n<!-- \/ Yoast SEO plugin. -->","yoast_head_json":{"title":"Hist\u00f3ria milenar da humanidade mostra que ningu\u00e9m \u00e9 feliz na mis\u00e9ria - Notibras","robots":{"index":"index","follow":"follow","max-snippet":"max-snippet:-1","max-image-preview":"max-image-preview:large","max-video-preview":"max-video-preview:-1"},"canonical":"https:\/\/www.notibras.com\/site\/historia-milenar-da-humanidade-mostra-que-ninguem-e-feliz-no-meio-da-miseria\/","og_locale":"pt_BR","og_type":"article","og_title":"Hist\u00f3ria milenar da humanidade mostra que ningu\u00e9m \u00e9 feliz na mis\u00e9ria - Notibras","og_description":"Salvatore D&#8217; Onofrio A hist\u00f3ria da antiga Roma nos deixou o ap\u00f3logo (li\u00e7\u00e3o moral) de Men\u00eanio Agripa, o senador que conseguiu apaziguar ricos e pobres. No ano de 494 a.C, os plebeus, revoltados contra os privil\u00e9gios da classe nobre, abandonaram a cidade, refugiando-se no monte Aventino. Sem a m\u00e3o de obra dos trabalhadores, o Estado [&hellip;]","og_url":"https:\/\/www.notibras.com\/site\/historia-milenar-da-humanidade-mostra-que-ninguem-e-feliz-no-meio-da-miseria\/","og_site_name":"Notibras","article_publisher":"https:\/\/www.facebook.com\/notibras\/","article_published_time":"2016-03-06T18:40:04+00:00","article_modified_time":"2016-03-24T12:25:09+00:00","author":"Reda\u00e7\u00e3o","twitter_card":"summary_large_image","twitter_creator":"@Notibras","twitter_site":"@Notibras","twitter_misc":{"Escrito por":"Reda\u00e7\u00e3o","Est. tempo de leitura":"3 minutos"},"schema":{"@context":"https:\/\/schema.org","@graph":[{"@type":"Article","@id":"https:\/\/www.notibras.com\/site\/historia-milenar-da-humanidade-mostra-que-ninguem-e-feliz-no-meio-da-miseria\/#article","isPartOf":{"@id":"https:\/\/www.notibras.com\/site\/historia-milenar-da-humanidade-mostra-que-ninguem-e-feliz-no-meio-da-miseria\/"},"author":{"name":"Reda\u00e7\u00e3o","@id":"https:\/\/www.notibras.com\/site\/#\/schema\/person\/36ab0979449956132d3e5b517ea76ac8"},"headline":"Hist\u00f3ria milenar da humanidade mostra que ningu\u00e9m \u00e9 feliz na mis\u00e9ria","datePublished":"2016-03-06T18:40:04+00:00","dateModified":"2016-03-24T12:25:09+00:00","mainEntityOfPage":{"@id":"https:\/\/www.notibras.com\/site\/historia-milenar-da-humanidade-mostra-que-ninguem-e-feliz-no-meio-da-miseria\/"},"wordCount":615,"commentCount":0,"publisher":{"@id":"https:\/\/www.notibras.com\/site\/#organization"},"articleSection":["Opina a\u00ed"],"inLanguage":"pt-BR","potentialAction":[{"@type":"CommentAction","name":"Comment","target":["https:\/\/www.notibras.com\/site\/historia-milenar-da-humanidade-mostra-que-ninguem-e-feliz-no-meio-da-miseria\/#respond"]}]},{"@type":"WebPage","@id":"https:\/\/www.notibras.com\/site\/historia-milenar-da-humanidade-mostra-que-ninguem-e-feliz-no-meio-da-miseria\/","url":"https:\/\/www.notibras.com\/site\/historia-milenar-da-humanidade-mostra-que-ninguem-e-feliz-no-meio-da-miseria\/","name":"Hist\u00f3ria milenar da humanidade mostra que ningu\u00e9m \u00e9 feliz na mis\u00e9ria - Notibras","isPartOf":{"@id":"https:\/\/www.notibras.com\/site\/#website"},"datePublished":"2016-03-06T18:40:04+00:00","dateModified":"2016-03-24T12:25:09+00:00","breadcrumb":{"@id":"https:\/\/www.notibras.com\/site\/historia-milenar-da-humanidade-mostra-que-ninguem-e-feliz-no-meio-da-miseria\/#breadcrumb"},"inLanguage":"pt-BR","potentialAction":[{"@type":"ReadAction","target":["https:\/\/www.notibras.com\/site\/historia-milenar-da-humanidade-mostra-que-ninguem-e-feliz-no-meio-da-miseria\/"]}]},{"@type":"BreadcrumbList","@id":"https:\/\/www.notibras.com\/site\/historia-milenar-da-humanidade-mostra-que-ninguem-e-feliz-no-meio-da-miseria\/#breadcrumb","itemListElement":[{"@type":"ListItem","position":1,"name":"In\u00edcio","item":"https:\/\/www.notibras.com\/site\/"},{"@type":"ListItem","position":2,"name":"Hist\u00f3ria milenar da humanidade mostra que ningu\u00e9m \u00e9 feliz na mis\u00e9ria"}]},{"@type":"WebSite","@id":"https:\/\/www.notibras.com\/site\/#website","url":"https:\/\/www.notibras.com\/site\/","name":"Notibras","description":"Not\u00edcias de Bras\u00edlia, do Brasil e do Mundo","publisher":{"@id":"https:\/\/www.notibras.com\/site\/#organization"},"potentialAction":[{"@type":"SearchAction","target":{"@type":"EntryPoint","urlTemplate":"https:\/\/www.notibras.com\/site\/?s={search_term_string}"},"query-input":{"@type":"PropertyValueSpecification","valueRequired":true,"valueName":"search_term_string"}}],"inLanguage":"pt-BR"},{"@type":"Organization","@id":"https:\/\/www.notibras.com\/site\/#organization","name":"Grupo Notibras de Comunica\u00e7\u00e3o","url":"https:\/\/www.notibras.com\/site\/","logo":{"@type":"ImageObject","inLanguage":"pt-BR","@id":"https:\/\/www.notibras.com\/site\/#\/schema\/logo\/image\/","url":"https:\/\/www.notibras.com\/site\/wp-content\/uploads\/2023\/01\/notibras23.png","contentUrl":"https:\/\/www.notibras.com\/site\/wp-content\/uploads\/2023\/01\/notibras23.png","width":350,"height":87,"caption":"Grupo Notibras de Comunica\u00e7\u00e3o"},"image":{"@id":"https:\/\/www.notibras.com\/site\/#\/schema\/logo\/image\/"},"sameAs":["https:\/\/www.facebook.com\/notibras\/","https:\/\/x.com\/Notibras","https:\/\/www.instagram.com\/notibras\/"]},{"@type":"Person","@id":"https:\/\/www.notibras.com\/site\/#\/schema\/person\/36ab0979449956132d3e5b517ea76ac8","name":"Reda\u00e7\u00e3o","image":{"@type":"ImageObject","inLanguage":"pt-BR","@id":"https:\/\/secure.gravatar.com\/avatar\/e0a867bdedb85fd243eadf09663511f96fc81e0720a4a42581f334ad4303aa6b?s=96&d=mm&r=g","url":"https:\/\/secure.gravatar.com\/avatar\/e0a867bdedb85fd243eadf09663511f96fc81e0720a4a42581f334ad4303aa6b?s=96&d=mm&r=g","contentUrl":"https:\/\/secure.gravatar.com\/avatar\/e0a867bdedb85fd243eadf09663511f96fc81e0720a4a42581f334ad4303aa6b?s=96&d=mm&r=g","caption":"Reda\u00e7\u00e3o"}}]}},"amp_enabled":true,"_links":{"self":[{"href":"https:\/\/www.notibras.com\/site\/wp-json\/wp\/v2\/posts\/92476","targetHints":{"allow":["GET"]}}],"collection":[{"href":"https:\/\/www.notibras.com\/site\/wp-json\/wp\/v2\/posts"}],"about":[{"href":"https:\/\/www.notibras.com\/site\/wp-json\/wp\/v2\/types\/post"}],"author":[{"embeddable":true,"href":"https:\/\/www.notibras.com\/site\/wp-json\/wp\/v2\/users\/2"}],"replies":[{"embeddable":true,"href":"https:\/\/www.notibras.com\/site\/wp-json\/wp\/v2\/comments?post=92476"}],"version-history":[{"count":2,"href":"https:\/\/www.notibras.com\/site\/wp-json\/wp\/v2\/posts\/92476\/revisions"}],"predecessor-version":[{"id":95229,"href":"https:\/\/www.notibras.com\/site\/wp-json\/wp\/v2\/posts\/92476\/revisions\/95229"}],"wp:attachment":[{"href":"https:\/\/www.notibras.com\/site\/wp-json\/wp\/v2\/media?parent=92476"}],"wp:term":[{"taxonomy":"category","embeddable":true,"href":"https:\/\/www.notibras.com\/site\/wp-json\/wp\/v2\/categories?post=92476"},{"taxonomy":"post_tag","embeddable":true,"href":"https:\/\/www.notibras.com\/site\/wp-json\/wp\/v2\/tags?post=92476"}],"curies":[{"name":"wp","href":"https:\/\/api.w.org\/{rel}","templated":true}]}}