{"id":92479,"date":"2016-03-06T12:41:08","date_gmt":"2016-03-06T15:41:08","guid":{"rendered":"http:\/\/www.notibras.com\/site\/?p=92479"},"modified":"2016-03-06T15:43:20","modified_gmt":"2016-03-06T18:43:20","slug":"tem-muita-coisa-estranha-voando-nas-asas-da-fab-mas-o-brasileiro-esta-atento","status":"publish","type":"post","link":"https:\/\/www.notibras.com\/site\/tem-muita-coisa-estranha-voando-nas-asas-da-fab-mas-o-brasileiro-esta-atento\/","title":{"rendered":"Tem muita coisa estranha voando nas asas da FAB, mas o brasileiro est\u00e1 atento"},"content":{"rendered":"<p><strong>Guilhermina Coimbra<\/strong><\/p>\n<p>Os contribuintes brasileiros est\u00e3o cansados de pagar o indevido \u00e0s empresas estrangeiras &#8211; por for\u00e7a de maus contratos assinados, livre ou for\u00e7adamente, pelos contratantes brasileiros.<\/p>\n<p>Os contribuintes brasileiros repudiam os maus contratistas brasileiros. que aceitam as cl\u00e1usulas leonninas nos cotratos comerciais internacionais &#8211; comprometendo dinheiro p\u00fablico brasileiro, dinheiro dos contribuintes brasileiros.<\/p>\n<p>Em todos os Estados desenvolvidos, quando existem cl\u00e1usulas leonninas nos contratos comerciais internacionais, as cl\u00e1usulas leoninas s\u00e3o ignoradas.<\/p>\n<p>Para completar os acordos de contrapartidas comerciais (Offset) e Transfer\u00eancia de Tecnologia (ToT) no Programa Gripen NG BR, na etapa importante do contrato, as empresas brasileiras t\u00eam negociado com a SAAB.<\/p>\n<p>Como fato relevante, 46 empregados da EMBRAER Defesa &amp; Seguran\u00e7a e 2 da AEL Sistemas, estavam na Su\u00e9cia desde Outubro 2015 tentando o melhor para os interesses do Brasil, face \u00e0 uma significativa diverg\u00eancia entre as Base Industria de Defesa do Brasil e a SAAB.<\/p>\n<p>Na compra de avi\u00f5es, por exemplo, foi apresentado \u00e0s empresas brasileiras participantes do Pograma Gripen NG um item formado por 3 letras.<\/p>\n<p>Trata-se do &#8220;UDA&#8221; ou &#8220;Unlimited Damage Agreement&#8221;. (In DURING,NELSON, Editor-Chefe DefesaNet).<\/p>\n<p>O item UDA significa que a empresa brasileira, participante do Cons\u00f3rcio, responder\u00e1 por &#8220;TODOS&#8221; os custos, que possam ocorrer por responsabilidade do parceiro brasileiro, \u00e0 SAAB, a empresa sueca.<\/p>\n<p>Desse modo, um trabalho defeituoso, ou no atraso no embarque de pe\u00e7as, ou em qualquer outro caso furtuito, o potencial do dano ocasionado, pode gerar \u00f4nus, de dif\u00edcil contabiliza\u00e7\u00e3o.<\/p>\n<p>Isto significa que os contribuintes brasileiros pagar\u00e3o do pr\u00f3prio bolso os eventuais preju\u00edzos.<\/p>\n<p>Somente duas empresas brasileiras aceitaram os termos propostos:<\/p>\n<p>-a EMBRAER Defesa &amp; Seguran\u00e7a (EDS), com uma participa\u00e7\u00e3o limitada, entendeu ser aceit\u00e1vel o risco;<\/p>\n<p>&#8211; e a empresa AEL Sistemas, respons\u00e1vel pelo desenvolvimento do &#8220;Wide Area Display&#8221; (WAD).<\/p>\n<p>O mais ambicioso, referente aos acordo de OFFSET e Transfer\u00eancia de Tecnologia &#8211; apresentada pela SAAB, na confer\u00eancia de Imprensa, dia 18.02.2016 &#8211; mostra v\u00e1rios empreendimentos, que est\u00e3o sofrendo um impacto significativo no cronograma de implanta\u00e7\u00e3o, pelas atuais diverg\u00eancias e um atraso gerado pela pr\u00f3pria companhia SAAB. Em especial as obras relacionadas a S\u00e3o Bernardo do Campo, SP.<\/p>\n<p>Ademais, toda a aten\u00e7\u00e3o \u00e9 preciso, porque, existe um enorme risco potencial pelos desafios inerentes de trabalhar em um componente de nova tecnologia sens\u00edvel no estado da arte.<\/p>\n<p>Em raz\u00e3o de o Governo Brasileiro e a For\u00e7a A\u00e9rea Brasileira estarem adimplentes com o Programa Gripen NG BR &#8211; a parte sueca foi pega de surpresa. N\u00e3o esperava a adimpl\u00eancia brasileira. Da\u00ed porque, tem mostrado uma certa intransig\u00eancia em responder \u00e0s demandas brasileiras.<\/p>\n<p>Decodificando: a intransig\u00eancia dos referidos contratantes significa que \u2013ao contratarem com o Brasil &#8211; contavam com o Brasil inadimplente, de modo a pressionarem o Brasil a agir cotra os interesses do Brasil: exatamente como tem sido o h\u00e1bito e o mau costume da maioria daqueles que contratam internacioalmente com o Brasil.<\/p>\n<p>Nos contratos internacionais, o objetivo maior da Parte contratante com o Brasil \u00e9 a aguardada inadimpl\u00eancia do Brasil.<\/p>\n<p>Este objetivo tem sido perseguido, desde a era de famosa Ministra de um dos Estados desenvolvidos: &#8230; &#8220;os pa\u00edses devedores t\u00eam que entregar os territ\u00f3rios f\u00e9rteis.&#8221; Pesquisem.<\/p>\n<p>Os contratistas brasileiros ao firmarem contratos com cl\u00e1usulas leoninas prejudiciais ao er\u00e1rio p\u00fablico, parecem ignorar \u2013 na melhor das hip\u00f3teses &#8211; o potencial do Brasil como s\u00f3cio, em todos e quaisquer tipos de empreitadas comerciais que tenha s\u00f3cios internacionais.<\/p>\n<p>Ignoram que o Brasil se basta, em todas as \u00e1reas da economia. Os contratistas brasileiros precisam entender que se o Brasil se fechar para aquela partezinha do mundo, que absolutamente n\u00e3o \u00e9 o mundo \u2013 o Brasil se desenvolver\u00e1. Da\u00ed porque os contratistas brasileiros t\u00eam que negociar ombro a ombro, de igual para igual.<\/p>\n<p>Os contratantes internacionais brasileiros parecem ignorar que 28 Estados-membros da OTAN e a Uni\u00e3o Europ\u00e9ia n\u00e3o s\u00e3o a Comunidade Mundial. S\u00e3o somente, uma fra\u00e7\u00e3o da Comunidade Mundial -embora possam e devam ser amigos. Inadmiss\u00edvel que os retr\u00f3grados conservadores do subdesenvolvimento continuem tentando atar o Brasil a essa pequenina fra\u00e7\u00e3o da Comunidade Mundial.<\/p>\n<p>Os contratantes internacionais brasileiros demonstram ignorar que os 28 Estados-membros da OTAN e a Uni\u00e3o Europ\u00e9ia n\u00e3o s\u00e3o o mundo,<\/p>\n<p>Se n\u00e3o ignorassem \u2013 na melhor das hip\u00f3teses \u2013 os contratistas brasileiros negociariam os melhores contratos, desprezariam os piores e n\u00e3o aceitariam de modo algum, nos contratos comerciais internacionais, as cl\u00e1usulas leoninas, demonstrativas da ignor\u00e2ncia do potencial do Brasil.<\/p>\n<p>Os contribuintes brasileiros est\u00e3o atentos.<\/p>\n<p>O Brasil merece respeito.<\/p>\n","protected":false},"excerpt":{"rendered":"<p>Guilhermina Coimbra Os contribuintes brasileiros est\u00e3o cansados de pagar o indevido \u00e0s empresas estrangeiras &#8211; por for\u00e7a de maus contratos assinados, livre ou for\u00e7adamente, pelos contratantes brasileiros. Os contribuintes brasileiros repudiam os maus contratistas brasileiros. que aceitam as cl\u00e1usulas leonninas nos cotratos comerciais internacionais &#8211; comprometendo dinheiro p\u00fablico brasileiro, dinheiro dos contribuintes brasileiros. Em todos [&hellip;]<\/p>\n","protected":false},"author":2,"featured_media":92480,"comment_status":"open","ping_status":"closed","sticky":false,"template":"","format":"standard","meta":{"_acf_changed":false,"footnotes":""},"categories":[25],"tags":[],"class_list":["post-92479","post","type-post","status-publish","format-standard","has-post-thumbnail","hentry","category-opina-ai"],"acf":[],"yoast_head":"<!-- This site is optimized with the Yoast SEO plugin v27.5 - https:\/\/yoast.com\/product\/yoast-seo-wordpress\/ -->\n<title>Tem muita coisa estranha voando nas asas da FAB, mas o brasileiro est\u00e1 atento - Notibras<\/title>\n<meta name=\"robots\" content=\"index, follow, max-snippet:-1, max-image-preview:large, max-video-preview:-1\" \/>\n<link rel=\"canonical\" href=\"https:\/\/www.notibras.com\/site\/tem-muita-coisa-estranha-voando-nas-asas-da-fab-mas-o-brasileiro-esta-atento\/\" \/>\n<meta property=\"og:locale\" content=\"pt_BR\" \/>\n<meta property=\"og:type\" content=\"article\" \/>\n<meta property=\"og:title\" content=\"Tem muita coisa estranha voando nas asas da FAB, mas o brasileiro est\u00e1 atento - Notibras\" \/>\n<meta property=\"og:description\" content=\"Guilhermina Coimbra Os contribuintes brasileiros est\u00e3o cansados de pagar o indevido \u00e0s empresas estrangeiras &#8211; por for\u00e7a de maus contratos assinados, livre ou for\u00e7adamente, pelos contratantes brasileiros. Os contribuintes brasileiros repudiam os maus contratistas brasileiros. que aceitam as cl\u00e1usulas leonninas nos cotratos comerciais internacionais &#8211; comprometendo dinheiro p\u00fablico brasileiro, dinheiro dos contribuintes brasileiros. Em todos [&hellip;]\" \/>\n<meta property=\"og:url\" content=\"https:\/\/www.notibras.com\/site\/tem-muita-coisa-estranha-voando-nas-asas-da-fab-mas-o-brasileiro-esta-atento\/\" \/>\n<meta property=\"og:site_name\" content=\"Notibras\" \/>\n<meta property=\"article:publisher\" content=\"https:\/\/www.facebook.com\/notibras\/\" \/>\n<meta property=\"article:published_time\" content=\"2016-03-06T15:41:08+00:00\" \/>\n<meta property=\"article:modified_time\" content=\"2016-03-06T18:43:20+00:00\" \/>\n<meta property=\"og:image\" content=\"https:\/\/www.notibras.com\/site\/wp-content\/uploads\/2016\/03\/maxresdefault.jpg\" \/>\n\t<meta property=\"og:image:width\" content=\"1600\" \/>\n\t<meta property=\"og:image:height\" content=\"1005\" \/>\n\t<meta property=\"og:image:type\" content=\"image\/jpeg\" \/>\n<meta name=\"author\" content=\"Reda\u00e7\u00e3o\" \/>\n<meta name=\"twitter:card\" content=\"summary_large_image\" \/>\n<meta name=\"twitter:creator\" content=\"@Notibras\" \/>\n<meta name=\"twitter:site\" content=\"@Notibras\" \/>\n<meta name=\"twitter:label1\" content=\"Escrito por\" \/>\n\t<meta name=\"twitter:data1\" content=\"Reda\u00e7\u00e3o\" \/>\n\t<meta name=\"twitter:label2\" content=\"Est. tempo de leitura\" \/>\n\t<meta name=\"twitter:data2\" content=\"4 minutos\" \/>\n<script type=\"application\/ld+json\" class=\"yoast-schema-graph\">{\"@context\":\"https:\\\/\\\/schema.org\",\"@graph\":[{\"@type\":\"Article\",\"@id\":\"https:\\\/\\\/www.notibras.com\\\/site\\\/tem-muita-coisa-estranha-voando-nas-asas-da-fab-mas-o-brasileiro-esta-atento\\\/#article\",\"isPartOf\":{\"@id\":\"https:\\\/\\\/www.notibras.com\\\/site\\\/tem-muita-coisa-estranha-voando-nas-asas-da-fab-mas-o-brasileiro-esta-atento\\\/\"},\"author\":{\"name\":\"Reda\u00e7\u00e3o\",\"@id\":\"https:\\\/\\\/www.notibras.com\\\/site\\\/#\\\/schema\\\/person\\\/36ab0979449956132d3e5b517ea76ac8\"},\"headline\":\"Tem muita coisa estranha voando nas asas da FAB, mas o brasileiro est\u00e1 atento\",\"datePublished\":\"2016-03-06T15:41:08+00:00\",\"dateModified\":\"2016-03-06T18:43:20+00:00\",\"mainEntityOfPage\":{\"@id\":\"https:\\\/\\\/www.notibras.com\\\/site\\\/tem-muita-coisa-estranha-voando-nas-asas-da-fab-mas-o-brasileiro-esta-atento\\\/\"},\"wordCount\":800,\"commentCount\":0,\"publisher\":{\"@id\":\"https:\\\/\\\/www.notibras.com\\\/site\\\/#organization\"},\"image\":{\"@id\":\"https:\\\/\\\/www.notibras.com\\\/site\\\/tem-muita-coisa-estranha-voando-nas-asas-da-fab-mas-o-brasileiro-esta-atento\\\/#primaryimage\"},\"thumbnailUrl\":\"https:\\\/\\\/www.notibras.com\\\/site\\\/wp-content\\\/uploads\\\/2016\\\/03\\\/maxresdefault.jpg\",\"articleSection\":[\"Opina a\u00ed\"],\"inLanguage\":\"pt-BR\",\"potentialAction\":[{\"@type\":\"CommentAction\",\"name\":\"Comment\",\"target\":[\"https:\\\/\\\/www.notibras.com\\\/site\\\/tem-muita-coisa-estranha-voando-nas-asas-da-fab-mas-o-brasileiro-esta-atento\\\/#respond\"]}]},{\"@type\":\"WebPage\",\"@id\":\"https:\\\/\\\/www.notibras.com\\\/site\\\/tem-muita-coisa-estranha-voando-nas-asas-da-fab-mas-o-brasileiro-esta-atento\\\/\",\"url\":\"https:\\\/\\\/www.notibras.com\\\/site\\\/tem-muita-coisa-estranha-voando-nas-asas-da-fab-mas-o-brasileiro-esta-atento\\\/\",\"name\":\"Tem muita coisa estranha voando nas asas da FAB, mas o brasileiro est\u00e1 atento - Notibras\",\"isPartOf\":{\"@id\":\"https:\\\/\\\/www.notibras.com\\\/site\\\/#website\"},\"primaryImageOfPage\":{\"@id\":\"https:\\\/\\\/www.notibras.com\\\/site\\\/tem-muita-coisa-estranha-voando-nas-asas-da-fab-mas-o-brasileiro-esta-atento\\\/#primaryimage\"},\"image\":{\"@id\":\"https:\\\/\\\/www.notibras.com\\\/site\\\/tem-muita-coisa-estranha-voando-nas-asas-da-fab-mas-o-brasileiro-esta-atento\\\/#primaryimage\"},\"thumbnailUrl\":\"https:\\\/\\\/www.notibras.com\\\/site\\\/wp-content\\\/uploads\\\/2016\\\/03\\\/maxresdefault.jpg\",\"datePublished\":\"2016-03-06T15:41:08+00:00\",\"dateModified\":\"2016-03-06T18:43:20+00:00\",\"breadcrumb\":{\"@id\":\"https:\\\/\\\/www.notibras.com\\\/site\\\/tem-muita-coisa-estranha-voando-nas-asas-da-fab-mas-o-brasileiro-esta-atento\\\/#breadcrumb\"},\"inLanguage\":\"pt-BR\",\"potentialAction\":[{\"@type\":\"ReadAction\",\"target\":[\"https:\\\/\\\/www.notibras.com\\\/site\\\/tem-muita-coisa-estranha-voando-nas-asas-da-fab-mas-o-brasileiro-esta-atento\\\/\"]}]},{\"@type\":\"ImageObject\",\"inLanguage\":\"pt-BR\",\"@id\":\"https:\\\/\\\/www.notibras.com\\\/site\\\/tem-muita-coisa-estranha-voando-nas-asas-da-fab-mas-o-brasileiro-esta-atento\\\/#primaryimage\",\"url\":\"https:\\\/\\\/www.notibras.com\\\/site\\\/wp-content\\\/uploads\\\/2016\\\/03\\\/maxresdefault.jpg\",\"contentUrl\":\"https:\\\/\\\/www.notibras.com\\\/site\\\/wp-content\\\/uploads\\\/2016\\\/03\\\/maxresdefault.jpg\",\"width\":1600,\"height\":1005},{\"@type\":\"BreadcrumbList\",\"@id\":\"https:\\\/\\\/www.notibras.com\\\/site\\\/tem-muita-coisa-estranha-voando-nas-asas-da-fab-mas-o-brasileiro-esta-atento\\\/#breadcrumb\",\"itemListElement\":[{\"@type\":\"ListItem\",\"position\":1,\"name\":\"In\u00edcio\",\"item\":\"https:\\\/\\\/www.notibras.com\\\/site\\\/\"},{\"@type\":\"ListItem\",\"position\":2,\"name\":\"Tem muita coisa estranha voando nas asas da FAB, mas o brasileiro est\u00e1 atento\"}]},{\"@type\":\"WebSite\",\"@id\":\"https:\\\/\\\/www.notibras.com\\\/site\\\/#website\",\"url\":\"https:\\\/\\\/www.notibras.com\\\/site\\\/\",\"name\":\"Notibras\",\"description\":\"Not\u00edcias de Bras\u00edlia, do Brasil e do Mundo\",\"publisher\":{\"@id\":\"https:\\\/\\\/www.notibras.com\\\/site\\\/#organization\"},\"potentialAction\":[{\"@type\":\"SearchAction\",\"target\":{\"@type\":\"EntryPoint\",\"urlTemplate\":\"https:\\\/\\\/www.notibras.com\\\/site\\\/?s={search_term_string}\"},\"query-input\":{\"@type\":\"PropertyValueSpecification\",\"valueRequired\":true,\"valueName\":\"search_term_string\"}}],\"inLanguage\":\"pt-BR\"},{\"@type\":\"Organization\",\"@id\":\"https:\\\/\\\/www.notibras.com\\\/site\\\/#organization\",\"name\":\"Grupo Notibras de Comunica\u00e7\u00e3o\",\"url\":\"https:\\\/\\\/www.notibras.com\\\/site\\\/\",\"logo\":{\"@type\":\"ImageObject\",\"inLanguage\":\"pt-BR\",\"@id\":\"https:\\\/\\\/www.notibras.com\\\/site\\\/#\\\/schema\\\/logo\\\/image\\\/\",\"url\":\"https:\\\/\\\/www.notibras.com\\\/site\\\/wp-content\\\/uploads\\\/2023\\\/01\\\/notibras23.png\",\"contentUrl\":\"https:\\\/\\\/www.notibras.com\\\/site\\\/wp-content\\\/uploads\\\/2023\\\/01\\\/notibras23.png\",\"width\":350,\"height\":87,\"caption\":\"Grupo Notibras de Comunica\u00e7\u00e3o\"},\"image\":{\"@id\":\"https:\\\/\\\/www.notibras.com\\\/site\\\/#\\\/schema\\\/logo\\\/image\\\/\"},\"sameAs\":[\"https:\\\/\\\/www.facebook.com\\\/notibras\\\/\",\"https:\\\/\\\/x.com\\\/Notibras\",\"https:\\\/\\\/www.instagram.com\\\/notibras\\\/\"]},{\"@type\":\"Person\",\"@id\":\"https:\\\/\\\/www.notibras.com\\\/site\\\/#\\\/schema\\\/person\\\/36ab0979449956132d3e5b517ea76ac8\",\"name\":\"Reda\u00e7\u00e3o\",\"image\":{\"@type\":\"ImageObject\",\"inLanguage\":\"pt-BR\",\"@id\":\"https:\\\/\\\/secure.gravatar.com\\\/avatar\\\/e0a867bdedb85fd243eadf09663511f96fc81e0720a4a42581f334ad4303aa6b?s=96&d=mm&r=g\",\"url\":\"https:\\\/\\\/secure.gravatar.com\\\/avatar\\\/e0a867bdedb85fd243eadf09663511f96fc81e0720a4a42581f334ad4303aa6b?s=96&d=mm&r=g\",\"contentUrl\":\"https:\\\/\\\/secure.gravatar.com\\\/avatar\\\/e0a867bdedb85fd243eadf09663511f96fc81e0720a4a42581f334ad4303aa6b?s=96&d=mm&r=g\",\"caption\":\"Reda\u00e7\u00e3o\"}}]}<\/script>\n<!-- \/ Yoast SEO plugin. -->","yoast_head_json":{"title":"Tem muita coisa estranha voando nas asas da FAB, mas o brasileiro est\u00e1 atento - Notibras","robots":{"index":"index","follow":"follow","max-snippet":"max-snippet:-1","max-image-preview":"max-image-preview:large","max-video-preview":"max-video-preview:-1"},"canonical":"https:\/\/www.notibras.com\/site\/tem-muita-coisa-estranha-voando-nas-asas-da-fab-mas-o-brasileiro-esta-atento\/","og_locale":"pt_BR","og_type":"article","og_title":"Tem muita coisa estranha voando nas asas da FAB, mas o brasileiro est\u00e1 atento - Notibras","og_description":"Guilhermina Coimbra Os contribuintes brasileiros est\u00e3o cansados de pagar o indevido \u00e0s empresas estrangeiras &#8211; por for\u00e7a de maus contratos assinados, livre ou for\u00e7adamente, pelos contratantes brasileiros. Os contribuintes brasileiros repudiam os maus contratistas brasileiros. que aceitam as cl\u00e1usulas leonninas nos cotratos comerciais internacionais &#8211; comprometendo dinheiro p\u00fablico brasileiro, dinheiro dos contribuintes brasileiros. Em todos [&hellip;]","og_url":"https:\/\/www.notibras.com\/site\/tem-muita-coisa-estranha-voando-nas-asas-da-fab-mas-o-brasileiro-esta-atento\/","og_site_name":"Notibras","article_publisher":"https:\/\/www.facebook.com\/notibras\/","article_published_time":"2016-03-06T15:41:08+00:00","article_modified_time":"2016-03-06T18:43:20+00:00","og_image":[{"width":1600,"height":1005,"url":"https:\/\/www.notibras.com\/site\/wp-content\/uploads\/2016\/03\/maxresdefault.jpg","type":"image\/jpeg"}],"author":"Reda\u00e7\u00e3o","twitter_card":"summary_large_image","twitter_creator":"@Notibras","twitter_site":"@Notibras","twitter_misc":{"Escrito por":"Reda\u00e7\u00e3o","Est. tempo de leitura":"4 minutos"},"schema":{"@context":"https:\/\/schema.org","@graph":[{"@type":"Article","@id":"https:\/\/www.notibras.com\/site\/tem-muita-coisa-estranha-voando-nas-asas-da-fab-mas-o-brasileiro-esta-atento\/#article","isPartOf":{"@id":"https:\/\/www.notibras.com\/site\/tem-muita-coisa-estranha-voando-nas-asas-da-fab-mas-o-brasileiro-esta-atento\/"},"author":{"name":"Reda\u00e7\u00e3o","@id":"https:\/\/www.notibras.com\/site\/#\/schema\/person\/36ab0979449956132d3e5b517ea76ac8"},"headline":"Tem muita coisa estranha voando nas asas da FAB, mas o brasileiro est\u00e1 atento","datePublished":"2016-03-06T15:41:08+00:00","dateModified":"2016-03-06T18:43:20+00:00","mainEntityOfPage":{"@id":"https:\/\/www.notibras.com\/site\/tem-muita-coisa-estranha-voando-nas-asas-da-fab-mas-o-brasileiro-esta-atento\/"},"wordCount":800,"commentCount":0,"publisher":{"@id":"https:\/\/www.notibras.com\/site\/#organization"},"image":{"@id":"https:\/\/www.notibras.com\/site\/tem-muita-coisa-estranha-voando-nas-asas-da-fab-mas-o-brasileiro-esta-atento\/#primaryimage"},"thumbnailUrl":"https:\/\/www.notibras.com\/site\/wp-content\/uploads\/2016\/03\/maxresdefault.jpg","articleSection":["Opina a\u00ed"],"inLanguage":"pt-BR","potentialAction":[{"@type":"CommentAction","name":"Comment","target":["https:\/\/www.notibras.com\/site\/tem-muita-coisa-estranha-voando-nas-asas-da-fab-mas-o-brasileiro-esta-atento\/#respond"]}]},{"@type":"WebPage","@id":"https:\/\/www.notibras.com\/site\/tem-muita-coisa-estranha-voando-nas-asas-da-fab-mas-o-brasileiro-esta-atento\/","url":"https:\/\/www.notibras.com\/site\/tem-muita-coisa-estranha-voando-nas-asas-da-fab-mas-o-brasileiro-esta-atento\/","name":"Tem muita coisa estranha voando nas asas da FAB, mas o brasileiro est\u00e1 atento - Notibras","isPartOf":{"@id":"https:\/\/www.notibras.com\/site\/#website"},"primaryImageOfPage":{"@id":"https:\/\/www.notibras.com\/site\/tem-muita-coisa-estranha-voando-nas-asas-da-fab-mas-o-brasileiro-esta-atento\/#primaryimage"},"image":{"@id":"https:\/\/www.notibras.com\/site\/tem-muita-coisa-estranha-voando-nas-asas-da-fab-mas-o-brasileiro-esta-atento\/#primaryimage"},"thumbnailUrl":"https:\/\/www.notibras.com\/site\/wp-content\/uploads\/2016\/03\/maxresdefault.jpg","datePublished":"2016-03-06T15:41:08+00:00","dateModified":"2016-03-06T18:43:20+00:00","breadcrumb":{"@id":"https:\/\/www.notibras.com\/site\/tem-muita-coisa-estranha-voando-nas-asas-da-fab-mas-o-brasileiro-esta-atento\/#breadcrumb"},"inLanguage":"pt-BR","potentialAction":[{"@type":"ReadAction","target":["https:\/\/www.notibras.com\/site\/tem-muita-coisa-estranha-voando-nas-asas-da-fab-mas-o-brasileiro-esta-atento\/"]}]},{"@type":"ImageObject","inLanguage":"pt-BR","@id":"https:\/\/www.notibras.com\/site\/tem-muita-coisa-estranha-voando-nas-asas-da-fab-mas-o-brasileiro-esta-atento\/#primaryimage","url":"https:\/\/www.notibras.com\/site\/wp-content\/uploads\/2016\/03\/maxresdefault.jpg","contentUrl":"https:\/\/www.notibras.com\/site\/wp-content\/uploads\/2016\/03\/maxresdefault.jpg","width":1600,"height":1005},{"@type":"BreadcrumbList","@id":"https:\/\/www.notibras.com\/site\/tem-muita-coisa-estranha-voando-nas-asas-da-fab-mas-o-brasileiro-esta-atento\/#breadcrumb","itemListElement":[{"@type":"ListItem","position":1,"name":"In\u00edcio","item":"https:\/\/www.notibras.com\/site\/"},{"@type":"ListItem","position":2,"name":"Tem muita coisa estranha voando nas asas da FAB, mas o brasileiro est\u00e1 atento"}]},{"@type":"WebSite","@id":"https:\/\/www.notibras.com\/site\/#website","url":"https:\/\/www.notibras.com\/site\/","name":"Notibras","description":"Not\u00edcias de Bras\u00edlia, do Brasil e do Mundo","publisher":{"@id":"https:\/\/www.notibras.com\/site\/#organization"},"potentialAction":[{"@type":"SearchAction","target":{"@type":"EntryPoint","urlTemplate":"https:\/\/www.notibras.com\/site\/?s={search_term_string}"},"query-input":{"@type":"PropertyValueSpecification","valueRequired":true,"valueName":"search_term_string"}}],"inLanguage":"pt-BR"},{"@type":"Organization","@id":"https:\/\/www.notibras.com\/site\/#organization","name":"Grupo Notibras de Comunica\u00e7\u00e3o","url":"https:\/\/www.notibras.com\/site\/","logo":{"@type":"ImageObject","inLanguage":"pt-BR","@id":"https:\/\/www.notibras.com\/site\/#\/schema\/logo\/image\/","url":"https:\/\/www.notibras.com\/site\/wp-content\/uploads\/2023\/01\/notibras23.png","contentUrl":"https:\/\/www.notibras.com\/site\/wp-content\/uploads\/2023\/01\/notibras23.png","width":350,"height":87,"caption":"Grupo Notibras de Comunica\u00e7\u00e3o"},"image":{"@id":"https:\/\/www.notibras.com\/site\/#\/schema\/logo\/image\/"},"sameAs":["https:\/\/www.facebook.com\/notibras\/","https:\/\/x.com\/Notibras","https:\/\/www.instagram.com\/notibras\/"]},{"@type":"Person","@id":"https:\/\/www.notibras.com\/site\/#\/schema\/person\/36ab0979449956132d3e5b517ea76ac8","name":"Reda\u00e7\u00e3o","image":{"@type":"ImageObject","inLanguage":"pt-BR","@id":"https:\/\/secure.gravatar.com\/avatar\/e0a867bdedb85fd243eadf09663511f96fc81e0720a4a42581f334ad4303aa6b?s=96&d=mm&r=g","url":"https:\/\/secure.gravatar.com\/avatar\/e0a867bdedb85fd243eadf09663511f96fc81e0720a4a42581f334ad4303aa6b?s=96&d=mm&r=g","contentUrl":"https:\/\/secure.gravatar.com\/avatar\/e0a867bdedb85fd243eadf09663511f96fc81e0720a4a42581f334ad4303aa6b?s=96&d=mm&r=g","caption":"Reda\u00e7\u00e3o"}}]}},"amp_enabled":true,"_links":{"self":[{"href":"https:\/\/www.notibras.com\/site\/wp-json\/wp\/v2\/posts\/92479","targetHints":{"allow":["GET"]}}],"collection":[{"href":"https:\/\/www.notibras.com\/site\/wp-json\/wp\/v2\/posts"}],"about":[{"href":"https:\/\/www.notibras.com\/site\/wp-json\/wp\/v2\/types\/post"}],"author":[{"embeddable":true,"href":"https:\/\/www.notibras.com\/site\/wp-json\/wp\/v2\/users\/2"}],"replies":[{"embeddable":true,"href":"https:\/\/www.notibras.com\/site\/wp-json\/wp\/v2\/comments?post=92479"}],"version-history":[{"count":1,"href":"https:\/\/www.notibras.com\/site\/wp-json\/wp\/v2\/posts\/92479\/revisions"}],"predecessor-version":[{"id":92481,"href":"https:\/\/www.notibras.com\/site\/wp-json\/wp\/v2\/posts\/92479\/revisions\/92481"}],"wp:featuredmedia":[{"embeddable":true,"href":"https:\/\/www.notibras.com\/site\/wp-json\/wp\/v2\/media\/92480"}],"wp:attachment":[{"href":"https:\/\/www.notibras.com\/site\/wp-json\/wp\/v2\/media?parent=92479"}],"wp:term":[{"taxonomy":"category","embeddable":true,"href":"https:\/\/www.notibras.com\/site\/wp-json\/wp\/v2\/categories?post=92479"},{"taxonomy":"post_tag","embeddable":true,"href":"https:\/\/www.notibras.com\/site\/wp-json\/wp\/v2\/tags?post=92479"}],"curies":[{"name":"wp","href":"https:\/\/api.w.org\/{rel}","templated":true}]}}