{"id":92482,"date":"2016-03-06T06:44:08","date_gmt":"2016-03-06T09:44:08","guid":{"rendered":"http:\/\/www.notibras.com\/site\/?p=92482"},"modified":"2016-03-06T15:49:33","modified_gmt":"2016-03-06T18:49:33","slug":"nem-james-bond-o-007-tem-licenca-da-rainha-da-inglaterra-para-roubar-e-ficar-impune","status":"publish","type":"post","link":"https:\/\/www.notibras.com\/site\/nem-james-bond-o-007-tem-licenca-da-rainha-da-inglaterra-para-roubar-e-ficar-impune\/","title":{"rendered":"Nem James Bond, o 007, tem licen\u00e7a da rainha da Inglaterra para roubar"},"content":{"rendered":"<p><strong>Pettersen Filho<\/strong><\/p>\n<p>Conduzido insolitamente para depor, \u201cSob Varas\u201d, express\u00e3o Jur\u00eddica de cunho popular que expressa, na realidade, quem \u00e9 levado \u201ca For\u00e7a\u201d para depor, sempre que se evade ao Poder Judici\u00e1rio, poucos dias ap\u00f3s negar-se a comparecer na Barra Funda, para depor sobre o poss\u00edvel favorecimento na aquisi\u00e7\u00e3o do Triplex no Guaruj\u00e1\/SP, perante o Minist\u00e9rio P\u00fablico, quando relegou a prestar informa\u00e7\u00f5es escritas, o Ex-presidente Lula, \u201co \u201cCaput\u201d, em Latim, o \u201cCabe\u00e7a\u201d, foi levado ao Aeroporto de Congonhas, na Capital, onde permaneceu por cerca de seis horas, ouvido pela Pol\u00edcia Federal, algo, at\u00e9 pouco tempo, impens\u00e1vel, no Brasil, demonstrando que a Lei, \u00e0s vezes, quase sempre, nunca, \u00e9 para todos&#8230;<\/p>\n<p>Ensaiando Batalha Campal, que, provavelmente, ocorrer\u00e1, quando do Impeachment, ou Cassa\u00e7\u00e3o, da President\u201da\u201d Lula, digo, Dilma Roussef, \u201cMandat\u00e1ria\u201d por Mandado Procurat\u00f3rio delegado por Lu\u00eds In\u00e1cio Lula da Silva, cujas Barbas aferem o Rosto da pr\u00f3pria Presidente Dilma, Sindicatos e Partid\u00e1rios do Presidente, logo, cercaram o Aeroporto, contrapondo-se a Manifestantes N\u00e3o-organizados que gritavam \u201cPega Ladr\u00e3o\u201d, enquanto eram agredidos&#8230;<\/p>\n<p>Como tudo que \u00e9 \u201cBom\u201d dura pouco, menos de seis horas da Condu\u00e7\u00e3o, Lula, na Sede do PT, j\u00e1 proclamava o seu Cansado Discurso, contra as \u201cZelites\u201d, contra a Globo e a Veja, no que n\u00e3o deixa, de certo modo, de ter Raz\u00e3o, mas, tudo isso, com a Maior Cara de Pau, quando \u00e9, Ele mesmo, parte das \u201cZelites\u201d, e toda a sua Fam\u00edlia, bem no alto dos seus vastos Milh\u00f5es de Dollares, roubados, t\u00e3o distante do Povo, para quem discursa.<\/p>\n<p>Presentes, UNE, CUT, e tantos outros Mamadores das Tetas do Governo, eu diria:\u00a0J\u00e1 vi esse Filme antes!\u00a0\u201cOh, vida, Oh C\u00e9us, Oh azar: Isso n\u00e3o vai dar certo!?\u201d (Diria a Hiena do Desenho Animado)&#8230;\u00a0Afinal, Licen\u00e7a para Roubar, n\u00e3o \u00e9 dada nem para o 007, pela Sua Majestade, a Rainha da Inglaterra!<\/p>\n","protected":false},"excerpt":{"rendered":"<p>Pettersen Filho Conduzido insolitamente para depor, \u201cSob Varas\u201d, express\u00e3o Jur\u00eddica de cunho popular que expressa, na realidade, quem \u00e9 levado \u201ca For\u00e7a\u201d para depor, sempre que se evade ao Poder Judici\u00e1rio, poucos dias ap\u00f3s negar-se a comparecer na Barra Funda, para depor sobre o poss\u00edvel favorecimento na aquisi\u00e7\u00e3o do Triplex no Guaruj\u00e1\/SP, perante o Minist\u00e9rio [&hellip;]<\/p>\n","protected":false},"author":2,"featured_media":92483,"comment_status":"open","ping_status":"closed","sticky":false,"template":"","format":"standard","meta":{"_acf_changed":false,"footnotes":""},"categories":[25],"tags":[],"class_list":["post-92482","post","type-post","status-publish","format-standard","has-post-thumbnail","hentry","category-opina-ai"],"acf":[],"yoast_head":"<!-- This site is optimized with the Yoast SEO plugin v27.5 - https:\/\/yoast.com\/product\/yoast-seo-wordpress\/ -->\n<title>Nem James Bond, o 007, tem licen\u00e7a da rainha da Inglaterra para roubar - Notibras<\/title>\n<meta name=\"robots\" content=\"index, follow, max-snippet:-1, max-image-preview:large, max-video-preview:-1\" \/>\n<link rel=\"canonical\" href=\"https:\/\/www.notibras.com\/site\/nem-james-bond-o-007-tem-licenca-da-rainha-da-inglaterra-para-roubar-e-ficar-impune\/\" \/>\n<meta property=\"og:locale\" content=\"pt_BR\" \/>\n<meta property=\"og:type\" content=\"article\" \/>\n<meta property=\"og:title\" content=\"Nem James Bond, o 007, tem licen\u00e7a da rainha da Inglaterra para roubar - Notibras\" \/>\n<meta property=\"og:description\" content=\"Pettersen Filho Conduzido insolitamente para depor, \u201cSob Varas\u201d, express\u00e3o Jur\u00eddica de cunho popular que expressa, na realidade, quem \u00e9 levado \u201ca For\u00e7a\u201d para depor, sempre que se evade ao Poder Judici\u00e1rio, poucos dias ap\u00f3s negar-se a comparecer na Barra Funda, para depor sobre o poss\u00edvel favorecimento na aquisi\u00e7\u00e3o do Triplex no Guaruj\u00e1\/SP, perante o Minist\u00e9rio [&hellip;]\" \/>\n<meta property=\"og:url\" content=\"https:\/\/www.notibras.com\/site\/nem-james-bond-o-007-tem-licenca-da-rainha-da-inglaterra-para-roubar-e-ficar-impune\/\" \/>\n<meta property=\"og:site_name\" content=\"Notibras\" \/>\n<meta property=\"article:publisher\" content=\"https:\/\/www.facebook.com\/notibras\/\" \/>\n<meta property=\"article:published_time\" content=\"2016-03-06T09:44:08+00:00\" \/>\n<meta property=\"article:modified_time\" content=\"2016-03-06T18:49:33+00:00\" \/>\n<meta property=\"og:image\" content=\"https:\/\/www.notibras.com\/site\/wp-content\/uploads\/2016\/03\/16020400-1.jpeg\" \/>\n\t<meta property=\"og:image:width\" content=\"635\" \/>\n\t<meta property=\"og:image:height\" content=\"444\" \/>\n\t<meta property=\"og:image:type\" content=\"image\/jpeg\" \/>\n<meta name=\"author\" content=\"Reda\u00e7\u00e3o\" \/>\n<meta name=\"twitter:card\" content=\"summary_large_image\" \/>\n<meta name=\"twitter:creator\" content=\"@Notibras\" \/>\n<meta name=\"twitter:site\" content=\"@Notibras\" \/>\n<meta name=\"twitter:label1\" content=\"Escrito por\" \/>\n\t<meta name=\"twitter:data1\" content=\"Reda\u00e7\u00e3o\" \/>\n\t<meta name=\"twitter:label2\" content=\"Est. tempo de leitura\" \/>\n\t<meta name=\"twitter:data2\" content=\"2 minutos\" \/>\n<script type=\"application\/ld+json\" class=\"yoast-schema-graph\">{\"@context\":\"https:\\\/\\\/schema.org\",\"@graph\":[{\"@type\":\"Article\",\"@id\":\"https:\\\/\\\/www.notibras.com\\\/site\\\/nem-james-bond-o-007-tem-licenca-da-rainha-da-inglaterra-para-roubar-e-ficar-impune\\\/#article\",\"isPartOf\":{\"@id\":\"https:\\\/\\\/www.notibras.com\\\/site\\\/nem-james-bond-o-007-tem-licenca-da-rainha-da-inglaterra-para-roubar-e-ficar-impune\\\/\"},\"author\":{\"name\":\"Reda\u00e7\u00e3o\",\"@id\":\"https:\\\/\\\/www.notibras.com\\\/site\\\/#\\\/schema\\\/person\\\/36ab0979449956132d3e5b517ea76ac8\"},\"headline\":\"Nem James Bond, o 007, tem licen\u00e7a da rainha da Inglaterra para roubar\",\"datePublished\":\"2016-03-06T09:44:08+00:00\",\"dateModified\":\"2016-03-06T18:49:33+00:00\",\"mainEntityOfPage\":{\"@id\":\"https:\\\/\\\/www.notibras.com\\\/site\\\/nem-james-bond-o-007-tem-licenca-da-rainha-da-inglaterra-para-roubar-e-ficar-impune\\\/\"},\"wordCount\":341,\"commentCount\":0,\"publisher\":{\"@id\":\"https:\\\/\\\/www.notibras.com\\\/site\\\/#organization\"},\"image\":{\"@id\":\"https:\\\/\\\/www.notibras.com\\\/site\\\/nem-james-bond-o-007-tem-licenca-da-rainha-da-inglaterra-para-roubar-e-ficar-impune\\\/#primaryimage\"},\"thumbnailUrl\":\"https:\\\/\\\/www.notibras.com\\\/site\\\/wp-content\\\/uploads\\\/2016\\\/03\\\/16020400-1.jpeg\",\"articleSection\":[\"Opina a\u00ed\"],\"inLanguage\":\"pt-BR\",\"potentialAction\":[{\"@type\":\"CommentAction\",\"name\":\"Comment\",\"target\":[\"https:\\\/\\\/www.notibras.com\\\/site\\\/nem-james-bond-o-007-tem-licenca-da-rainha-da-inglaterra-para-roubar-e-ficar-impune\\\/#respond\"]}]},{\"@type\":\"WebPage\",\"@id\":\"https:\\\/\\\/www.notibras.com\\\/site\\\/nem-james-bond-o-007-tem-licenca-da-rainha-da-inglaterra-para-roubar-e-ficar-impune\\\/\",\"url\":\"https:\\\/\\\/www.notibras.com\\\/site\\\/nem-james-bond-o-007-tem-licenca-da-rainha-da-inglaterra-para-roubar-e-ficar-impune\\\/\",\"name\":\"Nem James Bond, o 007, tem licen\u00e7a da rainha da Inglaterra para roubar - Notibras\",\"isPartOf\":{\"@id\":\"https:\\\/\\\/www.notibras.com\\\/site\\\/#website\"},\"primaryImageOfPage\":{\"@id\":\"https:\\\/\\\/www.notibras.com\\\/site\\\/nem-james-bond-o-007-tem-licenca-da-rainha-da-inglaterra-para-roubar-e-ficar-impune\\\/#primaryimage\"},\"image\":{\"@id\":\"https:\\\/\\\/www.notibras.com\\\/site\\\/nem-james-bond-o-007-tem-licenca-da-rainha-da-inglaterra-para-roubar-e-ficar-impune\\\/#primaryimage\"},\"thumbnailUrl\":\"https:\\\/\\\/www.notibras.com\\\/site\\\/wp-content\\\/uploads\\\/2016\\\/03\\\/16020400-1.jpeg\",\"datePublished\":\"2016-03-06T09:44:08+00:00\",\"dateModified\":\"2016-03-06T18:49:33+00:00\",\"breadcrumb\":{\"@id\":\"https:\\\/\\\/www.notibras.com\\\/site\\\/nem-james-bond-o-007-tem-licenca-da-rainha-da-inglaterra-para-roubar-e-ficar-impune\\\/#breadcrumb\"},\"inLanguage\":\"pt-BR\",\"potentialAction\":[{\"@type\":\"ReadAction\",\"target\":[\"https:\\\/\\\/www.notibras.com\\\/site\\\/nem-james-bond-o-007-tem-licenca-da-rainha-da-inglaterra-para-roubar-e-ficar-impune\\\/\"]}]},{\"@type\":\"ImageObject\",\"inLanguage\":\"pt-BR\",\"@id\":\"https:\\\/\\\/www.notibras.com\\\/site\\\/nem-james-bond-o-007-tem-licenca-da-rainha-da-inglaterra-para-roubar-e-ficar-impune\\\/#primaryimage\",\"url\":\"https:\\\/\\\/www.notibras.com\\\/site\\\/wp-content\\\/uploads\\\/2016\\\/03\\\/16020400-1.jpeg\",\"contentUrl\":\"https:\\\/\\\/www.notibras.com\\\/site\\\/wp-content\\\/uploads\\\/2016\\\/03\\\/16020400-1.jpeg\",\"width\":635,\"height\":444},{\"@type\":\"BreadcrumbList\",\"@id\":\"https:\\\/\\\/www.notibras.com\\\/site\\\/nem-james-bond-o-007-tem-licenca-da-rainha-da-inglaterra-para-roubar-e-ficar-impune\\\/#breadcrumb\",\"itemListElement\":[{\"@type\":\"ListItem\",\"position\":1,\"name\":\"In\u00edcio\",\"item\":\"https:\\\/\\\/www.notibras.com\\\/site\\\/\"},{\"@type\":\"ListItem\",\"position\":2,\"name\":\"Nem James Bond, o 007, tem licen\u00e7a da rainha da Inglaterra para roubar\"}]},{\"@type\":\"WebSite\",\"@id\":\"https:\\\/\\\/www.notibras.com\\\/site\\\/#website\",\"url\":\"https:\\\/\\\/www.notibras.com\\\/site\\\/\",\"name\":\"Notibras\",\"description\":\"Not\u00edcias de Bras\u00edlia, do Brasil e do Mundo\",\"publisher\":{\"@id\":\"https:\\\/\\\/www.notibras.com\\\/site\\\/#organization\"},\"potentialAction\":[{\"@type\":\"SearchAction\",\"target\":{\"@type\":\"EntryPoint\",\"urlTemplate\":\"https:\\\/\\\/www.notibras.com\\\/site\\\/?s={search_term_string}\"},\"query-input\":{\"@type\":\"PropertyValueSpecification\",\"valueRequired\":true,\"valueName\":\"search_term_string\"}}],\"inLanguage\":\"pt-BR\"},{\"@type\":\"Organization\",\"@id\":\"https:\\\/\\\/www.notibras.com\\\/site\\\/#organization\",\"name\":\"Grupo Notibras de Comunica\u00e7\u00e3o\",\"url\":\"https:\\\/\\\/www.notibras.com\\\/site\\\/\",\"logo\":{\"@type\":\"ImageObject\",\"inLanguage\":\"pt-BR\",\"@id\":\"https:\\\/\\\/www.notibras.com\\\/site\\\/#\\\/schema\\\/logo\\\/image\\\/\",\"url\":\"https:\\\/\\\/www.notibras.com\\\/site\\\/wp-content\\\/uploads\\\/2023\\\/01\\\/notibras23.png\",\"contentUrl\":\"https:\\\/\\\/www.notibras.com\\\/site\\\/wp-content\\\/uploads\\\/2023\\\/01\\\/notibras23.png\",\"width\":350,\"height\":87,\"caption\":\"Grupo Notibras de Comunica\u00e7\u00e3o\"},\"image\":{\"@id\":\"https:\\\/\\\/www.notibras.com\\\/site\\\/#\\\/schema\\\/logo\\\/image\\\/\"},\"sameAs\":[\"https:\\\/\\\/www.facebook.com\\\/notibras\\\/\",\"https:\\\/\\\/x.com\\\/Notibras\",\"https:\\\/\\\/www.instagram.com\\\/notibras\\\/\"]},{\"@type\":\"Person\",\"@id\":\"https:\\\/\\\/www.notibras.com\\\/site\\\/#\\\/schema\\\/person\\\/36ab0979449956132d3e5b517ea76ac8\",\"name\":\"Reda\u00e7\u00e3o\",\"image\":{\"@type\":\"ImageObject\",\"inLanguage\":\"pt-BR\",\"@id\":\"https:\\\/\\\/secure.gravatar.com\\\/avatar\\\/e0a867bdedb85fd243eadf09663511f96fc81e0720a4a42581f334ad4303aa6b?s=96&d=mm&r=g\",\"url\":\"https:\\\/\\\/secure.gravatar.com\\\/avatar\\\/e0a867bdedb85fd243eadf09663511f96fc81e0720a4a42581f334ad4303aa6b?s=96&d=mm&r=g\",\"contentUrl\":\"https:\\\/\\\/secure.gravatar.com\\\/avatar\\\/e0a867bdedb85fd243eadf09663511f96fc81e0720a4a42581f334ad4303aa6b?s=96&d=mm&r=g\",\"caption\":\"Reda\u00e7\u00e3o\"}}]}<\/script>\n<!-- \/ Yoast SEO plugin. -->","yoast_head_json":{"title":"Nem James Bond, o 007, tem licen\u00e7a da rainha da Inglaterra para roubar - Notibras","robots":{"index":"index","follow":"follow","max-snippet":"max-snippet:-1","max-image-preview":"max-image-preview:large","max-video-preview":"max-video-preview:-1"},"canonical":"https:\/\/www.notibras.com\/site\/nem-james-bond-o-007-tem-licenca-da-rainha-da-inglaterra-para-roubar-e-ficar-impune\/","og_locale":"pt_BR","og_type":"article","og_title":"Nem James Bond, o 007, tem licen\u00e7a da rainha da Inglaterra para roubar - Notibras","og_description":"Pettersen Filho Conduzido insolitamente para depor, \u201cSob Varas\u201d, express\u00e3o Jur\u00eddica de cunho popular que expressa, na realidade, quem \u00e9 levado \u201ca For\u00e7a\u201d para depor, sempre que se evade ao Poder Judici\u00e1rio, poucos dias ap\u00f3s negar-se a comparecer na Barra Funda, para depor sobre o poss\u00edvel favorecimento na aquisi\u00e7\u00e3o do Triplex no Guaruj\u00e1\/SP, perante o Minist\u00e9rio [&hellip;]","og_url":"https:\/\/www.notibras.com\/site\/nem-james-bond-o-007-tem-licenca-da-rainha-da-inglaterra-para-roubar-e-ficar-impune\/","og_site_name":"Notibras","article_publisher":"https:\/\/www.facebook.com\/notibras\/","article_published_time":"2016-03-06T09:44:08+00:00","article_modified_time":"2016-03-06T18:49:33+00:00","og_image":[{"width":635,"height":444,"url":"https:\/\/www.notibras.com\/site\/wp-content\/uploads\/2016\/03\/16020400-1.jpeg","type":"image\/jpeg"}],"author":"Reda\u00e7\u00e3o","twitter_card":"summary_large_image","twitter_creator":"@Notibras","twitter_site":"@Notibras","twitter_misc":{"Escrito por":"Reda\u00e7\u00e3o","Est. tempo de leitura":"2 minutos"},"schema":{"@context":"https:\/\/schema.org","@graph":[{"@type":"Article","@id":"https:\/\/www.notibras.com\/site\/nem-james-bond-o-007-tem-licenca-da-rainha-da-inglaterra-para-roubar-e-ficar-impune\/#article","isPartOf":{"@id":"https:\/\/www.notibras.com\/site\/nem-james-bond-o-007-tem-licenca-da-rainha-da-inglaterra-para-roubar-e-ficar-impune\/"},"author":{"name":"Reda\u00e7\u00e3o","@id":"https:\/\/www.notibras.com\/site\/#\/schema\/person\/36ab0979449956132d3e5b517ea76ac8"},"headline":"Nem James Bond, o 007, tem licen\u00e7a da rainha da Inglaterra para roubar","datePublished":"2016-03-06T09:44:08+00:00","dateModified":"2016-03-06T18:49:33+00:00","mainEntityOfPage":{"@id":"https:\/\/www.notibras.com\/site\/nem-james-bond-o-007-tem-licenca-da-rainha-da-inglaterra-para-roubar-e-ficar-impune\/"},"wordCount":341,"commentCount":0,"publisher":{"@id":"https:\/\/www.notibras.com\/site\/#organization"},"image":{"@id":"https:\/\/www.notibras.com\/site\/nem-james-bond-o-007-tem-licenca-da-rainha-da-inglaterra-para-roubar-e-ficar-impune\/#primaryimage"},"thumbnailUrl":"https:\/\/www.notibras.com\/site\/wp-content\/uploads\/2016\/03\/16020400-1.jpeg","articleSection":["Opina a\u00ed"],"inLanguage":"pt-BR","potentialAction":[{"@type":"CommentAction","name":"Comment","target":["https:\/\/www.notibras.com\/site\/nem-james-bond-o-007-tem-licenca-da-rainha-da-inglaterra-para-roubar-e-ficar-impune\/#respond"]}]},{"@type":"WebPage","@id":"https:\/\/www.notibras.com\/site\/nem-james-bond-o-007-tem-licenca-da-rainha-da-inglaterra-para-roubar-e-ficar-impune\/","url":"https:\/\/www.notibras.com\/site\/nem-james-bond-o-007-tem-licenca-da-rainha-da-inglaterra-para-roubar-e-ficar-impune\/","name":"Nem James Bond, o 007, tem licen\u00e7a da rainha da Inglaterra para roubar - Notibras","isPartOf":{"@id":"https:\/\/www.notibras.com\/site\/#website"},"primaryImageOfPage":{"@id":"https:\/\/www.notibras.com\/site\/nem-james-bond-o-007-tem-licenca-da-rainha-da-inglaterra-para-roubar-e-ficar-impune\/#primaryimage"},"image":{"@id":"https:\/\/www.notibras.com\/site\/nem-james-bond-o-007-tem-licenca-da-rainha-da-inglaterra-para-roubar-e-ficar-impune\/#primaryimage"},"thumbnailUrl":"https:\/\/www.notibras.com\/site\/wp-content\/uploads\/2016\/03\/16020400-1.jpeg","datePublished":"2016-03-06T09:44:08+00:00","dateModified":"2016-03-06T18:49:33+00:00","breadcrumb":{"@id":"https:\/\/www.notibras.com\/site\/nem-james-bond-o-007-tem-licenca-da-rainha-da-inglaterra-para-roubar-e-ficar-impune\/#breadcrumb"},"inLanguage":"pt-BR","potentialAction":[{"@type":"ReadAction","target":["https:\/\/www.notibras.com\/site\/nem-james-bond-o-007-tem-licenca-da-rainha-da-inglaterra-para-roubar-e-ficar-impune\/"]}]},{"@type":"ImageObject","inLanguage":"pt-BR","@id":"https:\/\/www.notibras.com\/site\/nem-james-bond-o-007-tem-licenca-da-rainha-da-inglaterra-para-roubar-e-ficar-impune\/#primaryimage","url":"https:\/\/www.notibras.com\/site\/wp-content\/uploads\/2016\/03\/16020400-1.jpeg","contentUrl":"https:\/\/www.notibras.com\/site\/wp-content\/uploads\/2016\/03\/16020400-1.jpeg","width":635,"height":444},{"@type":"BreadcrumbList","@id":"https:\/\/www.notibras.com\/site\/nem-james-bond-o-007-tem-licenca-da-rainha-da-inglaterra-para-roubar-e-ficar-impune\/#breadcrumb","itemListElement":[{"@type":"ListItem","position":1,"name":"In\u00edcio","item":"https:\/\/www.notibras.com\/site\/"},{"@type":"ListItem","position":2,"name":"Nem James Bond, o 007, tem licen\u00e7a da rainha da Inglaterra para roubar"}]},{"@type":"WebSite","@id":"https:\/\/www.notibras.com\/site\/#website","url":"https:\/\/www.notibras.com\/site\/","name":"Notibras","description":"Not\u00edcias de Bras\u00edlia, do Brasil e do Mundo","publisher":{"@id":"https:\/\/www.notibras.com\/site\/#organization"},"potentialAction":[{"@type":"SearchAction","target":{"@type":"EntryPoint","urlTemplate":"https:\/\/www.notibras.com\/site\/?s={search_term_string}"},"query-input":{"@type":"PropertyValueSpecification","valueRequired":true,"valueName":"search_term_string"}}],"inLanguage":"pt-BR"},{"@type":"Organization","@id":"https:\/\/www.notibras.com\/site\/#organization","name":"Grupo Notibras de Comunica\u00e7\u00e3o","url":"https:\/\/www.notibras.com\/site\/","logo":{"@type":"ImageObject","inLanguage":"pt-BR","@id":"https:\/\/www.notibras.com\/site\/#\/schema\/logo\/image\/","url":"https:\/\/www.notibras.com\/site\/wp-content\/uploads\/2023\/01\/notibras23.png","contentUrl":"https:\/\/www.notibras.com\/site\/wp-content\/uploads\/2023\/01\/notibras23.png","width":350,"height":87,"caption":"Grupo Notibras de Comunica\u00e7\u00e3o"},"image":{"@id":"https:\/\/www.notibras.com\/site\/#\/schema\/logo\/image\/"},"sameAs":["https:\/\/www.facebook.com\/notibras\/","https:\/\/x.com\/Notibras","https:\/\/www.instagram.com\/notibras\/"]},{"@type":"Person","@id":"https:\/\/www.notibras.com\/site\/#\/schema\/person\/36ab0979449956132d3e5b517ea76ac8","name":"Reda\u00e7\u00e3o","image":{"@type":"ImageObject","inLanguage":"pt-BR","@id":"https:\/\/secure.gravatar.com\/avatar\/e0a867bdedb85fd243eadf09663511f96fc81e0720a4a42581f334ad4303aa6b?s=96&d=mm&r=g","url":"https:\/\/secure.gravatar.com\/avatar\/e0a867bdedb85fd243eadf09663511f96fc81e0720a4a42581f334ad4303aa6b?s=96&d=mm&r=g","contentUrl":"https:\/\/secure.gravatar.com\/avatar\/e0a867bdedb85fd243eadf09663511f96fc81e0720a4a42581f334ad4303aa6b?s=96&d=mm&r=g","caption":"Reda\u00e7\u00e3o"}}]}},"amp_enabled":true,"_links":{"self":[{"href":"https:\/\/www.notibras.com\/site\/wp-json\/wp\/v2\/posts\/92482","targetHints":{"allow":["GET"]}}],"collection":[{"href":"https:\/\/www.notibras.com\/site\/wp-json\/wp\/v2\/posts"}],"about":[{"href":"https:\/\/www.notibras.com\/site\/wp-json\/wp\/v2\/types\/post"}],"author":[{"embeddable":true,"href":"https:\/\/www.notibras.com\/site\/wp-json\/wp\/v2\/users\/2"}],"replies":[{"embeddable":true,"href":"https:\/\/www.notibras.com\/site\/wp-json\/wp\/v2\/comments?post=92482"}],"version-history":[{"count":2,"href":"https:\/\/www.notibras.com\/site\/wp-json\/wp\/v2\/posts\/92482\/revisions"}],"predecessor-version":[{"id":92485,"href":"https:\/\/www.notibras.com\/site\/wp-json\/wp\/v2\/posts\/92482\/revisions\/92485"}],"wp:featuredmedia":[{"embeddable":true,"href":"https:\/\/www.notibras.com\/site\/wp-json\/wp\/v2\/media\/92483"}],"wp:attachment":[{"href":"https:\/\/www.notibras.com\/site\/wp-json\/wp\/v2\/media?parent=92482"}],"wp:term":[{"taxonomy":"category","embeddable":true,"href":"https:\/\/www.notibras.com\/site\/wp-json\/wp\/v2\/categories?post=92482"},{"taxonomy":"post_tag","embeddable":true,"href":"https:\/\/www.notibras.com\/site\/wp-json\/wp\/v2\/tags?post=92482"}],"curies":[{"name":"wp","href":"https:\/\/api.w.org\/{rel}","templated":true}]}}