{"id":9249,"date":"2014-05-12T16:27:34","date_gmt":"2014-05-12T19:27:34","guid":{"rendered":"http:\/\/www.notibras.com\/site\/?p=9249"},"modified":"2014-05-13T08:49:16","modified_gmt":"2014-05-13T11:49:16","slug":"continua-caca-a-mensaleiros-agora-quem-nao-pode-trabalhar-fora-e-delubiio","status":"publish","type":"post","link":"https:\/\/www.notibras.com\/site\/continua-caca-a-mensaleiros-agora-quem-nao-pode-trabalhar-fora-e-delubiio\/","title":{"rendered":"Segue ca\u00e7ada a mensaleiros; agora at\u00e9 Del\u00fabio \u00e9 proibido de trabalhar fora da Papuda"},"content":{"rendered":"<p>O presidente do Supremo Tribunal Federal (STF), Joaquim Barbosa, revogou o benef\u00edcio de trabalho externo do ex-tesoureiro do PT Del\u00fabio Soares, condenado ao regime semiaberto na A\u00e7\u00e3o Penal 470, o processo do mensal\u00e3o. Del\u00fabio foi autorizado a trabalhar na sede da Central \u00danica dos Trabalhadores (CUT), em Bras\u00edlia. O ministro entendeu que ele n\u00e3o tem direito ao benef\u00edcio por n\u00e3o ter cumprido um sexto da pena de seis anos e oito meses.<\/p>\n<p>\u201cPara que tenha direito \u00e0 presta\u00e7\u00e3o de trabalho externo, \u00e9 preciso que cumpra, ao menos, um ano, dois meses e dez dias de pris\u00e3o no regime semiaberto, podendo descontar os dias remidos pelo trabalho que eventualmente venha a prestar no interior do sistema prisional, caso sejam homologados e n\u00e3o haja pr\u00e1tica de falta grave\u201d, disse Barbosa.<\/p>\n<p>Na decis\u00e3o, Barbosa tamb\u00e9m alegou que Del\u00fabio n\u00e3o pode trabalhar na CUT pelo fato de a entidade ser vinculada ao PT. \u201cN\u00e3o se tem not\u00edcia de qualquer controle do Poder P\u00fablico sobre a atividade por ele desenvolvida; n\u00e3o se sabe quais s\u00e3o os requisitos para o controle de sua produtividade; tampouco h\u00e1 registro de quem controla a sua frequ\u00eancia e a sua jornada de trabalho, muito menos de como se exerce a indispens\u00e1vel vigil\u00e2ncia. A &#8216;proposta de emprego&#8217; formulada pela CUT n\u00e3o aponta meios e formas controle do trabalho\u201d.<\/p>\n<p>Com o mesmo argumento, Barbosa tamb\u00e9m revogou o trabalho externo do ex-deputado Romeu Queiroz, do ex-advogado Rog\u00e9rio Tolentino e do ex-ministro da Casa Civil Jos\u00e9 Dirceu, que n\u00e3o chegou a deixar a Penitenci\u00e1ria da Papuda, no Distrito Federal, para trabalhar. Todos foram condenados na A\u00e7\u00e3o Penal 470.<\/p>\n<div class=\"node-info\"><strong>Andr\u00e9 Richter, ABr<\/strong><strong><br \/>\n<\/strong><\/div>\n","protected":false},"excerpt":{"rendered":"<p>O presidente do Supremo Tribunal Federal (STF), Joaquim Barbosa, revogou o benef\u00edcio de trabalho externo do ex-tesoureiro do PT Del\u00fabio Soares, condenado ao regime semiaberto na A\u00e7\u00e3o Penal 470, o processo do mensal\u00e3o. Del\u00fabio foi autorizado a trabalhar na sede da Central \u00danica dos Trabalhadores (CUT), em Bras\u00edlia. O ministro entendeu que ele n\u00e3o tem [&hellip;]<\/p>\n","protected":false},"author":2,"featured_media":9251,"comment_status":"open","ping_status":"closed","sticky":false,"template":"","format":"standard","meta":{"_acf_changed":false,"footnotes":""},"categories":[16],"tags":[],"class_list":["post-9249","post","type-post","status-publish","format-standard","has-post-thumbnail","hentry","category-brasil"],"acf":[],"yoast_head":"<!-- This site is optimized with the Yoast SEO plugin v27.2 - https:\/\/yoast.com\/product\/yoast-seo-wordpress\/ -->\n<title>Segue ca\u00e7ada a mensaleiros; agora at\u00e9 Del\u00fabio \u00e9 proibido de trabalhar fora da Papuda - Notibras<\/title>\n<meta name=\"robots\" content=\"index, follow, max-snippet:-1, max-image-preview:large, max-video-preview:-1\" \/>\n<link rel=\"canonical\" href=\"https:\/\/www.notibras.com\/site\/continua-caca-a-mensaleiros-agora-quem-nao-pode-trabalhar-fora-e-delubiio\/\" \/>\n<meta property=\"og:locale\" content=\"pt_BR\" \/>\n<meta property=\"og:type\" content=\"article\" \/>\n<meta property=\"og:title\" content=\"Segue ca\u00e7ada a mensaleiros; agora at\u00e9 Del\u00fabio \u00e9 proibido de trabalhar fora da Papuda - Notibras\" \/>\n<meta property=\"og:description\" content=\"O presidente do Supremo Tribunal Federal (STF), Joaquim Barbosa, revogou o benef\u00edcio de trabalho externo do ex-tesoureiro do PT Del\u00fabio Soares, condenado ao regime semiaberto na A\u00e7\u00e3o Penal 470, o processo do mensal\u00e3o. Del\u00fabio foi autorizado a trabalhar na sede da Central \u00danica dos Trabalhadores (CUT), em Bras\u00edlia. O ministro entendeu que ele n\u00e3o tem [&hellip;]\" \/>\n<meta property=\"og:url\" content=\"https:\/\/www.notibras.com\/site\/continua-caca-a-mensaleiros-agora-quem-nao-pode-trabalhar-fora-e-delubiio\/\" \/>\n<meta property=\"og:site_name\" content=\"Notibras\" \/>\n<meta property=\"article:publisher\" content=\"https:\/\/www.facebook.com\/notibras\/\" \/>\n<meta property=\"article:published_time\" content=\"2014-05-12T19:27:34+00:00\" \/>\n<meta property=\"article:modified_time\" content=\"2014-05-13T11:49:16+00:00\" \/>\n<meta property=\"og:image\" content=\"https:\/\/www.notibras.com\/site\/wp-content\/uploads\/2014\/05\/pt1.jpg\" \/>\n\t<meta property=\"og:image:width\" content=\"300\" \/>\n\t<meta property=\"og:image:height\" content=\"300\" \/>\n\t<meta property=\"og:image:type\" content=\"image\/jpeg\" \/>\n<meta name=\"author\" content=\"Reda\u00e7\u00e3o\" \/>\n<meta name=\"twitter:card\" content=\"summary_large_image\" \/>\n<meta name=\"twitter:creator\" content=\"@Notibras\" \/>\n<meta name=\"twitter:site\" content=\"@Notibras\" \/>\n<meta name=\"twitter:label1\" content=\"Escrito por\" \/>\n\t<meta name=\"twitter:data1\" content=\"Reda\u00e7\u00e3o\" \/>\n\t<meta name=\"twitter:label2\" content=\"Est. tempo de leitura\" \/>\n\t<meta name=\"twitter:data2\" content=\"1 minuto\" \/>\n<script type=\"application\/ld+json\" class=\"yoast-schema-graph\">{\"@context\":\"https:\/\/schema.org\",\"@graph\":[{\"@type\":\"Article\",\"@id\":\"https:\/\/www.notibras.com\/site\/continua-caca-a-mensaleiros-agora-quem-nao-pode-trabalhar-fora-e-delubiio\/#article\",\"isPartOf\":{\"@id\":\"https:\/\/www.notibras.com\/site\/continua-caca-a-mensaleiros-agora-quem-nao-pode-trabalhar-fora-e-delubiio\/\"},\"author\":{\"name\":\"Reda\u00e7\u00e3o\",\"@id\":\"https:\/\/www.notibras.com\/site\/#\/schema\/person\/36ab0979449956132d3e5b517ea76ac8\"},\"headline\":\"Segue ca\u00e7ada a mensaleiros; agora at\u00e9 Del\u00fabio \u00e9 proibido de trabalhar fora da Papuda\",\"datePublished\":\"2014-05-12T19:27:34+00:00\",\"dateModified\":\"2014-05-13T11:49:16+00:00\",\"mainEntityOfPage\":{\"@id\":\"https:\/\/www.notibras.com\/site\/continua-caca-a-mensaleiros-agora-quem-nao-pode-trabalhar-fora-e-delubiio\/\"},\"wordCount\":309,\"commentCount\":0,\"publisher\":{\"@id\":\"https:\/\/www.notibras.com\/site\/#organization\"},\"image\":{\"@id\":\"https:\/\/www.notibras.com\/site\/continua-caca-a-mensaleiros-agora-quem-nao-pode-trabalhar-fora-e-delubiio\/#primaryimage\"},\"thumbnailUrl\":\"https:\/\/www.notibras.com\/site\/wp-content\/uploads\/2014\/05\/pt1.jpg\",\"articleSection\":[\"Brasil\"],\"inLanguage\":\"pt-BR\",\"potentialAction\":[{\"@type\":\"CommentAction\",\"name\":\"Comment\",\"target\":[\"https:\/\/www.notibras.com\/site\/continua-caca-a-mensaleiros-agora-quem-nao-pode-trabalhar-fora-e-delubiio\/#respond\"]}]},{\"@type\":\"WebPage\",\"@id\":\"https:\/\/www.notibras.com\/site\/continua-caca-a-mensaleiros-agora-quem-nao-pode-trabalhar-fora-e-delubiio\/\",\"url\":\"https:\/\/www.notibras.com\/site\/continua-caca-a-mensaleiros-agora-quem-nao-pode-trabalhar-fora-e-delubiio\/\",\"name\":\"Segue ca\u00e7ada a mensaleiros; agora at\u00e9 Del\u00fabio \u00e9 proibido de trabalhar fora da Papuda - Notibras\",\"isPartOf\":{\"@id\":\"https:\/\/www.notibras.com\/site\/#website\"},\"primaryImageOfPage\":{\"@id\":\"https:\/\/www.notibras.com\/site\/continua-caca-a-mensaleiros-agora-quem-nao-pode-trabalhar-fora-e-delubiio\/#primaryimage\"},\"image\":{\"@id\":\"https:\/\/www.notibras.com\/site\/continua-caca-a-mensaleiros-agora-quem-nao-pode-trabalhar-fora-e-delubiio\/#primaryimage\"},\"thumbnailUrl\":\"https:\/\/www.notibras.com\/site\/wp-content\/uploads\/2014\/05\/pt1.jpg\",\"datePublished\":\"2014-05-12T19:27:34+00:00\",\"dateModified\":\"2014-05-13T11:49:16+00:00\",\"breadcrumb\":{\"@id\":\"https:\/\/www.notibras.com\/site\/continua-caca-a-mensaleiros-agora-quem-nao-pode-trabalhar-fora-e-delubiio\/#breadcrumb\"},\"inLanguage\":\"pt-BR\",\"potentialAction\":[{\"@type\":\"ReadAction\",\"target\":[\"https:\/\/www.notibras.com\/site\/continua-caca-a-mensaleiros-agora-quem-nao-pode-trabalhar-fora-e-delubiio\/\"]}]},{\"@type\":\"ImageObject\",\"inLanguage\":\"pt-BR\",\"@id\":\"https:\/\/www.notibras.com\/site\/continua-caca-a-mensaleiros-agora-quem-nao-pode-trabalhar-fora-e-delubiio\/#primaryimage\",\"url\":\"https:\/\/www.notibras.com\/site\/wp-content\/uploads\/2014\/05\/pt1.jpg\",\"contentUrl\":\"https:\/\/www.notibras.com\/site\/wp-content\/uploads\/2014\/05\/pt1.jpg\",\"width\":300,\"height\":300},{\"@type\":\"BreadcrumbList\",\"@id\":\"https:\/\/www.notibras.com\/site\/continua-caca-a-mensaleiros-agora-quem-nao-pode-trabalhar-fora-e-delubiio\/#breadcrumb\",\"itemListElement\":[{\"@type\":\"ListItem\",\"position\":1,\"name\":\"In\u00edcio\",\"item\":\"https:\/\/www.notibras.com\/site\/\"},{\"@type\":\"ListItem\",\"position\":2,\"name\":\"Segue ca\u00e7ada a mensaleiros; agora at\u00e9 Del\u00fabio \u00e9 proibido de trabalhar fora da Papuda\"}]},{\"@type\":\"WebSite\",\"@id\":\"https:\/\/www.notibras.com\/site\/#website\",\"url\":\"https:\/\/www.notibras.com\/site\/\",\"name\":\"Notibras\",\"description\":\"Not\u00edcias de Bras\u00edlia, do Brasil e do Mundo\",\"publisher\":{\"@id\":\"https:\/\/www.notibras.com\/site\/#organization\"},\"potentialAction\":[{\"@type\":\"SearchAction\",\"target\":{\"@type\":\"EntryPoint\",\"urlTemplate\":\"https:\/\/www.notibras.com\/site\/?s={search_term_string}\"},\"query-input\":{\"@type\":\"PropertyValueSpecification\",\"valueRequired\":true,\"valueName\":\"search_term_string\"}}],\"inLanguage\":\"pt-BR\"},{\"@type\":\"Organization\",\"@id\":\"https:\/\/www.notibras.com\/site\/#organization\",\"name\":\"Grupo Notibras de Comunica\u00e7\u00e3o\",\"url\":\"https:\/\/www.notibras.com\/site\/\",\"logo\":{\"@type\":\"ImageObject\",\"inLanguage\":\"pt-BR\",\"@id\":\"https:\/\/www.notibras.com\/site\/#\/schema\/logo\/image\/\",\"url\":\"https:\/\/www.notibras.com\/site\/wp-content\/uploads\/2023\/01\/notibras23.png\",\"contentUrl\":\"https:\/\/www.notibras.com\/site\/wp-content\/uploads\/2023\/01\/notibras23.png\",\"width\":350,\"height\":87,\"caption\":\"Grupo Notibras de Comunica\u00e7\u00e3o\"},\"image\":{\"@id\":\"https:\/\/www.notibras.com\/site\/#\/schema\/logo\/image\/\"},\"sameAs\":[\"https:\/\/www.facebook.com\/notibras\/\",\"https:\/\/x.com\/Notibras\",\"https:\/\/www.instagram.com\/notibras\/\"]},{\"@type\":\"Person\",\"@id\":\"https:\/\/www.notibras.com\/site\/#\/schema\/person\/36ab0979449956132d3e5b517ea76ac8\",\"name\":\"Reda\u00e7\u00e3o\",\"image\":{\"@type\":\"ImageObject\",\"inLanguage\":\"pt-BR\",\"@id\":\"https:\/\/secure.gravatar.com\/avatar\/e0a867bdedb85fd243eadf09663511f96fc81e0720a4a42581f334ad4303aa6b?s=96&d=mm&r=g\",\"url\":\"https:\/\/secure.gravatar.com\/avatar\/e0a867bdedb85fd243eadf09663511f96fc81e0720a4a42581f334ad4303aa6b?s=96&d=mm&r=g\",\"contentUrl\":\"https:\/\/secure.gravatar.com\/avatar\/e0a867bdedb85fd243eadf09663511f96fc81e0720a4a42581f334ad4303aa6b?s=96&d=mm&r=g\",\"caption\":\"Reda\u00e7\u00e3o\"}}]}<\/script>\n<!-- \/ Yoast SEO plugin. -->","yoast_head_json":{"title":"Segue ca\u00e7ada a mensaleiros; agora at\u00e9 Del\u00fabio \u00e9 proibido de trabalhar fora da Papuda - Notibras","robots":{"index":"index","follow":"follow","max-snippet":"max-snippet:-1","max-image-preview":"max-image-preview:large","max-video-preview":"max-video-preview:-1"},"canonical":"https:\/\/www.notibras.com\/site\/continua-caca-a-mensaleiros-agora-quem-nao-pode-trabalhar-fora-e-delubiio\/","og_locale":"pt_BR","og_type":"article","og_title":"Segue ca\u00e7ada a mensaleiros; agora at\u00e9 Del\u00fabio \u00e9 proibido de trabalhar fora da Papuda - Notibras","og_description":"O presidente do Supremo Tribunal Federal (STF), Joaquim Barbosa, revogou o benef\u00edcio de trabalho externo do ex-tesoureiro do PT Del\u00fabio Soares, condenado ao regime semiaberto na A\u00e7\u00e3o Penal 470, o processo do mensal\u00e3o. Del\u00fabio foi autorizado a trabalhar na sede da Central \u00danica dos Trabalhadores (CUT), em Bras\u00edlia. O ministro entendeu que ele n\u00e3o tem [&hellip;]","og_url":"https:\/\/www.notibras.com\/site\/continua-caca-a-mensaleiros-agora-quem-nao-pode-trabalhar-fora-e-delubiio\/","og_site_name":"Notibras","article_publisher":"https:\/\/www.facebook.com\/notibras\/","article_published_time":"2014-05-12T19:27:34+00:00","article_modified_time":"2014-05-13T11:49:16+00:00","og_image":[{"width":300,"height":300,"url":"https:\/\/www.notibras.com\/site\/wp-content\/uploads\/2014\/05\/pt1.jpg","type":"image\/jpeg"}],"author":"Reda\u00e7\u00e3o","twitter_card":"summary_large_image","twitter_creator":"@Notibras","twitter_site":"@Notibras","twitter_misc":{"Escrito por":"Reda\u00e7\u00e3o","Est. tempo de leitura":"1 minuto"},"schema":{"@context":"https:\/\/schema.org","@graph":[{"@type":"Article","@id":"https:\/\/www.notibras.com\/site\/continua-caca-a-mensaleiros-agora-quem-nao-pode-trabalhar-fora-e-delubiio\/#article","isPartOf":{"@id":"https:\/\/www.notibras.com\/site\/continua-caca-a-mensaleiros-agora-quem-nao-pode-trabalhar-fora-e-delubiio\/"},"author":{"name":"Reda\u00e7\u00e3o","@id":"https:\/\/www.notibras.com\/site\/#\/schema\/person\/36ab0979449956132d3e5b517ea76ac8"},"headline":"Segue ca\u00e7ada a mensaleiros; agora at\u00e9 Del\u00fabio \u00e9 proibido de trabalhar fora da Papuda","datePublished":"2014-05-12T19:27:34+00:00","dateModified":"2014-05-13T11:49:16+00:00","mainEntityOfPage":{"@id":"https:\/\/www.notibras.com\/site\/continua-caca-a-mensaleiros-agora-quem-nao-pode-trabalhar-fora-e-delubiio\/"},"wordCount":309,"commentCount":0,"publisher":{"@id":"https:\/\/www.notibras.com\/site\/#organization"},"image":{"@id":"https:\/\/www.notibras.com\/site\/continua-caca-a-mensaleiros-agora-quem-nao-pode-trabalhar-fora-e-delubiio\/#primaryimage"},"thumbnailUrl":"https:\/\/www.notibras.com\/site\/wp-content\/uploads\/2014\/05\/pt1.jpg","articleSection":["Brasil"],"inLanguage":"pt-BR","potentialAction":[{"@type":"CommentAction","name":"Comment","target":["https:\/\/www.notibras.com\/site\/continua-caca-a-mensaleiros-agora-quem-nao-pode-trabalhar-fora-e-delubiio\/#respond"]}]},{"@type":"WebPage","@id":"https:\/\/www.notibras.com\/site\/continua-caca-a-mensaleiros-agora-quem-nao-pode-trabalhar-fora-e-delubiio\/","url":"https:\/\/www.notibras.com\/site\/continua-caca-a-mensaleiros-agora-quem-nao-pode-trabalhar-fora-e-delubiio\/","name":"Segue ca\u00e7ada a mensaleiros; agora at\u00e9 Del\u00fabio \u00e9 proibido de trabalhar fora da Papuda - Notibras","isPartOf":{"@id":"https:\/\/www.notibras.com\/site\/#website"},"primaryImageOfPage":{"@id":"https:\/\/www.notibras.com\/site\/continua-caca-a-mensaleiros-agora-quem-nao-pode-trabalhar-fora-e-delubiio\/#primaryimage"},"image":{"@id":"https:\/\/www.notibras.com\/site\/continua-caca-a-mensaleiros-agora-quem-nao-pode-trabalhar-fora-e-delubiio\/#primaryimage"},"thumbnailUrl":"https:\/\/www.notibras.com\/site\/wp-content\/uploads\/2014\/05\/pt1.jpg","datePublished":"2014-05-12T19:27:34+00:00","dateModified":"2014-05-13T11:49:16+00:00","breadcrumb":{"@id":"https:\/\/www.notibras.com\/site\/continua-caca-a-mensaleiros-agora-quem-nao-pode-trabalhar-fora-e-delubiio\/#breadcrumb"},"inLanguage":"pt-BR","potentialAction":[{"@type":"ReadAction","target":["https:\/\/www.notibras.com\/site\/continua-caca-a-mensaleiros-agora-quem-nao-pode-trabalhar-fora-e-delubiio\/"]}]},{"@type":"ImageObject","inLanguage":"pt-BR","@id":"https:\/\/www.notibras.com\/site\/continua-caca-a-mensaleiros-agora-quem-nao-pode-trabalhar-fora-e-delubiio\/#primaryimage","url":"https:\/\/www.notibras.com\/site\/wp-content\/uploads\/2014\/05\/pt1.jpg","contentUrl":"https:\/\/www.notibras.com\/site\/wp-content\/uploads\/2014\/05\/pt1.jpg","width":300,"height":300},{"@type":"BreadcrumbList","@id":"https:\/\/www.notibras.com\/site\/continua-caca-a-mensaleiros-agora-quem-nao-pode-trabalhar-fora-e-delubiio\/#breadcrumb","itemListElement":[{"@type":"ListItem","position":1,"name":"In\u00edcio","item":"https:\/\/www.notibras.com\/site\/"},{"@type":"ListItem","position":2,"name":"Segue ca\u00e7ada a mensaleiros; agora at\u00e9 Del\u00fabio \u00e9 proibido de trabalhar fora da Papuda"}]},{"@type":"WebSite","@id":"https:\/\/www.notibras.com\/site\/#website","url":"https:\/\/www.notibras.com\/site\/","name":"Notibras","description":"Not\u00edcias de Bras\u00edlia, do Brasil e do Mundo","publisher":{"@id":"https:\/\/www.notibras.com\/site\/#organization"},"potentialAction":[{"@type":"SearchAction","target":{"@type":"EntryPoint","urlTemplate":"https:\/\/www.notibras.com\/site\/?s={search_term_string}"},"query-input":{"@type":"PropertyValueSpecification","valueRequired":true,"valueName":"search_term_string"}}],"inLanguage":"pt-BR"},{"@type":"Organization","@id":"https:\/\/www.notibras.com\/site\/#organization","name":"Grupo Notibras de Comunica\u00e7\u00e3o","url":"https:\/\/www.notibras.com\/site\/","logo":{"@type":"ImageObject","inLanguage":"pt-BR","@id":"https:\/\/www.notibras.com\/site\/#\/schema\/logo\/image\/","url":"https:\/\/www.notibras.com\/site\/wp-content\/uploads\/2023\/01\/notibras23.png","contentUrl":"https:\/\/www.notibras.com\/site\/wp-content\/uploads\/2023\/01\/notibras23.png","width":350,"height":87,"caption":"Grupo Notibras de Comunica\u00e7\u00e3o"},"image":{"@id":"https:\/\/www.notibras.com\/site\/#\/schema\/logo\/image\/"},"sameAs":["https:\/\/www.facebook.com\/notibras\/","https:\/\/x.com\/Notibras","https:\/\/www.instagram.com\/notibras\/"]},{"@type":"Person","@id":"https:\/\/www.notibras.com\/site\/#\/schema\/person\/36ab0979449956132d3e5b517ea76ac8","name":"Reda\u00e7\u00e3o","image":{"@type":"ImageObject","inLanguage":"pt-BR","@id":"https:\/\/secure.gravatar.com\/avatar\/e0a867bdedb85fd243eadf09663511f96fc81e0720a4a42581f334ad4303aa6b?s=96&d=mm&r=g","url":"https:\/\/secure.gravatar.com\/avatar\/e0a867bdedb85fd243eadf09663511f96fc81e0720a4a42581f334ad4303aa6b?s=96&d=mm&r=g","contentUrl":"https:\/\/secure.gravatar.com\/avatar\/e0a867bdedb85fd243eadf09663511f96fc81e0720a4a42581f334ad4303aa6b?s=96&d=mm&r=g","caption":"Reda\u00e7\u00e3o"}}]}},"amp_enabled":true,"_links":{"self":[{"href":"https:\/\/www.notibras.com\/site\/wp-json\/wp\/v2\/posts\/9249","targetHints":{"allow":["GET"]}}],"collection":[{"href":"https:\/\/www.notibras.com\/site\/wp-json\/wp\/v2\/posts"}],"about":[{"href":"https:\/\/www.notibras.com\/site\/wp-json\/wp\/v2\/types\/post"}],"author":[{"embeddable":true,"href":"https:\/\/www.notibras.com\/site\/wp-json\/wp\/v2\/users\/2"}],"replies":[{"embeddable":true,"href":"https:\/\/www.notibras.com\/site\/wp-json\/wp\/v2\/comments?post=9249"}],"version-history":[{"count":0,"href":"https:\/\/www.notibras.com\/site\/wp-json\/wp\/v2\/posts\/9249\/revisions"}],"wp:featuredmedia":[{"embeddable":true,"href":"https:\/\/www.notibras.com\/site\/wp-json\/wp\/v2\/media\/9251"}],"wp:attachment":[{"href":"https:\/\/www.notibras.com\/site\/wp-json\/wp\/v2\/media?parent=9249"}],"wp:term":[{"taxonomy":"category","embeddable":true,"href":"https:\/\/www.notibras.com\/site\/wp-json\/wp\/v2\/categories?post=9249"},{"taxonomy":"post_tag","embeddable":true,"href":"https:\/\/www.notibras.com\/site\/wp-json\/wp\/v2\/tags?post=9249"}],"curies":[{"name":"wp","href":"https:\/\/api.w.org\/{rel}","templated":true}]}}