{"id":93190,"date":"2016-03-10T13:54:57","date_gmt":"2016-03-10T16:54:57","guid":{"rendered":"http:\/\/www.notibras.com\/site\/?p=93190"},"modified":"2016-03-12T00:21:32","modified_gmt":"2016-03-12T03:21:32","slug":"vovo-de-88-anos-e-multado-com-porsche-a-mais-de-100-em-area-de-70","status":"publish","type":"post","link":"https:\/\/www.notibras.com\/site\/vovo-de-88-anos-e-multado-com-porsche-a-mais-de-100-em-area-de-70\/","title":{"rendered":"Vov\u00f4 de 88 anos \u00e9 multado com Porsche a 122 km\/h em \u00e1rea de 70"},"content":{"rendered":"<p>O australiano Christian Tittel, de 88 anos, que teve seu esportivo de luxo, um Porsche Carrera 911, apreendido ap\u00f3s ser flagrado em alta velocidade em Hamilton Hill, sub\u00farbio de Perth, na Austr\u00e1lia, disse que n\u00e3o percebeu que estava acima do limite.<\/p>\n<p>&#8220;Voc\u00ea n\u00e3o olha para o veloc\u00edmetro quando est\u00e1 dirigindo um carro esportivo, voc\u00ea olha para a estrada&#8221;, disse Tittel, alegando ser um bom motorista. &#8220;Eu nunca sofri um acidente ou fui multado&#8221;, destacou ele, em entrevista \u00e0 imprensa australiana.<\/p>\n<p><img loading=\"lazy\" decoding=\"async\" class=\"alignnone size-full wp-image-93191\" src=\"http:\/\/www.notibras.com\/site\/wp-content\/uploads\/2016\/03\/porshe.jpg\" alt=\"porshe\" width=\"620\" height=\"422\" srcset=\"https:\/\/www.notibras.com\/site\/wp-content\/uploads\/2016\/03\/porshe.jpg 620w, https:\/\/www.notibras.com\/site\/wp-content\/uploads\/2016\/03\/porshe-300x204.jpg 300w, https:\/\/www.notibras.com\/site\/wp-content\/uploads\/2016\/03\/porshe-617x420.jpg 617w\" sizes=\"auto, (max-width: 620px) 100vw, 620px\" \/><\/p>\n<p>Os radares da pol\u00edcia flagraram Tittel a 122 km\/h em um a \u00e1rea em que a velocidade m\u00e1xima \u00e9 de 70 km\/h. Para ele, a pol\u00edcia deveria visar os motoristas jovens, pois muitas vezes s\u00e3o os culpados por acidentes com mortes.<\/p>\n<p>Tittel foi acusado de dire\u00e7\u00e3o imprudente e teve Porsche Carrera 911 apreendido. O ve\u00edculo pode ficar em poder das autoridades por 28 dias, j\u00e1 que o condutor excedeu o limite de velocidade em mais de 45 km\/h.<\/p>\n","protected":false},"excerpt":{"rendered":"<p>O australiano Christian Tittel, de 88 anos, que teve seu esportivo de luxo, um Porsche Carrera 911, apreendido ap\u00f3s ser flagrado em alta velocidade em Hamilton Hill, sub\u00farbio de Perth, na Austr\u00e1lia, disse que n\u00e3o percebeu que estava acima do limite. &#8220;Voc\u00ea n\u00e3o olha para o veloc\u00edmetro quando est\u00e1 dirigindo um carro esportivo, voc\u00ea olha [&hellip;]<\/p>\n","protected":false},"author":2,"featured_media":93192,"comment_status":"open","ping_status":"closed","sticky":false,"template":"","format":"standard","meta":{"_acf_changed":false,"footnotes":""},"categories":[17],"tags":[],"class_list":["post-93190","post","type-post","status-publish","format-standard","has-post-thumbnail","hentry","category-mundo"],"acf":[],"_links":{"self":[{"href":"https:\/\/www.notibras.com\/site\/wp-json\/wp\/v2\/posts\/93190","targetHints":{"allow":["GET"]}}],"collection":[{"href":"https:\/\/www.notibras.com\/site\/wp-json\/wp\/v2\/posts"}],"about":[{"href":"https:\/\/www.notibras.com\/site\/wp-json\/wp\/v2\/types\/post"}],"author":[{"embeddable":true,"href":"https:\/\/www.notibras.com\/site\/wp-json\/wp\/v2\/users\/2"}],"replies":[{"embeddable":true,"href":"https:\/\/www.notibras.com\/site\/wp-json\/wp\/v2\/comments?post=93190"}],"version-history":[{"count":5,"href":"https:\/\/www.notibras.com\/site\/wp-json\/wp\/v2\/posts\/93190\/revisions"}],"predecessor-version":[{"id":93202,"href":"https:\/\/www.notibras.com\/site\/wp-json\/wp\/v2\/posts\/93190\/revisions\/93202"}],"wp:featuredmedia":[{"embeddable":true,"href":"https:\/\/www.notibras.com\/site\/wp-json\/wp\/v2\/media\/93192"}],"wp:attachment":[{"href":"https:\/\/www.notibras.com\/site\/wp-json\/wp\/v2\/media?parent=93190"}],"wp:term":[{"taxonomy":"category","embeddable":true,"href":"https:\/\/www.notibras.com\/site\/wp-json\/wp\/v2\/categories?post=93190"},{"taxonomy":"post_tag","embeddable":true,"href":"https:\/\/www.notibras.com\/site\/wp-json\/wp\/v2\/tags?post=93190"}],"curies":[{"name":"wp","href":"https:\/\/api.w.org\/{rel}","templated":true}]}}