{"id":93206,"date":"2016-03-10T14:03:40","date_gmt":"2016-03-10T17:03:40","guid":{"rendered":"http:\/\/www.notibras.com\/site\/?p=93206"},"modified":"2016-03-10T19:52:43","modified_gmt":"2016-03-10T22:52:43","slug":"estudante-de-22-anos-que-estava-desaparecido-no-rio-diz-a-familia-que-esta-em-pernambuco","status":"publish","type":"post","link":"https:\/\/www.notibras.com\/site\/estudante-de-22-anos-que-estava-desaparecido-no-rio-diz-a-familia-que-esta-em-pernambuco\/","title":{"rendered":"Estudante de 22 anos que estava desaparecido diz \u00e0 fam\u00edlia que est\u00e1 em PE"},"content":{"rendered":"<p>O pai de Rafael Fernandes, de 22 anos, estudante de engenharia da Universidade Federal do Rio de Janeiro (UFRJ), que estava desaparecido desde segunda-feira (7), confirmou\u00a0nesta quinta-feira (10) que o filho fez contato com a fam\u00edlia. O jovem viu a repercuss\u00e3o de seu sumi\u00e7o e entrou em contato com a irm\u00e3 pelo telefone avisando que viajou para Pernambuco.<\/p>\n<p>\u201cEle mandou foto e falou com minha filha que estava bem. Ele est\u00e1 em Pernambuco, disse que j\u00e1 conseguiu um emprego e que n\u00e3o quer voltar para o Rio agora. Ele premeditou isso tudo, s\u00f3 esqueceu de contar pra gente. Vou esperar ele me ligar, aceito a decis\u00e3o dele, s\u00f3 precisava ouvir a voz dele\u201d, contou Ven\u00edcio Fernandes, pai do jovem.<\/p>\n<p><strong>Amiga diz que estudante estava sob press\u00e3o<\/strong><br \/>\nUma colega da faculdade, que foi a \u00faltima a conversar com Rafael, contou para a fam\u00edlia que o jovem comentou que estava sob press\u00e3o, estressado e fazendo muitas coisas ao mesmo tempo.<\/p>\n<p>\u201cEle disse pra ela que precisava dar uma arejada. Mas domingo ele estava bem em casa, postando as coisas no computador com o irm\u00e3o e primo. Ele \u00e9 muito tranquilo, criado na igreja, sem nenhum v\u00edcio, n\u00e3o era de ficar na rua. A gente fica sem saber\u201d, disse emocionado Fernandes.<\/p>\n<p>Segundo o pai do jovem, o dinheiro que ele carregava correspondia as economias do filho para comprar uma motocicleta. \u201cEle estava juntando para comprar uma motocicleta, por isso colocaria no banco. Mas eu conversei com o gerente e n\u00e3o teve nenhum movimenta\u00e7\u00e3o na conta corrente e nem na poupan\u00e7a\u201d, contou Fernandes.<\/p>\n<p>O caso foi registrado na 37\u00ba DP (Ilha do Governador) e encaminhado para a Delegacia de Paradeiro de Desaparecidos (DDPA).<\/p>\n","protected":false},"excerpt":{"rendered":"<p>O pai de Rafael Fernandes, de 22 anos, estudante de engenharia da Universidade Federal do Rio de Janeiro (UFRJ), que estava desaparecido desde segunda-feira (7), confirmou\u00a0nesta quinta-feira (10) que o filho fez contato com a fam\u00edlia. O jovem viu a repercuss\u00e3o de seu sumi\u00e7o e entrou em contato com a irm\u00e3 pelo telefone avisando que [&hellip;]<\/p>\n","protected":false},"author":2,"featured_media":93207,"comment_status":"open","ping_status":"closed","sticky":false,"template":"","format":"standard","meta":{"_acf_changed":false,"footnotes":""},"categories":[21],"tags":[],"class_list":["post-93206","post","type-post","status-publish","format-standard","has-post-thumbnail","hentry","category-rio-de-janeiro"],"acf":[],"_links":{"self":[{"href":"https:\/\/www.notibras.com\/site\/wp-json\/wp\/v2\/posts\/93206","targetHints":{"allow":["GET"]}}],"collection":[{"href":"https:\/\/www.notibras.com\/site\/wp-json\/wp\/v2\/posts"}],"about":[{"href":"https:\/\/www.notibras.com\/site\/wp-json\/wp\/v2\/types\/post"}],"author":[{"embeddable":true,"href":"https:\/\/www.notibras.com\/site\/wp-json\/wp\/v2\/users\/2"}],"replies":[{"embeddable":true,"href":"https:\/\/www.notibras.com\/site\/wp-json\/wp\/v2\/comments?post=93206"}],"version-history":[{"count":8,"href":"https:\/\/www.notibras.com\/site\/wp-json\/wp\/v2\/posts\/93206\/revisions"}],"predecessor-version":[{"id":93259,"href":"https:\/\/www.notibras.com\/site\/wp-json\/wp\/v2\/posts\/93206\/revisions\/93259"}],"wp:featuredmedia":[{"embeddable":true,"href":"https:\/\/www.notibras.com\/site\/wp-json\/wp\/v2\/media\/93207"}],"wp:attachment":[{"href":"https:\/\/www.notibras.com\/site\/wp-json\/wp\/v2\/media?parent=93206"}],"wp:term":[{"taxonomy":"category","embeddable":true,"href":"https:\/\/www.notibras.com\/site\/wp-json\/wp\/v2\/categories?post=93206"},{"taxonomy":"post_tag","embeddable":true,"href":"https:\/\/www.notibras.com\/site\/wp-json\/wp\/v2\/tags?post=93206"}],"curies":[{"name":"wp","href":"https:\/\/api.w.org\/{rel}","templated":true}]}}