{"id":93226,"date":"2016-03-10T17:45:18","date_gmt":"2016-03-10T20:45:18","guid":{"rendered":"http:\/\/www.notibras.com\/site\/?p=93226"},"modified":"2016-03-12T00:10:54","modified_gmt":"2016-03-12T03:10:54","slug":"venezuela-pode-ter-plebiscito-para-revogar-a-eleicao-de-maduro","status":"publish","type":"post","link":"https:\/\/www.notibras.com\/site\/venezuela-pode-ter-plebiscito-para-revogar-a-eleicao-de-maduro\/","title":{"rendered":"Venezuela pode ter plebiscito para revogar a elei\u00e7\u00e3o de Maduro"},"content":{"rendered":"<p>O Congresso da Venezuela, controlado pela oposi\u00e7\u00e3o, deu a aprova\u00e7\u00e3o preliminar para uma lei que pode levar o pa\u00eds a um referendo revogat\u00f3rio do presidente Nicol\u00e1s Maduro. Durante um debate nesta quinta-feira, os congressistas oposicionistas disseram esperar que a iniciativa impulsione uma transi\u00e7\u00e3o pac\u00edfica de poder ainda neste ano.<\/p>\n<p>Membros do Partido Socialista Unido da Venezuela (PSUV), a sigla de Maduro e que controla a maioria das institui\u00e7\u00f5es do Estado, afirmaram que a legisla\u00e7\u00e3o representa uma tentativa de golpe. O Congresso pode dar a aprova\u00e7\u00e3o final \u00e0 medida mais adiante neste m\u00eas.<\/p>\n<p>Uma vota\u00e7\u00e3o que pode levar ao fim do governo de Maduro \u00e9 uma das v\u00e1rias estrat\u00e9gias dos oposicionistas para retirar o l\u00edder do poder. A oposi\u00e7\u00e3o culpa a administra\u00e7\u00e3o atual pelos problemas de escassez de v\u00e1rios produtos, pela profunda recess\u00e3o e pela alt\u00edssima infla\u00e7\u00e3o na Venezuela.<\/p>\n<p>A oposi\u00e7\u00e3o venezuelana tamb\u00e9m tem convocado protestos nas ruas do pa\u00eds, a partir deste s\u00e1bado. Al\u00e9m disso, busca aprovar uma emenda constitucional que pode reduzir o mandato de Maduro. Eleito em 2013, o presidente tem um mandato de seis anos, pelas regras atuais.<\/p>\n","protected":false},"excerpt":{"rendered":"<p>O Congresso da Venezuela, controlado pela oposi\u00e7\u00e3o, deu a aprova\u00e7\u00e3o preliminar para uma lei que pode levar o pa\u00eds a um referendo revogat\u00f3rio do presidente Nicol\u00e1s Maduro. Durante um debate nesta quinta-feira, os congressistas oposicionistas disseram esperar que a iniciativa impulsione uma transi\u00e7\u00e3o pac\u00edfica de poder ainda neste ano. Membros do Partido Socialista Unido da [&hellip;]<\/p>\n","protected":false},"author":2,"featured_media":93234,"comment_status":"open","ping_status":"closed","sticky":false,"template":"","format":"standard","meta":{"_acf_changed":false,"footnotes":""},"categories":[17],"tags":[],"class_list":["post-93226","post","type-post","status-publish","format-standard","has-post-thumbnail","hentry","category-mundo"],"acf":[],"_links":{"self":[{"href":"https:\/\/www.notibras.com\/site\/wp-json\/wp\/v2\/posts\/93226","targetHints":{"allow":["GET"]}}],"collection":[{"href":"https:\/\/www.notibras.com\/site\/wp-json\/wp\/v2\/posts"}],"about":[{"href":"https:\/\/www.notibras.com\/site\/wp-json\/wp\/v2\/types\/post"}],"author":[{"embeddable":true,"href":"https:\/\/www.notibras.com\/site\/wp-json\/wp\/v2\/users\/2"}],"replies":[{"embeddable":true,"href":"https:\/\/www.notibras.com\/site\/wp-json\/wp\/v2\/comments?post=93226"}],"version-history":[{"count":1,"href":"https:\/\/www.notibras.com\/site\/wp-json\/wp\/v2\/posts\/93226\/revisions"}],"predecessor-version":[{"id":93227,"href":"https:\/\/www.notibras.com\/site\/wp-json\/wp\/v2\/posts\/93226\/revisions\/93227"}],"wp:featuredmedia":[{"embeddable":true,"href":"https:\/\/www.notibras.com\/site\/wp-json\/wp\/v2\/media\/93234"}],"wp:attachment":[{"href":"https:\/\/www.notibras.com\/site\/wp-json\/wp\/v2\/media?parent=93226"}],"wp:term":[{"taxonomy":"category","embeddable":true,"href":"https:\/\/www.notibras.com\/site\/wp-json\/wp\/v2\/categories?post=93226"},{"taxonomy":"post_tag","embeddable":true,"href":"https:\/\/www.notibras.com\/site\/wp-json\/wp\/v2\/tags?post=93226"}],"curies":[{"name":"wp","href":"https:\/\/api.w.org\/{rel}","templated":true}]}}